{"id":5648,"date":"2025-06-19T00:15:30","date_gmt":"2025-06-19T00:15:30","guid":{"rendered":"https:\/\/blogdobispo.com.br\/?p=5648"},"modified":"2025-06-19T00:15:30","modified_gmt":"2025-06-19T00:15:30","slug":"mercados-publicos-de-natal-abrem-as-portas-para-programacao-junina-gratuita","status":"publish","type":"post","link":"https:\/\/blogdobispo.com.br\/?p=5648","title":{"rendered":"Mercados P\u00fablicos de Natal abrem as portas para programa\u00e7\u00e3o junina gratuita"},"content":{"rendered":"\n<p>O clima de S\u00e3o Jo\u00e3o vai tomar conta dos mercados p\u00fablicos da Avenida Seis e de Petr\u00f3polis, nos dias 21 e 28 de junho, respectivamente. A iniciativa, promovida pela Prefeitura do Natal, atrav\u00e9s da&nbsp;Secretaria Municipal de Servi\u00e7os Urbanos (Semsur), une m\u00fasica, dan\u00e7a, gastronomia e artesanato, com programa\u00e7\u00e3o gratuita e aberta \u00e0 popula\u00e7\u00e3o.<\/p>\n\n\n\n<p>No dia 21 de junho, o Mercado da Avenida Seis, localizado no bairro do Alecrim, abre as comemora\u00e7\u00f5es juninas pela&nbsp;manh\u00e3,&nbsp;das 10h \u00e0s 16h, com uma feira de artesanato, quadrilha tradicional e trio sanfoneiro.&nbsp;A proposta \u00e9 n\u00e3o apenas resgatar a festividade do per\u00edodo, como tamb\u00e9m incentivar o com\u00e9rcio local e a intera\u00e7\u00e3o entre os permission\u00e1rios e a comunidade.<\/p>\n\n\n\n<p>J\u00e1 no dia 28 de junho, \u00e9 a vez do Mercado de Petr\u00f3polis receber o S\u00e3o Jo\u00e3o em grande estilo, das 11h \u00e0s 20h. A programa\u00e7\u00e3o inclui som ambiente, apresenta\u00e7\u00f5es musicais, concurso de quadrilhas e uma sequ\u00eancia de shows com artistas da terra, como Manu Lima, Marconi Branco e Herta Originality \u2013 a Nordestina. Ao longo do dia, os frequentadores tamb\u00e9m poder\u00e3o saborear comidas t\u00edpicas, produzidas pelos pr\u00f3prios comerciantes do espa\u00e7o.<\/p>\n\n\n\n<p>&#8220;Nosso objetivo \u00e9 fortalecer os mercados como espa\u00e7os vivos da cidade. Essa a\u00e7\u00e3o da Semsur celebra a cultura popular ao mesmo tempo em que movimenta a economia local, valoriza os permission\u00e1rios e convida a popula\u00e7\u00e3o a ocupar esses ambientes com alegria e tradi\u00e7\u00e3o&#8221;, disse o secret\u00e1rio municipal de Servi\u00e7os Urbanos, Felipe Alves.&nbsp;<\/p>\n\n\n\n<p>Com mais de 70 boxes e 40 permission\u00e1rios ativos, o Mercado da Avenida Seis conta com lojas de produtos artesanais, hortifruti, restaurantes e bares, al\u00e9m de pra\u00e7a de alimenta\u00e7\u00e3o. Por sua vez, o de Petr\u00f3polis conta com 57 boxes com 37 comerciantes. Os mercados funcionar\u00e3o normalmente durante o per\u00edodo junino, das 6h \u00e0s 18h. Os lojistas foram convidados a aderir com comidas t\u00edpicas e decora\u00e7\u00e3o, promovendo uma experi\u00eancia junina para todos os visitantes.<\/p>\n\n\n\n<p>Essa \u00e9 mais uma iniciativa da Prefeitura do&nbsp;Natal visando a preserva\u00e7\u00e3o das tradi\u00e7\u00f5es e o fortalecimento dos espa\u00e7os p\u00fablicos como centros de conviv\u00eancia, identidade e desenvolvimento potiguar.<\/p>\n\n\n\n<figure class=\"wp-block-image size-large\"><img data-recalc-dims=\"1\" fetchpriority=\"high\" decoding=\"async\" width=\"800\" height=\"533\" src=\"https:\/\/i0.wp.com\/blogdobispo.com.br\/wp-content\/uploads\/2025\/06\/img_5185-1-1024x682.jpg?resize=800%2C533&#038;ssl=1\" class=\"wp-image-5647\" srcset=\"https:\/\/i0.wp.com\/blogdobispo.com.br\/wp-content\/uploads\/2025\/06\/img_5185-1.jpg?resize=1024%2C682&amp;ssl=1 1024w, https:\/\/i0.wp.com\/blogdobispo.com.br\/wp-content\/uploads\/2025\/06\/img_5185-1.jpg?resize=300%2C200&amp;ssl=1 300w, https:\/\/i0.wp.com\/blogdobispo.com.br\/wp-content\/uploads\/2025\/06\/img_5185-1.jpg?resize=768%2C512&amp;ssl=1 768w, https:\/\/i0.wp.com\/blogdobispo.com.br\/wp-content\/uploads\/2025\/06\/img_5185-1.jpg?resize=1536%2C1023&amp;ssl=1 1536w, https:\/\/i0.wp.com\/blogdobispo.com.br\/wp-content\/uploads\/2025\/06\/img_5185-1.jpg?w=1600&amp;ssl=1 1600w\" sizes=\"(max-width: 800px) 100vw, 800px\" \/><\/figure>\n","protected":false},"excerpt":{"rendered":"<p>O clima de S\u00e3o Jo\u00e3o vai tomar conta dos mercados p\u00fablicos da Avenida Seis e de Petr\u00f3polis, nos dias 21 e 28 de junho, respectivamente. A iniciativa, promovida pela Prefeitura do Natal, atrav\u00e9s da&nbsp;Secretaria Municipal de Servi\u00e7os Urbanos (Semsur), une m\u00fasica, dan\u00e7a, gastronomia e artesanato, com programa\u00e7\u00e3o gratuita e aberta \u00e0 popula\u00e7\u00e3o. No dia 21 [&hellip;]<\/p>\n","protected":false},"author":1,"featured_media":0,"comment_status":"open","ping_status":"open","sticky":false,"template":"","format":"standard","meta":{"cybocfi_hide_featured_image":"","_jetpack_memberships_contains_paid_content":false,"footnotes":""},"categories":[1],"tags":[],"class_list":["post-5648","post","type-post","status-publish","format-standard","hentry","category-diversos"],"yoast_head":"<!-- This site is optimized with the Yoast SEO plugin v25.6 - https:\/\/yoast.com\/wordpress\/plugins\/seo\/ -->\n<title>Mercados P\u00fablicos de Natal abrem as portas para programa\u00e7\u00e3o junina gratuita - Blog do Bispo<\/title>\n<meta name=\"robots\" content=\"index, follow, max-snippet:-1, max-image-preview:large, max-video-preview:-1\" \/>\n<link rel=\"canonical\" href=\"https:\/\/blogdobispo.com.br\/?p=5648\" \/>\n<meta property=\"og:locale\" content=\"pt_BR\" \/>\n<meta property=\"og:type\" content=\"article\" \/>\n<meta property=\"og:title\" content=\"Mercados P\u00fablicos de Natal abrem as portas para programa\u00e7\u00e3o junina gratuita - Blog do Bispo\" \/>\n<meta property=\"og:description\" content=\"O clima de S\u00e3o Jo\u00e3o vai tomar conta dos mercados p\u00fablicos da Avenida Seis e de Petr\u00f3polis, nos dias 21 e 28 de junho, respectivamente. A iniciativa, promovida pela Prefeitura do Natal, atrav\u00e9s da&nbsp;Secretaria Municipal de Servi\u00e7os Urbanos (Semsur), une m\u00fasica, dan\u00e7a, gastronomia e artesanato, com programa\u00e7\u00e3o gratuita e aberta \u00e0 popula\u00e7\u00e3o. No dia 21 [&hellip;]\" \/>\n<meta property=\"og:url\" content=\"https:\/\/blogdobispo.com.br\/?p=5648\" \/>\n<meta property=\"og:site_name\" content=\"Blog do Bispo\" \/>\n<meta property=\"article:published_time\" content=\"2025-06-19T00:15:30+00:00\" \/>\n<meta property=\"og:image\" content=\"https:\/\/blogdobispo.com.br\/wp-content\/uploads\/2025\/06\/img_5185-1-1024x682.jpg\" \/>\n<meta name=\"author\" content=\"Jefferson Sterfeno\" \/>\n<meta name=\"twitter:card\" content=\"summary_large_image\" \/>\n<meta name=\"twitter:label1\" content=\"Escrito por\" \/>\n\t<meta name=\"twitter:data1\" content=\"Jefferson Sterfeno\" \/>\n\t<meta name=\"twitter:label2\" content=\"Est. tempo de leitura\" \/>\n\t<meta name=\"twitter:data2\" content=\"2 minutos\" \/>\n<script type=\"application\/ld+json\" class=\"yoast-schema-graph\">{\"@context\":\"https:\/\/schema.org\",\"@graph\":[{\"@type\":\"Article\",\"@id\":\"https:\/\/blogdobispo.com.br\/?p=5648#article\",\"isPartOf\":{\"@id\":\"https:\/\/blogdobispo.com.br\/?p=5648\"},\"author\":{\"name\":\"Jefferson Sterfeno\",\"@id\":\"https:\/\/blogdobispo.com.br\/#\/schema\/person\/e2209cc0e6cea5c5233d033e997b373f\"},\"headline\":\"Mercados P\u00fablicos de Natal abrem as portas para programa\u00e7\u00e3o junina gratuita\",\"datePublished\":\"2025-06-19T00:15:30+00:00\",\"mainEntityOfPage\":{\"@id\":\"https:\/\/blogdobispo.com.br\/?p=5648\"},\"wordCount\":392,\"commentCount\":0,\"publisher\":{\"@id\":\"https:\/\/blogdobispo.com.br\/#organization\"},\"image\":{\"@id\":\"https:\/\/blogdobispo.com.br\/?p=5648#primaryimage\"},\"thumbnailUrl\":\"https:\/\/blogdobispo.com.br\/wp-content\/uploads\/2025\/06\/img_5185-1-1024x682.jpg\",\"articleSection\":[\"diversos\"],\"inLanguage\":\"pt-BR\",\"potentialAction\":[{\"@type\":\"CommentAction\",\"name\":\"Comment\",\"target\":[\"https:\/\/blogdobispo.com.br\/?p=5648#respond\"]}]},{\"@type\":\"WebPage\",\"@id\":\"https:\/\/blogdobispo.com.br\/?p=5648\",\"url\":\"https:\/\/blogdobispo.com.br\/?p=5648\",\"name\":\"Mercados P\u00fablicos de Natal abrem as portas para programa\u00e7\u00e3o junina gratuita - Blog do Bispo\",\"isPartOf\":{\"@id\":\"https:\/\/blogdobispo.com.br\/#website\"},\"primaryImageOfPage\":{\"@id\":\"https:\/\/blogdobispo.com.br\/?p=5648#primaryimage\"},\"image\":{\"@id\":\"https:\/\/blogdobispo.com.br\/?p=5648#primaryimage\"},\"thumbnailUrl\":\"https:\/\/blogdobispo.com.br\/wp-content\/uploads\/2025\/06\/img_5185-1-1024x682.jpg\",\"datePublished\":\"2025-06-19T00:15:30+00:00\",\"breadcrumb\":{\"@id\":\"https:\/\/blogdobispo.com.br\/?p=5648#breadcrumb\"},\"inLanguage\":\"pt-BR\",\"potentialAction\":[{\"@type\":\"ReadAction\",\"target\":[\"https:\/\/blogdobispo.com.br\/?p=5648\"]}]},{\"@type\":\"ImageObject\",\"inLanguage\":\"pt-BR\",\"@id\":\"https:\/\/blogdobispo.com.br\/?p=5648#primaryimage\",\"url\":\"https:\/\/blogdobispo.com.br\/wp-content\/uploads\/2025\/06\/img_5185-1-1024x682.jpg\",\"contentUrl\":\"https:\/\/blogdobispo.com.br\/wp-content\/uploads\/2025\/06\/img_5185-1-1024x682.jpg\"},{\"@type\":\"BreadcrumbList\",\"@id\":\"https:\/\/blogdobispo.com.br\/?p=5648#breadcrumb\",\"itemListElement\":[{\"@type\":\"ListItem\",\"position\":1,\"name\":\"In\u00edcio\",\"item\":\"https:\/\/blogdobispo.com.br\/\"},{\"@type\":\"ListItem\",\"position\":2,\"name\":\"Mercados P\u00fablicos de Natal abrem as portas para programa\u00e7\u00e3o junina gratuita\"}]},{\"@type\":\"WebSite\",\"@id\":\"https:\/\/blogdobispo.com.br\/#website\",\"url\":\"https:\/\/blogdobispo.com.br\/\",\"name\":\"Blog do Bispo\",\"description\":\"Comprometido apenas com o leitor\",\"publisher\":{\"@id\":\"https:\/\/blogdobispo.com.br\/#organization\"},\"potentialAction\":[{\"@type\":\"SearchAction\",\"target\":{\"@type\":\"EntryPoint\",\"urlTemplate\":\"https:\/\/blogdobispo.com.br\/?s={search_term_string}\"},\"query-input\":{\"@type\":\"PropertyValueSpecification\",\"valueRequired\":true,\"valueName\":\"search_term_string\"}}],\"inLanguage\":\"pt-BR\"},{\"@type\":\"Organization\",\"@id\":\"https:\/\/blogdobispo.com.br\/#organization\",\"name\":\"Blog do Bispo\",\"url\":\"https:\/\/blogdobispo.com.br\/\",\"logo\":{\"@type\":\"ImageObject\",\"inLanguage\":\"pt-BR\",\"@id\":\"https:\/\/blogdobispo.com.br\/#\/schema\/logo\/image\/\",\"url\":\"http:\/\/blogdobispo.com.br\/wp-content\/uploads\/2023\/05\/cropped-headear.png\",\"contentUrl\":\"http:\/\/blogdobispo.com.br\/wp-content\/uploads\/2023\/05\/cropped-headear.png\",\"width\":1500,\"height\":399,\"caption\":\"Blog do Bispo\"},\"image\":{\"@id\":\"https:\/\/blogdobispo.com.br\/#\/schema\/logo\/image\/\"}},{\"@type\":\"Person\",\"@id\":\"https:\/\/blogdobispo.com.br\/#\/schema\/person\/e2209cc0e6cea5c5233d033e997b373f\",\"name\":\"Jefferson Sterfeno\",\"image\":{\"@type\":\"ImageObject\",\"inLanguage\":\"pt-BR\",\"@id\":\"https:\/\/blogdobispo.com.br\/#\/schema\/person\/image\/\",\"url\":\"https:\/\/secure.gravatar.com\/avatar\/0534e84764641168a677026b6d57a3f51dc7ac4db0b4f6186d9cb330d4ee1160?s=96&d=mm&r=g\",\"contentUrl\":\"https:\/\/secure.gravatar.com\/avatar\/0534e84764641168a677026b6d57a3f51dc7ac4db0b4f6186d9cb330d4ee1160?s=96&d=mm&r=g\",\"caption\":\"Jefferson Sterfeno\"},\"sameAs\":[\"http:\/\/blogdobispo.com.br\"],\"url\":\"https:\/\/blogdobispo.com.br\/?author=1\"}]}<\/script>\n<!-- \/ Yoast SEO plugin. -->","yoast_head_json":{"title":"Mercados P\u00fablicos de Natal abrem as portas para programa\u00e7\u00e3o junina gratuita - Blog do Bispo","robots":{"index":"index","follow":"follow","max-snippet":"max-snippet:-1","max-image-preview":"max-image-preview:large","max-video-preview":"max-video-preview:-1"},"canonical":"https:\/\/blogdobispo.com.br\/?p=5648","og_locale":"pt_BR","og_type":"article","og_title":"Mercados P\u00fablicos de Natal abrem as portas para programa\u00e7\u00e3o junina gratuita - Blog do Bispo","og_description":"O clima de S\u00e3o Jo\u00e3o vai tomar conta dos mercados p\u00fablicos da Avenida Seis e de Petr\u00f3polis, nos dias 21 e 28 de junho, respectivamente. A iniciativa, promovida pela Prefeitura do Natal, atrav\u00e9s da&nbsp;Secretaria Municipal de Servi\u00e7os Urbanos (Semsur), une m\u00fasica, dan\u00e7a, gastronomia e artesanato, com programa\u00e7\u00e3o gratuita e aberta \u00e0 popula\u00e7\u00e3o. No dia 21 [&hellip;]","og_url":"https:\/\/blogdobispo.com.br\/?p=5648","og_site_name":"Blog do Bispo","article_published_time":"2025-06-19T00:15:30+00:00","og_image":[{"url":"https:\/\/blogdobispo.com.br\/wp-content\/uploads\/2025\/06\/img_5185-1-1024x682.jpg","type":"","width":"","height":""}],"author":"Jefferson Sterfeno","twitter_card":"summary_large_image","twitter_misc":{"Escrito por":"Jefferson Sterfeno","Est. tempo de leitura":"2 minutos"},"schema":{"@context":"https:\/\/schema.org","@graph":[{"@type":"Article","@id":"https:\/\/blogdobispo.com.br\/?p=5648#article","isPartOf":{"@id":"https:\/\/blogdobispo.com.br\/?p=5648"},"author":{"name":"Jefferson Sterfeno","@id":"https:\/\/blogdobispo.com.br\/#\/schema\/person\/e2209cc0e6cea5c5233d033e997b373f"},"headline":"Mercados P\u00fablicos de Natal abrem as portas para programa\u00e7\u00e3o junina gratuita","datePublished":"2025-06-19T00:15:30+00:00","mainEntityOfPage":{"@id":"https:\/\/blogdobispo.com.br\/?p=5648"},"wordCount":392,"commentCount":0,"publisher":{"@id":"https:\/\/blogdobispo.com.br\/#organization"},"image":{"@id":"https:\/\/blogdobispo.com.br\/?p=5648#primaryimage"},"thumbnailUrl":"https:\/\/blogdobispo.com.br\/wp-content\/uploads\/2025\/06\/img_5185-1-1024x682.jpg","articleSection":["diversos"],"inLanguage":"pt-BR","potentialAction":[{"@type":"CommentAction","name":"Comment","target":["https:\/\/blogdobispo.com.br\/?p=5648#respond"]}]},{"@type":"WebPage","@id":"https:\/\/blogdobispo.com.br\/?p=5648","url":"https:\/\/blogdobispo.com.br\/?p=5648","name":"Mercados P\u00fablicos de Natal abrem as portas para programa\u00e7\u00e3o junina gratuita - Blog do Bispo","isPartOf":{"@id":"https:\/\/blogdobispo.com.br\/#website"},"primaryImageOfPage":{"@id":"https:\/\/blogdobispo.com.br\/?p=5648#primaryimage"},"image":{"@id":"https:\/\/blogdobispo.com.br\/?p=5648#primaryimage"},"thumbnailUrl":"https:\/\/blogdobispo.com.br\/wp-content\/uploads\/2025\/06\/img_5185-1-1024x682.jpg","datePublished":"2025-06-19T00:15:30+00:00","breadcrumb":{"@id":"https:\/\/blogdobispo.com.br\/?p=5648#breadcrumb"},"inLanguage":"pt-BR","potentialAction":[{"@type":"ReadAction","target":["https:\/\/blogdobispo.com.br\/?p=5648"]}]},{"@type":"ImageObject","inLanguage":"pt-BR","@id":"https:\/\/blogdobispo.com.br\/?p=5648#primaryimage","url":"https:\/\/blogdobispo.com.br\/wp-content\/uploads\/2025\/06\/img_5185-1-1024x682.jpg","contentUrl":"https:\/\/blogdobispo.com.br\/wp-content\/uploads\/2025\/06\/img_5185-1-1024x682.jpg"},{"@type":"BreadcrumbList","@id":"https:\/\/blogdobispo.com.br\/?p=5648#breadcrumb","itemListElement":[{"@type":"ListItem","position":1,"name":"In\u00edcio","item":"https:\/\/blogdobispo.com.br\/"},{"@type":"ListItem","position":2,"name":"Mercados P\u00fablicos de Natal abrem as portas para programa\u00e7\u00e3o junina gratuita"}]},{"@type":"WebSite","@id":"https:\/\/blogdobispo.com.br\/#website","url":"https:\/\/blogdobispo.com.br\/","name":"Blog do Bispo","description":"Comprometido apenas com o leitor","publisher":{"@id":"https:\/\/blogdobispo.com.br\/#organization"},"potentialAction":[{"@type":"SearchAction","target":{"@type":"EntryPoint","urlTemplate":"https:\/\/blogdobispo.com.br\/?s={search_term_string}"},"query-input":{"@type":"PropertyValueSpecification","valueRequired":true,"valueName":"search_term_string"}}],"inLanguage":"pt-BR"},{"@type":"Organization","@id":"https:\/\/blogdobispo.com.br\/#organization","name":"Blog do Bispo","url":"https:\/\/blogdobispo.com.br\/","logo":{"@type":"ImageObject","inLanguage":"pt-BR","@id":"https:\/\/blogdobispo.com.br\/#\/schema\/logo\/image\/","url":"http:\/\/blogdobispo.com.br\/wp-content\/uploads\/2023\/05\/cropped-headear.png","contentUrl":"http:\/\/blogdobispo.com.br\/wp-content\/uploads\/2023\/05\/cropped-headear.png","width":1500,"height":399,"caption":"Blog do Bispo"},"image":{"@id":"https:\/\/blogdobispo.com.br\/#\/schema\/logo\/image\/"}},{"@type":"Person","@id":"https:\/\/blogdobispo.com.br\/#\/schema\/person\/e2209cc0e6cea5c5233d033e997b373f","name":"Jefferson Sterfeno","image":{"@type":"ImageObject","inLanguage":"pt-BR","@id":"https:\/\/blogdobispo.com.br\/#\/schema\/person\/image\/","url":"https:\/\/secure.gravatar.com\/avatar\/0534e84764641168a677026b6d57a3f51dc7ac4db0b4f6186d9cb330d4ee1160?s=96&d=mm&r=g","contentUrl":"https:\/\/secure.gravatar.com\/avatar\/0534e84764641168a677026b6d57a3f51dc7ac4db0b4f6186d9cb330d4ee1160?s=96&d=mm&r=g","caption":"Jefferson Sterfeno"},"sameAs":["http:\/\/blogdobispo.com.br"],"url":"https:\/\/blogdobispo.com.br\/?author=1"}]}},"featured_image_urls":{"full":"","thumbnail":"","medium":"","medium_large":"","large":"","1536x1536":"","2048x2048":""},"author_info":{"display_name":"Jefferson Sterfeno","author_link":"https:\/\/blogdobispo.com.br\/?author=1"},"category_info":"<a href=\"https:\/\/blogdobispo.com.br\/?cat=1\" rel=\"category\">diversos<\/a>","tag_info":"diversos","comment_count":"0","jetpack_featured_media_url":"","jetpack_sharing_enabled":true,"_links":{"self":[{"href":"https:\/\/blogdobispo.com.br\/index.php?rest_route=\/wp\/v2\/posts\/5648","targetHints":{"allow":["GET"]}}],"collection":[{"href":"https:\/\/blogdobispo.com.br\/index.php?rest_route=\/wp\/v2\/posts"}],"about":[{"href":"https:\/\/blogdobispo.com.br\/index.php?rest_route=\/wp\/v2\/types\/post"}],"author":[{"embeddable":true,"href":"https:\/\/blogdobispo.com.br\/index.php?rest_route=\/wp\/v2\/users\/1"}],"replies":[{"embeddable":true,"href":"https:\/\/blogdobispo.com.br\/index.php?rest_route=%2Fwp%2Fv2%2Fcomments&post=5648"}],"version-history":[{"count":0,"href":"https:\/\/blogdobispo.com.br\/index.php?rest_route=\/wp\/v2\/posts\/5648\/revisions"}],"wp:attachment":[{"href":"https:\/\/blogdobispo.com.br\/index.php?rest_route=%2Fwp%2Fv2%2Fmedia&parent=5648"}],"wp:term":[{"taxonomy":"category","embeddable":true,"href":"https:\/\/blogdobispo.com.br\/index.php?rest_route=%2Fwp%2Fv2%2Fcategories&post=5648"},{"taxonomy":"post_tag","embeddable":true,"href":"https:\/\/blogdobispo.com.br\/index.php?rest_route=%2Fwp%2Fv2%2Ftags&post=5648"}],"curies":[{"name":"wp","href":"https:\/\/api.w.org\/{rel}","templated":true}]}}