{"id":5646,"date":"2025-06-18T17:39:22","date_gmt":"2025-06-18T17:39:22","guid":{"rendered":"https:\/\/blogdobispo.com.br\/?p=5646"},"modified":"2025-06-18T17:39:22","modified_gmt":"2025-06-18T17:39:22","slug":"pneu-careca-goteira-e-risco-o-transporte-que-a-prefeita-nilda-entrega-ao-povo-de-parnamirim","status":"publish","type":"post","link":"https:\/\/blogdobispo.com.br\/?p=5646","title":{"rendered":"Pneu careca, goteira e risco: o transporte que a prefeita Nilda entrega ao povo de Parnamirim"},"content":{"rendered":"\n<figure class=\"wp-block-image size-large\"><img data-recalc-dims=\"1\" fetchpriority=\"high\" decoding=\"async\" width=\"461\" height=\"1024\" src=\"https:\/\/i0.wp.com\/blogdobispo.com.br\/wp-content\/uploads\/2025\/06\/4a2687d5-d246-464a-ac19-adef6011a181-1-461x1024.jpg?resize=461%2C1024&#038;ssl=1\" class=\"wp-image-5643\" srcset=\"https:\/\/i0.wp.com\/blogdobispo.com.br\/wp-content\/uploads\/2025\/06\/4a2687d5-d246-464a-ac19-adef6011a181-1.jpg?resize=461%2C1024&amp;ssl=1 461w, https:\/\/i0.wp.com\/blogdobispo.com.br\/wp-content\/uploads\/2025\/06\/4a2687d5-d246-464a-ac19-adef6011a181-1.jpg?resize=135%2C300&amp;ssl=1 135w, https:\/\/i0.wp.com\/blogdobispo.com.br\/wp-content\/uploads\/2025\/06\/4a2687d5-d246-464a-ac19-adef6011a181-1.jpg?resize=691%2C1536&amp;ssl=1 691w, https:\/\/i0.wp.com\/blogdobispo.com.br\/wp-content\/uploads\/2025\/06\/4a2687d5-d246-464a-ac19-adef6011a181-1.jpg?w=720&amp;ssl=1 720w\" sizes=\"(max-width: 461px) 100vw, 461px\" \/><\/figure>\n\n\n\n<figure class=\"wp-block-video\"><video controls src=\"https:\/\/blogdobispo.com.br\/wp-content\/uploads\/2025\/06\/17e55de2-58aa-470f-9447-2a982279d24e.mp4\"><\/video><\/figure>\n\n\n\n<figure class=\"wp-block-video\"><video controls src=\"https:\/\/blogdobispo.com.br\/wp-content\/uploads\/2025\/06\/e1ff9ba7-3e07-4e42-b606-ef4c1d88ce94.mp4\"><\/video><\/figure>\n\n\n\n<p><\/p>\n\n\n\n<p>O transporte p\u00fablico de Parnamirim virou um retrato do abandono. E n\u00e3o \u00e9 exagero. \u00c9 constata\u00e7\u00e3o. A den\u00fancia que chegou ao blog do Bispo no dia de hoje mostra um \u00f4nibus da linha 4 do Interbairros circulando com pneu careca, descascado, e com goteiras pingando sobre os passageiros durante um dia de chuva. Nem abrigo da \u00e1gua, nem seguran\u00e7a na pista. \u00c9 isso que a gest\u00e3o da prefeita Nilda entrega aos moradores da cidade.<\/p>\n\n\n\n<p>N\u00e3o \u00e9 o primeiro epis\u00f3dio. E o mais grave: tamb\u00e9m n\u00e3o ser\u00e1 o \u00faltimo, se depender do sil\u00eancio da prefeita. O que circula pelas ruas de Parnamirim, sob a complac\u00eancia da atual gest\u00e3o, \u00e9 um transporte prec\u00e1rio, sem fiscaliza\u00e7\u00e3o e com ve\u00edculos que mal deveriam sair \u00e0s ruas.<\/p>\n\n\n\n<p>O Interbairros, sob responsabilidade da Prefeitura, j\u00e1 deveria ser exemplo de integra\u00e7\u00e3o entre os bairros da terceira maior cidade de Parnamirim. Virou sin\u00f4nimo de sucateamento. Um sistema operando com frota deteriorada, sem conforto, sem acessibilidade e agora tamb\u00e9m sem seguran\u00e7a m\u00ednima. Rodar com pneus gastos e carroceria comprometida n\u00e3o \u00e9 falha, \u00e9 risco. Um risco p\u00fablico.<\/p>\n\n\n\n<p>Enquanto isso, a gest\u00e3o prefere apostar no improviso, em discursos de moderniza\u00e7\u00e3o que nunca chegam. A cidade cresce, os bairros se expandem, e a popula\u00e7\u00e3o continua tendo que se espremer em \u00f4nibus velhos, escorrendo \u00e1gua do teto e rangendo o piso.<\/p>\n\n\n\n<p>As cenas \u00e9 um retrato claro do desprezo com o qual a prefeita Nilda trata o povo de Parnamirim. \u00c9 como se a gest\u00e3o tivesse aceitado que o transporte de m\u00e1 qualidade \u00e9 normal. Que rodar com pneus vencidos \u00e9 parte do pacote. Que expor vidas ao risco \u00e9 detalhe t\u00e9cnico.<\/p>\n\n\n\n<p>N\u00e3o \u00e9. \u00c9 inaceit\u00e1vel. E \u00e9 responsabilidade direta da prefeita.<\/p>\n","protected":false},"excerpt":{"rendered":"<p>O transporte p\u00fablico de Parnamirim virou um retrato do abandono. E n\u00e3o \u00e9 exagero. \u00c9 constata\u00e7\u00e3o. A den\u00fancia que chegou ao blog do Bispo no dia de hoje mostra um \u00f4nibus da linha 4 do Interbairros circulando com pneu careca, descascado, e com goteiras pingando sobre os passageiros durante um dia de chuva. Nem abrigo [&hellip;]<\/p>\n","protected":false},"author":1,"featured_media":0,"comment_status":"open","ping_status":"open","sticky":false,"template":"","format":"standard","meta":{"cybocfi_hide_featured_image":"","_jetpack_memberships_contains_paid_content":false,"footnotes":""},"categories":[1],"tags":[],"class_list":["post-5646","post","type-post","status-publish","format-standard","hentry","category-diversos"],"yoast_head":"<!-- This site is optimized with the Yoast SEO plugin v25.6 - https:\/\/yoast.com\/wordpress\/plugins\/seo\/ -->\n<title>Pneu careca, goteira e risco: o transporte que a prefeita Nilda entrega ao povo de Parnamirim - Blog do Bispo<\/title>\n<meta name=\"robots\" content=\"index, follow, max-snippet:-1, max-image-preview:large, max-video-preview:-1\" \/>\n<link rel=\"canonical\" href=\"https:\/\/blogdobispo.com.br\/?p=5646\" \/>\n<meta property=\"og:locale\" content=\"pt_BR\" \/>\n<meta property=\"og:type\" content=\"article\" \/>\n<meta property=\"og:title\" content=\"Pneu careca, goteira e risco: o transporte que a prefeita Nilda entrega ao povo de Parnamirim - Blog do Bispo\" \/>\n<meta property=\"og:description\" content=\"O transporte p\u00fablico de Parnamirim virou um retrato do abandono. E n\u00e3o \u00e9 exagero. \u00c9 constata\u00e7\u00e3o. A den\u00fancia que chegou ao blog do Bispo no dia de hoje mostra um \u00f4nibus da linha 4 do Interbairros circulando com pneu careca, descascado, e com goteiras pingando sobre os passageiros durante um dia de chuva. Nem abrigo [&hellip;]\" \/>\n<meta property=\"og:url\" content=\"https:\/\/blogdobispo.com.br\/?p=5646\" \/>\n<meta property=\"og:site_name\" content=\"Blog do Bispo\" \/>\n<meta property=\"article:published_time\" content=\"2025-06-18T17:39:22+00:00\" \/>\n<meta property=\"og:image\" content=\"https:\/\/blogdobispo.com.br\/wp-content\/uploads\/2025\/06\/4a2687d5-d246-464a-ac19-adef6011a181-1-461x1024.jpg\" \/>\n<meta name=\"author\" content=\"Jefferson Sterfeno\" \/>\n<meta name=\"twitter:card\" content=\"summary_large_image\" \/>\n<meta name=\"twitter:label1\" content=\"Escrito por\" \/>\n\t<meta name=\"twitter:data1\" content=\"Jefferson Sterfeno\" \/>\n\t<meta name=\"twitter:label2\" content=\"Est. tempo de leitura\" \/>\n\t<meta name=\"twitter:data2\" content=\"1 minuto\" \/>\n<script type=\"application\/ld+json\" class=\"yoast-schema-graph\">{\"@context\":\"https:\/\/schema.org\",\"@graph\":[{\"@type\":\"Article\",\"@id\":\"https:\/\/blogdobispo.com.br\/?p=5646#article\",\"isPartOf\":{\"@id\":\"https:\/\/blogdobispo.com.br\/?p=5646\"},\"author\":{\"name\":\"Jefferson Sterfeno\",\"@id\":\"https:\/\/blogdobispo.com.br\/#\/schema\/person\/e2209cc0e6cea5c5233d033e997b373f\"},\"headline\":\"Pneu careca, goteira e risco: o transporte que a prefeita Nilda entrega ao povo de Parnamirim\",\"datePublished\":\"2025-06-18T17:39:22+00:00\",\"mainEntityOfPage\":{\"@id\":\"https:\/\/blogdobispo.com.br\/?p=5646\"},\"wordCount\":310,\"commentCount\":0,\"publisher\":{\"@id\":\"https:\/\/blogdobispo.com.br\/#organization\"},\"image\":{\"@id\":\"https:\/\/blogdobispo.com.br\/?p=5646#primaryimage\"},\"thumbnailUrl\":\"https:\/\/blogdobispo.com.br\/wp-content\/uploads\/2025\/06\/4a2687d5-d246-464a-ac19-adef6011a181-1-461x1024.jpg\",\"articleSection\":[\"diversos\"],\"inLanguage\":\"pt-BR\",\"potentialAction\":[{\"@type\":\"CommentAction\",\"name\":\"Comment\",\"target\":[\"https:\/\/blogdobispo.com.br\/?p=5646#respond\"]}]},{\"@type\":\"WebPage\",\"@id\":\"https:\/\/blogdobispo.com.br\/?p=5646\",\"url\":\"https:\/\/blogdobispo.com.br\/?p=5646\",\"name\":\"Pneu careca, goteira e risco: o transporte que a prefeita Nilda entrega ao povo de Parnamirim - Blog do Bispo\",\"isPartOf\":{\"@id\":\"https:\/\/blogdobispo.com.br\/#website\"},\"primaryImageOfPage\":{\"@id\":\"https:\/\/blogdobispo.com.br\/?p=5646#primaryimage\"},\"image\":{\"@id\":\"https:\/\/blogdobispo.com.br\/?p=5646#primaryimage\"},\"thumbnailUrl\":\"https:\/\/blogdobispo.com.br\/wp-content\/uploads\/2025\/06\/4a2687d5-d246-464a-ac19-adef6011a181-1-461x1024.jpg\",\"datePublished\":\"2025-06-18T17:39:22+00:00\",\"breadcrumb\":{\"@id\":\"https:\/\/blogdobispo.com.br\/?p=5646#breadcrumb\"},\"inLanguage\":\"pt-BR\",\"potentialAction\":[{\"@type\":\"ReadAction\",\"target\":[\"https:\/\/blogdobispo.com.br\/?p=5646\"]}]},{\"@type\":\"ImageObject\",\"inLanguage\":\"pt-BR\",\"@id\":\"https:\/\/blogdobispo.com.br\/?p=5646#primaryimage\",\"url\":\"https:\/\/blogdobispo.com.br\/wp-content\/uploads\/2025\/06\/4a2687d5-d246-464a-ac19-adef6011a181-1-461x1024.jpg\",\"contentUrl\":\"https:\/\/blogdobispo.com.br\/wp-content\/uploads\/2025\/06\/4a2687d5-d246-464a-ac19-adef6011a181-1-461x1024.jpg\"},{\"@type\":\"BreadcrumbList\",\"@id\":\"https:\/\/blogdobispo.com.br\/?p=5646#breadcrumb\",\"itemListElement\":[{\"@type\":\"ListItem\",\"position\":1,\"name\":\"In\u00edcio\",\"item\":\"https:\/\/blogdobispo.com.br\/\"},{\"@type\":\"ListItem\",\"position\":2,\"name\":\"Pneu careca, goteira e risco: o transporte que a prefeita Nilda entrega ao povo de Parnamirim\"}]},{\"@type\":\"WebSite\",\"@id\":\"https:\/\/blogdobispo.com.br\/#website\",\"url\":\"https:\/\/blogdobispo.com.br\/\",\"name\":\"Blog do Bispo\",\"description\":\"Comprometido apenas com o leitor\",\"publisher\":{\"@id\":\"https:\/\/blogdobispo.com.br\/#organization\"},\"potentialAction\":[{\"@type\":\"SearchAction\",\"target\":{\"@type\":\"EntryPoint\",\"urlTemplate\":\"https:\/\/blogdobispo.com.br\/?s={search_term_string}\"},\"query-input\":{\"@type\":\"PropertyValueSpecification\",\"valueRequired\":true,\"valueName\":\"search_term_string\"}}],\"inLanguage\":\"pt-BR\"},{\"@type\":\"Organization\",\"@id\":\"https:\/\/blogdobispo.com.br\/#organization\",\"name\":\"Blog do Bispo\",\"url\":\"https:\/\/blogdobispo.com.br\/\",\"logo\":{\"@type\":\"ImageObject\",\"inLanguage\":\"pt-BR\",\"@id\":\"https:\/\/blogdobispo.com.br\/#\/schema\/logo\/image\/\",\"url\":\"http:\/\/blogdobispo.com.br\/wp-content\/uploads\/2023\/05\/cropped-headear.png\",\"contentUrl\":\"http:\/\/blogdobispo.com.br\/wp-content\/uploads\/2023\/05\/cropped-headear.png\",\"width\":1500,\"height\":399,\"caption\":\"Blog do Bispo\"},\"image\":{\"@id\":\"https:\/\/blogdobispo.com.br\/#\/schema\/logo\/image\/\"}},{\"@type\":\"Person\",\"@id\":\"https:\/\/blogdobispo.com.br\/#\/schema\/person\/e2209cc0e6cea5c5233d033e997b373f\",\"name\":\"Jefferson Sterfeno\",\"image\":{\"@type\":\"ImageObject\",\"inLanguage\":\"pt-BR\",\"@id\":\"https:\/\/blogdobispo.com.br\/#\/schema\/person\/image\/\",\"url\":\"https:\/\/secure.gravatar.com\/avatar\/0534e84764641168a677026b6d57a3f51dc7ac4db0b4f6186d9cb330d4ee1160?s=96&d=mm&r=g\",\"contentUrl\":\"https:\/\/secure.gravatar.com\/avatar\/0534e84764641168a677026b6d57a3f51dc7ac4db0b4f6186d9cb330d4ee1160?s=96&d=mm&r=g\",\"caption\":\"Jefferson Sterfeno\"},\"sameAs\":[\"http:\/\/blogdobispo.com.br\"],\"url\":\"https:\/\/blogdobispo.com.br\/?author=1\"}]}<\/script>\n<!-- \/ Yoast SEO plugin. -->","yoast_head_json":{"title":"Pneu careca, goteira e risco: o transporte que a prefeita Nilda entrega ao povo de Parnamirim - Blog do Bispo","robots":{"index":"index","follow":"follow","max-snippet":"max-snippet:-1","max-image-preview":"max-image-preview:large","max-video-preview":"max-video-preview:-1"},"canonical":"https:\/\/blogdobispo.com.br\/?p=5646","og_locale":"pt_BR","og_type":"article","og_title":"Pneu careca, goteira e risco: o transporte que a prefeita Nilda entrega ao povo de Parnamirim - Blog do Bispo","og_description":"O transporte p\u00fablico de Parnamirim virou um retrato do abandono. E n\u00e3o \u00e9 exagero. \u00c9 constata\u00e7\u00e3o. A den\u00fancia que chegou ao blog do Bispo no dia de hoje mostra um \u00f4nibus da linha 4 do Interbairros circulando com pneu careca, descascado, e com goteiras pingando sobre os passageiros durante um dia de chuva. Nem abrigo [&hellip;]","og_url":"https:\/\/blogdobispo.com.br\/?p=5646","og_site_name":"Blog do Bispo","article_published_time":"2025-06-18T17:39:22+00:00","og_image":[{"url":"https:\/\/blogdobispo.com.br\/wp-content\/uploads\/2025\/06\/4a2687d5-d246-464a-ac19-adef6011a181-1-461x1024.jpg","type":"","width":"","height":""}],"author":"Jefferson Sterfeno","twitter_card":"summary_large_image","twitter_misc":{"Escrito por":"Jefferson Sterfeno","Est. tempo de leitura":"1 minuto"},"schema":{"@context":"https:\/\/schema.org","@graph":[{"@type":"Article","@id":"https:\/\/blogdobispo.com.br\/?p=5646#article","isPartOf":{"@id":"https:\/\/blogdobispo.com.br\/?p=5646"},"author":{"name":"Jefferson Sterfeno","@id":"https:\/\/blogdobispo.com.br\/#\/schema\/person\/e2209cc0e6cea5c5233d033e997b373f"},"headline":"Pneu careca, goteira e risco: o transporte que a prefeita Nilda entrega ao povo de Parnamirim","datePublished":"2025-06-18T17:39:22+00:00","mainEntityOfPage":{"@id":"https:\/\/blogdobispo.com.br\/?p=5646"},"wordCount":310,"commentCount":0,"publisher":{"@id":"https:\/\/blogdobispo.com.br\/#organization"},"image":{"@id":"https:\/\/blogdobispo.com.br\/?p=5646#primaryimage"},"thumbnailUrl":"https:\/\/blogdobispo.com.br\/wp-content\/uploads\/2025\/06\/4a2687d5-d246-464a-ac19-adef6011a181-1-461x1024.jpg","articleSection":["diversos"],"inLanguage":"pt-BR","potentialAction":[{"@type":"CommentAction","name":"Comment","target":["https:\/\/blogdobispo.com.br\/?p=5646#respond"]}]},{"@type":"WebPage","@id":"https:\/\/blogdobispo.com.br\/?p=5646","url":"https:\/\/blogdobispo.com.br\/?p=5646","name":"Pneu careca, goteira e risco: o transporte que a prefeita Nilda entrega ao povo de Parnamirim - Blog do Bispo","isPartOf":{"@id":"https:\/\/blogdobispo.com.br\/#website"},"primaryImageOfPage":{"@id":"https:\/\/blogdobispo.com.br\/?p=5646#primaryimage"},"image":{"@id":"https:\/\/blogdobispo.com.br\/?p=5646#primaryimage"},"thumbnailUrl":"https:\/\/blogdobispo.com.br\/wp-content\/uploads\/2025\/06\/4a2687d5-d246-464a-ac19-adef6011a181-1-461x1024.jpg","datePublished":"2025-06-18T17:39:22+00:00","breadcrumb":{"@id":"https:\/\/blogdobispo.com.br\/?p=5646#breadcrumb"},"inLanguage":"pt-BR","potentialAction":[{"@type":"ReadAction","target":["https:\/\/blogdobispo.com.br\/?p=5646"]}]},{"@type":"ImageObject","inLanguage":"pt-BR","@id":"https:\/\/blogdobispo.com.br\/?p=5646#primaryimage","url":"https:\/\/blogdobispo.com.br\/wp-content\/uploads\/2025\/06\/4a2687d5-d246-464a-ac19-adef6011a181-1-461x1024.jpg","contentUrl":"https:\/\/blogdobispo.com.br\/wp-content\/uploads\/2025\/06\/4a2687d5-d246-464a-ac19-adef6011a181-1-461x1024.jpg"},{"@type":"BreadcrumbList","@id":"https:\/\/blogdobispo.com.br\/?p=5646#breadcrumb","itemListElement":[{"@type":"ListItem","position":1,"name":"In\u00edcio","item":"https:\/\/blogdobispo.com.br\/"},{"@type":"ListItem","position":2,"name":"Pneu careca, goteira e risco: o transporte que a prefeita Nilda entrega ao povo de Parnamirim"}]},{"@type":"WebSite","@id":"https:\/\/blogdobispo.com.br\/#website","url":"https:\/\/blogdobispo.com.br\/","name":"Blog do Bispo","description":"Comprometido apenas com o leitor","publisher":{"@id":"https:\/\/blogdobispo.com.br\/#organization"},"potentialAction":[{"@type":"SearchAction","target":{"@type":"EntryPoint","urlTemplate":"https:\/\/blogdobispo.com.br\/?s={search_term_string}"},"query-input":{"@type":"PropertyValueSpecification","valueRequired":true,"valueName":"search_term_string"}}],"inLanguage":"pt-BR"},{"@type":"Organization","@id":"https:\/\/blogdobispo.com.br\/#organization","name":"Blog do Bispo","url":"https:\/\/blogdobispo.com.br\/","logo":{"@type":"ImageObject","inLanguage":"pt-BR","@id":"https:\/\/blogdobispo.com.br\/#\/schema\/logo\/image\/","url":"http:\/\/blogdobispo.com.br\/wp-content\/uploads\/2023\/05\/cropped-headear.png","contentUrl":"http:\/\/blogdobispo.com.br\/wp-content\/uploads\/2023\/05\/cropped-headear.png","width":1500,"height":399,"caption":"Blog do Bispo"},"image":{"@id":"https:\/\/blogdobispo.com.br\/#\/schema\/logo\/image\/"}},{"@type":"Person","@id":"https:\/\/blogdobispo.com.br\/#\/schema\/person\/e2209cc0e6cea5c5233d033e997b373f","name":"Jefferson Sterfeno","image":{"@type":"ImageObject","inLanguage":"pt-BR","@id":"https:\/\/blogdobispo.com.br\/#\/schema\/person\/image\/","url":"https:\/\/secure.gravatar.com\/avatar\/0534e84764641168a677026b6d57a3f51dc7ac4db0b4f6186d9cb330d4ee1160?s=96&d=mm&r=g","contentUrl":"https:\/\/secure.gravatar.com\/avatar\/0534e84764641168a677026b6d57a3f51dc7ac4db0b4f6186d9cb330d4ee1160?s=96&d=mm&r=g","caption":"Jefferson Sterfeno"},"sameAs":["http:\/\/blogdobispo.com.br"],"url":"https:\/\/blogdobispo.com.br\/?author=1"}]}},"featured_image_urls":{"full":"","thumbnail":"","medium":"","medium_large":"","large":"","1536x1536":"","2048x2048":""},"author_info":{"display_name":"Jefferson Sterfeno","author_link":"https:\/\/blogdobispo.com.br\/?author=1"},"category_info":"<a href=\"https:\/\/blogdobispo.com.br\/?cat=1\" rel=\"category\">diversos<\/a>","tag_info":"diversos","comment_count":"0","jetpack_featured_media_url":"","jetpack_sharing_enabled":true,"_links":{"self":[{"href":"https:\/\/blogdobispo.com.br\/index.php?rest_route=\/wp\/v2\/posts\/5646","targetHints":{"allow":["GET"]}}],"collection":[{"href":"https:\/\/blogdobispo.com.br\/index.php?rest_route=\/wp\/v2\/posts"}],"about":[{"href":"https:\/\/blogdobispo.com.br\/index.php?rest_route=\/wp\/v2\/types\/post"}],"author":[{"embeddable":true,"href":"https:\/\/blogdobispo.com.br\/index.php?rest_route=\/wp\/v2\/users\/1"}],"replies":[{"embeddable":true,"href":"https:\/\/blogdobispo.com.br\/index.php?rest_route=%2Fwp%2Fv2%2Fcomments&post=5646"}],"version-history":[{"count":0,"href":"https:\/\/blogdobispo.com.br\/index.php?rest_route=\/wp\/v2\/posts\/5646\/revisions"}],"wp:attachment":[{"href":"https:\/\/blogdobispo.com.br\/index.php?rest_route=%2Fwp%2Fv2%2Fmedia&parent=5646"}],"wp:term":[{"taxonomy":"category","embeddable":true,"href":"https:\/\/blogdobispo.com.br\/index.php?rest_route=%2Fwp%2Fv2%2Fcategories&post=5646"},{"taxonomy":"post_tag","embeddable":true,"href":"https:\/\/blogdobispo.com.br\/index.php?rest_route=%2Fwp%2Fv2%2Ftags&post=5646"}],"curies":[{"name":"wp","href":"https:\/\/api.w.org\/{rel}","templated":true}]}}