{"id":5642,"date":"2025-06-18T17:35:51","date_gmt":"2025-06-18T17:35:51","guid":{"rendered":"https:\/\/blogdobispo.com.br\/?p=5642"},"modified":"2025-07-28T18:09:11","modified_gmt":"2025-07-28T18:09:11","slug":"minuto-da-camara-67","status":"publish","type":"post","link":"https:\/\/blogdobispo.com.br\/?p=5642","title":{"rendered":"Vereadores mirins da Escola do Legislativo de Carna\u00faba dos Dantas visitam ALRN"},"content":{"rendered":"\n<p>O presidente da Assembleia Legislativa, deputado Ezequiel Ferreira (PSDB), registrou, ao abrir os trabalhos na sess\u00e3o ordin\u00e1ria desta quarta-feira (18), a visita dos alunos e vereadores mirins da Escola do Legislativo \u201cEm\u00edlia de Rodat Dantas de Souza\u201d, de Carna\u00faba dos Dantas ao Parlamento estadual.<\/p>\n\n\n\n<p>\u201cSejam todos muito bem-vindos. Oportunizar a esses jovens, que representam o futuro da nossa sociedade, a viv\u00eancia de uma sess\u00e3o legislativa \u00e9 de suma import\u00e2ncia. Hoje estamos aqui exercendo mandatos, mas amanh\u00e3 ser\u00e3o voc\u00eas. Sempre defendo que \u00e9 fundamental despertar o interesse da juventude pela pol\u00edtica e incentivar a forma\u00e7\u00e3o de novas lideran\u00e7as. Parab\u00e9ns pelo projeto\u201d, destacou.<\/p>\n\n\n\n<p>A comitiva contou com a presen\u00e7a da diretora da Escola do Legislativo carnaubense, Michelle Soares; do presidente da C\u00e2mara Municipal de Carna\u00faba dos Dantas, vereador Mafram Medeiros e da vice-presidente, vereadora Maria de Ramalho.<\/p>\n\n\n\n<p>A Escola do Legislativo \u201cEm\u00edlia de Rodat Dantas de Souza\u201d \u00e9 uma iniciativa da C\u00e2mara Municipal de Carna\u00faba dos Dantas que visa promover a educa\u00e7\u00e3o legislativa e estimular a participa\u00e7\u00e3o cidad\u00e3. Por meio de cursos, palestras e eventos formativos, a institui\u00e7\u00e3o contribui para a qualifica\u00e7\u00e3o de vereadores, servidores p\u00fablicos e da comunidade em geral.<strong><a href=\"https:\/\/www.al.rn.leg.br\/album\/8021\/al-sessao-ordinaria-18062025-ft-joao-gilberto\">\u00c1lbum de fotos<\/a><\/strong><\/p>\n\n\n\n<h1 class=\"wp-block-heading\">Acesso&nbsp;<\/h1>\n\n\n\n<figure class=\"wp-block-image\"><img data-recalc-dims=\"1\" fetchpriority=\"high\" decoding=\"async\" width=\"800\" height=\"533\" src=\"https:\/\/i0.wp.com\/blogdobispo.com.br\/wp-content\/uploads\/2025\/06\/HMMVxOIMwQ9274hCSHs11BHjmFF9UR504N5NAWIb.jpg?resize=800%2C533&#038;ssl=1\" alt=\"\" class=\"wp-image-6178\" srcset=\"https:\/\/i0.wp.com\/blogdobispo.com.br\/wp-content\/uploads\/2025\/06\/HMMVxOIMwQ9274hCSHs11BHjmFF9UR504N5NAWIb.jpg?w=1280&amp;ssl=1 1280w, https:\/\/i0.wp.com\/blogdobispo.com.br\/wp-content\/uploads\/2025\/06\/HMMVxOIMwQ9274hCSHs11BHjmFF9UR504N5NAWIb.jpg?resize=300%2C200&amp;ssl=1 300w, https:\/\/i0.wp.com\/blogdobispo.com.br\/wp-content\/uploads\/2025\/06\/HMMVxOIMwQ9274hCSHs11BHjmFF9UR504N5NAWIb.jpg?resize=1024%2C682&amp;ssl=1 1024w, https:\/\/i0.wp.com\/blogdobispo.com.br\/wp-content\/uploads\/2025\/06\/HMMVxOIMwQ9274hCSHs11BHjmFF9UR504N5NAWIb.jpg?resize=768%2C512&amp;ssl=1 768w\" sizes=\"(max-width: 800px) 100vw, 800px\" \/><\/figure>\n","protected":false},"excerpt":{"rendered":"<p>O presidente da Assembleia Legislativa, deputado Ezequiel Ferreira (PSDB), registrou, ao abrir os trabalhos na sess\u00e3o ordin\u00e1ria desta quarta-feira (18), a visita dos alunos e vereadores mirins da Escola do Legislativo \u201cEm\u00edlia de Rodat Dantas de Souza\u201d, de Carna\u00faba dos Dantas ao Parlamento estadual. \u201cSejam todos muito bem-vindos. Oportunizar a esses jovens, que representam o [&hellip;]<\/p>\n","protected":false},"author":1,"featured_media":0,"comment_status":"open","ping_status":"open","sticky":false,"template":"","format":"standard","meta":{"cybocfi_hide_featured_image":"","_jetpack_memberships_contains_paid_content":false,"footnotes":""},"categories":[1],"tags":[],"class_list":["post-5642","post","type-post","status-publish","format-standard","hentry","category-diversos"],"yoast_head":"<!-- This site is optimized with the Yoast SEO plugin v25.6 - https:\/\/yoast.com\/wordpress\/plugins\/seo\/ -->\n<title>Vereadores mirins da Escola do Legislativo de Carna\u00faba dos Dantas visitam ALRN - Blog do Bispo<\/title>\n<meta name=\"robots\" content=\"index, follow, max-snippet:-1, max-image-preview:large, max-video-preview:-1\" \/>\n<link rel=\"canonical\" href=\"https:\/\/blogdobispo.com.br\/?p=5642\" \/>\n<meta property=\"og:locale\" content=\"pt_BR\" \/>\n<meta property=\"og:type\" content=\"article\" \/>\n<meta property=\"og:title\" content=\"Vereadores mirins da Escola do Legislativo de Carna\u00faba dos Dantas visitam ALRN - Blog do Bispo\" \/>\n<meta property=\"og:description\" content=\"O presidente da Assembleia Legislativa, deputado Ezequiel Ferreira (PSDB), registrou, ao abrir os trabalhos na sess\u00e3o ordin\u00e1ria desta quarta-feira (18), a visita dos alunos e vereadores mirins da Escola do Legislativo \u201cEm\u00edlia de Rodat Dantas de Souza\u201d, de Carna\u00faba dos Dantas ao Parlamento estadual. \u201cSejam todos muito bem-vindos. Oportunizar a esses jovens, que representam o [&hellip;]\" \/>\n<meta property=\"og:url\" content=\"https:\/\/blogdobispo.com.br\/?p=5642\" \/>\n<meta property=\"og:site_name\" content=\"Blog do Bispo\" \/>\n<meta property=\"article:published_time\" content=\"2025-06-18T17:35:51+00:00\" \/>\n<meta property=\"article:modified_time\" content=\"2025-07-28T18:09:11+00:00\" \/>\n<meta property=\"og:image\" content=\"https:\/\/blogdobispo.com.br\/wp-content\/uploads\/2025\/06\/HMMVxOIMwQ9274hCSHs11BHjmFF9UR504N5NAWIb.jpg\" \/>\n<meta name=\"author\" content=\"Jefferson Sterfeno\" \/>\n<meta name=\"twitter:card\" content=\"summary_large_image\" \/>\n<meta name=\"twitter:label1\" content=\"Escrito por\" \/>\n\t<meta name=\"twitter:data1\" content=\"Jefferson Sterfeno\" \/>\n\t<meta name=\"twitter:label2\" content=\"Est. tempo de leitura\" \/>\n\t<meta name=\"twitter:data2\" content=\"2 minutos\" \/>\n<script type=\"application\/ld+json\" class=\"yoast-schema-graph\">{\"@context\":\"https:\/\/schema.org\",\"@graph\":[{\"@type\":\"Article\",\"@id\":\"https:\/\/blogdobispo.com.br\/?p=5642#article\",\"isPartOf\":{\"@id\":\"https:\/\/blogdobispo.com.br\/?p=5642\"},\"author\":{\"name\":\"Jefferson Sterfeno\",\"@id\":\"https:\/\/blogdobispo.com.br\/#\/schema\/person\/e2209cc0e6cea5c5233d033e997b373f\"},\"headline\":\"Vereadores mirins da Escola do Legislativo de Carna\u00faba dos Dantas visitam ALRN\",\"datePublished\":\"2025-06-18T17:35:51+00:00\",\"dateModified\":\"2025-07-28T18:09:11+00:00\",\"mainEntityOfPage\":{\"@id\":\"https:\/\/blogdobispo.com.br\/?p=5642\"},\"wordCount\":227,\"commentCount\":0,\"publisher\":{\"@id\":\"https:\/\/blogdobispo.com.br\/#organization\"},\"image\":{\"@id\":\"https:\/\/blogdobispo.com.br\/?p=5642#primaryimage\"},\"thumbnailUrl\":\"https:\/\/blogdobispo.com.br\/wp-content\/uploads\/2025\/06\/HMMVxOIMwQ9274hCSHs11BHjmFF9UR504N5NAWIb.jpg\",\"articleSection\":[\"diversos\"],\"inLanguage\":\"pt-BR\",\"potentialAction\":[{\"@type\":\"CommentAction\",\"name\":\"Comment\",\"target\":[\"https:\/\/blogdobispo.com.br\/?p=5642#respond\"]}]},{\"@type\":\"WebPage\",\"@id\":\"https:\/\/blogdobispo.com.br\/?p=5642\",\"url\":\"https:\/\/blogdobispo.com.br\/?p=5642\",\"name\":\"Vereadores mirins da Escola do Legislativo de Carna\u00faba dos Dantas visitam ALRN - Blog do Bispo\",\"isPartOf\":{\"@id\":\"https:\/\/blogdobispo.com.br\/#website\"},\"primaryImageOfPage\":{\"@id\":\"https:\/\/blogdobispo.com.br\/?p=5642#primaryimage\"},\"image\":{\"@id\":\"https:\/\/blogdobispo.com.br\/?p=5642#primaryimage\"},\"thumbnailUrl\":\"https:\/\/blogdobispo.com.br\/wp-content\/uploads\/2025\/06\/HMMVxOIMwQ9274hCSHs11BHjmFF9UR504N5NAWIb.jpg\",\"datePublished\":\"2025-06-18T17:35:51+00:00\",\"dateModified\":\"2025-07-28T18:09:11+00:00\",\"breadcrumb\":{\"@id\":\"https:\/\/blogdobispo.com.br\/?p=5642#breadcrumb\"},\"inLanguage\":\"pt-BR\",\"potentialAction\":[{\"@type\":\"ReadAction\",\"target\":[\"https:\/\/blogdobispo.com.br\/?p=5642\"]}]},{\"@type\":\"ImageObject\",\"inLanguage\":\"pt-BR\",\"@id\":\"https:\/\/blogdobispo.com.br\/?p=5642#primaryimage\",\"url\":\"https:\/\/blogdobispo.com.br\/wp-content\/uploads\/2025\/06\/HMMVxOIMwQ9274hCSHs11BHjmFF9UR504N5NAWIb.jpg\",\"contentUrl\":\"https:\/\/blogdobispo.com.br\/wp-content\/uploads\/2025\/06\/HMMVxOIMwQ9274hCSHs11BHjmFF9UR504N5NAWIb.jpg\"},{\"@type\":\"BreadcrumbList\",\"@id\":\"https:\/\/blogdobispo.com.br\/?p=5642#breadcrumb\",\"itemListElement\":[{\"@type\":\"ListItem\",\"position\":1,\"name\":\"In\u00edcio\",\"item\":\"https:\/\/blogdobispo.com.br\/\"},{\"@type\":\"ListItem\",\"position\":2,\"name\":\"Vereadores mirins da Escola do Legislativo de Carna\u00faba dos Dantas visitam ALRN\"}]},{\"@type\":\"WebSite\",\"@id\":\"https:\/\/blogdobispo.com.br\/#website\",\"url\":\"https:\/\/blogdobispo.com.br\/\",\"name\":\"Blog do Bispo\",\"description\":\"Comprometido apenas com o leitor\",\"publisher\":{\"@id\":\"https:\/\/blogdobispo.com.br\/#organization\"},\"potentialAction\":[{\"@type\":\"SearchAction\",\"target\":{\"@type\":\"EntryPoint\",\"urlTemplate\":\"https:\/\/blogdobispo.com.br\/?s={search_term_string}\"},\"query-input\":{\"@type\":\"PropertyValueSpecification\",\"valueRequired\":true,\"valueName\":\"search_term_string\"}}],\"inLanguage\":\"pt-BR\"},{\"@type\":\"Organization\",\"@id\":\"https:\/\/blogdobispo.com.br\/#organization\",\"name\":\"Blog do Bispo\",\"url\":\"https:\/\/blogdobispo.com.br\/\",\"logo\":{\"@type\":\"ImageObject\",\"inLanguage\":\"pt-BR\",\"@id\":\"https:\/\/blogdobispo.com.br\/#\/schema\/logo\/image\/\",\"url\":\"http:\/\/blogdobispo.com.br\/wp-content\/uploads\/2023\/05\/cropped-headear.png\",\"contentUrl\":\"http:\/\/blogdobispo.com.br\/wp-content\/uploads\/2023\/05\/cropped-headear.png\",\"width\":1500,\"height\":399,\"caption\":\"Blog do Bispo\"},\"image\":{\"@id\":\"https:\/\/blogdobispo.com.br\/#\/schema\/logo\/image\/\"}},{\"@type\":\"Person\",\"@id\":\"https:\/\/blogdobispo.com.br\/#\/schema\/person\/e2209cc0e6cea5c5233d033e997b373f\",\"name\":\"Jefferson Sterfeno\",\"image\":{\"@type\":\"ImageObject\",\"inLanguage\":\"pt-BR\",\"@id\":\"https:\/\/blogdobispo.com.br\/#\/schema\/person\/image\/\",\"url\":\"https:\/\/secure.gravatar.com\/avatar\/0534e84764641168a677026b6d57a3f51dc7ac4db0b4f6186d9cb330d4ee1160?s=96&d=mm&r=g\",\"contentUrl\":\"https:\/\/secure.gravatar.com\/avatar\/0534e84764641168a677026b6d57a3f51dc7ac4db0b4f6186d9cb330d4ee1160?s=96&d=mm&r=g\",\"caption\":\"Jefferson Sterfeno\"},\"sameAs\":[\"http:\/\/blogdobispo.com.br\"],\"url\":\"https:\/\/blogdobispo.com.br\/?author=1\"}]}<\/script>\n<!-- \/ Yoast SEO plugin. -->","yoast_head_json":{"title":"Vereadores mirins da Escola do Legislativo de Carna\u00faba dos Dantas visitam ALRN - Blog do Bispo","robots":{"index":"index","follow":"follow","max-snippet":"max-snippet:-1","max-image-preview":"max-image-preview:large","max-video-preview":"max-video-preview:-1"},"canonical":"https:\/\/blogdobispo.com.br\/?p=5642","og_locale":"pt_BR","og_type":"article","og_title":"Vereadores mirins da Escola do Legislativo de Carna\u00faba dos Dantas visitam ALRN - Blog do Bispo","og_description":"O presidente da Assembleia Legislativa, deputado Ezequiel Ferreira (PSDB), registrou, ao abrir os trabalhos na sess\u00e3o ordin\u00e1ria desta quarta-feira (18), a visita dos alunos e vereadores mirins da Escola do Legislativo \u201cEm\u00edlia de Rodat Dantas de Souza\u201d, de Carna\u00faba dos Dantas ao Parlamento estadual. \u201cSejam todos muito bem-vindos. Oportunizar a esses jovens, que representam o [&hellip;]","og_url":"https:\/\/blogdobispo.com.br\/?p=5642","og_site_name":"Blog do Bispo","article_published_time":"2025-06-18T17:35:51+00:00","article_modified_time":"2025-07-28T18:09:11+00:00","og_image":[{"url":"https:\/\/blogdobispo.com.br\/wp-content\/uploads\/2025\/06\/HMMVxOIMwQ9274hCSHs11BHjmFF9UR504N5NAWIb.jpg","type":"","width":"","height":""}],"author":"Jefferson Sterfeno","twitter_card":"summary_large_image","twitter_misc":{"Escrito por":"Jefferson Sterfeno","Est. tempo de leitura":"2 minutos"},"schema":{"@context":"https:\/\/schema.org","@graph":[{"@type":"Article","@id":"https:\/\/blogdobispo.com.br\/?p=5642#article","isPartOf":{"@id":"https:\/\/blogdobispo.com.br\/?p=5642"},"author":{"name":"Jefferson Sterfeno","@id":"https:\/\/blogdobispo.com.br\/#\/schema\/person\/e2209cc0e6cea5c5233d033e997b373f"},"headline":"Vereadores mirins da Escola do Legislativo de Carna\u00faba dos Dantas visitam ALRN","datePublished":"2025-06-18T17:35:51+00:00","dateModified":"2025-07-28T18:09:11+00:00","mainEntityOfPage":{"@id":"https:\/\/blogdobispo.com.br\/?p=5642"},"wordCount":227,"commentCount":0,"publisher":{"@id":"https:\/\/blogdobispo.com.br\/#organization"},"image":{"@id":"https:\/\/blogdobispo.com.br\/?p=5642#primaryimage"},"thumbnailUrl":"https:\/\/blogdobispo.com.br\/wp-content\/uploads\/2025\/06\/HMMVxOIMwQ9274hCSHs11BHjmFF9UR504N5NAWIb.jpg","articleSection":["diversos"],"inLanguage":"pt-BR","potentialAction":[{"@type":"CommentAction","name":"Comment","target":["https:\/\/blogdobispo.com.br\/?p=5642#respond"]}]},{"@type":"WebPage","@id":"https:\/\/blogdobispo.com.br\/?p=5642","url":"https:\/\/blogdobispo.com.br\/?p=5642","name":"Vereadores mirins da Escola do Legislativo de Carna\u00faba dos Dantas visitam ALRN - Blog do Bispo","isPartOf":{"@id":"https:\/\/blogdobispo.com.br\/#website"},"primaryImageOfPage":{"@id":"https:\/\/blogdobispo.com.br\/?p=5642#primaryimage"},"image":{"@id":"https:\/\/blogdobispo.com.br\/?p=5642#primaryimage"},"thumbnailUrl":"https:\/\/blogdobispo.com.br\/wp-content\/uploads\/2025\/06\/HMMVxOIMwQ9274hCSHs11BHjmFF9UR504N5NAWIb.jpg","datePublished":"2025-06-18T17:35:51+00:00","dateModified":"2025-07-28T18:09:11+00:00","breadcrumb":{"@id":"https:\/\/blogdobispo.com.br\/?p=5642#breadcrumb"},"inLanguage":"pt-BR","potentialAction":[{"@type":"ReadAction","target":["https:\/\/blogdobispo.com.br\/?p=5642"]}]},{"@type":"ImageObject","inLanguage":"pt-BR","@id":"https:\/\/blogdobispo.com.br\/?p=5642#primaryimage","url":"https:\/\/blogdobispo.com.br\/wp-content\/uploads\/2025\/06\/HMMVxOIMwQ9274hCSHs11BHjmFF9UR504N5NAWIb.jpg","contentUrl":"https:\/\/blogdobispo.com.br\/wp-content\/uploads\/2025\/06\/HMMVxOIMwQ9274hCSHs11BHjmFF9UR504N5NAWIb.jpg"},{"@type":"BreadcrumbList","@id":"https:\/\/blogdobispo.com.br\/?p=5642#breadcrumb","itemListElement":[{"@type":"ListItem","position":1,"name":"In\u00edcio","item":"https:\/\/blogdobispo.com.br\/"},{"@type":"ListItem","position":2,"name":"Vereadores mirins da Escola do Legislativo de Carna\u00faba dos Dantas visitam ALRN"}]},{"@type":"WebSite","@id":"https:\/\/blogdobispo.com.br\/#website","url":"https:\/\/blogdobispo.com.br\/","name":"Blog do Bispo","description":"Comprometido apenas com o leitor","publisher":{"@id":"https:\/\/blogdobispo.com.br\/#organization"},"potentialAction":[{"@type":"SearchAction","target":{"@type":"EntryPoint","urlTemplate":"https:\/\/blogdobispo.com.br\/?s={search_term_string}"},"query-input":{"@type":"PropertyValueSpecification","valueRequired":true,"valueName":"search_term_string"}}],"inLanguage":"pt-BR"},{"@type":"Organization","@id":"https:\/\/blogdobispo.com.br\/#organization","name":"Blog do Bispo","url":"https:\/\/blogdobispo.com.br\/","logo":{"@type":"ImageObject","inLanguage":"pt-BR","@id":"https:\/\/blogdobispo.com.br\/#\/schema\/logo\/image\/","url":"http:\/\/blogdobispo.com.br\/wp-content\/uploads\/2023\/05\/cropped-headear.png","contentUrl":"http:\/\/blogdobispo.com.br\/wp-content\/uploads\/2023\/05\/cropped-headear.png","width":1500,"height":399,"caption":"Blog do Bispo"},"image":{"@id":"https:\/\/blogdobispo.com.br\/#\/schema\/logo\/image\/"}},{"@type":"Person","@id":"https:\/\/blogdobispo.com.br\/#\/schema\/person\/e2209cc0e6cea5c5233d033e997b373f","name":"Jefferson Sterfeno","image":{"@type":"ImageObject","inLanguage":"pt-BR","@id":"https:\/\/blogdobispo.com.br\/#\/schema\/person\/image\/","url":"https:\/\/secure.gravatar.com\/avatar\/0534e84764641168a677026b6d57a3f51dc7ac4db0b4f6186d9cb330d4ee1160?s=96&d=mm&r=g","contentUrl":"https:\/\/secure.gravatar.com\/avatar\/0534e84764641168a677026b6d57a3f51dc7ac4db0b4f6186d9cb330d4ee1160?s=96&d=mm&r=g","caption":"Jefferson Sterfeno"},"sameAs":["http:\/\/blogdobispo.com.br"],"url":"https:\/\/blogdobispo.com.br\/?author=1"}]}},"featured_image_urls":{"full":"","thumbnail":"","medium":"","medium_large":"","large":"","1536x1536":"","2048x2048":""},"author_info":{"display_name":"Jefferson Sterfeno","author_link":"https:\/\/blogdobispo.com.br\/?author=1"},"category_info":"<a href=\"https:\/\/blogdobispo.com.br\/?cat=1\" rel=\"category\">diversos<\/a>","tag_info":"diversos","comment_count":"0","jetpack_featured_media_url":"","jetpack_sharing_enabled":true,"_links":{"self":[{"href":"https:\/\/blogdobispo.com.br\/index.php?rest_route=\/wp\/v2\/posts\/5642","targetHints":{"allow":["GET"]}}],"collection":[{"href":"https:\/\/blogdobispo.com.br\/index.php?rest_route=\/wp\/v2\/posts"}],"about":[{"href":"https:\/\/blogdobispo.com.br\/index.php?rest_route=\/wp\/v2\/types\/post"}],"author":[{"embeddable":true,"href":"https:\/\/blogdobispo.com.br\/index.php?rest_route=\/wp\/v2\/users\/1"}],"replies":[{"embeddable":true,"href":"https:\/\/blogdobispo.com.br\/index.php?rest_route=%2Fwp%2Fv2%2Fcomments&post=5642"}],"version-history":[{"count":1,"href":"https:\/\/blogdobispo.com.br\/index.php?rest_route=\/wp\/v2\/posts\/5642\/revisions"}],"predecessor-version":[{"id":6180,"href":"https:\/\/blogdobispo.com.br\/index.php?rest_route=\/wp\/v2\/posts\/5642\/revisions\/6180"}],"wp:attachment":[{"href":"https:\/\/blogdobispo.com.br\/index.php?rest_route=%2Fwp%2Fv2%2Fmedia&parent=5642"}],"wp:term":[{"taxonomy":"category","embeddable":true,"href":"https:\/\/blogdobispo.com.br\/index.php?rest_route=%2Fwp%2Fv2%2Fcategories&post=5642"},{"taxonomy":"post_tag","embeddable":true,"href":"https:\/\/blogdobispo.com.br\/index.php?rest_route=%2Fwp%2Fv2%2Ftags&post=5642"}],"curies":[{"name":"wp","href":"https:\/\/api.w.org\/{rel}","templated":true}]}}