{"id":5639,"date":"2025-06-17T22:44:47","date_gmt":"2025-06-17T22:44:47","guid":{"rendered":"https:\/\/blogdobispo.com.br\/?p=5639"},"modified":"2025-06-17T22:45:37","modified_gmt":"2025-06-17T22:45:37","slug":"solenidade-presta-homenagem-pelos-107-anos-da-assembleia-de-deus-no-rn","status":"publish","type":"post","link":"https:\/\/blogdobispo.com.br\/?p=5639","title":{"rendered":"Solenidade presta homenagem pelos 107 anos da Assembleia de Deus no RN"},"content":{"rendered":"\n<figure class=\"wp-block-image size-large\"><img data-recalc-dims=\"1\" fetchpriority=\"high\" decoding=\"async\" width=\"800\" height=\"533\" src=\"https:\/\/i0.wp.com\/blogdobispo.com.br\/wp-content\/uploads\/2025\/06\/img_5155-1-1024x682.png?resize=800%2C533&#038;ssl=1\" alt=\"\" class=\"wp-image-5638\" srcset=\"https:\/\/i0.wp.com\/blogdobispo.com.br\/wp-content\/uploads\/2025\/06\/img_5155-1.png?resize=1024%2C682&amp;ssl=1 1024w, https:\/\/i0.wp.com\/blogdobispo.com.br\/wp-content\/uploads\/2025\/06\/img_5155-1.png?resize=300%2C200&amp;ssl=1 300w, https:\/\/i0.wp.com\/blogdobispo.com.br\/wp-content\/uploads\/2025\/06\/img_5155-1.png?resize=768%2C512&amp;ssl=1 768w, https:\/\/i0.wp.com\/blogdobispo.com.br\/wp-content\/uploads\/2025\/06\/img_5155-1.png?resize=1536%2C1024&amp;ssl=1 1536w, https:\/\/i0.wp.com\/blogdobispo.com.br\/wp-content\/uploads\/2025\/06\/img_5155-1.png?w=2000&amp;ssl=1 2000w, https:\/\/i0.wp.com\/blogdobispo.com.br\/wp-content\/uploads\/2025\/06\/img_5155-1.png?w=1600 1600w\" sizes=\"(max-width: 800px) 100vw, 800px\" \/><\/figure>\n\n\n\n<p>A Assembleia Legislativa do Rio Grande do Norte realizou, na tarde desta ter\u00e7a-feira (17), uma sess\u00e3o solene em homenagem aos 107 anos de funda\u00e7\u00e3o da Igreja Evang\u00e9lica Assembleia de Deus no Estado do Rio Grande do Norte (IEADERN). A iniciativa partiu do deputado estadual Coronel Azevedo (PL), que destacou a import\u00e2ncia hist\u00f3rica, social e espiritual da institui\u00e7\u00e3o para o povo potiguar.<\/p>\n\n\n\n<p>Fundada oficialmente em 24 de maio de 1918, a IEADERN nasceu do movimento pentecostal iniciado no Brasil em 1910 e tem suas ra\u00edzes em reuni\u00f5es de ora\u00e7\u00e3o realizadas nas casas de fi\u00e9is em Natal. Desde ent\u00e3o, a igreja tem crescido exponencialmente, alcan\u00e7ando todos os munic\u00edpios do estado e expandindo sua atua\u00e7\u00e3o para al\u00e9m das fronteiras nacionais, com trabalhos mission\u00e1rios em diversas partes do mundo.<\/p>\n\n\n\n<p>Durante a solenidade, o deputado Coronel Azevedo ressaltou o papel da igreja na transforma\u00e7\u00e3o de vidas, na forma\u00e7\u00e3o moral de cidad\u00e3os e na edifica\u00e7\u00e3o de fam\u00edlias. \u201cA IEADERN tem desempenhado um papel inquestion\u00e1vel na transforma\u00e7\u00e3o de vidas, na forma\u00e7\u00e3o moral de cidad\u00e3os, na edifica\u00e7\u00e3o de fam\u00edlias e no fortalecimento da f\u00e9 crist\u00e3, cumprindo fielmente sua miss\u00e3o de anunciar o Evangelho de nosso Senhor e Salvador Jesus Cristo com dedica\u00e7\u00e3o, zelo e integridade\u201d, afirmou o parlamentar.<\/p>\n\n\n\n<p>Com mais de um s\u00e9culo de hist\u00f3ria, a IEADERN se consolidou como uma das institui\u00e7\u00f5es crist\u00e3s mais influentes do Rio Grande do Norte. Sua trajet\u00f3ria \u00e9 marcada pelo compromisso com a Palavra de Deus, a assist\u00eancia aos necessitados e o trabalho mission\u00e1rio que ultrapassa fronteiras.&nbsp;<\/p>\n\n\n\n<p>A atua\u00e7\u00e3o social da IEADERN tamb\u00e9m foi lembrada, com destaque para iniciativas como o Centro Integrado de Assist\u00eancia Social (CIADE), voltado ao atendimento de fam\u00edlias em situa\u00e7\u00e3o de vulnerabilidade, al\u00e9m da presen\u00e7a constante da igreja em a\u00e7\u00f5es de evangeliza\u00e7\u00e3o, cultura e apoio espiritual, inclusive em locais de dif\u00edcil acesso no estado.<\/p>\n\n\n\n<p>&#8220;A hist\u00f3ria da IEADERN \u00e9 uma hist\u00f3ria de f\u00e9, coragem, l\u00e1grimas, vit\u00f3rias e frutos eternos. \u00c9 um testemunho vivo de que a igreja do Senhor, quando guiada pelo Esp\u00edrito Santo e firmada na Palavra, \u00e9 capaz de transformar cidades, estados e na\u00e7\u00f5es&#8221;, disse o deputado, afirmando ainda que homenagear a igreja \u00e9 reconhecer sua contribui\u00e7\u00e3o &#8220;inestim\u00e1vel ao desenvolvimento espiritual e social do estado&#8221;.&nbsp;<\/p>\n\n\n\n<p>Azevedo enalteceu ainda a lideran\u00e7a do atual presidente da IEADERN, pastor Martim Alves da Silva, cuja gest\u00e3o tem sido marcada, segundo o deputado, por sabedoria, equil\u00edbrio e compromisso com a miss\u00e3o evangel\u00edstica. \u201cDesde que assumiu a presid\u00eancia, o pastor Martim tem conduzido a igreja com zelo doutrin\u00e1rio, amor pelas almas e dedica\u00e7\u00e3o incans\u00e1vel \u00e0 obra de Deus\u201d, declarou, antes de iniciar a entrega de placas em homenagens a personalidades que fizeram hist\u00f3ria na igreja.<\/p>\n\n\n\n<p>Falando em nome dos homenageados, o pastor Martim Alves da Silva falou sobre o atendimento \u00e0s pessoas mais necessitadas. De acordo com ele, a IEADERN tem Jesus como grande exemplo para os fi\u00e9is e isso tem se refletido no trabalho realizado pela igreja no Rio Grande do Norte.&nbsp;<\/p>\n\n\n\n<p>&#8220;Jesus cuidava muito bem daqueles que eram carentes de alimentos, mas sobretudo na \u00e1rea emocional. E \u00e9 isso que buscamos fazer aqui e al\u00e9m das fronteiras do nosso estado&#8221;, disse. &#8220;Louvo a Deus pelo trabalho brilhante que a Assembleia de Deus tem prestado ao nosso estado e fora atrav\u00e9s das miss\u00f5es. Estamos certos de que estamos cumprindo nossa miss\u00e3o e louvo a Deus por esse momento t\u00e3o feliz por estarmos aqui, deputado. Parab\u00e9ns por sua atua\u00e7\u00e3o. N\u00f3s nos sentimos felizes e agradecidos \u00e0 sua pessoa, em nome de Jesus&#8221;, disse o pastor.<br \/>&nbsp;<\/p>\n","protected":false},"excerpt":{"rendered":"<p>A Assembleia Legislativa do Rio Grande do Norte realizou, na tarde desta ter\u00e7a-feira (17), uma sess\u00e3o solene em homenagem aos 107 anos de funda\u00e7\u00e3o da Igreja Evang\u00e9lica Assembleia de Deus no Estado do Rio Grande do Norte (IEADERN). A iniciativa partiu do deputado estadual Coronel Azevedo (PL), que destacou a import\u00e2ncia hist\u00f3rica, social e espiritual [&hellip;]<\/p>\n","protected":false},"author":1,"featured_media":0,"comment_status":"open","ping_status":"open","sticky":false,"template":"","format":"standard","meta":{"cybocfi_hide_featured_image":"","_jetpack_memberships_contains_paid_content":false,"footnotes":""},"categories":[1],"tags":[],"class_list":["post-5639","post","type-post","status-publish","format-standard","hentry","category-diversos"],"yoast_head":"<!-- This site is optimized with the Yoast SEO plugin v25.6 - https:\/\/yoast.com\/wordpress\/plugins\/seo\/ -->\n<title>Solenidade presta homenagem pelos 107 anos da Assembleia de Deus no RN - Blog do Bispo<\/title>\n<meta name=\"robots\" content=\"index, follow, max-snippet:-1, max-image-preview:large, max-video-preview:-1\" \/>\n<link rel=\"canonical\" href=\"https:\/\/blogdobispo.com.br\/?p=5639\" \/>\n<meta property=\"og:locale\" content=\"pt_BR\" \/>\n<meta property=\"og:type\" content=\"article\" \/>\n<meta property=\"og:title\" content=\"Solenidade presta homenagem pelos 107 anos da Assembleia de Deus no RN - Blog do Bispo\" \/>\n<meta property=\"og:description\" content=\"A Assembleia Legislativa do Rio Grande do Norte realizou, na tarde desta ter\u00e7a-feira (17), uma sess\u00e3o solene em homenagem aos 107 anos de funda\u00e7\u00e3o da Igreja Evang\u00e9lica Assembleia de Deus no Estado do Rio Grande do Norte (IEADERN). A iniciativa partiu do deputado estadual Coronel Azevedo (PL), que destacou a import\u00e2ncia hist\u00f3rica, social e espiritual [&hellip;]\" \/>\n<meta property=\"og:url\" content=\"https:\/\/blogdobispo.com.br\/?p=5639\" \/>\n<meta property=\"og:site_name\" content=\"Blog do Bispo\" \/>\n<meta property=\"article:published_time\" content=\"2025-06-17T22:44:47+00:00\" \/>\n<meta property=\"article:modified_time\" content=\"2025-06-17T22:45:37+00:00\" \/>\n<meta property=\"og:image\" content=\"https:\/\/blogdobispo.com.br\/wp-content\/uploads\/2025\/06\/img_5155-1-1024x682.png\" \/>\n<meta name=\"author\" content=\"Jefferson Sterfeno\" \/>\n<meta name=\"twitter:card\" content=\"summary_large_image\" \/>\n<meta name=\"twitter:label1\" content=\"Escrito por\" \/>\n\t<meta name=\"twitter:data1\" content=\"Jefferson Sterfeno\" \/>\n\t<meta name=\"twitter:label2\" content=\"Est. tempo de leitura\" \/>\n\t<meta name=\"twitter:data2\" content=\"3 minutos\" \/>\n<script type=\"application\/ld+json\" class=\"yoast-schema-graph\">{\"@context\":\"https:\/\/schema.org\",\"@graph\":[{\"@type\":\"Article\",\"@id\":\"https:\/\/blogdobispo.com.br\/?p=5639#article\",\"isPartOf\":{\"@id\":\"https:\/\/blogdobispo.com.br\/?p=5639\"},\"author\":{\"name\":\"Jefferson Sterfeno\",\"@id\":\"https:\/\/blogdobispo.com.br\/#\/schema\/person\/e2209cc0e6cea5c5233d033e997b373f\"},\"headline\":\"Solenidade presta homenagem pelos 107 anos da Assembleia de Deus no RN\",\"datePublished\":\"2025-06-17T22:44:47+00:00\",\"dateModified\":\"2025-06-17T22:45:37+00:00\",\"mainEntityOfPage\":{\"@id\":\"https:\/\/blogdobispo.com.br\/?p=5639\"},\"wordCount\":649,\"commentCount\":0,\"publisher\":{\"@id\":\"https:\/\/blogdobispo.com.br\/#organization\"},\"image\":{\"@id\":\"https:\/\/blogdobispo.com.br\/?p=5639#primaryimage\"},\"thumbnailUrl\":\"https:\/\/blogdobispo.com.br\/wp-content\/uploads\/2025\/06\/img_5155-1-1024x682.png\",\"articleSection\":[\"diversos\"],\"inLanguage\":\"pt-BR\",\"potentialAction\":[{\"@type\":\"CommentAction\",\"name\":\"Comment\",\"target\":[\"https:\/\/blogdobispo.com.br\/?p=5639#respond\"]}]},{\"@type\":\"WebPage\",\"@id\":\"https:\/\/blogdobispo.com.br\/?p=5639\",\"url\":\"https:\/\/blogdobispo.com.br\/?p=5639\",\"name\":\"Solenidade presta homenagem pelos 107 anos da Assembleia de Deus no RN - Blog do Bispo\",\"isPartOf\":{\"@id\":\"https:\/\/blogdobispo.com.br\/#website\"},\"primaryImageOfPage\":{\"@id\":\"https:\/\/blogdobispo.com.br\/?p=5639#primaryimage\"},\"image\":{\"@id\":\"https:\/\/blogdobispo.com.br\/?p=5639#primaryimage\"},\"thumbnailUrl\":\"https:\/\/blogdobispo.com.br\/wp-content\/uploads\/2025\/06\/img_5155-1-1024x682.png\",\"datePublished\":\"2025-06-17T22:44:47+00:00\",\"dateModified\":\"2025-06-17T22:45:37+00:00\",\"breadcrumb\":{\"@id\":\"https:\/\/blogdobispo.com.br\/?p=5639#breadcrumb\"},\"inLanguage\":\"pt-BR\",\"potentialAction\":[{\"@type\":\"ReadAction\",\"target\":[\"https:\/\/blogdobispo.com.br\/?p=5639\"]}]},{\"@type\":\"ImageObject\",\"inLanguage\":\"pt-BR\",\"@id\":\"https:\/\/blogdobispo.com.br\/?p=5639#primaryimage\",\"url\":\"https:\/\/blogdobispo.com.br\/wp-content\/uploads\/2025\/06\/img_5155-1-1024x682.png\",\"contentUrl\":\"https:\/\/blogdobispo.com.br\/wp-content\/uploads\/2025\/06\/img_5155-1-1024x682.png\"},{\"@type\":\"BreadcrumbList\",\"@id\":\"https:\/\/blogdobispo.com.br\/?p=5639#breadcrumb\",\"itemListElement\":[{\"@type\":\"ListItem\",\"position\":1,\"name\":\"In\u00edcio\",\"item\":\"https:\/\/blogdobispo.com.br\/\"},{\"@type\":\"ListItem\",\"position\":2,\"name\":\"Solenidade presta homenagem pelos 107 anos da Assembleia de Deus no RN\"}]},{\"@type\":\"WebSite\",\"@id\":\"https:\/\/blogdobispo.com.br\/#website\",\"url\":\"https:\/\/blogdobispo.com.br\/\",\"name\":\"Blog do Bispo\",\"description\":\"Comprometido apenas com o leitor\",\"publisher\":{\"@id\":\"https:\/\/blogdobispo.com.br\/#organization\"},\"potentialAction\":[{\"@type\":\"SearchAction\",\"target\":{\"@type\":\"EntryPoint\",\"urlTemplate\":\"https:\/\/blogdobispo.com.br\/?s={search_term_string}\"},\"query-input\":{\"@type\":\"PropertyValueSpecification\",\"valueRequired\":true,\"valueName\":\"search_term_string\"}}],\"inLanguage\":\"pt-BR\"},{\"@type\":\"Organization\",\"@id\":\"https:\/\/blogdobispo.com.br\/#organization\",\"name\":\"Blog do Bispo\",\"url\":\"https:\/\/blogdobispo.com.br\/\",\"logo\":{\"@type\":\"ImageObject\",\"inLanguage\":\"pt-BR\",\"@id\":\"https:\/\/blogdobispo.com.br\/#\/schema\/logo\/image\/\",\"url\":\"http:\/\/blogdobispo.com.br\/wp-content\/uploads\/2023\/05\/cropped-headear.png\",\"contentUrl\":\"http:\/\/blogdobispo.com.br\/wp-content\/uploads\/2023\/05\/cropped-headear.png\",\"width\":1500,\"height\":399,\"caption\":\"Blog do Bispo\"},\"image\":{\"@id\":\"https:\/\/blogdobispo.com.br\/#\/schema\/logo\/image\/\"}},{\"@type\":\"Person\",\"@id\":\"https:\/\/blogdobispo.com.br\/#\/schema\/person\/e2209cc0e6cea5c5233d033e997b373f\",\"name\":\"Jefferson Sterfeno\",\"image\":{\"@type\":\"ImageObject\",\"inLanguage\":\"pt-BR\",\"@id\":\"https:\/\/blogdobispo.com.br\/#\/schema\/person\/image\/\",\"url\":\"https:\/\/secure.gravatar.com\/avatar\/0534e84764641168a677026b6d57a3f51dc7ac4db0b4f6186d9cb330d4ee1160?s=96&d=mm&r=g\",\"contentUrl\":\"https:\/\/secure.gravatar.com\/avatar\/0534e84764641168a677026b6d57a3f51dc7ac4db0b4f6186d9cb330d4ee1160?s=96&d=mm&r=g\",\"caption\":\"Jefferson Sterfeno\"},\"sameAs\":[\"http:\/\/blogdobispo.com.br\"],\"url\":\"https:\/\/blogdobispo.com.br\/?author=1\"}]}<\/script>\n<!-- \/ Yoast SEO plugin. -->","yoast_head_json":{"title":"Solenidade presta homenagem pelos 107 anos da Assembleia de Deus no RN - Blog do Bispo","robots":{"index":"index","follow":"follow","max-snippet":"max-snippet:-1","max-image-preview":"max-image-preview:large","max-video-preview":"max-video-preview:-1"},"canonical":"https:\/\/blogdobispo.com.br\/?p=5639","og_locale":"pt_BR","og_type":"article","og_title":"Solenidade presta homenagem pelos 107 anos da Assembleia de Deus no RN - Blog do Bispo","og_description":"A Assembleia Legislativa do Rio Grande do Norte realizou, na tarde desta ter\u00e7a-feira (17), uma sess\u00e3o solene em homenagem aos 107 anos de funda\u00e7\u00e3o da Igreja Evang\u00e9lica Assembleia de Deus no Estado do Rio Grande do Norte (IEADERN). A iniciativa partiu do deputado estadual Coronel Azevedo (PL), que destacou a import\u00e2ncia hist\u00f3rica, social e espiritual [&hellip;]","og_url":"https:\/\/blogdobispo.com.br\/?p=5639","og_site_name":"Blog do Bispo","article_published_time":"2025-06-17T22:44:47+00:00","article_modified_time":"2025-06-17T22:45:37+00:00","og_image":[{"url":"https:\/\/blogdobispo.com.br\/wp-content\/uploads\/2025\/06\/img_5155-1-1024x682.png","type":"","width":"","height":""}],"author":"Jefferson Sterfeno","twitter_card":"summary_large_image","twitter_misc":{"Escrito por":"Jefferson Sterfeno","Est. tempo de leitura":"3 minutos"},"schema":{"@context":"https:\/\/schema.org","@graph":[{"@type":"Article","@id":"https:\/\/blogdobispo.com.br\/?p=5639#article","isPartOf":{"@id":"https:\/\/blogdobispo.com.br\/?p=5639"},"author":{"name":"Jefferson Sterfeno","@id":"https:\/\/blogdobispo.com.br\/#\/schema\/person\/e2209cc0e6cea5c5233d033e997b373f"},"headline":"Solenidade presta homenagem pelos 107 anos da Assembleia de Deus no RN","datePublished":"2025-06-17T22:44:47+00:00","dateModified":"2025-06-17T22:45:37+00:00","mainEntityOfPage":{"@id":"https:\/\/blogdobispo.com.br\/?p=5639"},"wordCount":649,"commentCount":0,"publisher":{"@id":"https:\/\/blogdobispo.com.br\/#organization"},"image":{"@id":"https:\/\/blogdobispo.com.br\/?p=5639#primaryimage"},"thumbnailUrl":"https:\/\/blogdobispo.com.br\/wp-content\/uploads\/2025\/06\/img_5155-1-1024x682.png","articleSection":["diversos"],"inLanguage":"pt-BR","potentialAction":[{"@type":"CommentAction","name":"Comment","target":["https:\/\/blogdobispo.com.br\/?p=5639#respond"]}]},{"@type":"WebPage","@id":"https:\/\/blogdobispo.com.br\/?p=5639","url":"https:\/\/blogdobispo.com.br\/?p=5639","name":"Solenidade presta homenagem pelos 107 anos da Assembleia de Deus no RN - Blog do Bispo","isPartOf":{"@id":"https:\/\/blogdobispo.com.br\/#website"},"primaryImageOfPage":{"@id":"https:\/\/blogdobispo.com.br\/?p=5639#primaryimage"},"image":{"@id":"https:\/\/blogdobispo.com.br\/?p=5639#primaryimage"},"thumbnailUrl":"https:\/\/blogdobispo.com.br\/wp-content\/uploads\/2025\/06\/img_5155-1-1024x682.png","datePublished":"2025-06-17T22:44:47+00:00","dateModified":"2025-06-17T22:45:37+00:00","breadcrumb":{"@id":"https:\/\/blogdobispo.com.br\/?p=5639#breadcrumb"},"inLanguage":"pt-BR","potentialAction":[{"@type":"ReadAction","target":["https:\/\/blogdobispo.com.br\/?p=5639"]}]},{"@type":"ImageObject","inLanguage":"pt-BR","@id":"https:\/\/blogdobispo.com.br\/?p=5639#primaryimage","url":"https:\/\/blogdobispo.com.br\/wp-content\/uploads\/2025\/06\/img_5155-1-1024x682.png","contentUrl":"https:\/\/blogdobispo.com.br\/wp-content\/uploads\/2025\/06\/img_5155-1-1024x682.png"},{"@type":"BreadcrumbList","@id":"https:\/\/blogdobispo.com.br\/?p=5639#breadcrumb","itemListElement":[{"@type":"ListItem","position":1,"name":"In\u00edcio","item":"https:\/\/blogdobispo.com.br\/"},{"@type":"ListItem","position":2,"name":"Solenidade presta homenagem pelos 107 anos da Assembleia de Deus no RN"}]},{"@type":"WebSite","@id":"https:\/\/blogdobispo.com.br\/#website","url":"https:\/\/blogdobispo.com.br\/","name":"Blog do Bispo","description":"Comprometido apenas com o leitor","publisher":{"@id":"https:\/\/blogdobispo.com.br\/#organization"},"potentialAction":[{"@type":"SearchAction","target":{"@type":"EntryPoint","urlTemplate":"https:\/\/blogdobispo.com.br\/?s={search_term_string}"},"query-input":{"@type":"PropertyValueSpecification","valueRequired":true,"valueName":"search_term_string"}}],"inLanguage":"pt-BR"},{"@type":"Organization","@id":"https:\/\/blogdobispo.com.br\/#organization","name":"Blog do Bispo","url":"https:\/\/blogdobispo.com.br\/","logo":{"@type":"ImageObject","inLanguage":"pt-BR","@id":"https:\/\/blogdobispo.com.br\/#\/schema\/logo\/image\/","url":"http:\/\/blogdobispo.com.br\/wp-content\/uploads\/2023\/05\/cropped-headear.png","contentUrl":"http:\/\/blogdobispo.com.br\/wp-content\/uploads\/2023\/05\/cropped-headear.png","width":1500,"height":399,"caption":"Blog do Bispo"},"image":{"@id":"https:\/\/blogdobispo.com.br\/#\/schema\/logo\/image\/"}},{"@type":"Person","@id":"https:\/\/blogdobispo.com.br\/#\/schema\/person\/e2209cc0e6cea5c5233d033e997b373f","name":"Jefferson Sterfeno","image":{"@type":"ImageObject","inLanguage":"pt-BR","@id":"https:\/\/blogdobispo.com.br\/#\/schema\/person\/image\/","url":"https:\/\/secure.gravatar.com\/avatar\/0534e84764641168a677026b6d57a3f51dc7ac4db0b4f6186d9cb330d4ee1160?s=96&d=mm&r=g","contentUrl":"https:\/\/secure.gravatar.com\/avatar\/0534e84764641168a677026b6d57a3f51dc7ac4db0b4f6186d9cb330d4ee1160?s=96&d=mm&r=g","caption":"Jefferson Sterfeno"},"sameAs":["http:\/\/blogdobispo.com.br"],"url":"https:\/\/blogdobispo.com.br\/?author=1"}]}},"featured_image_urls":{"full":"","thumbnail":"","medium":"","medium_large":"","large":"","1536x1536":"","2048x2048":""},"author_info":{"display_name":"Jefferson Sterfeno","author_link":"https:\/\/blogdobispo.com.br\/?author=1"},"category_info":"<a href=\"https:\/\/blogdobispo.com.br\/?cat=1\" rel=\"category\">diversos<\/a>","tag_info":"diversos","comment_count":"0","jetpack_featured_media_url":"","jetpack_sharing_enabled":true,"_links":{"self":[{"href":"https:\/\/blogdobispo.com.br\/index.php?rest_route=\/wp\/v2\/posts\/5639","targetHints":{"allow":["GET"]}}],"collection":[{"href":"https:\/\/blogdobispo.com.br\/index.php?rest_route=\/wp\/v2\/posts"}],"about":[{"href":"https:\/\/blogdobispo.com.br\/index.php?rest_route=\/wp\/v2\/types\/post"}],"author":[{"embeddable":true,"href":"https:\/\/blogdobispo.com.br\/index.php?rest_route=\/wp\/v2\/users\/1"}],"replies":[{"embeddable":true,"href":"https:\/\/blogdobispo.com.br\/index.php?rest_route=%2Fwp%2Fv2%2Fcomments&post=5639"}],"version-history":[{"count":1,"href":"https:\/\/blogdobispo.com.br\/index.php?rest_route=\/wp\/v2\/posts\/5639\/revisions"}],"predecessor-version":[{"id":5640,"href":"https:\/\/blogdobispo.com.br\/index.php?rest_route=\/wp\/v2\/posts\/5639\/revisions\/5640"}],"wp:attachment":[{"href":"https:\/\/blogdobispo.com.br\/index.php?rest_route=%2Fwp%2Fv2%2Fmedia&parent=5639"}],"wp:term":[{"taxonomy":"category","embeddable":true,"href":"https:\/\/blogdobispo.com.br\/index.php?rest_route=%2Fwp%2Fv2%2Fcategories&post=5639"},{"taxonomy":"post_tag","embeddable":true,"href":"https:\/\/blogdobispo.com.br\/index.php?rest_route=%2Fwp%2Fv2%2Ftags&post=5639"}],"curies":[{"name":"wp","href":"https:\/\/api.w.org\/{rel}","templated":true}]}}