{"id":5637,"date":"2025-06-17T22:39:04","date_gmt":"2025-06-17T22:39:04","guid":{"rendered":"https:\/\/blogdobispo.com.br\/?p=5637"},"modified":"2025-07-28T16:56:19","modified_gmt":"2025-07-28T16:56:19","slug":"congresso-aprova-uso-de-emendas-de-comissao-e-bancada-para-pagar-salarios-na-saude","status":"publish","type":"post","link":"https:\/\/blogdobispo.com.br\/?p=5637","title":{"rendered":"Sess\u00e3o conjunta na C\u00e2mara homenageia Bolsonaro com t\u00edtulos de cidadania"},"content":{"rendered":"\n<p>A C\u00e2mara Municipal de Natal realizou, nesta quarta-feira (12), uma sess\u00e3o solene conjunta com a Assembleia Legislativa do Rio Grande do Norte para homenagear o ex-presidente Jair Messias Bolsonaro. Na ocasi\u00e3o, foram entregues os t\u00edtulos de cidad\u00e3o natalense, por proposi\u00e7\u00e3o do vereador Subtenente Eliabe (PL), e de cidad\u00e3o norte-rio-grandense, de autoria do deputado estadual Coronel Azevedo (PL). A cerim\u00f4nia ocorreu no plen\u00e1rio da C\u00e2mara Municipal.<\/p>\n\n\n\n<p>&#8220;Essas honrarias me fortalecem a continuar lutando&#8221;, agradeceu Bolsonaro,&nbsp; na tribuna da C\u00e2mara,&nbsp; depois de, em discurso, relembrar a pr\u00f3pria trajet\u00f3ria pol\u00edtica,&nbsp; o esfor\u00e7o pela conclus\u00e3o da transposi\u00e7\u00e3o do S\u00e3o Francisco e o car\u00e1ter municipalista de sua gest\u00e3o.&nbsp;<\/p>\n\n\n\n<p>O presidente da Casa, vereador Eriko J\u00e1come (PP), abriu a solenidade e afirmou que o momento marca a hist\u00f3ria do Legislativo natalense. \u201cTenho muito orgulho de presidir esta Casa e, hoje, fazer a entrega da maior honraria da C\u00e2mara ao ex-presidente Jair Bolsonaro. Estamos aqui cumprindo o nosso dever, com alegria e responsabilidade, representando o parlamento e a vontade aprovada pelos vereadores\u201d, declarou.<\/p>\n\n\n\n<p>Autor da proposta na C\u00e2mara, o vereador Subtenente Eliabe (PL) destacou que a honraria reconhece as a\u00e7\u00f5es do ex-presidente voltadas ao desenvolvimento da capital potiguar. \u201cFoi o presidente que mais vezes esteve em Natal, criando uma conex\u00e3o com a popula\u00e7\u00e3o. Tamb\u00e9m foi o que mais enviou recursos para obras estruturantes, como a engorda de Ponta Negra, o Complexo Tur\u00edstico da Redinha, a requalifica\u00e7\u00e3o da Felizardo Moura e o Hospital Municipal. Inclusive, o \u00fanico hospital de campanha constru\u00eddo durante a pandemia em Natal foi com recursos do governo Bolsonaro\u201d, afirmou.<\/p>\n\n\n\n<p>O prefeito de Natal, Paulinho Freire, tamb\u00e9m presente \u00e0 solenidade, refor\u00e7ou a import\u00e2ncia do gesto simb\u00f3lico da Casa. \u201cDurante os quatro anos de governo Bolsonaro, Natal recebeu muitos recursos que se transformaram em obras para a cidade. A melhor forma de reconhecimento \u00e9 entregar um t\u00edtulo de cidadania, a maior honraria da cidade, a quem tanto fez por Natal\u201d, disse.<\/p>\n\n\n\n<p>O deputado estadual Coronel Azevedo (PL), autor da proposi\u00e7\u00e3o aprovada na Assembleia, ressaltou que a solenidade conjunta foi articulada para permitir a entrega das duas honrarias durante a breve passagem de Bolsonaro por Natal. \u201cA sess\u00e3o conjunta foi uma constru\u00e7\u00e3o importante entre a Assembleia Legislativa e a C\u00e2mara Municipal. Unir as homenagens em um \u00fanico ato foi a melhor forma de valorizar esse momento. Houve entendimento e boa vontade de todos para concretizar essa homenagem conjunta\u201d, afirmou.<\/p>\n\n\n\n<p>Participaram da sess\u00e3o solene os vereadores Camila Ara\u00fajo (Uni\u00e3o), Chagas Catarino (Uni\u00e3o), Cleiton da Policl\u00ednica (PSDB), Daniell Rendall (Republicanos), Daniel Santiago (PP), F\u00falvio Saulo (Solidariedade), Irapo\u00e3 N\u00f3brega (Republicanos), Kleber Fernandes (Republicanos), Luciano Nascimento (PSD), Preto Aquino (Podemos), Robson Carvalho (Uni\u00e3o) e Tony Henrique (PL).<\/p>\n\n\n\n<p>A mesa dos trabalhos foi composta pelo presidente da C\u00e2mara Municipal de Natal, vereador Eriko J\u00e1come (PP); pelo ex-presidente Jair Messias Bolsonaro; pelo vereador propositor Subtenente Eliabe (PL); pelo prefeito Paulinho Freire; pelo senador Rog\u00e9rio Marinho (PL); pelo deputado estadual Coronel Azevedo (PL); pelo ex-prefeito \u00c1lvaro Dias; pelo deputado estadual de Pernambuco, Coronel Feitosa (PL); e pela deputada federal Carla Dickson (Uni\u00e3o Brasil).<\/p>\n\n\n\n<p>Texto: Ilana Albuquerque&nbsp;<\/p>\n\n\n\n<figure class=\"wp-block-image\"><img data-recalc-dims=\"1\" fetchpriority=\"high\" decoding=\"async\" width=\"800\" height=\"536\" src=\"https:\/\/i0.wp.com\/blogdobispo.com.br\/wp-content\/uploads\/2025\/06\/4998100f598840aaa5fea042ac67da84.jpg?resize=800%2C536\" alt=\"\" class=\"wp-image-6157\" srcset=\"https:\/\/i0.wp.com\/blogdobispo.com.br\/wp-content\/uploads\/2025\/06\/4998100f598840aaa5fea042ac67da84.jpg?w=1600&amp;ssl=1 1600w, https:\/\/i0.wp.com\/blogdobispo.com.br\/wp-content\/uploads\/2025\/06\/4998100f598840aaa5fea042ac67da84.jpg?resize=300%2C201&amp;ssl=1 300w, https:\/\/i0.wp.com\/blogdobispo.com.br\/wp-content\/uploads\/2025\/06\/4998100f598840aaa5fea042ac67da84.jpg?resize=1024%2C686&amp;ssl=1 1024w, https:\/\/i0.wp.com\/blogdobispo.com.br\/wp-content\/uploads\/2025\/06\/4998100f598840aaa5fea042ac67da84.jpg?resize=768%2C515&amp;ssl=1 768w, https:\/\/i0.wp.com\/blogdobispo.com.br\/wp-content\/uploads\/2025\/06\/4998100f598840aaa5fea042ac67da84.jpg?resize=1536%2C1029&amp;ssl=1 1536w\" sizes=\"(max-width: 800px) 100vw, 800px\" \/><\/figure>\n","protected":false},"excerpt":{"rendered":"<p>A C\u00e2mara Municipal de Natal realizou, nesta quarta-feira (12), uma sess\u00e3o solene conjunta com a Assembleia Legislativa do Rio Grande do Norte para homenagear o ex-presidente Jair Messias Bolsonaro. Na ocasi\u00e3o, foram entregues os t\u00edtulos de cidad\u00e3o natalense, por proposi\u00e7\u00e3o do vereador Subtenente Eliabe (PL), e de cidad\u00e3o norte-rio-grandense, de autoria do deputado estadual Coronel [&hellip;]<\/p>\n","protected":false},"author":1,"featured_media":0,"comment_status":"open","ping_status":"open","sticky":false,"template":"","format":"standard","meta":{"cybocfi_hide_featured_image":"","_jetpack_memberships_contains_paid_content":false,"footnotes":""},"categories":[1],"tags":[],"class_list":["post-5637","post","type-post","status-publish","format-standard","hentry","category-diversos"],"yoast_head":"<!-- This site is optimized with the Yoast SEO plugin v25.6 - https:\/\/yoast.com\/wordpress\/plugins\/seo\/ -->\n<title>Sess\u00e3o conjunta na C\u00e2mara homenageia Bolsonaro com t\u00edtulos de cidadania - Blog do Bispo<\/title>\n<meta name=\"robots\" content=\"index, follow, max-snippet:-1, max-image-preview:large, max-video-preview:-1\" \/>\n<link rel=\"canonical\" href=\"https:\/\/blogdobispo.com.br\/?p=5637\" \/>\n<meta property=\"og:locale\" content=\"pt_BR\" \/>\n<meta property=\"og:type\" content=\"article\" \/>\n<meta property=\"og:title\" content=\"Sess\u00e3o conjunta na C\u00e2mara homenageia Bolsonaro com t\u00edtulos de cidadania - Blog do Bispo\" \/>\n<meta property=\"og:description\" content=\"A C\u00e2mara Municipal de Natal realizou, nesta quarta-feira (12), uma sess\u00e3o solene conjunta com a Assembleia Legislativa do Rio Grande do Norte para homenagear o ex-presidente Jair Messias Bolsonaro. Na ocasi\u00e3o, foram entregues os t\u00edtulos de cidad\u00e3o natalense, por proposi\u00e7\u00e3o do vereador Subtenente Eliabe (PL), e de cidad\u00e3o norte-rio-grandense, de autoria do deputado estadual Coronel [&hellip;]\" \/>\n<meta property=\"og:url\" content=\"https:\/\/blogdobispo.com.br\/?p=5637\" \/>\n<meta property=\"og:site_name\" content=\"Blog do Bispo\" \/>\n<meta property=\"article:published_time\" content=\"2025-06-17T22:39:04+00:00\" \/>\n<meta property=\"article:modified_time\" content=\"2025-07-28T16:56:19+00:00\" \/>\n<meta property=\"og:image\" content=\"http:\/\/blogdobispo.com.br\/wp-content\/uploads\/2025\/06\/4998100f598840aaa5fea042ac67da84.jpg\" \/>\n<meta name=\"author\" content=\"Jefferson Sterfeno\" \/>\n<meta name=\"twitter:card\" content=\"summary_large_image\" \/>\n<meta name=\"twitter:label1\" content=\"Escrito por\" \/>\n\t<meta name=\"twitter:data1\" content=\"Jefferson Sterfeno\" \/>\n\t<meta name=\"twitter:label2\" content=\"Est. tempo de leitura\" \/>\n\t<meta name=\"twitter:data2\" content=\"3 minutos\" \/>\n<script type=\"application\/ld+json\" class=\"yoast-schema-graph\">{\"@context\":\"https:\/\/schema.org\",\"@graph\":[{\"@type\":\"Article\",\"@id\":\"https:\/\/blogdobispo.com.br\/?p=5637#article\",\"isPartOf\":{\"@id\":\"https:\/\/blogdobispo.com.br\/?p=5637\"},\"author\":{\"name\":\"Jefferson Sterfeno\",\"@id\":\"https:\/\/blogdobispo.com.br\/#\/schema\/person\/e2209cc0e6cea5c5233d033e997b373f\"},\"headline\":\"Sess\u00e3o conjunta na C\u00e2mara homenageia Bolsonaro com t\u00edtulos de cidadania\",\"datePublished\":\"2025-06-17T22:39:04+00:00\",\"dateModified\":\"2025-07-28T16:56:19+00:00\",\"mainEntityOfPage\":{\"@id\":\"https:\/\/blogdobispo.com.br\/?p=5637\"},\"wordCount\":569,\"commentCount\":0,\"publisher\":{\"@id\":\"https:\/\/blogdobispo.com.br\/#organization\"},\"image\":{\"@id\":\"https:\/\/blogdobispo.com.br\/?p=5637#primaryimage\"},\"thumbnailUrl\":\"http:\/\/blogdobispo.com.br\/wp-content\/uploads\/2025\/06\/4998100f598840aaa5fea042ac67da84.jpg\",\"articleSection\":[\"diversos\"],\"inLanguage\":\"pt-BR\",\"potentialAction\":[{\"@type\":\"CommentAction\",\"name\":\"Comment\",\"target\":[\"https:\/\/blogdobispo.com.br\/?p=5637#respond\"]}]},{\"@type\":\"WebPage\",\"@id\":\"https:\/\/blogdobispo.com.br\/?p=5637\",\"url\":\"https:\/\/blogdobispo.com.br\/?p=5637\",\"name\":\"Sess\u00e3o conjunta na C\u00e2mara homenageia Bolsonaro com t\u00edtulos de cidadania - Blog do Bispo\",\"isPartOf\":{\"@id\":\"https:\/\/blogdobispo.com.br\/#website\"},\"primaryImageOfPage\":{\"@id\":\"https:\/\/blogdobispo.com.br\/?p=5637#primaryimage\"},\"image\":{\"@id\":\"https:\/\/blogdobispo.com.br\/?p=5637#primaryimage\"},\"thumbnailUrl\":\"http:\/\/blogdobispo.com.br\/wp-content\/uploads\/2025\/06\/4998100f598840aaa5fea042ac67da84.jpg\",\"datePublished\":\"2025-06-17T22:39:04+00:00\",\"dateModified\":\"2025-07-28T16:56:19+00:00\",\"breadcrumb\":{\"@id\":\"https:\/\/blogdobispo.com.br\/?p=5637#breadcrumb\"},\"inLanguage\":\"pt-BR\",\"potentialAction\":[{\"@type\":\"ReadAction\",\"target\":[\"https:\/\/blogdobispo.com.br\/?p=5637\"]}]},{\"@type\":\"ImageObject\",\"inLanguage\":\"pt-BR\",\"@id\":\"https:\/\/blogdobispo.com.br\/?p=5637#primaryimage\",\"url\":\"https:\/\/i0.wp.com\/blogdobispo.com.br\/wp-content\/uploads\/2025\/06\/4998100f598840aaa5fea042ac67da84.jpg?fit=1600%2C1072&ssl=1\",\"contentUrl\":\"https:\/\/i0.wp.com\/blogdobispo.com.br\/wp-content\/uploads\/2025\/06\/4998100f598840aaa5fea042ac67da84.jpg?fit=1600%2C1072&ssl=1\",\"width\":1600,\"height\":1072},{\"@type\":\"BreadcrumbList\",\"@id\":\"https:\/\/blogdobispo.com.br\/?p=5637#breadcrumb\",\"itemListElement\":[{\"@type\":\"ListItem\",\"position\":1,\"name\":\"In\u00edcio\",\"item\":\"https:\/\/blogdobispo.com.br\/\"},{\"@type\":\"ListItem\",\"position\":2,\"name\":\"Sess\u00e3o conjunta na C\u00e2mara homenageia Bolsonaro com t\u00edtulos de cidadania\"}]},{\"@type\":\"WebSite\",\"@id\":\"https:\/\/blogdobispo.com.br\/#website\",\"url\":\"https:\/\/blogdobispo.com.br\/\",\"name\":\"Blog do Bispo\",\"description\":\"Comprometido apenas com o leitor\",\"publisher\":{\"@id\":\"https:\/\/blogdobispo.com.br\/#organization\"},\"potentialAction\":[{\"@type\":\"SearchAction\",\"target\":{\"@type\":\"EntryPoint\",\"urlTemplate\":\"https:\/\/blogdobispo.com.br\/?s={search_term_string}\"},\"query-input\":{\"@type\":\"PropertyValueSpecification\",\"valueRequired\":true,\"valueName\":\"search_term_string\"}}],\"inLanguage\":\"pt-BR\"},{\"@type\":\"Organization\",\"@id\":\"https:\/\/blogdobispo.com.br\/#organization\",\"name\":\"Blog do Bispo\",\"url\":\"https:\/\/blogdobispo.com.br\/\",\"logo\":{\"@type\":\"ImageObject\",\"inLanguage\":\"pt-BR\",\"@id\":\"https:\/\/blogdobispo.com.br\/#\/schema\/logo\/image\/\",\"url\":\"http:\/\/blogdobispo.com.br\/wp-content\/uploads\/2023\/05\/cropped-headear.png\",\"contentUrl\":\"http:\/\/blogdobispo.com.br\/wp-content\/uploads\/2023\/05\/cropped-headear.png\",\"width\":1500,\"height\":399,\"caption\":\"Blog do Bispo\"},\"image\":{\"@id\":\"https:\/\/blogdobispo.com.br\/#\/schema\/logo\/image\/\"}},{\"@type\":\"Person\",\"@id\":\"https:\/\/blogdobispo.com.br\/#\/schema\/person\/e2209cc0e6cea5c5233d033e997b373f\",\"name\":\"Jefferson Sterfeno\",\"image\":{\"@type\":\"ImageObject\",\"inLanguage\":\"pt-BR\",\"@id\":\"https:\/\/blogdobispo.com.br\/#\/schema\/person\/image\/\",\"url\":\"https:\/\/secure.gravatar.com\/avatar\/0534e84764641168a677026b6d57a3f51dc7ac4db0b4f6186d9cb330d4ee1160?s=96&d=mm&r=g\",\"contentUrl\":\"https:\/\/secure.gravatar.com\/avatar\/0534e84764641168a677026b6d57a3f51dc7ac4db0b4f6186d9cb330d4ee1160?s=96&d=mm&r=g\",\"caption\":\"Jefferson Sterfeno\"},\"sameAs\":[\"http:\/\/blogdobispo.com.br\"],\"url\":\"https:\/\/blogdobispo.com.br\/?author=1\"}]}<\/script>\n<!-- \/ Yoast SEO plugin. -->","yoast_head_json":{"title":"Sess\u00e3o conjunta na C\u00e2mara homenageia Bolsonaro com t\u00edtulos de cidadania - Blog do Bispo","robots":{"index":"index","follow":"follow","max-snippet":"max-snippet:-1","max-image-preview":"max-image-preview:large","max-video-preview":"max-video-preview:-1"},"canonical":"https:\/\/blogdobispo.com.br\/?p=5637","og_locale":"pt_BR","og_type":"article","og_title":"Sess\u00e3o conjunta na C\u00e2mara homenageia Bolsonaro com t\u00edtulos de cidadania - Blog do Bispo","og_description":"A C\u00e2mara Municipal de Natal realizou, nesta quarta-feira (12), uma sess\u00e3o solene conjunta com a Assembleia Legislativa do Rio Grande do Norte para homenagear o ex-presidente Jair Messias Bolsonaro. Na ocasi\u00e3o, foram entregues os t\u00edtulos de cidad\u00e3o natalense, por proposi\u00e7\u00e3o do vereador Subtenente Eliabe (PL), e de cidad\u00e3o norte-rio-grandense, de autoria do deputado estadual Coronel [&hellip;]","og_url":"https:\/\/blogdobispo.com.br\/?p=5637","og_site_name":"Blog do Bispo","article_published_time":"2025-06-17T22:39:04+00:00","article_modified_time":"2025-07-28T16:56:19+00:00","og_image":[{"url":"http:\/\/blogdobispo.com.br\/wp-content\/uploads\/2025\/06\/4998100f598840aaa5fea042ac67da84.jpg","type":"","width":"","height":""}],"author":"Jefferson Sterfeno","twitter_card":"summary_large_image","twitter_misc":{"Escrito por":"Jefferson Sterfeno","Est. tempo de leitura":"3 minutos"},"schema":{"@context":"https:\/\/schema.org","@graph":[{"@type":"Article","@id":"https:\/\/blogdobispo.com.br\/?p=5637#article","isPartOf":{"@id":"https:\/\/blogdobispo.com.br\/?p=5637"},"author":{"name":"Jefferson Sterfeno","@id":"https:\/\/blogdobispo.com.br\/#\/schema\/person\/e2209cc0e6cea5c5233d033e997b373f"},"headline":"Sess\u00e3o conjunta na C\u00e2mara homenageia Bolsonaro com t\u00edtulos de cidadania","datePublished":"2025-06-17T22:39:04+00:00","dateModified":"2025-07-28T16:56:19+00:00","mainEntityOfPage":{"@id":"https:\/\/blogdobispo.com.br\/?p=5637"},"wordCount":569,"commentCount":0,"publisher":{"@id":"https:\/\/blogdobispo.com.br\/#organization"},"image":{"@id":"https:\/\/blogdobispo.com.br\/?p=5637#primaryimage"},"thumbnailUrl":"http:\/\/blogdobispo.com.br\/wp-content\/uploads\/2025\/06\/4998100f598840aaa5fea042ac67da84.jpg","articleSection":["diversos"],"inLanguage":"pt-BR","potentialAction":[{"@type":"CommentAction","name":"Comment","target":["https:\/\/blogdobispo.com.br\/?p=5637#respond"]}]},{"@type":"WebPage","@id":"https:\/\/blogdobispo.com.br\/?p=5637","url":"https:\/\/blogdobispo.com.br\/?p=5637","name":"Sess\u00e3o conjunta na C\u00e2mara homenageia Bolsonaro com t\u00edtulos de cidadania - Blog do Bispo","isPartOf":{"@id":"https:\/\/blogdobispo.com.br\/#website"},"primaryImageOfPage":{"@id":"https:\/\/blogdobispo.com.br\/?p=5637#primaryimage"},"image":{"@id":"https:\/\/blogdobispo.com.br\/?p=5637#primaryimage"},"thumbnailUrl":"http:\/\/blogdobispo.com.br\/wp-content\/uploads\/2025\/06\/4998100f598840aaa5fea042ac67da84.jpg","datePublished":"2025-06-17T22:39:04+00:00","dateModified":"2025-07-28T16:56:19+00:00","breadcrumb":{"@id":"https:\/\/blogdobispo.com.br\/?p=5637#breadcrumb"},"inLanguage":"pt-BR","potentialAction":[{"@type":"ReadAction","target":["https:\/\/blogdobispo.com.br\/?p=5637"]}]},{"@type":"ImageObject","inLanguage":"pt-BR","@id":"https:\/\/blogdobispo.com.br\/?p=5637#primaryimage","url":"https:\/\/i0.wp.com\/blogdobispo.com.br\/wp-content\/uploads\/2025\/06\/4998100f598840aaa5fea042ac67da84.jpg?fit=1600%2C1072&ssl=1","contentUrl":"https:\/\/i0.wp.com\/blogdobispo.com.br\/wp-content\/uploads\/2025\/06\/4998100f598840aaa5fea042ac67da84.jpg?fit=1600%2C1072&ssl=1","width":1600,"height":1072},{"@type":"BreadcrumbList","@id":"https:\/\/blogdobispo.com.br\/?p=5637#breadcrumb","itemListElement":[{"@type":"ListItem","position":1,"name":"In\u00edcio","item":"https:\/\/blogdobispo.com.br\/"},{"@type":"ListItem","position":2,"name":"Sess\u00e3o conjunta na C\u00e2mara homenageia Bolsonaro com t\u00edtulos de cidadania"}]},{"@type":"WebSite","@id":"https:\/\/blogdobispo.com.br\/#website","url":"https:\/\/blogdobispo.com.br\/","name":"Blog do Bispo","description":"Comprometido apenas com o leitor","publisher":{"@id":"https:\/\/blogdobispo.com.br\/#organization"},"potentialAction":[{"@type":"SearchAction","target":{"@type":"EntryPoint","urlTemplate":"https:\/\/blogdobispo.com.br\/?s={search_term_string}"},"query-input":{"@type":"PropertyValueSpecification","valueRequired":true,"valueName":"search_term_string"}}],"inLanguage":"pt-BR"},{"@type":"Organization","@id":"https:\/\/blogdobispo.com.br\/#organization","name":"Blog do Bispo","url":"https:\/\/blogdobispo.com.br\/","logo":{"@type":"ImageObject","inLanguage":"pt-BR","@id":"https:\/\/blogdobispo.com.br\/#\/schema\/logo\/image\/","url":"http:\/\/blogdobispo.com.br\/wp-content\/uploads\/2023\/05\/cropped-headear.png","contentUrl":"http:\/\/blogdobispo.com.br\/wp-content\/uploads\/2023\/05\/cropped-headear.png","width":1500,"height":399,"caption":"Blog do Bispo"},"image":{"@id":"https:\/\/blogdobispo.com.br\/#\/schema\/logo\/image\/"}},{"@type":"Person","@id":"https:\/\/blogdobispo.com.br\/#\/schema\/person\/e2209cc0e6cea5c5233d033e997b373f","name":"Jefferson Sterfeno","image":{"@type":"ImageObject","inLanguage":"pt-BR","@id":"https:\/\/blogdobispo.com.br\/#\/schema\/person\/image\/","url":"https:\/\/secure.gravatar.com\/avatar\/0534e84764641168a677026b6d57a3f51dc7ac4db0b4f6186d9cb330d4ee1160?s=96&d=mm&r=g","contentUrl":"https:\/\/secure.gravatar.com\/avatar\/0534e84764641168a677026b6d57a3f51dc7ac4db0b4f6186d9cb330d4ee1160?s=96&d=mm&r=g","caption":"Jefferson Sterfeno"},"sameAs":["http:\/\/blogdobispo.com.br"],"url":"https:\/\/blogdobispo.com.br\/?author=1"}]}},"featured_image_urls":{"full":"","thumbnail":"","medium":"","medium_large":"","large":"","1536x1536":"","2048x2048":""},"author_info":{"display_name":"Jefferson Sterfeno","author_link":"https:\/\/blogdobispo.com.br\/?author=1"},"category_info":"<a href=\"https:\/\/blogdobispo.com.br\/?cat=1\" rel=\"category\">diversos<\/a>","tag_info":"diversos","comment_count":"0","jetpack_featured_media_url":"","jetpack_sharing_enabled":true,"_links":{"self":[{"href":"https:\/\/blogdobispo.com.br\/index.php?rest_route=\/wp\/v2\/posts\/5637","targetHints":{"allow":["GET"]}}],"collection":[{"href":"https:\/\/blogdobispo.com.br\/index.php?rest_route=\/wp\/v2\/posts"}],"about":[{"href":"https:\/\/blogdobispo.com.br\/index.php?rest_route=\/wp\/v2\/types\/post"}],"author":[{"embeddable":true,"href":"https:\/\/blogdobispo.com.br\/index.php?rest_route=\/wp\/v2\/users\/1"}],"replies":[{"embeddable":true,"href":"https:\/\/blogdobispo.com.br\/index.php?rest_route=%2Fwp%2Fv2%2Fcomments&post=5637"}],"version-history":[{"count":1,"href":"https:\/\/blogdobispo.com.br\/index.php?rest_route=\/wp\/v2\/posts\/5637\/revisions"}],"predecessor-version":[{"id":6158,"href":"https:\/\/blogdobispo.com.br\/index.php?rest_route=\/wp\/v2\/posts\/5637\/revisions\/6158"}],"wp:attachment":[{"href":"https:\/\/blogdobispo.com.br\/index.php?rest_route=%2Fwp%2Fv2%2Fmedia&parent=5637"}],"wp:term":[{"taxonomy":"category","embeddable":true,"href":"https:\/\/blogdobispo.com.br\/index.php?rest_route=%2Fwp%2Fv2%2Fcategories&post=5637"},{"taxonomy":"post_tag","embeddable":true,"href":"https:\/\/blogdobispo.com.br\/index.php?rest_route=%2Fwp%2Fv2%2Ftags&post=5637"}],"curies":[{"name":"wp","href":"https:\/\/api.w.org\/{rel}","templated":true}]}}