{"id":5635,"date":"2025-06-17T22:33:42","date_gmt":"2025-06-17T22:33:42","guid":{"rendered":"https:\/\/blogdobispo.com.br\/?p=5635"},"modified":"2025-06-17T22:33:42","modified_gmt":"2025-06-17T22:33:42","slug":"em-lagoa-salgada-ezequiel-reafirma-compromisso-com-a-populacao-e-municipios-do-rn","status":"publish","type":"post","link":"https:\/\/blogdobispo.com.br\/?p=5635","title":{"rendered":"Em Lagoa Salgada, Ezequiel reafirma compromisso com a popula\u00e7\u00e3o e munic\u00edpios do RN"},"content":{"rendered":"\n<p>Durante a abertura oficial do programa Assembleia e Voc\u00ea, em Lagoa Salgada, nesta ter\u00e7a-feira (17), o presidente da ALRN, deputado Ezequiel Ferreira (PSDB), registrou a alegria pelo Parlamento estadual poder oferecer servi\u00e7os \u00e0s fam\u00edlias que mais precisam. As a\u00e7\u00f5es da 17\u00aa edi\u00e7\u00e3o do Assembleia e Voc\u00ea est\u00e3o sendo realizadas hoje e amanh\u00e3 (18) na Escola Municipal Caf\u00e9 Filho, na Rua Ant\u00f4nio Sales, das 8h \u00e0s 17h.<\/p>\n\n\n\n<p>\u201cVamos deixar um rastro de servi\u00e7o prestado e isso \u00e9 motivo de muito orgulho para todos n\u00f3s que acreditamos nesse bra\u00e7o social da Assembleia Legislativa, que chega para se solidarizar com o poder p\u00fablico municipal, indo aonde o nosso povo mais precisa. Al\u00e9m das a\u00e7\u00f5es sociais, chegamos com servi\u00e7os de sa\u00fade, que \u00e9 uma necessidade n\u00e3o somente do Rio Grande do Norte, mas de todo o Brasil\u201d, afirmou.<\/p>\n\n\n\n<p>Depois de abertura oficial, o presidente da ALRN visitou os estandes e salas onde est\u00e3o sendo ofertados os servi\u00e7os gratuitos nas \u00e1reas de cidadania, sa\u00fade, educa\u00e7\u00e3o e cultura. O programa \u00e9 executado pela Diretoria de Pol\u00edticas Complementares da Casa, interiorizando as a\u00e7\u00f5es do Poder Legislativo potiguar, e promovendo o acesso direto a servi\u00e7os essenciais.<\/p>\n\n\n\n<p>O prefeito do munic\u00edpio, Canind\u00e9 Justino, n\u00e3o escondeu a emo\u00e7\u00e3o pelo leque de servi\u00e7os que est\u00e3o sendo ofertados nesses dois dias e fez um discurso comovido, diante das dificuldades enfrentadas pelo pequeno munic\u00edpio, cuja principal base econ\u00f4mica \u00e9 a agricultura. \u201cEm nome dessas pessoas t\u00e3o necessitadas agradecemos por tudo o que a Assembleia Legislativa trouxe \u00e0 nossa cidade\u201d, afirmou.<\/p>\n\n\n\n<p>Ap\u00f3s a visita ao programa Assembleia e Voc\u00ea, Ezequiel Ferreira se dirigiu \u00e0 unidade mista de sa\u00fade Zuza Costa. O deputado anunciou a destina\u00e7\u00e3o de emenda do seu mandato para contemplar a unidade de sa\u00fade, inaugurada em 1982. A Zuza Costa oferece servi\u00e7os de urg\u00eancia e emerg\u00eancia. Al\u00e9m da aten\u00e7\u00e3o b\u00e1sica, inclui algumas especialidades m\u00e9dicas.<\/p>\n\n\n\n<p>O gestor da unidade, Gilberto de Almeida, recebeu das m\u00e3os do presidente da Casa e da diretora-geral da presid\u00eancia, Dulcin\u00e9a Brand\u00e3o, a doa\u00e7\u00e3o de len\u00e7\u00f3is, frutos de uma campanha interna realizada pelos servidores do legislativo.<\/p>\n\n\n\n<p>Em seguida o presidente foi recepcionado pelos vereadores, no plen\u00e1rio Vereador Orlando Francisco Queiroz, da C\u00e2mara Municipal. A presidente da C\u00e2mara, Fernanda Rodrigues, resumiu o sentimento dos seus pares e dos moradores: \u201cEssa grande a\u00e7\u00e3o ir\u00e1 contribuir com mais qualidade de vida para nossos mun\u00edcipes, muito obrigada\u201d.<\/p>\n\n\n\n<figure class=\"wp-block-image size-large\"><img data-recalc-dims=\"1\" fetchpriority=\"high\" decoding=\"async\" width=\"800\" height=\"533\" src=\"https:\/\/i0.wp.com\/blogdobispo.com.br\/wp-content\/uploads\/2025\/06\/img_5152-1-1024x682.png?resize=800%2C533&#038;ssl=1\" class=\"wp-image-5634\" srcset=\"https:\/\/i0.wp.com\/blogdobispo.com.br\/wp-content\/uploads\/2025\/06\/img_5152-1.png?resize=1024%2C682&amp;ssl=1 1024w, https:\/\/i0.wp.com\/blogdobispo.com.br\/wp-content\/uploads\/2025\/06\/img_5152-1.png?resize=300%2C200&amp;ssl=1 300w, https:\/\/i0.wp.com\/blogdobispo.com.br\/wp-content\/uploads\/2025\/06\/img_5152-1.png?resize=768%2C512&amp;ssl=1 768w, https:\/\/i0.wp.com\/blogdobispo.com.br\/wp-content\/uploads\/2025\/06\/img_5152-1.png?w=1280&amp;ssl=1 1280w\" sizes=\"(max-width: 800px) 100vw, 800px\" \/><\/figure>\n","protected":false},"excerpt":{"rendered":"<p>Durante a abertura oficial do programa Assembleia e Voc\u00ea, em Lagoa Salgada, nesta ter\u00e7a-feira (17), o presidente da ALRN, deputado Ezequiel Ferreira (PSDB), registrou a alegria pelo Parlamento estadual poder oferecer servi\u00e7os \u00e0s fam\u00edlias que mais precisam. As a\u00e7\u00f5es da 17\u00aa edi\u00e7\u00e3o do Assembleia e Voc\u00ea est\u00e3o sendo realizadas hoje e amanh\u00e3 (18) na Escola [&hellip;]<\/p>\n","protected":false},"author":1,"featured_media":0,"comment_status":"open","ping_status":"open","sticky":false,"template":"","format":"standard","meta":{"cybocfi_hide_featured_image":"","_jetpack_memberships_contains_paid_content":false,"footnotes":""},"categories":[1],"tags":[],"class_list":["post-5635","post","type-post","status-publish","format-standard","hentry","category-diversos"],"yoast_head":"<!-- This site is optimized with the Yoast SEO plugin v25.6 - https:\/\/yoast.com\/wordpress\/plugins\/seo\/ -->\n<title>Em Lagoa Salgada, Ezequiel reafirma compromisso com a popula\u00e7\u00e3o e munic\u00edpios do RN - Blog do Bispo<\/title>\n<meta name=\"robots\" content=\"index, follow, max-snippet:-1, max-image-preview:large, max-video-preview:-1\" \/>\n<link rel=\"canonical\" href=\"https:\/\/blogdobispo.com.br\/?p=5635\" \/>\n<meta property=\"og:locale\" content=\"pt_BR\" \/>\n<meta property=\"og:type\" content=\"article\" \/>\n<meta property=\"og:title\" content=\"Em Lagoa Salgada, Ezequiel reafirma compromisso com a popula\u00e7\u00e3o e munic\u00edpios do RN - Blog do Bispo\" \/>\n<meta property=\"og:description\" content=\"Durante a abertura oficial do programa Assembleia e Voc\u00ea, em Lagoa Salgada, nesta ter\u00e7a-feira (17), o presidente da ALRN, deputado Ezequiel Ferreira (PSDB), registrou a alegria pelo Parlamento estadual poder oferecer servi\u00e7os \u00e0s fam\u00edlias que mais precisam. As a\u00e7\u00f5es da 17\u00aa edi\u00e7\u00e3o do Assembleia e Voc\u00ea est\u00e3o sendo realizadas hoje e amanh\u00e3 (18) na Escola [&hellip;]\" \/>\n<meta property=\"og:url\" content=\"https:\/\/blogdobispo.com.br\/?p=5635\" \/>\n<meta property=\"og:site_name\" content=\"Blog do Bispo\" \/>\n<meta property=\"article:published_time\" content=\"2025-06-17T22:33:42+00:00\" \/>\n<meta property=\"og:image\" content=\"https:\/\/blogdobispo.com.br\/wp-content\/uploads\/2025\/06\/img_5152-1-1024x682.png\" \/>\n<meta name=\"author\" content=\"Jefferson Sterfeno\" \/>\n<meta name=\"twitter:card\" content=\"summary_large_image\" \/>\n<meta name=\"twitter:label1\" content=\"Escrito por\" \/>\n\t<meta name=\"twitter:data1\" content=\"Jefferson Sterfeno\" \/>\n\t<meta name=\"twitter:label2\" content=\"Est. tempo de leitura\" \/>\n\t<meta name=\"twitter:data2\" content=\"2 minutos\" \/>\n<script type=\"application\/ld+json\" class=\"yoast-schema-graph\">{\"@context\":\"https:\/\/schema.org\",\"@graph\":[{\"@type\":\"Article\",\"@id\":\"https:\/\/blogdobispo.com.br\/?p=5635#article\",\"isPartOf\":{\"@id\":\"https:\/\/blogdobispo.com.br\/?p=5635\"},\"author\":{\"name\":\"Jefferson Sterfeno\",\"@id\":\"https:\/\/blogdobispo.com.br\/#\/schema\/person\/e2209cc0e6cea5c5233d033e997b373f\"},\"headline\":\"Em Lagoa Salgada, Ezequiel reafirma compromisso com a popula\u00e7\u00e3o e munic\u00edpios do RN\",\"datePublished\":\"2025-06-17T22:33:42+00:00\",\"mainEntityOfPage\":{\"@id\":\"https:\/\/blogdobispo.com.br\/?p=5635\"},\"wordCount\":442,\"commentCount\":0,\"publisher\":{\"@id\":\"https:\/\/blogdobispo.com.br\/#organization\"},\"image\":{\"@id\":\"https:\/\/blogdobispo.com.br\/?p=5635#primaryimage\"},\"thumbnailUrl\":\"https:\/\/blogdobispo.com.br\/wp-content\/uploads\/2025\/06\/img_5152-1-1024x682.png\",\"articleSection\":[\"diversos\"],\"inLanguage\":\"pt-BR\",\"potentialAction\":[{\"@type\":\"CommentAction\",\"name\":\"Comment\",\"target\":[\"https:\/\/blogdobispo.com.br\/?p=5635#respond\"]}]},{\"@type\":\"WebPage\",\"@id\":\"https:\/\/blogdobispo.com.br\/?p=5635\",\"url\":\"https:\/\/blogdobispo.com.br\/?p=5635\",\"name\":\"Em Lagoa Salgada, Ezequiel reafirma compromisso com a popula\u00e7\u00e3o e munic\u00edpios do RN - Blog do Bispo\",\"isPartOf\":{\"@id\":\"https:\/\/blogdobispo.com.br\/#website\"},\"primaryImageOfPage\":{\"@id\":\"https:\/\/blogdobispo.com.br\/?p=5635#primaryimage\"},\"image\":{\"@id\":\"https:\/\/blogdobispo.com.br\/?p=5635#primaryimage\"},\"thumbnailUrl\":\"https:\/\/blogdobispo.com.br\/wp-content\/uploads\/2025\/06\/img_5152-1-1024x682.png\",\"datePublished\":\"2025-06-17T22:33:42+00:00\",\"breadcrumb\":{\"@id\":\"https:\/\/blogdobispo.com.br\/?p=5635#breadcrumb\"},\"inLanguage\":\"pt-BR\",\"potentialAction\":[{\"@type\":\"ReadAction\",\"target\":[\"https:\/\/blogdobispo.com.br\/?p=5635\"]}]},{\"@type\":\"ImageObject\",\"inLanguage\":\"pt-BR\",\"@id\":\"https:\/\/blogdobispo.com.br\/?p=5635#primaryimage\",\"url\":\"https:\/\/blogdobispo.com.br\/wp-content\/uploads\/2025\/06\/img_5152-1-1024x682.png\",\"contentUrl\":\"https:\/\/blogdobispo.com.br\/wp-content\/uploads\/2025\/06\/img_5152-1-1024x682.png\"},{\"@type\":\"BreadcrumbList\",\"@id\":\"https:\/\/blogdobispo.com.br\/?p=5635#breadcrumb\",\"itemListElement\":[{\"@type\":\"ListItem\",\"position\":1,\"name\":\"In\u00edcio\",\"item\":\"https:\/\/blogdobispo.com.br\/\"},{\"@type\":\"ListItem\",\"position\":2,\"name\":\"Em Lagoa Salgada, Ezequiel reafirma compromisso com a popula\u00e7\u00e3o e munic\u00edpios do RN\"}]},{\"@type\":\"WebSite\",\"@id\":\"https:\/\/blogdobispo.com.br\/#website\",\"url\":\"https:\/\/blogdobispo.com.br\/\",\"name\":\"Blog do Bispo\",\"description\":\"Comprometido apenas com o leitor\",\"publisher\":{\"@id\":\"https:\/\/blogdobispo.com.br\/#organization\"},\"potentialAction\":[{\"@type\":\"SearchAction\",\"target\":{\"@type\":\"EntryPoint\",\"urlTemplate\":\"https:\/\/blogdobispo.com.br\/?s={search_term_string}\"},\"query-input\":{\"@type\":\"PropertyValueSpecification\",\"valueRequired\":true,\"valueName\":\"search_term_string\"}}],\"inLanguage\":\"pt-BR\"},{\"@type\":\"Organization\",\"@id\":\"https:\/\/blogdobispo.com.br\/#organization\",\"name\":\"Blog do Bispo\",\"url\":\"https:\/\/blogdobispo.com.br\/\",\"logo\":{\"@type\":\"ImageObject\",\"inLanguage\":\"pt-BR\",\"@id\":\"https:\/\/blogdobispo.com.br\/#\/schema\/logo\/image\/\",\"url\":\"http:\/\/blogdobispo.com.br\/wp-content\/uploads\/2023\/05\/cropped-headear.png\",\"contentUrl\":\"http:\/\/blogdobispo.com.br\/wp-content\/uploads\/2023\/05\/cropped-headear.png\",\"width\":1500,\"height\":399,\"caption\":\"Blog do Bispo\"},\"image\":{\"@id\":\"https:\/\/blogdobispo.com.br\/#\/schema\/logo\/image\/\"}},{\"@type\":\"Person\",\"@id\":\"https:\/\/blogdobispo.com.br\/#\/schema\/person\/e2209cc0e6cea5c5233d033e997b373f\",\"name\":\"Jefferson Sterfeno\",\"image\":{\"@type\":\"ImageObject\",\"inLanguage\":\"pt-BR\",\"@id\":\"https:\/\/blogdobispo.com.br\/#\/schema\/person\/image\/\",\"url\":\"https:\/\/secure.gravatar.com\/avatar\/0534e84764641168a677026b6d57a3f51dc7ac4db0b4f6186d9cb330d4ee1160?s=96&d=mm&r=g\",\"contentUrl\":\"https:\/\/secure.gravatar.com\/avatar\/0534e84764641168a677026b6d57a3f51dc7ac4db0b4f6186d9cb330d4ee1160?s=96&d=mm&r=g\",\"caption\":\"Jefferson Sterfeno\"},\"sameAs\":[\"http:\/\/blogdobispo.com.br\"],\"url\":\"https:\/\/blogdobispo.com.br\/?author=1\"}]}<\/script>\n<!-- \/ Yoast SEO plugin. -->","yoast_head_json":{"title":"Em Lagoa Salgada, Ezequiel reafirma compromisso com a popula\u00e7\u00e3o e munic\u00edpios do RN - Blog do Bispo","robots":{"index":"index","follow":"follow","max-snippet":"max-snippet:-1","max-image-preview":"max-image-preview:large","max-video-preview":"max-video-preview:-1"},"canonical":"https:\/\/blogdobispo.com.br\/?p=5635","og_locale":"pt_BR","og_type":"article","og_title":"Em Lagoa Salgada, Ezequiel reafirma compromisso com a popula\u00e7\u00e3o e munic\u00edpios do RN - Blog do Bispo","og_description":"Durante a abertura oficial do programa Assembleia e Voc\u00ea, em Lagoa Salgada, nesta ter\u00e7a-feira (17), o presidente da ALRN, deputado Ezequiel Ferreira (PSDB), registrou a alegria pelo Parlamento estadual poder oferecer servi\u00e7os \u00e0s fam\u00edlias que mais precisam. As a\u00e7\u00f5es da 17\u00aa edi\u00e7\u00e3o do Assembleia e Voc\u00ea est\u00e3o sendo realizadas hoje e amanh\u00e3 (18) na Escola [&hellip;]","og_url":"https:\/\/blogdobispo.com.br\/?p=5635","og_site_name":"Blog do Bispo","article_published_time":"2025-06-17T22:33:42+00:00","og_image":[{"url":"https:\/\/blogdobispo.com.br\/wp-content\/uploads\/2025\/06\/img_5152-1-1024x682.png","type":"","width":"","height":""}],"author":"Jefferson Sterfeno","twitter_card":"summary_large_image","twitter_misc":{"Escrito por":"Jefferson Sterfeno","Est. tempo de leitura":"2 minutos"},"schema":{"@context":"https:\/\/schema.org","@graph":[{"@type":"Article","@id":"https:\/\/blogdobispo.com.br\/?p=5635#article","isPartOf":{"@id":"https:\/\/blogdobispo.com.br\/?p=5635"},"author":{"name":"Jefferson Sterfeno","@id":"https:\/\/blogdobispo.com.br\/#\/schema\/person\/e2209cc0e6cea5c5233d033e997b373f"},"headline":"Em Lagoa Salgada, Ezequiel reafirma compromisso com a popula\u00e7\u00e3o e munic\u00edpios do RN","datePublished":"2025-06-17T22:33:42+00:00","mainEntityOfPage":{"@id":"https:\/\/blogdobispo.com.br\/?p=5635"},"wordCount":442,"commentCount":0,"publisher":{"@id":"https:\/\/blogdobispo.com.br\/#organization"},"image":{"@id":"https:\/\/blogdobispo.com.br\/?p=5635#primaryimage"},"thumbnailUrl":"https:\/\/blogdobispo.com.br\/wp-content\/uploads\/2025\/06\/img_5152-1-1024x682.png","articleSection":["diversos"],"inLanguage":"pt-BR","potentialAction":[{"@type":"CommentAction","name":"Comment","target":["https:\/\/blogdobispo.com.br\/?p=5635#respond"]}]},{"@type":"WebPage","@id":"https:\/\/blogdobispo.com.br\/?p=5635","url":"https:\/\/blogdobispo.com.br\/?p=5635","name":"Em Lagoa Salgada, Ezequiel reafirma compromisso com a popula\u00e7\u00e3o e munic\u00edpios do RN - Blog do Bispo","isPartOf":{"@id":"https:\/\/blogdobispo.com.br\/#website"},"primaryImageOfPage":{"@id":"https:\/\/blogdobispo.com.br\/?p=5635#primaryimage"},"image":{"@id":"https:\/\/blogdobispo.com.br\/?p=5635#primaryimage"},"thumbnailUrl":"https:\/\/blogdobispo.com.br\/wp-content\/uploads\/2025\/06\/img_5152-1-1024x682.png","datePublished":"2025-06-17T22:33:42+00:00","breadcrumb":{"@id":"https:\/\/blogdobispo.com.br\/?p=5635#breadcrumb"},"inLanguage":"pt-BR","potentialAction":[{"@type":"ReadAction","target":["https:\/\/blogdobispo.com.br\/?p=5635"]}]},{"@type":"ImageObject","inLanguage":"pt-BR","@id":"https:\/\/blogdobispo.com.br\/?p=5635#primaryimage","url":"https:\/\/blogdobispo.com.br\/wp-content\/uploads\/2025\/06\/img_5152-1-1024x682.png","contentUrl":"https:\/\/blogdobispo.com.br\/wp-content\/uploads\/2025\/06\/img_5152-1-1024x682.png"},{"@type":"BreadcrumbList","@id":"https:\/\/blogdobispo.com.br\/?p=5635#breadcrumb","itemListElement":[{"@type":"ListItem","position":1,"name":"In\u00edcio","item":"https:\/\/blogdobispo.com.br\/"},{"@type":"ListItem","position":2,"name":"Em Lagoa Salgada, Ezequiel reafirma compromisso com a popula\u00e7\u00e3o e munic\u00edpios do RN"}]},{"@type":"WebSite","@id":"https:\/\/blogdobispo.com.br\/#website","url":"https:\/\/blogdobispo.com.br\/","name":"Blog do Bispo","description":"Comprometido apenas com o leitor","publisher":{"@id":"https:\/\/blogdobispo.com.br\/#organization"},"potentialAction":[{"@type":"SearchAction","target":{"@type":"EntryPoint","urlTemplate":"https:\/\/blogdobispo.com.br\/?s={search_term_string}"},"query-input":{"@type":"PropertyValueSpecification","valueRequired":true,"valueName":"search_term_string"}}],"inLanguage":"pt-BR"},{"@type":"Organization","@id":"https:\/\/blogdobispo.com.br\/#organization","name":"Blog do Bispo","url":"https:\/\/blogdobispo.com.br\/","logo":{"@type":"ImageObject","inLanguage":"pt-BR","@id":"https:\/\/blogdobispo.com.br\/#\/schema\/logo\/image\/","url":"http:\/\/blogdobispo.com.br\/wp-content\/uploads\/2023\/05\/cropped-headear.png","contentUrl":"http:\/\/blogdobispo.com.br\/wp-content\/uploads\/2023\/05\/cropped-headear.png","width":1500,"height":399,"caption":"Blog do Bispo"},"image":{"@id":"https:\/\/blogdobispo.com.br\/#\/schema\/logo\/image\/"}},{"@type":"Person","@id":"https:\/\/blogdobispo.com.br\/#\/schema\/person\/e2209cc0e6cea5c5233d033e997b373f","name":"Jefferson Sterfeno","image":{"@type":"ImageObject","inLanguage":"pt-BR","@id":"https:\/\/blogdobispo.com.br\/#\/schema\/person\/image\/","url":"https:\/\/secure.gravatar.com\/avatar\/0534e84764641168a677026b6d57a3f51dc7ac4db0b4f6186d9cb330d4ee1160?s=96&d=mm&r=g","contentUrl":"https:\/\/secure.gravatar.com\/avatar\/0534e84764641168a677026b6d57a3f51dc7ac4db0b4f6186d9cb330d4ee1160?s=96&d=mm&r=g","caption":"Jefferson Sterfeno"},"sameAs":["http:\/\/blogdobispo.com.br"],"url":"https:\/\/blogdobispo.com.br\/?author=1"}]}},"featured_image_urls":{"full":"","thumbnail":"","medium":"","medium_large":"","large":"","1536x1536":"","2048x2048":""},"author_info":{"display_name":"Jefferson Sterfeno","author_link":"https:\/\/blogdobispo.com.br\/?author=1"},"category_info":"<a href=\"https:\/\/blogdobispo.com.br\/?cat=1\" rel=\"category\">diversos<\/a>","tag_info":"diversos","comment_count":"0","jetpack_featured_media_url":"","jetpack_sharing_enabled":true,"_links":{"self":[{"href":"https:\/\/blogdobispo.com.br\/index.php?rest_route=\/wp\/v2\/posts\/5635","targetHints":{"allow":["GET"]}}],"collection":[{"href":"https:\/\/blogdobispo.com.br\/index.php?rest_route=\/wp\/v2\/posts"}],"about":[{"href":"https:\/\/blogdobispo.com.br\/index.php?rest_route=\/wp\/v2\/types\/post"}],"author":[{"embeddable":true,"href":"https:\/\/blogdobispo.com.br\/index.php?rest_route=\/wp\/v2\/users\/1"}],"replies":[{"embeddable":true,"href":"https:\/\/blogdobispo.com.br\/index.php?rest_route=%2Fwp%2Fv2%2Fcomments&post=5635"}],"version-history":[{"count":0,"href":"https:\/\/blogdobispo.com.br\/index.php?rest_route=\/wp\/v2\/posts\/5635\/revisions"}],"wp:attachment":[{"href":"https:\/\/blogdobispo.com.br\/index.php?rest_route=%2Fwp%2Fv2%2Fmedia&parent=5635"}],"wp:term":[{"taxonomy":"category","embeddable":true,"href":"https:\/\/blogdobispo.com.br\/index.php?rest_route=%2Fwp%2Fv2%2Fcategories&post=5635"},{"taxonomy":"post_tag","embeddable":true,"href":"https:\/\/blogdobispo.com.br\/index.php?rest_route=%2Fwp%2Fv2%2Ftags&post=5635"}],"curies":[{"name":"wp","href":"https:\/\/api.w.org\/{rel}","templated":true}]}}