{"id":5626,"date":"2025-06-16T16:07:31","date_gmt":"2025-06-16T16:07:31","guid":{"rendered":"https:\/\/blogdobispo.com.br\/?p=5626"},"modified":"2025-06-16T16:07:31","modified_gmt":"2025-06-16T16:07:31","slug":"vagner-araujo-deixa-israel-em-meio-a-tensao-e-retorna-ao-brasil-via-jordania","status":"publish","type":"post","link":"https:\/\/blogdobispo.com.br\/?p=5626","title":{"rendered":"Vagner Ara\u00fajo deixa Israel em meio a tens\u00e3o e retorna ao Brasil via Jord\u00e2nia"},"content":{"rendered":"\n<figure class=\"wp-block-image size-large\"><img data-recalc-dims=\"1\" fetchpriority=\"high\" decoding=\"async\" width=\"641\" height=\"478\" src=\"https:\/\/i0.wp.com\/blogdobispo.com.br\/wp-content\/uploads\/2025\/06\/img_5097-1.jpg?resize=641%2C478&#038;ssl=1\" class=\"wp-image-5625\" srcset=\"https:\/\/i0.wp.com\/blogdobispo.com.br\/wp-content\/uploads\/2025\/06\/img_5097-1.jpg?w=641&amp;ssl=1 641w, https:\/\/i0.wp.com\/blogdobispo.com.br\/wp-content\/uploads\/2025\/06\/img_5097-1.jpg?resize=300%2C224&amp;ssl=1 300w\" sizes=\"(max-width: 641px) 100vw, 641px\" \/><\/figure>\n\n\n\n<p class=\"p1\"><\/p>\n\n\n\n<p class=\"p1\">O secret\u00e1rio de Planejamento da Prefeitura do Natal, Vagner Ara\u00fajo, deixou o territ\u00f3rio israelense na manh\u00e3 desta segunda-feira (16), ap\u00f3s dias de tens\u00e3o provocados pelo agravamento do conflito entre Israel e Ir\u00e3. Ele integrava uma comitiva brasileira que participava de uma miss\u00e3o t\u00e9cnica sobre cidades inteligentes, seguran\u00e7a urbana e inova\u00e7\u00e3o, a convite do governo de Israel.<\/p>\n\n\n\n<p class=\"p1\">Diante do avan\u00e7o do conflito e do fechamento do espa\u00e7o a\u00e9reo israelense, a delega\u00e7\u00e3o teve que alterar os planos de retorno. Vagner Ara\u00fajo e outros 11 integrantes do grupo optaram por deixar o pa\u00eds por via terrestre, cruzando a fronteira com a Jord\u00e2nia em um \u00f4nibus escoltado por autoridades locais.<\/p>\n\n\n\n<p class=\"p1\">Durante os \u00faltimos dias, o grupo vivenciou momentos de apreens\u00e3o com o acionamento de sirenes antia\u00e9reas e a necessidade de buscar abrigo em bunkers. Os epis\u00f3dios ocorreram em plena visita ao campus onde estavam hospedados e evidenciaram o risco iminente para as delega\u00e7\u00f5es estrangeiras.<\/p>\n\n\n\n<p class=\"p1\">Com a chegada \u00e0 Jord\u00e2nia, o grupo foi direcionado para um aeroporto, de onde embarcou em um voo fretado rumo ao Brasil. A expectativa \u00e9 de que todos os participantes da miss\u00e3o estejam de volta ao pa\u00eds at\u00e9 o fim da semana.<\/p>\n\n\n\n<p class=\"p1\">Outros 47 brasileiros que permanecem em Israel aguardam libera\u00e7\u00e3o para tamb\u00e9m deixarem o pa\u00eds em seguran\u00e7a. As autoridades brasileiras, por meio do Itamaraty, seguem acompanhando a situa\u00e7\u00e3o e oferecendo suporte aos cidad\u00e3os retidos.<\/p>\n\n\n\n<p class=\"p1\">Vagner Ara\u00fajo agradeceu o apoio recebido durante a opera\u00e7\u00e3o de retirada e destacou a import\u00e2ncia do aprendizado obtido na miss\u00e3o, mesmo em meio \u00e0s adversidades. \u201cForam dias intensos, de grande aprendizado, mas tamb\u00e9m de tens\u00e3o. O mais importante agora \u00e9 estarmos seguros e levarmos essa experi\u00eancia para contribuir com o desenvolvimento das nossas cidades\u201d, afirmou o secret\u00e1rio.<\/p>\n","protected":false},"excerpt":{"rendered":"<p>O secret\u00e1rio de Planejamento da Prefeitura do Natal, Vagner Ara\u00fajo, deixou o territ\u00f3rio israelense na manh\u00e3 desta segunda-feira (16), ap\u00f3s dias de tens\u00e3o provocados pelo agravamento do conflito entre Israel e Ir\u00e3. Ele integrava uma comitiva brasileira que participava de uma miss\u00e3o t\u00e9cnica sobre cidades inteligentes, seguran\u00e7a urbana e inova\u00e7\u00e3o, a convite do governo de [&hellip;]<\/p>\n","protected":false},"author":1,"featured_media":0,"comment_status":"open","ping_status":"open","sticky":false,"template":"","format":"standard","meta":{"cybocfi_hide_featured_image":"","_jetpack_memberships_contains_paid_content":false,"footnotes":""},"categories":[1],"tags":[],"class_list":["post-5626","post","type-post","status-publish","format-standard","hentry","category-diversos"],"yoast_head":"<!-- This site is optimized with the Yoast SEO plugin v25.6 - https:\/\/yoast.com\/wordpress\/plugins\/seo\/ -->\n<title>Vagner Ara\u00fajo deixa Israel em meio a tens\u00e3o e retorna ao Brasil via Jord\u00e2nia - Blog do Bispo<\/title>\n<meta name=\"robots\" content=\"index, follow, max-snippet:-1, max-image-preview:large, max-video-preview:-1\" \/>\n<link rel=\"canonical\" href=\"https:\/\/blogdobispo.com.br\/?p=5626\" \/>\n<meta property=\"og:locale\" content=\"pt_BR\" \/>\n<meta property=\"og:type\" content=\"article\" \/>\n<meta property=\"og:title\" content=\"Vagner Ara\u00fajo deixa Israel em meio a tens\u00e3o e retorna ao Brasil via Jord\u00e2nia - Blog do Bispo\" \/>\n<meta property=\"og:description\" content=\"O secret\u00e1rio de Planejamento da Prefeitura do Natal, Vagner Ara\u00fajo, deixou o territ\u00f3rio israelense na manh\u00e3 desta segunda-feira (16), ap\u00f3s dias de tens\u00e3o provocados pelo agravamento do conflito entre Israel e Ir\u00e3. Ele integrava uma comitiva brasileira que participava de uma miss\u00e3o t\u00e9cnica sobre cidades inteligentes, seguran\u00e7a urbana e inova\u00e7\u00e3o, a convite do governo de [&hellip;]\" \/>\n<meta property=\"og:url\" content=\"https:\/\/blogdobispo.com.br\/?p=5626\" \/>\n<meta property=\"og:site_name\" content=\"Blog do Bispo\" \/>\n<meta property=\"article:published_time\" content=\"2025-06-16T16:07:31+00:00\" \/>\n<meta property=\"og:image\" content=\"https:\/\/blogdobispo.com.br\/wp-content\/uploads\/2025\/06\/img_5097-1.jpg\" \/>\n<meta name=\"author\" content=\"Jefferson Sterfeno\" \/>\n<meta name=\"twitter:card\" content=\"summary_large_image\" \/>\n<meta name=\"twitter:label1\" content=\"Escrito por\" \/>\n\t<meta name=\"twitter:data1\" content=\"Jefferson Sterfeno\" \/>\n\t<meta name=\"twitter:label2\" content=\"Est. tempo de leitura\" \/>\n\t<meta name=\"twitter:data2\" content=\"2 minutos\" \/>\n<script type=\"application\/ld+json\" class=\"yoast-schema-graph\">{\"@context\":\"https:\/\/schema.org\",\"@graph\":[{\"@type\":\"Article\",\"@id\":\"https:\/\/blogdobispo.com.br\/?p=5626#article\",\"isPartOf\":{\"@id\":\"https:\/\/blogdobispo.com.br\/?p=5626\"},\"author\":{\"name\":\"Jefferson Sterfeno\",\"@id\":\"https:\/\/blogdobispo.com.br\/#\/schema\/person\/e2209cc0e6cea5c5233d033e997b373f\"},\"headline\":\"Vagner Ara\u00fajo deixa Israel em meio a tens\u00e3o e retorna ao Brasil via Jord\u00e2nia\",\"datePublished\":\"2025-06-16T16:07:31+00:00\",\"mainEntityOfPage\":{\"@id\":\"https:\/\/blogdobispo.com.br\/?p=5626\"},\"wordCount\":330,\"commentCount\":0,\"publisher\":{\"@id\":\"https:\/\/blogdobispo.com.br\/#organization\"},\"image\":{\"@id\":\"https:\/\/blogdobispo.com.br\/?p=5626#primaryimage\"},\"thumbnailUrl\":\"https:\/\/blogdobispo.com.br\/wp-content\/uploads\/2025\/06\/img_5097-1.jpg\",\"articleSection\":[\"diversos\"],\"inLanguage\":\"pt-BR\",\"potentialAction\":[{\"@type\":\"CommentAction\",\"name\":\"Comment\",\"target\":[\"https:\/\/blogdobispo.com.br\/?p=5626#respond\"]}]},{\"@type\":\"WebPage\",\"@id\":\"https:\/\/blogdobispo.com.br\/?p=5626\",\"url\":\"https:\/\/blogdobispo.com.br\/?p=5626\",\"name\":\"Vagner Ara\u00fajo deixa Israel em meio a tens\u00e3o e retorna ao Brasil via Jord\u00e2nia - Blog do Bispo\",\"isPartOf\":{\"@id\":\"https:\/\/blogdobispo.com.br\/#website\"},\"primaryImageOfPage\":{\"@id\":\"https:\/\/blogdobispo.com.br\/?p=5626#primaryimage\"},\"image\":{\"@id\":\"https:\/\/blogdobispo.com.br\/?p=5626#primaryimage\"},\"thumbnailUrl\":\"https:\/\/blogdobispo.com.br\/wp-content\/uploads\/2025\/06\/img_5097-1.jpg\",\"datePublished\":\"2025-06-16T16:07:31+00:00\",\"breadcrumb\":{\"@id\":\"https:\/\/blogdobispo.com.br\/?p=5626#breadcrumb\"},\"inLanguage\":\"pt-BR\",\"potentialAction\":[{\"@type\":\"ReadAction\",\"target\":[\"https:\/\/blogdobispo.com.br\/?p=5626\"]}]},{\"@type\":\"ImageObject\",\"inLanguage\":\"pt-BR\",\"@id\":\"https:\/\/blogdobispo.com.br\/?p=5626#primaryimage\",\"url\":\"https:\/\/blogdobispo.com.br\/wp-content\/uploads\/2025\/06\/img_5097-1.jpg\",\"contentUrl\":\"https:\/\/blogdobispo.com.br\/wp-content\/uploads\/2025\/06\/img_5097-1.jpg\"},{\"@type\":\"BreadcrumbList\",\"@id\":\"https:\/\/blogdobispo.com.br\/?p=5626#breadcrumb\",\"itemListElement\":[{\"@type\":\"ListItem\",\"position\":1,\"name\":\"In\u00edcio\",\"item\":\"https:\/\/blogdobispo.com.br\/\"},{\"@type\":\"ListItem\",\"position\":2,\"name\":\"Vagner Ara\u00fajo deixa Israel em meio a tens\u00e3o e retorna ao Brasil via Jord\u00e2nia\"}]},{\"@type\":\"WebSite\",\"@id\":\"https:\/\/blogdobispo.com.br\/#website\",\"url\":\"https:\/\/blogdobispo.com.br\/\",\"name\":\"Blog do Bispo\",\"description\":\"Comprometido apenas com o leitor\",\"publisher\":{\"@id\":\"https:\/\/blogdobispo.com.br\/#organization\"},\"potentialAction\":[{\"@type\":\"SearchAction\",\"target\":{\"@type\":\"EntryPoint\",\"urlTemplate\":\"https:\/\/blogdobispo.com.br\/?s={search_term_string}\"},\"query-input\":{\"@type\":\"PropertyValueSpecification\",\"valueRequired\":true,\"valueName\":\"search_term_string\"}}],\"inLanguage\":\"pt-BR\"},{\"@type\":\"Organization\",\"@id\":\"https:\/\/blogdobispo.com.br\/#organization\",\"name\":\"Blog do Bispo\",\"url\":\"https:\/\/blogdobispo.com.br\/\",\"logo\":{\"@type\":\"ImageObject\",\"inLanguage\":\"pt-BR\",\"@id\":\"https:\/\/blogdobispo.com.br\/#\/schema\/logo\/image\/\",\"url\":\"http:\/\/blogdobispo.com.br\/wp-content\/uploads\/2023\/05\/cropped-headear.png\",\"contentUrl\":\"http:\/\/blogdobispo.com.br\/wp-content\/uploads\/2023\/05\/cropped-headear.png\",\"width\":1500,\"height\":399,\"caption\":\"Blog do Bispo\"},\"image\":{\"@id\":\"https:\/\/blogdobispo.com.br\/#\/schema\/logo\/image\/\"}},{\"@type\":\"Person\",\"@id\":\"https:\/\/blogdobispo.com.br\/#\/schema\/person\/e2209cc0e6cea5c5233d033e997b373f\",\"name\":\"Jefferson Sterfeno\",\"image\":{\"@type\":\"ImageObject\",\"inLanguage\":\"pt-BR\",\"@id\":\"https:\/\/blogdobispo.com.br\/#\/schema\/person\/image\/\",\"url\":\"https:\/\/secure.gravatar.com\/avatar\/0534e84764641168a677026b6d57a3f51dc7ac4db0b4f6186d9cb330d4ee1160?s=96&d=mm&r=g\",\"contentUrl\":\"https:\/\/secure.gravatar.com\/avatar\/0534e84764641168a677026b6d57a3f51dc7ac4db0b4f6186d9cb330d4ee1160?s=96&d=mm&r=g\",\"caption\":\"Jefferson Sterfeno\"},\"sameAs\":[\"http:\/\/blogdobispo.com.br\"],\"url\":\"https:\/\/blogdobispo.com.br\/?author=1\"}]}<\/script>\n<!-- \/ Yoast SEO plugin. -->","yoast_head_json":{"title":"Vagner Ara\u00fajo deixa Israel em meio a tens\u00e3o e retorna ao Brasil via Jord\u00e2nia - Blog do Bispo","robots":{"index":"index","follow":"follow","max-snippet":"max-snippet:-1","max-image-preview":"max-image-preview:large","max-video-preview":"max-video-preview:-1"},"canonical":"https:\/\/blogdobispo.com.br\/?p=5626","og_locale":"pt_BR","og_type":"article","og_title":"Vagner Ara\u00fajo deixa Israel em meio a tens\u00e3o e retorna ao Brasil via Jord\u00e2nia - Blog do Bispo","og_description":"O secret\u00e1rio de Planejamento da Prefeitura do Natal, Vagner Ara\u00fajo, deixou o territ\u00f3rio israelense na manh\u00e3 desta segunda-feira (16), ap\u00f3s dias de tens\u00e3o provocados pelo agravamento do conflito entre Israel e Ir\u00e3. Ele integrava uma comitiva brasileira que participava de uma miss\u00e3o t\u00e9cnica sobre cidades inteligentes, seguran\u00e7a urbana e inova\u00e7\u00e3o, a convite do governo de [&hellip;]","og_url":"https:\/\/blogdobispo.com.br\/?p=5626","og_site_name":"Blog do Bispo","article_published_time":"2025-06-16T16:07:31+00:00","og_image":[{"url":"https:\/\/blogdobispo.com.br\/wp-content\/uploads\/2025\/06\/img_5097-1.jpg","type":"","width":"","height":""}],"author":"Jefferson Sterfeno","twitter_card":"summary_large_image","twitter_misc":{"Escrito por":"Jefferson Sterfeno","Est. tempo de leitura":"2 minutos"},"schema":{"@context":"https:\/\/schema.org","@graph":[{"@type":"Article","@id":"https:\/\/blogdobispo.com.br\/?p=5626#article","isPartOf":{"@id":"https:\/\/blogdobispo.com.br\/?p=5626"},"author":{"name":"Jefferson Sterfeno","@id":"https:\/\/blogdobispo.com.br\/#\/schema\/person\/e2209cc0e6cea5c5233d033e997b373f"},"headline":"Vagner Ara\u00fajo deixa Israel em meio a tens\u00e3o e retorna ao Brasil via Jord\u00e2nia","datePublished":"2025-06-16T16:07:31+00:00","mainEntityOfPage":{"@id":"https:\/\/blogdobispo.com.br\/?p=5626"},"wordCount":330,"commentCount":0,"publisher":{"@id":"https:\/\/blogdobispo.com.br\/#organization"},"image":{"@id":"https:\/\/blogdobispo.com.br\/?p=5626#primaryimage"},"thumbnailUrl":"https:\/\/blogdobispo.com.br\/wp-content\/uploads\/2025\/06\/img_5097-1.jpg","articleSection":["diversos"],"inLanguage":"pt-BR","potentialAction":[{"@type":"CommentAction","name":"Comment","target":["https:\/\/blogdobispo.com.br\/?p=5626#respond"]}]},{"@type":"WebPage","@id":"https:\/\/blogdobispo.com.br\/?p=5626","url":"https:\/\/blogdobispo.com.br\/?p=5626","name":"Vagner Ara\u00fajo deixa Israel em meio a tens\u00e3o e retorna ao Brasil via Jord\u00e2nia - Blog do Bispo","isPartOf":{"@id":"https:\/\/blogdobispo.com.br\/#website"},"primaryImageOfPage":{"@id":"https:\/\/blogdobispo.com.br\/?p=5626#primaryimage"},"image":{"@id":"https:\/\/blogdobispo.com.br\/?p=5626#primaryimage"},"thumbnailUrl":"https:\/\/blogdobispo.com.br\/wp-content\/uploads\/2025\/06\/img_5097-1.jpg","datePublished":"2025-06-16T16:07:31+00:00","breadcrumb":{"@id":"https:\/\/blogdobispo.com.br\/?p=5626#breadcrumb"},"inLanguage":"pt-BR","potentialAction":[{"@type":"ReadAction","target":["https:\/\/blogdobispo.com.br\/?p=5626"]}]},{"@type":"ImageObject","inLanguage":"pt-BR","@id":"https:\/\/blogdobispo.com.br\/?p=5626#primaryimage","url":"https:\/\/blogdobispo.com.br\/wp-content\/uploads\/2025\/06\/img_5097-1.jpg","contentUrl":"https:\/\/blogdobispo.com.br\/wp-content\/uploads\/2025\/06\/img_5097-1.jpg"},{"@type":"BreadcrumbList","@id":"https:\/\/blogdobispo.com.br\/?p=5626#breadcrumb","itemListElement":[{"@type":"ListItem","position":1,"name":"In\u00edcio","item":"https:\/\/blogdobispo.com.br\/"},{"@type":"ListItem","position":2,"name":"Vagner Ara\u00fajo deixa Israel em meio a tens\u00e3o e retorna ao Brasil via Jord\u00e2nia"}]},{"@type":"WebSite","@id":"https:\/\/blogdobispo.com.br\/#website","url":"https:\/\/blogdobispo.com.br\/","name":"Blog do Bispo","description":"Comprometido apenas com o leitor","publisher":{"@id":"https:\/\/blogdobispo.com.br\/#organization"},"potentialAction":[{"@type":"SearchAction","target":{"@type":"EntryPoint","urlTemplate":"https:\/\/blogdobispo.com.br\/?s={search_term_string}"},"query-input":{"@type":"PropertyValueSpecification","valueRequired":true,"valueName":"search_term_string"}}],"inLanguage":"pt-BR"},{"@type":"Organization","@id":"https:\/\/blogdobispo.com.br\/#organization","name":"Blog do Bispo","url":"https:\/\/blogdobispo.com.br\/","logo":{"@type":"ImageObject","inLanguage":"pt-BR","@id":"https:\/\/blogdobispo.com.br\/#\/schema\/logo\/image\/","url":"http:\/\/blogdobispo.com.br\/wp-content\/uploads\/2023\/05\/cropped-headear.png","contentUrl":"http:\/\/blogdobispo.com.br\/wp-content\/uploads\/2023\/05\/cropped-headear.png","width":1500,"height":399,"caption":"Blog do Bispo"},"image":{"@id":"https:\/\/blogdobispo.com.br\/#\/schema\/logo\/image\/"}},{"@type":"Person","@id":"https:\/\/blogdobispo.com.br\/#\/schema\/person\/e2209cc0e6cea5c5233d033e997b373f","name":"Jefferson Sterfeno","image":{"@type":"ImageObject","inLanguage":"pt-BR","@id":"https:\/\/blogdobispo.com.br\/#\/schema\/person\/image\/","url":"https:\/\/secure.gravatar.com\/avatar\/0534e84764641168a677026b6d57a3f51dc7ac4db0b4f6186d9cb330d4ee1160?s=96&d=mm&r=g","contentUrl":"https:\/\/secure.gravatar.com\/avatar\/0534e84764641168a677026b6d57a3f51dc7ac4db0b4f6186d9cb330d4ee1160?s=96&d=mm&r=g","caption":"Jefferson Sterfeno"},"sameAs":["http:\/\/blogdobispo.com.br"],"url":"https:\/\/blogdobispo.com.br\/?author=1"}]}},"featured_image_urls":{"full":"","thumbnail":"","medium":"","medium_large":"","large":"","1536x1536":"","2048x2048":""},"author_info":{"display_name":"Jefferson Sterfeno","author_link":"https:\/\/blogdobispo.com.br\/?author=1"},"category_info":"<a href=\"https:\/\/blogdobispo.com.br\/?cat=1\" rel=\"category\">diversos<\/a>","tag_info":"diversos","comment_count":"0","jetpack_featured_media_url":"","jetpack_sharing_enabled":true,"_links":{"self":[{"href":"https:\/\/blogdobispo.com.br\/index.php?rest_route=\/wp\/v2\/posts\/5626","targetHints":{"allow":["GET"]}}],"collection":[{"href":"https:\/\/blogdobispo.com.br\/index.php?rest_route=\/wp\/v2\/posts"}],"about":[{"href":"https:\/\/blogdobispo.com.br\/index.php?rest_route=\/wp\/v2\/types\/post"}],"author":[{"embeddable":true,"href":"https:\/\/blogdobispo.com.br\/index.php?rest_route=\/wp\/v2\/users\/1"}],"replies":[{"embeddable":true,"href":"https:\/\/blogdobispo.com.br\/index.php?rest_route=%2Fwp%2Fv2%2Fcomments&post=5626"}],"version-history":[{"count":0,"href":"https:\/\/blogdobispo.com.br\/index.php?rest_route=\/wp\/v2\/posts\/5626\/revisions"}],"wp:attachment":[{"href":"https:\/\/blogdobispo.com.br\/index.php?rest_route=%2Fwp%2Fv2%2Fmedia&parent=5626"}],"wp:term":[{"taxonomy":"category","embeddable":true,"href":"https:\/\/blogdobispo.com.br\/index.php?rest_route=%2Fwp%2Fv2%2Fcategories&post=5626"},{"taxonomy":"post_tag","embeddable":true,"href":"https:\/\/blogdobispo.com.br\/index.php?rest_route=%2Fwp%2Fv2%2Ftags&post=5626"}],"curies":[{"name":"wp","href":"https:\/\/api.w.org\/{rel}","templated":true}]}}