{"id":5621,"date":"2025-06-16T15:57:03","date_gmt":"2025-06-16T15:57:03","guid":{"rendered":"https:\/\/blogdobispo.com.br\/?p=5621"},"modified":"2025-07-28T18:01:10","modified_gmt":"2025-07-28T18:01:10","slug":"ubaldo-e-pablo-mafra-reivindicam-extensao-de-rede-de-agua-para-pedra-da-fe-em-barcelona","status":"publish","type":"post","link":"https:\/\/blogdobispo.com.br\/?p=5621","title":{"rendered":"Luiz Eduardo faz apelo por melhorias na gest\u00e3o p\u00fablica e na assist\u00eancia \u00e0 sa\u00fade"},"content":{"rendered":"\n<figure class=\"wp-block-image size-large\"><img data-recalc-dims=\"1\" fetchpriority=\"high\" decoding=\"async\" width=\"800\" height=\"533\" src=\"https:\/\/i0.wp.com\/blogdobispo.com.br\/wp-content\/uploads\/2025\/06\/UCozJ9qqM54S0twrc7rTWhdQqQO2IoxZunMAv8yg.jpg?resize=800%2C533\" alt=\"\" class=\"wp-image-6168\" srcset=\"https:\/\/i0.wp.com\/blogdobispo.com.br\/wp-content\/uploads\/2025\/06\/UCozJ9qqM54S0twrc7rTWhdQqQO2IoxZunMAv8yg.jpg?resize=1024%2C682&amp;ssl=1 1024w, https:\/\/i0.wp.com\/blogdobispo.com.br\/wp-content\/uploads\/2025\/06\/UCozJ9qqM54S0twrc7rTWhdQqQO2IoxZunMAv8yg.jpg?resize=300%2C200&amp;ssl=1 300w, https:\/\/i0.wp.com\/blogdobispo.com.br\/wp-content\/uploads\/2025\/06\/UCozJ9qqM54S0twrc7rTWhdQqQO2IoxZunMAv8yg.jpg?resize=768%2C512&amp;ssl=1 768w, https:\/\/i0.wp.com\/blogdobispo.com.br\/wp-content\/uploads\/2025\/06\/UCozJ9qqM54S0twrc7rTWhdQqQO2IoxZunMAv8yg.jpg?w=1280&amp;ssl=1 1280w\" sizes=\"(max-width: 800px) 100vw, 800px\" \/><\/figure>\n\n\n\n<p><\/p>\n\n\n\n<p>Durante pronunciamento na sess\u00e3o plen\u00e1ria desta quarta-feira (11), na Assembleia Legislativa do Rio Grande do Norte (ALRN), o deputado estadual Luiz Eduardo (SDD) fez um alerta sobre os desafios enfrentados pela popula\u00e7\u00e3o potiguar, com destaque para quest\u00f5es relacionadas \u00e0 gest\u00e3o das finan\u00e7as p\u00fablicas, \u00e0 sa\u00fade e \u00e0 seguran\u00e7a.<\/p>\n\n\n\n<p>Ao iniciar sua fala, o parlamentar expressou preocupa\u00e7\u00e3o com o crescimento da d\u00edvida do Estado com precat\u00f3rios. Segundo ele, enquanto em 2018 esse montante girava em torno de R$ 460 milh\u00f5es, representando cerca de 1,16% da receita corrente l\u00edquida do Estado, em 2025 esse valor chegou a R$ 4,9 bilh\u00f5es, comprometendo mais de 9% das receitas estaduais. \u201cMais de R$ 2 bilh\u00f5es da arrecada\u00e7\u00e3o do Rio Grande do Norte s\u00e3o direcionados hoje ao pagamento de precat\u00f3rios\u201d, destacou Luiz Eduardo.<\/p>\n\n\n\n<p>O deputado tamb\u00e9m chamou aten\u00e7\u00e3o para a situa\u00e7\u00e3o da sa\u00fade p\u00fablica. De acordo com ele, unidades hospitalares sofrem com a escassez de insumos, medicamentos e materiais para procedimentos cir\u00fargicos. Ele mencionou especificamente a falta de bolsas de colostomia, insulina e medicamentos utilizados por pacientes oncol\u00f3gicos, al\u00e9m do ac\u00famulo de cirurgias eletivas em atraso. \u201cTemos mais de 600 pessoas esperando na fila por cirurgias de pequenas amputa\u00e7\u00f5es. O tempo de espera pode agravar os quadros cl\u00ednicos, gerando consequ\u00eancias irrevers\u00edveis\u201d, afirmou.<\/p>\n\n\n\n<p>Ainda em sua fala, Luiz Eduardo lamentou epis\u00f3dios recentes de viol\u00eancia registrados em locais p\u00fablicos da capital, mencionando a ocorr\u00eancia de um tiroteio em escadaria urbana frequentada por praticantes de atividades f\u00edsicas. Segundo o deputado, h\u00e1 mais de 800 apenados no Estado sem monitoramento eletr\u00f4nico por falta de pagamento \u00e0 empresa respons\u00e1vel pelas tornozeleiras.<\/p>\n\n\n\n<p>O parlamentar tamb\u00e9m abordou quest\u00f5es relacionadas \u00e0 infraestrutura rodovi\u00e1ria, criticando a \u201cprecariedade\u201d de trechos importantes para o escoamento da produ\u00e7\u00e3o e para o turismo regional. \u201cPor causa da buraqueira, vidas est\u00e3o sendo ceifadas, carretas est\u00e3o virando, e os produtos se perdendo nas estradas\u201d, lamentou.<\/p>\n","protected":false},"excerpt":{"rendered":"<p>Durante pronunciamento na sess\u00e3o plen\u00e1ria desta quarta-feira (11), na Assembleia Legislativa do Rio Grande do Norte (ALRN), o deputado estadual Luiz Eduardo (SDD) fez um alerta sobre os desafios enfrentados pela popula\u00e7\u00e3o potiguar, com destaque para quest\u00f5es relacionadas \u00e0 gest\u00e3o das finan\u00e7as p\u00fablicas, \u00e0 sa\u00fade e \u00e0 seguran\u00e7a. Ao iniciar sua fala, o parlamentar expressou [&hellip;]<\/p>\n","protected":false},"author":1,"featured_media":0,"comment_status":"open","ping_status":"open","sticky":false,"template":"","format":"standard","meta":{"cybocfi_hide_featured_image":"","_jetpack_memberships_contains_paid_content":false,"footnotes":""},"categories":[1],"tags":[],"class_list":["post-5621","post","type-post","status-publish","format-standard","hentry","category-diversos"],"yoast_head":"<!-- This site is optimized with the Yoast SEO plugin v25.6 - https:\/\/yoast.com\/wordpress\/plugins\/seo\/ -->\n<title>Luiz Eduardo faz apelo por melhorias na gest\u00e3o p\u00fablica e na assist\u00eancia \u00e0 sa\u00fade - Blog do Bispo<\/title>\n<meta name=\"robots\" content=\"index, follow, max-snippet:-1, max-image-preview:large, max-video-preview:-1\" \/>\n<link rel=\"canonical\" href=\"https:\/\/blogdobispo.com.br\/?p=5621\" \/>\n<meta property=\"og:locale\" content=\"pt_BR\" \/>\n<meta property=\"og:type\" content=\"article\" \/>\n<meta property=\"og:title\" content=\"Luiz Eduardo faz apelo por melhorias na gest\u00e3o p\u00fablica e na assist\u00eancia \u00e0 sa\u00fade - Blog do Bispo\" \/>\n<meta property=\"og:description\" content=\"Durante pronunciamento na sess\u00e3o plen\u00e1ria desta quarta-feira (11), na Assembleia Legislativa do Rio Grande do Norte (ALRN), o deputado estadual Luiz Eduardo (SDD) fez um alerta sobre os desafios enfrentados pela popula\u00e7\u00e3o potiguar, com destaque para quest\u00f5es relacionadas \u00e0 gest\u00e3o das finan\u00e7as p\u00fablicas, \u00e0 sa\u00fade e \u00e0 seguran\u00e7a. Ao iniciar sua fala, o parlamentar expressou [&hellip;]\" \/>\n<meta property=\"og:url\" content=\"https:\/\/blogdobispo.com.br\/?p=5621\" \/>\n<meta property=\"og:site_name\" content=\"Blog do Bispo\" \/>\n<meta property=\"article:published_time\" content=\"2025-06-16T15:57:03+00:00\" \/>\n<meta property=\"article:modified_time\" content=\"2025-07-28T18:01:10+00:00\" \/>\n<meta property=\"og:image\" content=\"http:\/\/blogdobispo.com.br\/wp-content\/uploads\/2025\/06\/UCozJ9qqM54S0twrc7rTWhdQqQO2IoxZunMAv8yg-1024x682.jpg\" \/>\n<meta name=\"author\" content=\"Jefferson Sterfeno\" \/>\n<meta name=\"twitter:card\" content=\"summary_large_image\" \/>\n<meta name=\"twitter:label1\" content=\"Escrito por\" \/>\n\t<meta name=\"twitter:data1\" content=\"Jefferson Sterfeno\" \/>\n\t<meta name=\"twitter:label2\" content=\"Est. tempo de leitura\" \/>\n\t<meta name=\"twitter:data2\" content=\"2 minutos\" \/>\n<script type=\"application\/ld+json\" class=\"yoast-schema-graph\">{\"@context\":\"https:\/\/schema.org\",\"@graph\":[{\"@type\":\"Article\",\"@id\":\"https:\/\/blogdobispo.com.br\/?p=5621#article\",\"isPartOf\":{\"@id\":\"https:\/\/blogdobispo.com.br\/?p=5621\"},\"author\":{\"name\":\"Jefferson Sterfeno\",\"@id\":\"https:\/\/blogdobispo.com.br\/#\/schema\/person\/e2209cc0e6cea5c5233d033e997b373f\"},\"headline\":\"Luiz Eduardo faz apelo por melhorias na gest\u00e3o p\u00fablica e na assist\u00eancia \u00e0 sa\u00fade\",\"datePublished\":\"2025-06-16T15:57:03+00:00\",\"dateModified\":\"2025-07-28T18:01:10+00:00\",\"mainEntityOfPage\":{\"@id\":\"https:\/\/blogdobispo.com.br\/?p=5621\"},\"wordCount\":351,\"commentCount\":0,\"publisher\":{\"@id\":\"https:\/\/blogdobispo.com.br\/#organization\"},\"image\":{\"@id\":\"https:\/\/blogdobispo.com.br\/?p=5621#primaryimage\"},\"thumbnailUrl\":\"http:\/\/blogdobispo.com.br\/wp-content\/uploads\/2025\/06\/UCozJ9qqM54S0twrc7rTWhdQqQO2IoxZunMAv8yg-1024x682.jpg\",\"articleSection\":[\"diversos\"],\"inLanguage\":\"pt-BR\",\"potentialAction\":[{\"@type\":\"CommentAction\",\"name\":\"Comment\",\"target\":[\"https:\/\/blogdobispo.com.br\/?p=5621#respond\"]}]},{\"@type\":\"WebPage\",\"@id\":\"https:\/\/blogdobispo.com.br\/?p=5621\",\"url\":\"https:\/\/blogdobispo.com.br\/?p=5621\",\"name\":\"Luiz Eduardo faz apelo por melhorias na gest\u00e3o p\u00fablica e na assist\u00eancia \u00e0 sa\u00fade - Blog do Bispo\",\"isPartOf\":{\"@id\":\"https:\/\/blogdobispo.com.br\/#website\"},\"primaryImageOfPage\":{\"@id\":\"https:\/\/blogdobispo.com.br\/?p=5621#primaryimage\"},\"image\":{\"@id\":\"https:\/\/blogdobispo.com.br\/?p=5621#primaryimage\"},\"thumbnailUrl\":\"http:\/\/blogdobispo.com.br\/wp-content\/uploads\/2025\/06\/UCozJ9qqM54S0twrc7rTWhdQqQO2IoxZunMAv8yg-1024x682.jpg\",\"datePublished\":\"2025-06-16T15:57:03+00:00\",\"dateModified\":\"2025-07-28T18:01:10+00:00\",\"breadcrumb\":{\"@id\":\"https:\/\/blogdobispo.com.br\/?p=5621#breadcrumb\"},\"inLanguage\":\"pt-BR\",\"potentialAction\":[{\"@type\":\"ReadAction\",\"target\":[\"https:\/\/blogdobispo.com.br\/?p=5621\"]}]},{\"@type\":\"ImageObject\",\"inLanguage\":\"pt-BR\",\"@id\":\"https:\/\/blogdobispo.com.br\/?p=5621#primaryimage\",\"url\":\"https:\/\/i0.wp.com\/blogdobispo.com.br\/wp-content\/uploads\/2025\/06\/UCozJ9qqM54S0twrc7rTWhdQqQO2IoxZunMAv8yg.jpg?fit=1280%2C853&ssl=1\",\"contentUrl\":\"https:\/\/i0.wp.com\/blogdobispo.com.br\/wp-content\/uploads\/2025\/06\/UCozJ9qqM54S0twrc7rTWhdQqQO2IoxZunMAv8yg.jpg?fit=1280%2C853&ssl=1\",\"width\":1280,\"height\":853},{\"@type\":\"BreadcrumbList\",\"@id\":\"https:\/\/blogdobispo.com.br\/?p=5621#breadcrumb\",\"itemListElement\":[{\"@type\":\"ListItem\",\"position\":1,\"name\":\"In\u00edcio\",\"item\":\"https:\/\/blogdobispo.com.br\/\"},{\"@type\":\"ListItem\",\"position\":2,\"name\":\"Luiz Eduardo faz apelo por melhorias na gest\u00e3o p\u00fablica e na assist\u00eancia \u00e0 sa\u00fade\"}]},{\"@type\":\"WebSite\",\"@id\":\"https:\/\/blogdobispo.com.br\/#website\",\"url\":\"https:\/\/blogdobispo.com.br\/\",\"name\":\"Blog do Bispo\",\"description\":\"Comprometido apenas com o leitor\",\"publisher\":{\"@id\":\"https:\/\/blogdobispo.com.br\/#organization\"},\"potentialAction\":[{\"@type\":\"SearchAction\",\"target\":{\"@type\":\"EntryPoint\",\"urlTemplate\":\"https:\/\/blogdobispo.com.br\/?s={search_term_string}\"},\"query-input\":{\"@type\":\"PropertyValueSpecification\",\"valueRequired\":true,\"valueName\":\"search_term_string\"}}],\"inLanguage\":\"pt-BR\"},{\"@type\":\"Organization\",\"@id\":\"https:\/\/blogdobispo.com.br\/#organization\",\"name\":\"Blog do Bispo\",\"url\":\"https:\/\/blogdobispo.com.br\/\",\"logo\":{\"@type\":\"ImageObject\",\"inLanguage\":\"pt-BR\",\"@id\":\"https:\/\/blogdobispo.com.br\/#\/schema\/logo\/image\/\",\"url\":\"http:\/\/blogdobispo.com.br\/wp-content\/uploads\/2023\/05\/cropped-headear.png\",\"contentUrl\":\"http:\/\/blogdobispo.com.br\/wp-content\/uploads\/2023\/05\/cropped-headear.png\",\"width\":1500,\"height\":399,\"caption\":\"Blog do Bispo\"},\"image\":{\"@id\":\"https:\/\/blogdobispo.com.br\/#\/schema\/logo\/image\/\"}},{\"@type\":\"Person\",\"@id\":\"https:\/\/blogdobispo.com.br\/#\/schema\/person\/e2209cc0e6cea5c5233d033e997b373f\",\"name\":\"Jefferson Sterfeno\",\"image\":{\"@type\":\"ImageObject\",\"inLanguage\":\"pt-BR\",\"@id\":\"https:\/\/blogdobispo.com.br\/#\/schema\/person\/image\/\",\"url\":\"https:\/\/secure.gravatar.com\/avatar\/0534e84764641168a677026b6d57a3f51dc7ac4db0b4f6186d9cb330d4ee1160?s=96&d=mm&r=g\",\"contentUrl\":\"https:\/\/secure.gravatar.com\/avatar\/0534e84764641168a677026b6d57a3f51dc7ac4db0b4f6186d9cb330d4ee1160?s=96&d=mm&r=g\",\"caption\":\"Jefferson Sterfeno\"},\"sameAs\":[\"http:\/\/blogdobispo.com.br\"],\"url\":\"https:\/\/blogdobispo.com.br\/?author=1\"}]}<\/script>\n<!-- \/ Yoast SEO plugin. -->","yoast_head_json":{"title":"Luiz Eduardo faz apelo por melhorias na gest\u00e3o p\u00fablica e na assist\u00eancia \u00e0 sa\u00fade - Blog do Bispo","robots":{"index":"index","follow":"follow","max-snippet":"max-snippet:-1","max-image-preview":"max-image-preview:large","max-video-preview":"max-video-preview:-1"},"canonical":"https:\/\/blogdobispo.com.br\/?p=5621","og_locale":"pt_BR","og_type":"article","og_title":"Luiz Eduardo faz apelo por melhorias na gest\u00e3o p\u00fablica e na assist\u00eancia \u00e0 sa\u00fade - Blog do Bispo","og_description":"Durante pronunciamento na sess\u00e3o plen\u00e1ria desta quarta-feira (11), na Assembleia Legislativa do Rio Grande do Norte (ALRN), o deputado estadual Luiz Eduardo (SDD) fez um alerta sobre os desafios enfrentados pela popula\u00e7\u00e3o potiguar, com destaque para quest\u00f5es relacionadas \u00e0 gest\u00e3o das finan\u00e7as p\u00fablicas, \u00e0 sa\u00fade e \u00e0 seguran\u00e7a. Ao iniciar sua fala, o parlamentar expressou [&hellip;]","og_url":"https:\/\/blogdobispo.com.br\/?p=5621","og_site_name":"Blog do Bispo","article_published_time":"2025-06-16T15:57:03+00:00","article_modified_time":"2025-07-28T18:01:10+00:00","og_image":[{"url":"http:\/\/blogdobispo.com.br\/wp-content\/uploads\/2025\/06\/UCozJ9qqM54S0twrc7rTWhdQqQO2IoxZunMAv8yg-1024x682.jpg","type":"","width":"","height":""}],"author":"Jefferson Sterfeno","twitter_card":"summary_large_image","twitter_misc":{"Escrito por":"Jefferson Sterfeno","Est. tempo de leitura":"2 minutos"},"schema":{"@context":"https:\/\/schema.org","@graph":[{"@type":"Article","@id":"https:\/\/blogdobispo.com.br\/?p=5621#article","isPartOf":{"@id":"https:\/\/blogdobispo.com.br\/?p=5621"},"author":{"name":"Jefferson Sterfeno","@id":"https:\/\/blogdobispo.com.br\/#\/schema\/person\/e2209cc0e6cea5c5233d033e997b373f"},"headline":"Luiz Eduardo faz apelo por melhorias na gest\u00e3o p\u00fablica e na assist\u00eancia \u00e0 sa\u00fade","datePublished":"2025-06-16T15:57:03+00:00","dateModified":"2025-07-28T18:01:10+00:00","mainEntityOfPage":{"@id":"https:\/\/blogdobispo.com.br\/?p=5621"},"wordCount":351,"commentCount":0,"publisher":{"@id":"https:\/\/blogdobispo.com.br\/#organization"},"image":{"@id":"https:\/\/blogdobispo.com.br\/?p=5621#primaryimage"},"thumbnailUrl":"http:\/\/blogdobispo.com.br\/wp-content\/uploads\/2025\/06\/UCozJ9qqM54S0twrc7rTWhdQqQO2IoxZunMAv8yg-1024x682.jpg","articleSection":["diversos"],"inLanguage":"pt-BR","potentialAction":[{"@type":"CommentAction","name":"Comment","target":["https:\/\/blogdobispo.com.br\/?p=5621#respond"]}]},{"@type":"WebPage","@id":"https:\/\/blogdobispo.com.br\/?p=5621","url":"https:\/\/blogdobispo.com.br\/?p=5621","name":"Luiz Eduardo faz apelo por melhorias na gest\u00e3o p\u00fablica e na assist\u00eancia \u00e0 sa\u00fade - Blog do Bispo","isPartOf":{"@id":"https:\/\/blogdobispo.com.br\/#website"},"primaryImageOfPage":{"@id":"https:\/\/blogdobispo.com.br\/?p=5621#primaryimage"},"image":{"@id":"https:\/\/blogdobispo.com.br\/?p=5621#primaryimage"},"thumbnailUrl":"http:\/\/blogdobispo.com.br\/wp-content\/uploads\/2025\/06\/UCozJ9qqM54S0twrc7rTWhdQqQO2IoxZunMAv8yg-1024x682.jpg","datePublished":"2025-06-16T15:57:03+00:00","dateModified":"2025-07-28T18:01:10+00:00","breadcrumb":{"@id":"https:\/\/blogdobispo.com.br\/?p=5621#breadcrumb"},"inLanguage":"pt-BR","potentialAction":[{"@type":"ReadAction","target":["https:\/\/blogdobispo.com.br\/?p=5621"]}]},{"@type":"ImageObject","inLanguage":"pt-BR","@id":"https:\/\/blogdobispo.com.br\/?p=5621#primaryimage","url":"https:\/\/i0.wp.com\/blogdobispo.com.br\/wp-content\/uploads\/2025\/06\/UCozJ9qqM54S0twrc7rTWhdQqQO2IoxZunMAv8yg.jpg?fit=1280%2C853&ssl=1","contentUrl":"https:\/\/i0.wp.com\/blogdobispo.com.br\/wp-content\/uploads\/2025\/06\/UCozJ9qqM54S0twrc7rTWhdQqQO2IoxZunMAv8yg.jpg?fit=1280%2C853&ssl=1","width":1280,"height":853},{"@type":"BreadcrumbList","@id":"https:\/\/blogdobispo.com.br\/?p=5621#breadcrumb","itemListElement":[{"@type":"ListItem","position":1,"name":"In\u00edcio","item":"https:\/\/blogdobispo.com.br\/"},{"@type":"ListItem","position":2,"name":"Luiz Eduardo faz apelo por melhorias na gest\u00e3o p\u00fablica e na assist\u00eancia \u00e0 sa\u00fade"}]},{"@type":"WebSite","@id":"https:\/\/blogdobispo.com.br\/#website","url":"https:\/\/blogdobispo.com.br\/","name":"Blog do Bispo","description":"Comprometido apenas com o leitor","publisher":{"@id":"https:\/\/blogdobispo.com.br\/#organization"},"potentialAction":[{"@type":"SearchAction","target":{"@type":"EntryPoint","urlTemplate":"https:\/\/blogdobispo.com.br\/?s={search_term_string}"},"query-input":{"@type":"PropertyValueSpecification","valueRequired":true,"valueName":"search_term_string"}}],"inLanguage":"pt-BR"},{"@type":"Organization","@id":"https:\/\/blogdobispo.com.br\/#organization","name":"Blog do Bispo","url":"https:\/\/blogdobispo.com.br\/","logo":{"@type":"ImageObject","inLanguage":"pt-BR","@id":"https:\/\/blogdobispo.com.br\/#\/schema\/logo\/image\/","url":"http:\/\/blogdobispo.com.br\/wp-content\/uploads\/2023\/05\/cropped-headear.png","contentUrl":"http:\/\/blogdobispo.com.br\/wp-content\/uploads\/2023\/05\/cropped-headear.png","width":1500,"height":399,"caption":"Blog do Bispo"},"image":{"@id":"https:\/\/blogdobispo.com.br\/#\/schema\/logo\/image\/"}},{"@type":"Person","@id":"https:\/\/blogdobispo.com.br\/#\/schema\/person\/e2209cc0e6cea5c5233d033e997b373f","name":"Jefferson Sterfeno","image":{"@type":"ImageObject","inLanguage":"pt-BR","@id":"https:\/\/blogdobispo.com.br\/#\/schema\/person\/image\/","url":"https:\/\/secure.gravatar.com\/avatar\/0534e84764641168a677026b6d57a3f51dc7ac4db0b4f6186d9cb330d4ee1160?s=96&d=mm&r=g","contentUrl":"https:\/\/secure.gravatar.com\/avatar\/0534e84764641168a677026b6d57a3f51dc7ac4db0b4f6186d9cb330d4ee1160?s=96&d=mm&r=g","caption":"Jefferson Sterfeno"},"sameAs":["http:\/\/blogdobispo.com.br"],"url":"https:\/\/blogdobispo.com.br\/?author=1"}]}},"featured_image_urls":{"full":"","thumbnail":"","medium":"","medium_large":"","large":"","1536x1536":"","2048x2048":""},"author_info":{"display_name":"Jefferson Sterfeno","author_link":"https:\/\/blogdobispo.com.br\/?author=1"},"category_info":"<a href=\"https:\/\/blogdobispo.com.br\/?cat=1\" rel=\"category\">diversos<\/a>","tag_info":"diversos","comment_count":"0","jetpack_featured_media_url":"","jetpack_sharing_enabled":true,"_links":{"self":[{"href":"https:\/\/blogdobispo.com.br\/index.php?rest_route=\/wp\/v2\/posts\/5621","targetHints":{"allow":["GET"]}}],"collection":[{"href":"https:\/\/blogdobispo.com.br\/index.php?rest_route=\/wp\/v2\/posts"}],"about":[{"href":"https:\/\/blogdobispo.com.br\/index.php?rest_route=\/wp\/v2\/types\/post"}],"author":[{"embeddable":true,"href":"https:\/\/blogdobispo.com.br\/index.php?rest_route=\/wp\/v2\/users\/1"}],"replies":[{"embeddable":true,"href":"https:\/\/blogdobispo.com.br\/index.php?rest_route=%2Fwp%2Fv2%2Fcomments&post=5621"}],"version-history":[{"count":1,"href":"https:\/\/blogdobispo.com.br\/index.php?rest_route=\/wp\/v2\/posts\/5621\/revisions"}],"predecessor-version":[{"id":6169,"href":"https:\/\/blogdobispo.com.br\/index.php?rest_route=\/wp\/v2\/posts\/5621\/revisions\/6169"}],"wp:attachment":[{"href":"https:\/\/blogdobispo.com.br\/index.php?rest_route=%2Fwp%2Fv2%2Fmedia&parent=5621"}],"wp:term":[{"taxonomy":"category","embeddable":true,"href":"https:\/\/blogdobispo.com.br\/index.php?rest_route=%2Fwp%2Fv2%2Fcategories&post=5621"},{"taxonomy":"post_tag","embeddable":true,"href":"https:\/\/blogdobispo.com.br\/index.php?rest_route=%2Fwp%2Fv2%2Ftags&post=5621"}],"curies":[{"name":"wp","href":"https:\/\/api.w.org\/{rel}","templated":true}]}}