{"id":5617,"date":"2025-06-15T22:41:23","date_gmt":"2025-06-15T22:41:23","guid":{"rendered":"https:\/\/blogdobispo.com.br\/?p=5617"},"modified":"2025-07-28T18:07:18","modified_gmt":"2025-07-28T18:07:18","slug":"a-agressao-a-reporter-andreyna-patricio-e-a-hipocrisia-ensurdecedora-de-certos-defensores-das-mulheres","status":"publish","type":"post","link":"https:\/\/blogdobispo.com.br\/?p=5617","title":{"rendered":"Projetos voltados ao bem-estar social e \u00e0 cidadania s\u00e3o aprovados na CCJ da ALRN"},"content":{"rendered":"\n<figure class=\"wp-block-image size-large\"><img data-recalc-dims=\"1\" fetchpriority=\"high\" decoding=\"async\" width=\"800\" height=\"533\" src=\"https:\/\/i0.wp.com\/blogdobispo.com.br\/wp-content\/uploads\/2025\/06\/4cXbvihKUR1wSeOukY8wdRWBbqKbaVljNK74Wq2I-1.jpg?resize=800%2C533\" alt=\"\" class=\"wp-image-6176\" srcset=\"https:\/\/i0.wp.com\/blogdobispo.com.br\/wp-content\/uploads\/2025\/06\/4cXbvihKUR1wSeOukY8wdRWBbqKbaVljNK74Wq2I-1.jpg?resize=1024%2C682&amp;ssl=1 1024w, https:\/\/i0.wp.com\/blogdobispo.com.br\/wp-content\/uploads\/2025\/06\/4cXbvihKUR1wSeOukY8wdRWBbqKbaVljNK74Wq2I-1.jpg?resize=300%2C200&amp;ssl=1 300w, https:\/\/i0.wp.com\/blogdobispo.com.br\/wp-content\/uploads\/2025\/06\/4cXbvihKUR1wSeOukY8wdRWBbqKbaVljNK74Wq2I-1.jpg?resize=768%2C512&amp;ssl=1 768w, https:\/\/i0.wp.com\/blogdobispo.com.br\/wp-content\/uploads\/2025\/06\/4cXbvihKUR1wSeOukY8wdRWBbqKbaVljNK74Wq2I-1.jpg?w=1280&amp;ssl=1 1280w\" sizes=\"(max-width: 800px) 100vw, 800px\" \/><\/figure>\n\n\n\n<p class=\"p1\">&nbsp;Comiss\u00e3o de Constitui\u00e7\u00e3o, Justi\u00e7a e Reda\u00e7\u00e3o (CCJ) da Assembleia Legislativa do Rio Grande do Norte aprovou, na reuni\u00e3o desta ter\u00e7a-feira (17), 23 projetos de lei e um projeto de resolu\u00e7\u00e3o. Uma mat\u00e9ria foi retirada de pauta para a inclus\u00e3o de emenda que contemple o combate \u00e0 viol\u00eancia contra as mulheres. A aprecia\u00e7\u00e3o contemplou mat\u00e9rias que tratam de sa\u00fade, educa\u00e7\u00e3o, cultura, meio ambiente, direitos sociais e patrim\u00f4nio imaterial do estado.<\/p>\n\n\n\n<p>Sob a relatoria da deputada Isolda Dantas (PT), foram aprovadas quatro proposi\u00e7\u00f5es. Entre elas, o projeto que institui o Programa Farm\u00e1cia Viva na rede estadual de sa\u00fade, de autoria da deputada Divaneide Bas\u00edlio (PT), e a cria\u00e7\u00e3o do Selo Empresa Amiga do Cuidado, que reconhece empresas que abonem faltas de empregados para acompanhamento de filhos ou dependentes em atendimentos de sa\u00fade ou escolares. Tamb\u00e9m recebeu parecer favor\u00e1vel o projeto que reconhece como patrim\u00f4nio cultural, hist\u00f3rico e religioso do estado a Paix\u00e3o de Cristo de Carna\u00faba dos Dantas, de iniciativa do deputado Francisco do PT. Por fim, foi aprovado o projeto que pro\u00edbe o uso de viol\u00eancia f\u00edsica e psicol\u00f3gica no adestramento de animais dom\u00e9sticos, de autoria do deputado Taveira J\u00fanior (Uni\u00e3o).<\/p>\n\n\n\n<p>O deputado Neilton Di\u00f3genes (PP) relatou seis mat\u00e9rias aprovadas na reuni\u00e3o. Entre elas, o projeto de autoria do deputado Adjuto Dias (MDB), que institui o Programa Estadual de Educa\u00e7\u00e3o Socioemocional nas Escolas da Rede P\u00fablica de Ensino, e a cria\u00e7\u00e3o do Selo Amarelo da Luta Contra a Endometriose, apresentado pela deputada Cristiane Dantas (SDD). Tamb\u00e9m foram aprovadas duas iniciativas do deputado Kleber Rodrigues (PSDB): a que institui o Estatuto da Pessoa com S\u00edndrome de Down no estado e a que denomina Silvan Pessoa e Silva a Central do Cidad\u00e3o de Maca\u00edba. Al\u00e9m disso, receberam parecer favor\u00e1vel os projetos que reconhecem como utilidade p\u00fablica estadual a Associa\u00e7\u00e3o Cidade Nova Inova, de autoria da deputada Terezinha Maia (PL), e a Associa\u00e7\u00e3o Parazinhense de Desenvolvimento e Promo\u00e7\u00e3o Social (APADEPS), de iniciativa do deputado Ubaldo Fernandes (PSDB).<\/p>\n\n\n\n<p>J\u00e1 o deputado Dr. Kerginaldo (PL) relatou cinco projetos. Foram aprovadas as diretrizes para preven\u00e7\u00e3o e combate ao bullying e cyberbullying em institui\u00e7\u00f5es de ensino, clubes e agremia\u00e7\u00f5es, projeto de Kleber Rodrigues (PSDB); e a proibi\u00e7\u00e3o da reten\u00e7\u00e3o de macas das ambul\u00e2ncias do SAMU e de outras unidades m\u00f3veis, proposta por Ubaldo Fernandes (PSDB). Tamb\u00e9m foi aprovado mais um projeto de Adjuto Dias (MDB), que institui o Programa de Capacita\u00e7\u00e3o Permanente em Sa\u00fade Mental para Agentes Comunit\u00e1rios de Sa\u00fade, al\u00e9m do reconhecimento do Centro de Educa\u00e7\u00e3o Integrada Monsenhor Hon\u00f3rio, de Macau, como patrim\u00f3nio cultural imaterial do RN, de autoria do deputado Nelter Queiroz (PSDB).<\/p>\n\n\n\n<p>Na relatoria do deputado Kleber Rodrigues (PSDB), foram aprovados cinco projetos. Um deles \u00e9 o que cria o Banco de Leite Humano Virtual no Estado, proposto pelo deputado Dr. Kerginaldo (PL). Tamb\u00e9m foram reconhecidas como utilidade p\u00fablica estadual a Associa\u00e7\u00e3o dos Empreendedores de Leite (EMPRELEITE), de Hermano Morais (PV), e a Associa\u00e7\u00e3o da Crian\u00e7a Autista de Bara\u00fana (ACAB), iniciativa de Ivanilson Oliveira (Uni\u00e3o). O projeto que reconhece a chamada Rota dos Ventos &#8211; que inclui os munic\u00edpios de S\u00e3o Miguel do Gostoso, Touros e Galinhos &#8211; como patrim\u00f4nio tur\u00edstico, esportivo, ambiental, cultural e paisag\u00edstico do estado, de autoria do deputado Luiz Eduardo (SDD), tamb\u00e9m foi aprovado, assim como a inclus\u00e3o no calend\u00e1rio oficial do RN da Festa do Dia do Evang\u00e9lico, realizada em Campo Redondo, projeto de Nelter Queiroz (PSDB).<\/p>\n\n\n\n<p>Ainda durante a reuni\u00e3o, foi aprovado um projeto de resolu\u00e7\u00e3o de inciativa da Mesa Diretora da Casa, que altera a Resolu\u00e7\u00e3o n\u00ba 43, de 20 de julho de 2023, e disp\u00f5e sobre o plano editorial da Assembleia Legislativa do Rio Grande do Norte.<\/p>\n\n\n\n<p>Sob relatoria do deputado Nelter Queiroz (PSDB), dois projetos foram aprovados: a cria\u00e7\u00e3o do Selo Amigo dos Entregadores, destinado a estabelecimentos que ofere\u00e7am apoio a trabalhadores de entrega por aplicativos, de autoria do deputado Taveira J\u00fanior (Uni\u00e3o); e o reconhecimento da Serra do Torre\u00e3o como patrim\u00f4nio natural, paisag\u00edstico, ambiental, hist\u00f3rico e tur\u00edstico do estado, iniciativa do deputado Luiz Eduardo (SDD).<\/p>\n\n\n\n<p class=\"p1\">Por fim, o deputado Ubaldo Fernandes (PSDB) relatou o projeto de autoria da deputada Eudiane Macedo (PV), que institui a Pol\u00edtica Estadual de Cuidado Menstrual e Reprodutivo da Mulher com Defici\u00eancia. J\u00e1 a proposta que pro\u00edbe a contrata\u00e7\u00e3o de shows e eventos com apologia ao crime, uso de drogas e incentivo \u00e0 sexualiza\u00e7\u00e3o para o p\u00fablico infantojuvenil, de autoria do deputado Coronel Azevedo (PL), foi retirada de pauta para receber uma emenda que contemple medidas de combate \u00e0 viol\u00eancia contra as mulheres. A pr\u00f3x<\/p>\n","protected":false},"excerpt":{"rendered":"<p>&nbsp;Comiss\u00e3o de Constitui\u00e7\u00e3o, Justi\u00e7a e Reda\u00e7\u00e3o (CCJ) da Assembleia Legislativa do Rio Grande do Norte aprovou, na reuni\u00e3o desta ter\u00e7a-feira (17), 23 projetos de lei e um projeto de resolu\u00e7\u00e3o. Uma mat\u00e9ria foi retirada de pauta para a inclus\u00e3o de emenda que contemple o combate \u00e0 viol\u00eancia contra as mulheres. A aprecia\u00e7\u00e3o contemplou mat\u00e9rias que [&hellip;]<\/p>\n","protected":false},"author":1,"featured_media":0,"comment_status":"open","ping_status":"open","sticky":false,"template":"","format":"standard","meta":{"cybocfi_hide_featured_image":"","_jetpack_memberships_contains_paid_content":false,"footnotes":""},"categories":[1],"tags":[],"class_list":["post-5617","post","type-post","status-publish","format-standard","hentry","category-diversos"],"yoast_head":"<!-- This site is optimized with the Yoast SEO plugin v25.6 - https:\/\/yoast.com\/wordpress\/plugins\/seo\/ -->\n<title>Projetos voltados ao bem-estar social e \u00e0 cidadania s\u00e3o aprovados na CCJ da ALRN - Blog do Bispo<\/title>\n<meta name=\"robots\" content=\"index, follow, max-snippet:-1, max-image-preview:large, max-video-preview:-1\" \/>\n<link rel=\"canonical\" href=\"https:\/\/blogdobispo.com.br\/?p=5617\" \/>\n<meta property=\"og:locale\" content=\"pt_BR\" \/>\n<meta property=\"og:type\" content=\"article\" \/>\n<meta property=\"og:title\" content=\"Projetos voltados ao bem-estar social e \u00e0 cidadania s\u00e3o aprovados na CCJ da ALRN - Blog do Bispo\" \/>\n<meta property=\"og:description\" content=\"&nbsp;Comiss\u00e3o de Constitui\u00e7\u00e3o, Justi\u00e7a e Reda\u00e7\u00e3o (CCJ) da Assembleia Legislativa do Rio Grande do Norte aprovou, na reuni\u00e3o desta ter\u00e7a-feira (17), 23 projetos de lei e um projeto de resolu\u00e7\u00e3o. Uma mat\u00e9ria foi retirada de pauta para a inclus\u00e3o de emenda que contemple o combate \u00e0 viol\u00eancia contra as mulheres. A aprecia\u00e7\u00e3o contemplou mat\u00e9rias que [&hellip;]\" \/>\n<meta property=\"og:url\" content=\"https:\/\/blogdobispo.com.br\/?p=5617\" \/>\n<meta property=\"og:site_name\" content=\"Blog do Bispo\" \/>\n<meta property=\"article:published_time\" content=\"2025-06-15T22:41:23+00:00\" \/>\n<meta property=\"article:modified_time\" content=\"2025-07-28T18:07:18+00:00\" \/>\n<meta property=\"og:image\" content=\"http:\/\/blogdobispo.com.br\/wp-content\/uploads\/2025\/06\/4cXbvihKUR1wSeOukY8wdRWBbqKbaVljNK74Wq2I-1-1024x682.jpg\" \/>\n<meta name=\"author\" content=\"Jefferson Sterfeno\" \/>\n<meta name=\"twitter:card\" content=\"summary_large_image\" \/>\n<meta name=\"twitter:label1\" content=\"Escrito por\" \/>\n\t<meta name=\"twitter:data1\" content=\"Jefferson Sterfeno\" \/>\n\t<meta name=\"twitter:label2\" content=\"Est. tempo de leitura\" \/>\n\t<meta name=\"twitter:data2\" content=\"1 minuto\" \/>\n<script type=\"application\/ld+json\" class=\"yoast-schema-graph\">{\"@context\":\"https:\/\/schema.org\",\"@graph\":[{\"@type\":\"Article\",\"@id\":\"https:\/\/blogdobispo.com.br\/?p=5617#article\",\"isPartOf\":{\"@id\":\"https:\/\/blogdobispo.com.br\/?p=5617\"},\"author\":{\"name\":\"Jefferson Sterfeno\",\"@id\":\"https:\/\/blogdobispo.com.br\/#\/schema\/person\/e2209cc0e6cea5c5233d033e997b373f\"},\"headline\":\"Projetos voltados ao bem-estar social e \u00e0 cidadania s\u00e3o aprovados na CCJ da ALRN\",\"datePublished\":\"2025-06-15T22:41:23+00:00\",\"dateModified\":\"2025-07-28T18:07:18+00:00\",\"mainEntityOfPage\":{\"@id\":\"https:\/\/blogdobispo.com.br\/?p=5617\"},\"wordCount\":853,\"commentCount\":0,\"publisher\":{\"@id\":\"https:\/\/blogdobispo.com.br\/#organization\"},\"image\":{\"@id\":\"https:\/\/blogdobispo.com.br\/?p=5617#primaryimage\"},\"thumbnailUrl\":\"http:\/\/blogdobispo.com.br\/wp-content\/uploads\/2025\/06\/4cXbvihKUR1wSeOukY8wdRWBbqKbaVljNK74Wq2I-1-1024x682.jpg\",\"articleSection\":[\"diversos\"],\"inLanguage\":\"pt-BR\",\"potentialAction\":[{\"@type\":\"CommentAction\",\"name\":\"Comment\",\"target\":[\"https:\/\/blogdobispo.com.br\/?p=5617#respond\"]}]},{\"@type\":\"WebPage\",\"@id\":\"https:\/\/blogdobispo.com.br\/?p=5617\",\"url\":\"https:\/\/blogdobispo.com.br\/?p=5617\",\"name\":\"Projetos voltados ao bem-estar social e \u00e0 cidadania s\u00e3o aprovados na CCJ da ALRN - Blog do Bispo\",\"isPartOf\":{\"@id\":\"https:\/\/blogdobispo.com.br\/#website\"},\"primaryImageOfPage\":{\"@id\":\"https:\/\/blogdobispo.com.br\/?p=5617#primaryimage\"},\"image\":{\"@id\":\"https:\/\/blogdobispo.com.br\/?p=5617#primaryimage\"},\"thumbnailUrl\":\"http:\/\/blogdobispo.com.br\/wp-content\/uploads\/2025\/06\/4cXbvihKUR1wSeOukY8wdRWBbqKbaVljNK74Wq2I-1-1024x682.jpg\",\"datePublished\":\"2025-06-15T22:41:23+00:00\",\"dateModified\":\"2025-07-28T18:07:18+00:00\",\"breadcrumb\":{\"@id\":\"https:\/\/blogdobispo.com.br\/?p=5617#breadcrumb\"},\"inLanguage\":\"pt-BR\",\"potentialAction\":[{\"@type\":\"ReadAction\",\"target\":[\"https:\/\/blogdobispo.com.br\/?p=5617\"]}]},{\"@type\":\"ImageObject\",\"inLanguage\":\"pt-BR\",\"@id\":\"https:\/\/blogdobispo.com.br\/?p=5617#primaryimage\",\"url\":\"https:\/\/i0.wp.com\/blogdobispo.com.br\/wp-content\/uploads\/2025\/06\/4cXbvihKUR1wSeOukY8wdRWBbqKbaVljNK74Wq2I-1.jpg?fit=1280%2C853&ssl=1\",\"contentUrl\":\"https:\/\/i0.wp.com\/blogdobispo.com.br\/wp-content\/uploads\/2025\/06\/4cXbvihKUR1wSeOukY8wdRWBbqKbaVljNK74Wq2I-1.jpg?fit=1280%2C853&ssl=1\",\"width\":1280,\"height\":853},{\"@type\":\"BreadcrumbList\",\"@id\":\"https:\/\/blogdobispo.com.br\/?p=5617#breadcrumb\",\"itemListElement\":[{\"@type\":\"ListItem\",\"position\":1,\"name\":\"In\u00edcio\",\"item\":\"https:\/\/blogdobispo.com.br\/\"},{\"@type\":\"ListItem\",\"position\":2,\"name\":\"Projetos voltados ao bem-estar social e \u00e0 cidadania s\u00e3o aprovados na CCJ da ALRN\"}]},{\"@type\":\"WebSite\",\"@id\":\"https:\/\/blogdobispo.com.br\/#website\",\"url\":\"https:\/\/blogdobispo.com.br\/\",\"name\":\"Blog do Bispo\",\"description\":\"Comprometido apenas com o leitor\",\"publisher\":{\"@id\":\"https:\/\/blogdobispo.com.br\/#organization\"},\"potentialAction\":[{\"@type\":\"SearchAction\",\"target\":{\"@type\":\"EntryPoint\",\"urlTemplate\":\"https:\/\/blogdobispo.com.br\/?s={search_term_string}\"},\"query-input\":{\"@type\":\"PropertyValueSpecification\",\"valueRequired\":true,\"valueName\":\"search_term_string\"}}],\"inLanguage\":\"pt-BR\"},{\"@type\":\"Organization\",\"@id\":\"https:\/\/blogdobispo.com.br\/#organization\",\"name\":\"Blog do Bispo\",\"url\":\"https:\/\/blogdobispo.com.br\/\",\"logo\":{\"@type\":\"ImageObject\",\"inLanguage\":\"pt-BR\",\"@id\":\"https:\/\/blogdobispo.com.br\/#\/schema\/logo\/image\/\",\"url\":\"http:\/\/blogdobispo.com.br\/wp-content\/uploads\/2023\/05\/cropped-headear.png\",\"contentUrl\":\"http:\/\/blogdobispo.com.br\/wp-content\/uploads\/2023\/05\/cropped-headear.png\",\"width\":1500,\"height\":399,\"caption\":\"Blog do Bispo\"},\"image\":{\"@id\":\"https:\/\/blogdobispo.com.br\/#\/schema\/logo\/image\/\"}},{\"@type\":\"Person\",\"@id\":\"https:\/\/blogdobispo.com.br\/#\/schema\/person\/e2209cc0e6cea5c5233d033e997b373f\",\"name\":\"Jefferson Sterfeno\",\"image\":{\"@type\":\"ImageObject\",\"inLanguage\":\"pt-BR\",\"@id\":\"https:\/\/blogdobispo.com.br\/#\/schema\/person\/image\/\",\"url\":\"https:\/\/secure.gravatar.com\/avatar\/0534e84764641168a677026b6d57a3f51dc7ac4db0b4f6186d9cb330d4ee1160?s=96&d=mm&r=g\",\"contentUrl\":\"https:\/\/secure.gravatar.com\/avatar\/0534e84764641168a677026b6d57a3f51dc7ac4db0b4f6186d9cb330d4ee1160?s=96&d=mm&r=g\",\"caption\":\"Jefferson Sterfeno\"},\"sameAs\":[\"http:\/\/blogdobispo.com.br\"],\"url\":\"https:\/\/blogdobispo.com.br\/?author=1\"}]}<\/script>\n<!-- \/ Yoast SEO plugin. -->","yoast_head_json":{"title":"Projetos voltados ao bem-estar social e \u00e0 cidadania s\u00e3o aprovados na CCJ da ALRN - Blog do Bispo","robots":{"index":"index","follow":"follow","max-snippet":"max-snippet:-1","max-image-preview":"max-image-preview:large","max-video-preview":"max-video-preview:-1"},"canonical":"https:\/\/blogdobispo.com.br\/?p=5617","og_locale":"pt_BR","og_type":"article","og_title":"Projetos voltados ao bem-estar social e \u00e0 cidadania s\u00e3o aprovados na CCJ da ALRN - Blog do Bispo","og_description":"&nbsp;Comiss\u00e3o de Constitui\u00e7\u00e3o, Justi\u00e7a e Reda\u00e7\u00e3o (CCJ) da Assembleia Legislativa do Rio Grande do Norte aprovou, na reuni\u00e3o desta ter\u00e7a-feira (17), 23 projetos de lei e um projeto de resolu\u00e7\u00e3o. Uma mat\u00e9ria foi retirada de pauta para a inclus\u00e3o de emenda que contemple o combate \u00e0 viol\u00eancia contra as mulheres. A aprecia\u00e7\u00e3o contemplou mat\u00e9rias que [&hellip;]","og_url":"https:\/\/blogdobispo.com.br\/?p=5617","og_site_name":"Blog do Bispo","article_published_time":"2025-06-15T22:41:23+00:00","article_modified_time":"2025-07-28T18:07:18+00:00","og_image":[{"url":"http:\/\/blogdobispo.com.br\/wp-content\/uploads\/2025\/06\/4cXbvihKUR1wSeOukY8wdRWBbqKbaVljNK74Wq2I-1-1024x682.jpg","type":"","width":"","height":""}],"author":"Jefferson Sterfeno","twitter_card":"summary_large_image","twitter_misc":{"Escrito por":"Jefferson Sterfeno","Est. tempo de leitura":"1 minuto"},"schema":{"@context":"https:\/\/schema.org","@graph":[{"@type":"Article","@id":"https:\/\/blogdobispo.com.br\/?p=5617#article","isPartOf":{"@id":"https:\/\/blogdobispo.com.br\/?p=5617"},"author":{"name":"Jefferson Sterfeno","@id":"https:\/\/blogdobispo.com.br\/#\/schema\/person\/e2209cc0e6cea5c5233d033e997b373f"},"headline":"Projetos voltados ao bem-estar social e \u00e0 cidadania s\u00e3o aprovados na CCJ da ALRN","datePublished":"2025-06-15T22:41:23+00:00","dateModified":"2025-07-28T18:07:18+00:00","mainEntityOfPage":{"@id":"https:\/\/blogdobispo.com.br\/?p=5617"},"wordCount":853,"commentCount":0,"publisher":{"@id":"https:\/\/blogdobispo.com.br\/#organization"},"image":{"@id":"https:\/\/blogdobispo.com.br\/?p=5617#primaryimage"},"thumbnailUrl":"http:\/\/blogdobispo.com.br\/wp-content\/uploads\/2025\/06\/4cXbvihKUR1wSeOukY8wdRWBbqKbaVljNK74Wq2I-1-1024x682.jpg","articleSection":["diversos"],"inLanguage":"pt-BR","potentialAction":[{"@type":"CommentAction","name":"Comment","target":["https:\/\/blogdobispo.com.br\/?p=5617#respond"]}]},{"@type":"WebPage","@id":"https:\/\/blogdobispo.com.br\/?p=5617","url":"https:\/\/blogdobispo.com.br\/?p=5617","name":"Projetos voltados ao bem-estar social e \u00e0 cidadania s\u00e3o aprovados na CCJ da ALRN - Blog do Bispo","isPartOf":{"@id":"https:\/\/blogdobispo.com.br\/#website"},"primaryImageOfPage":{"@id":"https:\/\/blogdobispo.com.br\/?p=5617#primaryimage"},"image":{"@id":"https:\/\/blogdobispo.com.br\/?p=5617#primaryimage"},"thumbnailUrl":"http:\/\/blogdobispo.com.br\/wp-content\/uploads\/2025\/06\/4cXbvihKUR1wSeOukY8wdRWBbqKbaVljNK74Wq2I-1-1024x682.jpg","datePublished":"2025-06-15T22:41:23+00:00","dateModified":"2025-07-28T18:07:18+00:00","breadcrumb":{"@id":"https:\/\/blogdobispo.com.br\/?p=5617#breadcrumb"},"inLanguage":"pt-BR","potentialAction":[{"@type":"ReadAction","target":["https:\/\/blogdobispo.com.br\/?p=5617"]}]},{"@type":"ImageObject","inLanguage":"pt-BR","@id":"https:\/\/blogdobispo.com.br\/?p=5617#primaryimage","url":"https:\/\/i0.wp.com\/blogdobispo.com.br\/wp-content\/uploads\/2025\/06\/4cXbvihKUR1wSeOukY8wdRWBbqKbaVljNK74Wq2I-1.jpg?fit=1280%2C853&ssl=1","contentUrl":"https:\/\/i0.wp.com\/blogdobispo.com.br\/wp-content\/uploads\/2025\/06\/4cXbvihKUR1wSeOukY8wdRWBbqKbaVljNK74Wq2I-1.jpg?fit=1280%2C853&ssl=1","width":1280,"height":853},{"@type":"BreadcrumbList","@id":"https:\/\/blogdobispo.com.br\/?p=5617#breadcrumb","itemListElement":[{"@type":"ListItem","position":1,"name":"In\u00edcio","item":"https:\/\/blogdobispo.com.br\/"},{"@type":"ListItem","position":2,"name":"Projetos voltados ao bem-estar social e \u00e0 cidadania s\u00e3o aprovados na CCJ da ALRN"}]},{"@type":"WebSite","@id":"https:\/\/blogdobispo.com.br\/#website","url":"https:\/\/blogdobispo.com.br\/","name":"Blog do Bispo","description":"Comprometido apenas com o leitor","publisher":{"@id":"https:\/\/blogdobispo.com.br\/#organization"},"potentialAction":[{"@type":"SearchAction","target":{"@type":"EntryPoint","urlTemplate":"https:\/\/blogdobispo.com.br\/?s={search_term_string}"},"query-input":{"@type":"PropertyValueSpecification","valueRequired":true,"valueName":"search_term_string"}}],"inLanguage":"pt-BR"},{"@type":"Organization","@id":"https:\/\/blogdobispo.com.br\/#organization","name":"Blog do Bispo","url":"https:\/\/blogdobispo.com.br\/","logo":{"@type":"ImageObject","inLanguage":"pt-BR","@id":"https:\/\/blogdobispo.com.br\/#\/schema\/logo\/image\/","url":"http:\/\/blogdobispo.com.br\/wp-content\/uploads\/2023\/05\/cropped-headear.png","contentUrl":"http:\/\/blogdobispo.com.br\/wp-content\/uploads\/2023\/05\/cropped-headear.png","width":1500,"height":399,"caption":"Blog do Bispo"},"image":{"@id":"https:\/\/blogdobispo.com.br\/#\/schema\/logo\/image\/"}},{"@type":"Person","@id":"https:\/\/blogdobispo.com.br\/#\/schema\/person\/e2209cc0e6cea5c5233d033e997b373f","name":"Jefferson Sterfeno","image":{"@type":"ImageObject","inLanguage":"pt-BR","@id":"https:\/\/blogdobispo.com.br\/#\/schema\/person\/image\/","url":"https:\/\/secure.gravatar.com\/avatar\/0534e84764641168a677026b6d57a3f51dc7ac4db0b4f6186d9cb330d4ee1160?s=96&d=mm&r=g","contentUrl":"https:\/\/secure.gravatar.com\/avatar\/0534e84764641168a677026b6d57a3f51dc7ac4db0b4f6186d9cb330d4ee1160?s=96&d=mm&r=g","caption":"Jefferson Sterfeno"},"sameAs":["http:\/\/blogdobispo.com.br"],"url":"https:\/\/blogdobispo.com.br\/?author=1"}]}},"featured_image_urls":{"full":"","thumbnail":"","medium":"","medium_large":"","large":"","1536x1536":"","2048x2048":""},"author_info":{"display_name":"Jefferson Sterfeno","author_link":"https:\/\/blogdobispo.com.br\/?author=1"},"category_info":"<a href=\"https:\/\/blogdobispo.com.br\/?cat=1\" rel=\"category\">diversos<\/a>","tag_info":"diversos","comment_count":"0","jetpack_featured_media_url":"","jetpack_sharing_enabled":true,"_links":{"self":[{"href":"https:\/\/blogdobispo.com.br\/index.php?rest_route=\/wp\/v2\/posts\/5617","targetHints":{"allow":["GET"]}}],"collection":[{"href":"https:\/\/blogdobispo.com.br\/index.php?rest_route=\/wp\/v2\/posts"}],"about":[{"href":"https:\/\/blogdobispo.com.br\/index.php?rest_route=\/wp\/v2\/types\/post"}],"author":[{"embeddable":true,"href":"https:\/\/blogdobispo.com.br\/index.php?rest_route=\/wp\/v2\/users\/1"}],"replies":[{"embeddable":true,"href":"https:\/\/blogdobispo.com.br\/index.php?rest_route=%2Fwp%2Fv2%2Fcomments&post=5617"}],"version-history":[{"count":3,"href":"https:\/\/blogdobispo.com.br\/index.php?rest_route=\/wp\/v2\/posts\/5617\/revisions"}],"predecessor-version":[{"id":6177,"href":"https:\/\/blogdobispo.com.br\/index.php?rest_route=\/wp\/v2\/posts\/5617\/revisions\/6177"}],"wp:attachment":[{"href":"https:\/\/blogdobispo.com.br\/index.php?rest_route=%2Fwp%2Fv2%2Fmedia&parent=5617"}],"wp:term":[{"taxonomy":"category","embeddable":true,"href":"https:\/\/blogdobispo.com.br\/index.php?rest_route=%2Fwp%2Fv2%2Fcategories&post=5617"},{"taxonomy":"post_tag","embeddable":true,"href":"https:\/\/blogdobispo.com.br\/index.php?rest_route=%2Fwp%2Fv2%2Ftags&post=5617"}],"curies":[{"name":"wp","href":"https:\/\/api.w.org\/{rel}","templated":true}]}}