{"id":5615,"date":"2025-06-15T22:34:29","date_gmt":"2025-06-15T22:34:29","guid":{"rendered":"https:\/\/blogdobispo.com.br\/?p=5615"},"modified":"2025-06-15T22:34:29","modified_gmt":"2025-06-15T22:34:29","slug":"grupo-de-radiodifusores-emite-nota-de-repudio-contra-agressao-sofrida-por-reporter","status":"publish","type":"post","link":"https:\/\/blogdobispo.com.br\/?p=5615","title":{"rendered":"Grupo de Radiodifusores emite nota de rep\u00fadio contra agress\u00e3o sofrida por rep\u00f3rter"},"content":{"rendered":"\n<figure class=\"wp-block-image size-large\"><img data-recalc-dims=\"1\" fetchpriority=\"high\" decoding=\"async\" width=\"473\" height=\"415\" src=\"https:\/\/i0.wp.com\/blogdobispo.com.br\/wp-content\/uploads\/2025\/06\/image-7.jpg?resize=473%2C415&#038;ssl=1\" class=\"wp-image-5614\" srcset=\"https:\/\/i0.wp.com\/blogdobispo.com.br\/wp-content\/uploads\/2025\/06\/image-7.jpg?w=473&amp;ssl=1 473w, https:\/\/i0.wp.com\/blogdobispo.com.br\/wp-content\/uploads\/2025\/06\/image-7.jpg?resize=300%2C263&amp;ssl=1 300w\" sizes=\"(max-width: 473px) 100vw, 473px\" \/><\/figure>\n\n\n\n<p>NOTA DE REP\u00daDIO<\/p>\n\n\n\n<p>O grupo de Radiodifusores do Rio Grande do Norte \u2013 representado pelas emissoras de r\u00e1dio e televis\u00e3o do estado \u2013 vem, por meio desta, manifestar seu mais veemente rep\u00fadio \u00e0 covarde agress\u00e3o sofrida ontem, 14 de junho de 2025, pela rep\u00f3rter Andreyna Patr\u00edcio, da TV Tropical (Record), durante o exerc\u00edcio de sua profiss\u00e3o, enquanto cobria os festejos juninos na Arena das Dunas, em Natal.<\/p>\n\n\n\n<p>O epis\u00f3dio, amplamente divulgado nas redes sociais, revela um comportamento totalmente inaceit\u00e1vel, agressiva e desrespeitoso contra a jornalista. Este tipo de agress\u00e3o, que atenta contra a integridade f\u00edsica, moral e o direito \u00e0 liberdade de imprensa, representa um grave retrocesso para a conviv\u00eancia democr\u00e1tica e para a seguran\u00e7a dos profissionais de comunica\u00e7\u00e3o.<\/p>\n\n\n\n<p>Reafirmamos que:<\/p>\n\n\n\n<ul class=\"wp-block-list\">\n<li>Atos de viol\u00eancia e intimida\u00e7\u00e3o contra jornalistas n\u00e3o podem, em hip\u00f3tese alguma, ser tolerados.<\/li>\n\n\n\n<li>\u00c9 dever das autoridades competentes apurar com rigor o ocorrido e aplicar as penalidades previstas em lei ao agressor.<\/li>\n\n\n\n<li>Toda a sociedade deve se mobilizar na defesa de um ambiente de imprensa livre, plural e seguro, onde os profissionais possam exercer seu trabalho com respeito e autonomia.<\/li>\n<\/ul>\n\n\n\n<p>Cobramos provid\u00eancias urgentes dos \u00f3rg\u00e3os de seguran\u00e7a p\u00fablica do RN e do Minist\u00e9rio P\u00fablico, bem como o apoio das institui\u00e7\u00f5es de classe, para garantir n\u00e3o s\u00f3 a responsabiliza\u00e7\u00e3o deste ato, mas tamb\u00e9m a prote\u00e7\u00e3o de todos os profissionais de imprensa que atuam em eventos p\u00fablicos.<br \/>Manifestamos nossa total solidariedade \u00e0 Andreyna Patr\u00edcio e \u00e0 TV Tropical, reafirmando nosso compromisso inabal\u00e1vel com a liberdade de express\u00e3o e o jornalismo \u00e9tico e o direito da sociedade potiguar de estar bem informada.<\/p>\n\n\n\n<p>Natal (RN), 15 de junho de 2025.<br \/>Grupo de Radiodifusores do Rio Grande do Norte<\/p>\n\n\n\n<p>Rede Inter TV, Rede Tropical, Rede Ponta Negra, Rede Bandeirantes,<br>Tribuna do Norte, Grupo Dial.<\/p>\n","protected":false},"excerpt":{"rendered":"<p>NOTA DE REP\u00daDIO O grupo de Radiodifusores do Rio Grande do Norte \u2013 representado pelas emissoras de r\u00e1dio e televis\u00e3o do estado \u2013 vem, por meio desta, manifestar seu mais veemente rep\u00fadio \u00e0 covarde agress\u00e3o sofrida ontem, 14 de junho de 2025, pela rep\u00f3rter Andreyna Patr\u00edcio, da TV Tropical (Record), durante o exerc\u00edcio de sua [&hellip;]<\/p>\n","protected":false},"author":1,"featured_media":0,"comment_status":"open","ping_status":"open","sticky":false,"template":"","format":"standard","meta":{"cybocfi_hide_featured_image":"","_jetpack_memberships_contains_paid_content":false,"footnotes":""},"categories":[1],"tags":[],"class_list":["post-5615","post","type-post","status-publish","format-standard","hentry","category-diversos"],"yoast_head":"<!-- This site is optimized with the Yoast SEO plugin v25.6 - https:\/\/yoast.com\/wordpress\/plugins\/seo\/ -->\n<title>Grupo de Radiodifusores emite nota de rep\u00fadio contra agress\u00e3o sofrida por rep\u00f3rter - Blog do Bispo<\/title>\n<meta name=\"robots\" content=\"index, follow, max-snippet:-1, max-image-preview:large, max-video-preview:-1\" \/>\n<link rel=\"canonical\" href=\"https:\/\/blogdobispo.com.br\/?p=5615\" \/>\n<meta property=\"og:locale\" content=\"pt_BR\" \/>\n<meta property=\"og:type\" content=\"article\" \/>\n<meta property=\"og:title\" content=\"Grupo de Radiodifusores emite nota de rep\u00fadio contra agress\u00e3o sofrida por rep\u00f3rter - Blog do Bispo\" \/>\n<meta property=\"og:description\" content=\"NOTA DE REP\u00daDIO O grupo de Radiodifusores do Rio Grande do Norte \u2013 representado pelas emissoras de r\u00e1dio e televis\u00e3o do estado \u2013 vem, por meio desta, manifestar seu mais veemente rep\u00fadio \u00e0 covarde agress\u00e3o sofrida ontem, 14 de junho de 2025, pela rep\u00f3rter Andreyna Patr\u00edcio, da TV Tropical (Record), durante o exerc\u00edcio de sua [&hellip;]\" \/>\n<meta property=\"og:url\" content=\"https:\/\/blogdobispo.com.br\/?p=5615\" \/>\n<meta property=\"og:site_name\" content=\"Blog do Bispo\" \/>\n<meta property=\"article:published_time\" content=\"2025-06-15T22:34:29+00:00\" \/>\n<meta property=\"og:image\" content=\"https:\/\/blogdobispo.com.br\/wp-content\/uploads\/2025\/06\/image-7.jpg\" \/>\n<meta name=\"author\" content=\"Jefferson Sterfeno\" \/>\n<meta name=\"twitter:card\" content=\"summary_large_image\" \/>\n<meta name=\"twitter:label1\" content=\"Escrito por\" \/>\n\t<meta name=\"twitter:data1\" content=\"Jefferson Sterfeno\" \/>\n\t<meta name=\"twitter:label2\" content=\"Est. tempo de leitura\" \/>\n\t<meta name=\"twitter:data2\" content=\"2 minutos\" \/>\n<script type=\"application\/ld+json\" class=\"yoast-schema-graph\">{\"@context\":\"https:\/\/schema.org\",\"@graph\":[{\"@type\":\"Article\",\"@id\":\"https:\/\/blogdobispo.com.br\/?p=5615#article\",\"isPartOf\":{\"@id\":\"https:\/\/blogdobispo.com.br\/?p=5615\"},\"author\":{\"name\":\"Jefferson Sterfeno\",\"@id\":\"https:\/\/blogdobispo.com.br\/#\/schema\/person\/e2209cc0e6cea5c5233d033e997b373f\"},\"headline\":\"Grupo de Radiodifusores emite nota de rep\u00fadio contra agress\u00e3o sofrida por rep\u00f3rter\",\"datePublished\":\"2025-06-15T22:34:29+00:00\",\"mainEntityOfPage\":{\"@id\":\"https:\/\/blogdobispo.com.br\/?p=5615\"},\"wordCount\":331,\"commentCount\":0,\"publisher\":{\"@id\":\"https:\/\/blogdobispo.com.br\/#organization\"},\"image\":{\"@id\":\"https:\/\/blogdobispo.com.br\/?p=5615#primaryimage\"},\"thumbnailUrl\":\"https:\/\/blogdobispo.com.br\/wp-content\/uploads\/2025\/06\/image-7.jpg\",\"articleSection\":[\"diversos\"],\"inLanguage\":\"pt-BR\",\"potentialAction\":[{\"@type\":\"CommentAction\",\"name\":\"Comment\",\"target\":[\"https:\/\/blogdobispo.com.br\/?p=5615#respond\"]}]},{\"@type\":\"WebPage\",\"@id\":\"https:\/\/blogdobispo.com.br\/?p=5615\",\"url\":\"https:\/\/blogdobispo.com.br\/?p=5615\",\"name\":\"Grupo de Radiodifusores emite nota de rep\u00fadio contra agress\u00e3o sofrida por rep\u00f3rter - Blog do Bispo\",\"isPartOf\":{\"@id\":\"https:\/\/blogdobispo.com.br\/#website\"},\"primaryImageOfPage\":{\"@id\":\"https:\/\/blogdobispo.com.br\/?p=5615#primaryimage\"},\"image\":{\"@id\":\"https:\/\/blogdobispo.com.br\/?p=5615#primaryimage\"},\"thumbnailUrl\":\"https:\/\/blogdobispo.com.br\/wp-content\/uploads\/2025\/06\/image-7.jpg\",\"datePublished\":\"2025-06-15T22:34:29+00:00\",\"breadcrumb\":{\"@id\":\"https:\/\/blogdobispo.com.br\/?p=5615#breadcrumb\"},\"inLanguage\":\"pt-BR\",\"potentialAction\":[{\"@type\":\"ReadAction\",\"target\":[\"https:\/\/blogdobispo.com.br\/?p=5615\"]}]},{\"@type\":\"ImageObject\",\"inLanguage\":\"pt-BR\",\"@id\":\"https:\/\/blogdobispo.com.br\/?p=5615#primaryimage\",\"url\":\"https:\/\/blogdobispo.com.br\/wp-content\/uploads\/2025\/06\/image-7.jpg\",\"contentUrl\":\"https:\/\/blogdobispo.com.br\/wp-content\/uploads\/2025\/06\/image-7.jpg\"},{\"@type\":\"BreadcrumbList\",\"@id\":\"https:\/\/blogdobispo.com.br\/?p=5615#breadcrumb\",\"itemListElement\":[{\"@type\":\"ListItem\",\"position\":1,\"name\":\"In\u00edcio\",\"item\":\"https:\/\/blogdobispo.com.br\/\"},{\"@type\":\"ListItem\",\"position\":2,\"name\":\"Grupo de Radiodifusores emite nota de rep\u00fadio contra agress\u00e3o sofrida por rep\u00f3rter\"}]},{\"@type\":\"WebSite\",\"@id\":\"https:\/\/blogdobispo.com.br\/#website\",\"url\":\"https:\/\/blogdobispo.com.br\/\",\"name\":\"Blog do Bispo\",\"description\":\"Comprometido apenas com o leitor\",\"publisher\":{\"@id\":\"https:\/\/blogdobispo.com.br\/#organization\"},\"potentialAction\":[{\"@type\":\"SearchAction\",\"target\":{\"@type\":\"EntryPoint\",\"urlTemplate\":\"https:\/\/blogdobispo.com.br\/?s={search_term_string}\"},\"query-input\":{\"@type\":\"PropertyValueSpecification\",\"valueRequired\":true,\"valueName\":\"search_term_string\"}}],\"inLanguage\":\"pt-BR\"},{\"@type\":\"Organization\",\"@id\":\"https:\/\/blogdobispo.com.br\/#organization\",\"name\":\"Blog do Bispo\",\"url\":\"https:\/\/blogdobispo.com.br\/\",\"logo\":{\"@type\":\"ImageObject\",\"inLanguage\":\"pt-BR\",\"@id\":\"https:\/\/blogdobispo.com.br\/#\/schema\/logo\/image\/\",\"url\":\"http:\/\/blogdobispo.com.br\/wp-content\/uploads\/2023\/05\/cropped-headear.png\",\"contentUrl\":\"http:\/\/blogdobispo.com.br\/wp-content\/uploads\/2023\/05\/cropped-headear.png\",\"width\":1500,\"height\":399,\"caption\":\"Blog do Bispo\"},\"image\":{\"@id\":\"https:\/\/blogdobispo.com.br\/#\/schema\/logo\/image\/\"}},{\"@type\":\"Person\",\"@id\":\"https:\/\/blogdobispo.com.br\/#\/schema\/person\/e2209cc0e6cea5c5233d033e997b373f\",\"name\":\"Jefferson Sterfeno\",\"image\":{\"@type\":\"ImageObject\",\"inLanguage\":\"pt-BR\",\"@id\":\"https:\/\/blogdobispo.com.br\/#\/schema\/person\/image\/\",\"url\":\"https:\/\/secure.gravatar.com\/avatar\/0534e84764641168a677026b6d57a3f51dc7ac4db0b4f6186d9cb330d4ee1160?s=96&d=mm&r=g\",\"contentUrl\":\"https:\/\/secure.gravatar.com\/avatar\/0534e84764641168a677026b6d57a3f51dc7ac4db0b4f6186d9cb330d4ee1160?s=96&d=mm&r=g\",\"caption\":\"Jefferson Sterfeno\"},\"sameAs\":[\"http:\/\/blogdobispo.com.br\"],\"url\":\"https:\/\/blogdobispo.com.br\/?author=1\"}]}<\/script>\n<!-- \/ Yoast SEO plugin. -->","yoast_head_json":{"title":"Grupo de Radiodifusores emite nota de rep\u00fadio contra agress\u00e3o sofrida por rep\u00f3rter - Blog do Bispo","robots":{"index":"index","follow":"follow","max-snippet":"max-snippet:-1","max-image-preview":"max-image-preview:large","max-video-preview":"max-video-preview:-1"},"canonical":"https:\/\/blogdobispo.com.br\/?p=5615","og_locale":"pt_BR","og_type":"article","og_title":"Grupo de Radiodifusores emite nota de rep\u00fadio contra agress\u00e3o sofrida por rep\u00f3rter - Blog do Bispo","og_description":"NOTA DE REP\u00daDIO O grupo de Radiodifusores do Rio Grande do Norte \u2013 representado pelas emissoras de r\u00e1dio e televis\u00e3o do estado \u2013 vem, por meio desta, manifestar seu mais veemente rep\u00fadio \u00e0 covarde agress\u00e3o sofrida ontem, 14 de junho de 2025, pela rep\u00f3rter Andreyna Patr\u00edcio, da TV Tropical (Record), durante o exerc\u00edcio de sua [&hellip;]","og_url":"https:\/\/blogdobispo.com.br\/?p=5615","og_site_name":"Blog do Bispo","article_published_time":"2025-06-15T22:34:29+00:00","og_image":[{"url":"https:\/\/blogdobispo.com.br\/wp-content\/uploads\/2025\/06\/image-7.jpg","type":"","width":"","height":""}],"author":"Jefferson Sterfeno","twitter_card":"summary_large_image","twitter_misc":{"Escrito por":"Jefferson Sterfeno","Est. tempo de leitura":"2 minutos"},"schema":{"@context":"https:\/\/schema.org","@graph":[{"@type":"Article","@id":"https:\/\/blogdobispo.com.br\/?p=5615#article","isPartOf":{"@id":"https:\/\/blogdobispo.com.br\/?p=5615"},"author":{"name":"Jefferson Sterfeno","@id":"https:\/\/blogdobispo.com.br\/#\/schema\/person\/e2209cc0e6cea5c5233d033e997b373f"},"headline":"Grupo de Radiodifusores emite nota de rep\u00fadio contra agress\u00e3o sofrida por rep\u00f3rter","datePublished":"2025-06-15T22:34:29+00:00","mainEntityOfPage":{"@id":"https:\/\/blogdobispo.com.br\/?p=5615"},"wordCount":331,"commentCount":0,"publisher":{"@id":"https:\/\/blogdobispo.com.br\/#organization"},"image":{"@id":"https:\/\/blogdobispo.com.br\/?p=5615#primaryimage"},"thumbnailUrl":"https:\/\/blogdobispo.com.br\/wp-content\/uploads\/2025\/06\/image-7.jpg","articleSection":["diversos"],"inLanguage":"pt-BR","potentialAction":[{"@type":"CommentAction","name":"Comment","target":["https:\/\/blogdobispo.com.br\/?p=5615#respond"]}]},{"@type":"WebPage","@id":"https:\/\/blogdobispo.com.br\/?p=5615","url":"https:\/\/blogdobispo.com.br\/?p=5615","name":"Grupo de Radiodifusores emite nota de rep\u00fadio contra agress\u00e3o sofrida por rep\u00f3rter - Blog do Bispo","isPartOf":{"@id":"https:\/\/blogdobispo.com.br\/#website"},"primaryImageOfPage":{"@id":"https:\/\/blogdobispo.com.br\/?p=5615#primaryimage"},"image":{"@id":"https:\/\/blogdobispo.com.br\/?p=5615#primaryimage"},"thumbnailUrl":"https:\/\/blogdobispo.com.br\/wp-content\/uploads\/2025\/06\/image-7.jpg","datePublished":"2025-06-15T22:34:29+00:00","breadcrumb":{"@id":"https:\/\/blogdobispo.com.br\/?p=5615#breadcrumb"},"inLanguage":"pt-BR","potentialAction":[{"@type":"ReadAction","target":["https:\/\/blogdobispo.com.br\/?p=5615"]}]},{"@type":"ImageObject","inLanguage":"pt-BR","@id":"https:\/\/blogdobispo.com.br\/?p=5615#primaryimage","url":"https:\/\/blogdobispo.com.br\/wp-content\/uploads\/2025\/06\/image-7.jpg","contentUrl":"https:\/\/blogdobispo.com.br\/wp-content\/uploads\/2025\/06\/image-7.jpg"},{"@type":"BreadcrumbList","@id":"https:\/\/blogdobispo.com.br\/?p=5615#breadcrumb","itemListElement":[{"@type":"ListItem","position":1,"name":"In\u00edcio","item":"https:\/\/blogdobispo.com.br\/"},{"@type":"ListItem","position":2,"name":"Grupo de Radiodifusores emite nota de rep\u00fadio contra agress\u00e3o sofrida por rep\u00f3rter"}]},{"@type":"WebSite","@id":"https:\/\/blogdobispo.com.br\/#website","url":"https:\/\/blogdobispo.com.br\/","name":"Blog do Bispo","description":"Comprometido apenas com o leitor","publisher":{"@id":"https:\/\/blogdobispo.com.br\/#organization"},"potentialAction":[{"@type":"SearchAction","target":{"@type":"EntryPoint","urlTemplate":"https:\/\/blogdobispo.com.br\/?s={search_term_string}"},"query-input":{"@type":"PropertyValueSpecification","valueRequired":true,"valueName":"search_term_string"}}],"inLanguage":"pt-BR"},{"@type":"Organization","@id":"https:\/\/blogdobispo.com.br\/#organization","name":"Blog do Bispo","url":"https:\/\/blogdobispo.com.br\/","logo":{"@type":"ImageObject","inLanguage":"pt-BR","@id":"https:\/\/blogdobispo.com.br\/#\/schema\/logo\/image\/","url":"http:\/\/blogdobispo.com.br\/wp-content\/uploads\/2023\/05\/cropped-headear.png","contentUrl":"http:\/\/blogdobispo.com.br\/wp-content\/uploads\/2023\/05\/cropped-headear.png","width":1500,"height":399,"caption":"Blog do Bispo"},"image":{"@id":"https:\/\/blogdobispo.com.br\/#\/schema\/logo\/image\/"}},{"@type":"Person","@id":"https:\/\/blogdobispo.com.br\/#\/schema\/person\/e2209cc0e6cea5c5233d033e997b373f","name":"Jefferson Sterfeno","image":{"@type":"ImageObject","inLanguage":"pt-BR","@id":"https:\/\/blogdobispo.com.br\/#\/schema\/person\/image\/","url":"https:\/\/secure.gravatar.com\/avatar\/0534e84764641168a677026b6d57a3f51dc7ac4db0b4f6186d9cb330d4ee1160?s=96&d=mm&r=g","contentUrl":"https:\/\/secure.gravatar.com\/avatar\/0534e84764641168a677026b6d57a3f51dc7ac4db0b4f6186d9cb330d4ee1160?s=96&d=mm&r=g","caption":"Jefferson Sterfeno"},"sameAs":["http:\/\/blogdobispo.com.br"],"url":"https:\/\/blogdobispo.com.br\/?author=1"}]}},"featured_image_urls":{"full":"","thumbnail":"","medium":"","medium_large":"","large":"","1536x1536":"","2048x2048":""},"author_info":{"display_name":"Jefferson Sterfeno","author_link":"https:\/\/blogdobispo.com.br\/?author=1"},"category_info":"<a href=\"https:\/\/blogdobispo.com.br\/?cat=1\" rel=\"category\">diversos<\/a>","tag_info":"diversos","comment_count":"0","jetpack_featured_media_url":"","jetpack_sharing_enabled":true,"_links":{"self":[{"href":"https:\/\/blogdobispo.com.br\/index.php?rest_route=\/wp\/v2\/posts\/5615","targetHints":{"allow":["GET"]}}],"collection":[{"href":"https:\/\/blogdobispo.com.br\/index.php?rest_route=\/wp\/v2\/posts"}],"about":[{"href":"https:\/\/blogdobispo.com.br\/index.php?rest_route=\/wp\/v2\/types\/post"}],"author":[{"embeddable":true,"href":"https:\/\/blogdobispo.com.br\/index.php?rest_route=\/wp\/v2\/users\/1"}],"replies":[{"embeddable":true,"href":"https:\/\/blogdobispo.com.br\/index.php?rest_route=%2Fwp%2Fv2%2Fcomments&post=5615"}],"version-history":[{"count":0,"href":"https:\/\/blogdobispo.com.br\/index.php?rest_route=\/wp\/v2\/posts\/5615\/revisions"}],"wp:attachment":[{"href":"https:\/\/blogdobispo.com.br\/index.php?rest_route=%2Fwp%2Fv2%2Fmedia&parent=5615"}],"wp:term":[{"taxonomy":"category","embeddable":true,"href":"https:\/\/blogdobispo.com.br\/index.php?rest_route=%2Fwp%2Fv2%2Fcategories&post=5615"},{"taxonomy":"post_tag","embeddable":true,"href":"https:\/\/blogdobispo.com.br\/index.php?rest_route=%2Fwp%2Fv2%2Ftags&post=5615"}],"curies":[{"name":"wp","href":"https:\/\/api.w.org\/{rel}","templated":true}]}}