{"id":5608,"date":"2025-06-14T01:09:53","date_gmt":"2025-06-14T01:09:53","guid":{"rendered":"https:\/\/blogdobispo.com.br\/?p=5608"},"modified":"2025-06-14T01:09:53","modified_gmt":"2025-06-14T01:09:53","slug":"allyson-entrega-medalha-prefeito-rodolfo-fernandes-ao-presidente-da-assembleia-de-deus-do-rn","status":"publish","type":"post","link":"https:\/\/blogdobispo.com.br\/?p=5608","title":{"rendered":"Allyson entrega Medalha Prefeito Rodolfo Fernandes ao presidente da Assembleia de Deus do RN"},"content":{"rendered":"\n<p>O prefeito de Mossor\u00f3, Allyson Bezerra, homenageou o presidente da Igreja Evang\u00e9lica Assembleia de Deus no Rio Grande do Norte, Pastor Martim Alves, com a Medalha Prefeito Rodolfo Fernandes neste ano de 2025. A solenidade aconteceu na manh\u00e3 desta sexta-feira (13), no Pal\u00e1cio da Resist\u00eancia.<br><br>\u2018\u2019\u00c9 com muita alegria que entregamos a maior honraria do Munic\u00edpio ao Pastor Martim Alves, da Assembleia de Deus, importante reconhecimento ao seu trabalho e atua\u00e7\u00e3o na cidade de Mossor\u00f3 principalmente na \u00e1rea social, \u00e9 um importante reconhecimento ao seu trabalho\u2019\u2019, destacou Allyson.<br><br>Pastor Martim enfatizou que \u2018\u2019Agrade\u00e7o ao prefeito Allyson, meu irm\u00e3o em Cristo, que me alegra muito em receber a mais alta comenda deste Munic\u00edpio, minha gratid\u00e3o\u2019\u2019.<br><br>Pastor Martim foi diretor do Col\u00e9gio Evang\u00e9lico, que contribuiu com a educa\u00e7\u00e3o de centenas de jovens e crian\u00e7as mossoroenses. Foi coordenador da Campanha Evangel\u00edstica Cristo Vive que teve grande impacto na propaga\u00e7\u00e3o do evangelho na cidade de Mossor\u00f3 e regi\u00e3o, tamb\u00e9m foi vice-presidente da Igreja de Mossor\u00f3. Em 1993 assumiu a presid\u00eancia da Assembleia de Deus de Mossor\u00f3 e regi\u00e3o; e em 2012 se tornou presidente da Igreja Evang\u00e9lica Assembleia de Deus no Rio Grande do Norte.<br><br>Medalha Prefeito Rodolfo Fernandes<br><br>A Medalha Prefeito Rodolfo Fernandes \u00e9 concedida \u00e0 personalidade que tenha se destacado com relevante servi\u00e7os prestados \u00e0 sociedade mossoroense e por dedica\u00e7\u00e3o \u00e0s causas do Munic\u00edpio.<br><br>A honraria \u00e9 entregue a uma personalidade por ano no dia 13 de junho, data em que Mossor\u00f3 celebra a resist\u00eancia ao Bando de Lampi\u00e3o. J\u00e1 receberam a homenagem Padre S\u00e1tiro Cavalcanti Dantas e Irm\u00e3 Ellen.<\/p>\n\n\n\n<figure class=\"wp-block-image size-large\"><img data-recalc-dims=\"1\" fetchpriority=\"high\" decoding=\"async\" width=\"800\" height=\"746\" src=\"https:\/\/i0.wp.com\/blogdobispo.com.br\/wp-content\/uploads\/2025\/06\/img_5074-1024x955.jpg?resize=800%2C746&#038;ssl=1\" class=\"wp-image-5607\" srcset=\"https:\/\/i0.wp.com\/blogdobispo.com.br\/wp-content\/uploads\/2025\/06\/img_5074.jpg?resize=1024%2C955&amp;ssl=1 1024w, https:\/\/i0.wp.com\/blogdobispo.com.br\/wp-content\/uploads\/2025\/06\/img_5074.jpg?resize=300%2C280&amp;ssl=1 300w, https:\/\/i0.wp.com\/blogdobispo.com.br\/wp-content\/uploads\/2025\/06\/img_5074.jpg?resize=768%2C716&amp;ssl=1 768w, https:\/\/i0.wp.com\/blogdobispo.com.br\/wp-content\/uploads\/2025\/06\/img_5074.jpg?resize=1536%2C1432&amp;ssl=1 1536w, https:\/\/i0.wp.com\/blogdobispo.com.br\/wp-content\/uploads\/2025\/06\/img_5074.jpg?w=1600&amp;ssl=1 1600w\" sizes=\"(max-width: 800px) 100vw, 800px\" \/><\/figure>\n","protected":false},"excerpt":{"rendered":"<p>O prefeito de Mossor\u00f3, Allyson Bezerra, homenageou o presidente da Igreja Evang\u00e9lica Assembleia de Deus no Rio Grande do Norte, Pastor Martim Alves, com a Medalha Prefeito Rodolfo Fernandes neste ano de 2025. A solenidade aconteceu na manh\u00e3 desta sexta-feira (13), no Pal\u00e1cio da Resist\u00eancia. \u2018\u2019\u00c9 com muita alegria que entregamos a maior honraria do [&hellip;]<\/p>\n","protected":false},"author":1,"featured_media":0,"comment_status":"open","ping_status":"open","sticky":false,"template":"","format":"standard","meta":{"cybocfi_hide_featured_image":"","_jetpack_memberships_contains_paid_content":false,"footnotes":""},"categories":[1],"tags":[],"class_list":["post-5608","post","type-post","status-publish","format-standard","hentry","category-diversos"],"yoast_head":"<!-- This site is optimized with the Yoast SEO plugin v25.6 - https:\/\/yoast.com\/wordpress\/plugins\/seo\/ -->\n<title>Allyson entrega Medalha Prefeito Rodolfo Fernandes ao presidente da Assembleia de Deus do RN - Blog do Bispo<\/title>\n<meta name=\"robots\" content=\"index, follow, max-snippet:-1, max-image-preview:large, max-video-preview:-1\" \/>\n<link rel=\"canonical\" href=\"https:\/\/blogdobispo.com.br\/?p=5608\" \/>\n<meta property=\"og:locale\" content=\"pt_BR\" \/>\n<meta property=\"og:type\" content=\"article\" \/>\n<meta property=\"og:title\" content=\"Allyson entrega Medalha Prefeito Rodolfo Fernandes ao presidente da Assembleia de Deus do RN - Blog do Bispo\" \/>\n<meta property=\"og:description\" content=\"O prefeito de Mossor\u00f3, Allyson Bezerra, homenageou o presidente da Igreja Evang\u00e9lica Assembleia de Deus no Rio Grande do Norte, Pastor Martim Alves, com a Medalha Prefeito Rodolfo Fernandes neste ano de 2025. A solenidade aconteceu na manh\u00e3 desta sexta-feira (13), no Pal\u00e1cio da Resist\u00eancia. \u2018\u2019\u00c9 com muita alegria que entregamos a maior honraria do [&hellip;]\" \/>\n<meta property=\"og:url\" content=\"https:\/\/blogdobispo.com.br\/?p=5608\" \/>\n<meta property=\"og:site_name\" content=\"Blog do Bispo\" \/>\n<meta property=\"article:published_time\" content=\"2025-06-14T01:09:53+00:00\" \/>\n<meta property=\"og:image\" content=\"https:\/\/blogdobispo.com.br\/wp-content\/uploads\/2025\/06\/img_5074-1024x955.jpg\" \/>\n<meta name=\"author\" content=\"Jefferson Sterfeno\" \/>\n<meta name=\"twitter:card\" content=\"summary_large_image\" \/>\n<meta name=\"twitter:label1\" content=\"Escrito por\" \/>\n\t<meta name=\"twitter:data1\" content=\"Jefferson Sterfeno\" \/>\n\t<meta name=\"twitter:label2\" content=\"Est. tempo de leitura\" \/>\n\t<meta name=\"twitter:data2\" content=\"1 minuto\" \/>\n<script type=\"application\/ld+json\" class=\"yoast-schema-graph\">{\"@context\":\"https:\/\/schema.org\",\"@graph\":[{\"@type\":\"Article\",\"@id\":\"https:\/\/blogdobispo.com.br\/?p=5608#article\",\"isPartOf\":{\"@id\":\"https:\/\/blogdobispo.com.br\/?p=5608\"},\"author\":{\"name\":\"Jefferson Sterfeno\",\"@id\":\"https:\/\/blogdobispo.com.br\/#\/schema\/person\/e2209cc0e6cea5c5233d033e997b373f\"},\"headline\":\"Allyson entrega Medalha Prefeito Rodolfo Fernandes ao presidente da Assembleia de Deus do RN\",\"datePublished\":\"2025-06-14T01:09:53+00:00\",\"mainEntityOfPage\":{\"@id\":\"https:\/\/blogdobispo.com.br\/?p=5608\"},\"wordCount\":287,\"commentCount\":0,\"publisher\":{\"@id\":\"https:\/\/blogdobispo.com.br\/#organization\"},\"image\":{\"@id\":\"https:\/\/blogdobispo.com.br\/?p=5608#primaryimage\"},\"thumbnailUrl\":\"https:\/\/blogdobispo.com.br\/wp-content\/uploads\/2025\/06\/img_5074-1024x955.jpg\",\"articleSection\":[\"diversos\"],\"inLanguage\":\"pt-BR\",\"potentialAction\":[{\"@type\":\"CommentAction\",\"name\":\"Comment\",\"target\":[\"https:\/\/blogdobispo.com.br\/?p=5608#respond\"]}]},{\"@type\":\"WebPage\",\"@id\":\"https:\/\/blogdobispo.com.br\/?p=5608\",\"url\":\"https:\/\/blogdobispo.com.br\/?p=5608\",\"name\":\"Allyson entrega Medalha Prefeito Rodolfo Fernandes ao presidente da Assembleia de Deus do RN - Blog do Bispo\",\"isPartOf\":{\"@id\":\"https:\/\/blogdobispo.com.br\/#website\"},\"primaryImageOfPage\":{\"@id\":\"https:\/\/blogdobispo.com.br\/?p=5608#primaryimage\"},\"image\":{\"@id\":\"https:\/\/blogdobispo.com.br\/?p=5608#primaryimage\"},\"thumbnailUrl\":\"https:\/\/blogdobispo.com.br\/wp-content\/uploads\/2025\/06\/img_5074-1024x955.jpg\",\"datePublished\":\"2025-06-14T01:09:53+00:00\",\"breadcrumb\":{\"@id\":\"https:\/\/blogdobispo.com.br\/?p=5608#breadcrumb\"},\"inLanguage\":\"pt-BR\",\"potentialAction\":[{\"@type\":\"ReadAction\",\"target\":[\"https:\/\/blogdobispo.com.br\/?p=5608\"]}]},{\"@type\":\"ImageObject\",\"inLanguage\":\"pt-BR\",\"@id\":\"https:\/\/blogdobispo.com.br\/?p=5608#primaryimage\",\"url\":\"https:\/\/blogdobispo.com.br\/wp-content\/uploads\/2025\/06\/img_5074-1024x955.jpg\",\"contentUrl\":\"https:\/\/blogdobispo.com.br\/wp-content\/uploads\/2025\/06\/img_5074-1024x955.jpg\"},{\"@type\":\"BreadcrumbList\",\"@id\":\"https:\/\/blogdobispo.com.br\/?p=5608#breadcrumb\",\"itemListElement\":[{\"@type\":\"ListItem\",\"position\":1,\"name\":\"In\u00edcio\",\"item\":\"https:\/\/blogdobispo.com.br\/\"},{\"@type\":\"ListItem\",\"position\":2,\"name\":\"Allyson entrega Medalha Prefeito Rodolfo Fernandes ao presidente da Assembleia de Deus do RN\"}]},{\"@type\":\"WebSite\",\"@id\":\"https:\/\/blogdobispo.com.br\/#website\",\"url\":\"https:\/\/blogdobispo.com.br\/\",\"name\":\"Blog do Bispo\",\"description\":\"Comprometido apenas com o leitor\",\"publisher\":{\"@id\":\"https:\/\/blogdobispo.com.br\/#organization\"},\"potentialAction\":[{\"@type\":\"SearchAction\",\"target\":{\"@type\":\"EntryPoint\",\"urlTemplate\":\"https:\/\/blogdobispo.com.br\/?s={search_term_string}\"},\"query-input\":{\"@type\":\"PropertyValueSpecification\",\"valueRequired\":true,\"valueName\":\"search_term_string\"}}],\"inLanguage\":\"pt-BR\"},{\"@type\":\"Organization\",\"@id\":\"https:\/\/blogdobispo.com.br\/#organization\",\"name\":\"Blog do Bispo\",\"url\":\"https:\/\/blogdobispo.com.br\/\",\"logo\":{\"@type\":\"ImageObject\",\"inLanguage\":\"pt-BR\",\"@id\":\"https:\/\/blogdobispo.com.br\/#\/schema\/logo\/image\/\",\"url\":\"http:\/\/blogdobispo.com.br\/wp-content\/uploads\/2023\/05\/cropped-headear.png\",\"contentUrl\":\"http:\/\/blogdobispo.com.br\/wp-content\/uploads\/2023\/05\/cropped-headear.png\",\"width\":1500,\"height\":399,\"caption\":\"Blog do Bispo\"},\"image\":{\"@id\":\"https:\/\/blogdobispo.com.br\/#\/schema\/logo\/image\/\"}},{\"@type\":\"Person\",\"@id\":\"https:\/\/blogdobispo.com.br\/#\/schema\/person\/e2209cc0e6cea5c5233d033e997b373f\",\"name\":\"Jefferson Sterfeno\",\"image\":{\"@type\":\"ImageObject\",\"inLanguage\":\"pt-BR\",\"@id\":\"https:\/\/blogdobispo.com.br\/#\/schema\/person\/image\/\",\"url\":\"https:\/\/secure.gravatar.com\/avatar\/0534e84764641168a677026b6d57a3f51dc7ac4db0b4f6186d9cb330d4ee1160?s=96&d=mm&r=g\",\"contentUrl\":\"https:\/\/secure.gravatar.com\/avatar\/0534e84764641168a677026b6d57a3f51dc7ac4db0b4f6186d9cb330d4ee1160?s=96&d=mm&r=g\",\"caption\":\"Jefferson Sterfeno\"},\"sameAs\":[\"http:\/\/blogdobispo.com.br\"],\"url\":\"https:\/\/blogdobispo.com.br\/?author=1\"}]}<\/script>\n<!-- \/ Yoast SEO plugin. -->","yoast_head_json":{"title":"Allyson entrega Medalha Prefeito Rodolfo Fernandes ao presidente da Assembleia de Deus do RN - Blog do Bispo","robots":{"index":"index","follow":"follow","max-snippet":"max-snippet:-1","max-image-preview":"max-image-preview:large","max-video-preview":"max-video-preview:-1"},"canonical":"https:\/\/blogdobispo.com.br\/?p=5608","og_locale":"pt_BR","og_type":"article","og_title":"Allyson entrega Medalha Prefeito Rodolfo Fernandes ao presidente da Assembleia de Deus do RN - Blog do Bispo","og_description":"O prefeito de Mossor\u00f3, Allyson Bezerra, homenageou o presidente da Igreja Evang\u00e9lica Assembleia de Deus no Rio Grande do Norte, Pastor Martim Alves, com a Medalha Prefeito Rodolfo Fernandes neste ano de 2025. A solenidade aconteceu na manh\u00e3 desta sexta-feira (13), no Pal\u00e1cio da Resist\u00eancia. \u2018\u2019\u00c9 com muita alegria que entregamos a maior honraria do [&hellip;]","og_url":"https:\/\/blogdobispo.com.br\/?p=5608","og_site_name":"Blog do Bispo","article_published_time":"2025-06-14T01:09:53+00:00","og_image":[{"url":"https:\/\/blogdobispo.com.br\/wp-content\/uploads\/2025\/06\/img_5074-1024x955.jpg","type":"","width":"","height":""}],"author":"Jefferson Sterfeno","twitter_card":"summary_large_image","twitter_misc":{"Escrito por":"Jefferson Sterfeno","Est. tempo de leitura":"1 minuto"},"schema":{"@context":"https:\/\/schema.org","@graph":[{"@type":"Article","@id":"https:\/\/blogdobispo.com.br\/?p=5608#article","isPartOf":{"@id":"https:\/\/blogdobispo.com.br\/?p=5608"},"author":{"name":"Jefferson Sterfeno","@id":"https:\/\/blogdobispo.com.br\/#\/schema\/person\/e2209cc0e6cea5c5233d033e997b373f"},"headline":"Allyson entrega Medalha Prefeito Rodolfo Fernandes ao presidente da Assembleia de Deus do RN","datePublished":"2025-06-14T01:09:53+00:00","mainEntityOfPage":{"@id":"https:\/\/blogdobispo.com.br\/?p=5608"},"wordCount":287,"commentCount":0,"publisher":{"@id":"https:\/\/blogdobispo.com.br\/#organization"},"image":{"@id":"https:\/\/blogdobispo.com.br\/?p=5608#primaryimage"},"thumbnailUrl":"https:\/\/blogdobispo.com.br\/wp-content\/uploads\/2025\/06\/img_5074-1024x955.jpg","articleSection":["diversos"],"inLanguage":"pt-BR","potentialAction":[{"@type":"CommentAction","name":"Comment","target":["https:\/\/blogdobispo.com.br\/?p=5608#respond"]}]},{"@type":"WebPage","@id":"https:\/\/blogdobispo.com.br\/?p=5608","url":"https:\/\/blogdobispo.com.br\/?p=5608","name":"Allyson entrega Medalha Prefeito Rodolfo Fernandes ao presidente da Assembleia de Deus do RN - Blog do Bispo","isPartOf":{"@id":"https:\/\/blogdobispo.com.br\/#website"},"primaryImageOfPage":{"@id":"https:\/\/blogdobispo.com.br\/?p=5608#primaryimage"},"image":{"@id":"https:\/\/blogdobispo.com.br\/?p=5608#primaryimage"},"thumbnailUrl":"https:\/\/blogdobispo.com.br\/wp-content\/uploads\/2025\/06\/img_5074-1024x955.jpg","datePublished":"2025-06-14T01:09:53+00:00","breadcrumb":{"@id":"https:\/\/blogdobispo.com.br\/?p=5608#breadcrumb"},"inLanguage":"pt-BR","potentialAction":[{"@type":"ReadAction","target":["https:\/\/blogdobispo.com.br\/?p=5608"]}]},{"@type":"ImageObject","inLanguage":"pt-BR","@id":"https:\/\/blogdobispo.com.br\/?p=5608#primaryimage","url":"https:\/\/blogdobispo.com.br\/wp-content\/uploads\/2025\/06\/img_5074-1024x955.jpg","contentUrl":"https:\/\/blogdobispo.com.br\/wp-content\/uploads\/2025\/06\/img_5074-1024x955.jpg"},{"@type":"BreadcrumbList","@id":"https:\/\/blogdobispo.com.br\/?p=5608#breadcrumb","itemListElement":[{"@type":"ListItem","position":1,"name":"In\u00edcio","item":"https:\/\/blogdobispo.com.br\/"},{"@type":"ListItem","position":2,"name":"Allyson entrega Medalha Prefeito Rodolfo Fernandes ao presidente da Assembleia de Deus do RN"}]},{"@type":"WebSite","@id":"https:\/\/blogdobispo.com.br\/#website","url":"https:\/\/blogdobispo.com.br\/","name":"Blog do Bispo","description":"Comprometido apenas com o leitor","publisher":{"@id":"https:\/\/blogdobispo.com.br\/#organization"},"potentialAction":[{"@type":"SearchAction","target":{"@type":"EntryPoint","urlTemplate":"https:\/\/blogdobispo.com.br\/?s={search_term_string}"},"query-input":{"@type":"PropertyValueSpecification","valueRequired":true,"valueName":"search_term_string"}}],"inLanguage":"pt-BR"},{"@type":"Organization","@id":"https:\/\/blogdobispo.com.br\/#organization","name":"Blog do Bispo","url":"https:\/\/blogdobispo.com.br\/","logo":{"@type":"ImageObject","inLanguage":"pt-BR","@id":"https:\/\/blogdobispo.com.br\/#\/schema\/logo\/image\/","url":"http:\/\/blogdobispo.com.br\/wp-content\/uploads\/2023\/05\/cropped-headear.png","contentUrl":"http:\/\/blogdobispo.com.br\/wp-content\/uploads\/2023\/05\/cropped-headear.png","width":1500,"height":399,"caption":"Blog do Bispo"},"image":{"@id":"https:\/\/blogdobispo.com.br\/#\/schema\/logo\/image\/"}},{"@type":"Person","@id":"https:\/\/blogdobispo.com.br\/#\/schema\/person\/e2209cc0e6cea5c5233d033e997b373f","name":"Jefferson Sterfeno","image":{"@type":"ImageObject","inLanguage":"pt-BR","@id":"https:\/\/blogdobispo.com.br\/#\/schema\/person\/image\/","url":"https:\/\/secure.gravatar.com\/avatar\/0534e84764641168a677026b6d57a3f51dc7ac4db0b4f6186d9cb330d4ee1160?s=96&d=mm&r=g","contentUrl":"https:\/\/secure.gravatar.com\/avatar\/0534e84764641168a677026b6d57a3f51dc7ac4db0b4f6186d9cb330d4ee1160?s=96&d=mm&r=g","caption":"Jefferson Sterfeno"},"sameAs":["http:\/\/blogdobispo.com.br"],"url":"https:\/\/blogdobispo.com.br\/?author=1"}]}},"featured_image_urls":{"full":"","thumbnail":"","medium":"","medium_large":"","large":"","1536x1536":"","2048x2048":""},"author_info":{"display_name":"Jefferson Sterfeno","author_link":"https:\/\/blogdobispo.com.br\/?author=1"},"category_info":"<a href=\"https:\/\/blogdobispo.com.br\/?cat=1\" rel=\"category\">diversos<\/a>","tag_info":"diversos","comment_count":"0","jetpack_featured_media_url":"","jetpack_sharing_enabled":true,"_links":{"self":[{"href":"https:\/\/blogdobispo.com.br\/index.php?rest_route=\/wp\/v2\/posts\/5608","targetHints":{"allow":["GET"]}}],"collection":[{"href":"https:\/\/blogdobispo.com.br\/index.php?rest_route=\/wp\/v2\/posts"}],"about":[{"href":"https:\/\/blogdobispo.com.br\/index.php?rest_route=\/wp\/v2\/types\/post"}],"author":[{"embeddable":true,"href":"https:\/\/blogdobispo.com.br\/index.php?rest_route=\/wp\/v2\/users\/1"}],"replies":[{"embeddable":true,"href":"https:\/\/blogdobispo.com.br\/index.php?rest_route=%2Fwp%2Fv2%2Fcomments&post=5608"}],"version-history":[{"count":0,"href":"https:\/\/blogdobispo.com.br\/index.php?rest_route=\/wp\/v2\/posts\/5608\/revisions"}],"wp:attachment":[{"href":"https:\/\/blogdobispo.com.br\/index.php?rest_route=%2Fwp%2Fv2%2Fmedia&parent=5608"}],"wp:term":[{"taxonomy":"category","embeddable":true,"href":"https:\/\/blogdobispo.com.br\/index.php?rest_route=%2Fwp%2Fv2%2Fcategories&post=5608"},{"taxonomy":"post_tag","embeddable":true,"href":"https:\/\/blogdobispo.com.br\/index.php?rest_route=%2Fwp%2Fv2%2Ftags&post=5608"}],"curies":[{"name":"wp","href":"https:\/\/api.w.org\/{rel}","templated":true}]}}