{"id":5604,"date":"2025-06-13T15:01:04","date_gmt":"2025-06-13T15:01:04","guid":{"rendered":"https:\/\/blogdobispo.com.br\/?p=5604"},"modified":"2025-07-28T18:06:09","modified_gmt":"2025-07-28T18:06:09","slug":"gilson-machado-ex-ministro-de-bolsonaro-e-preso-pela-pf","status":"publish","type":"post","link":"https:\/\/blogdobispo.com.br\/?p=5604","title":{"rendered":"ProMulher emite nota de solidariedade \u00e0s deputadas Divaneide Bas\u00edlio e Isolda Dantas"},"content":{"rendered":"\n<p><strong>NOTA DE SOLIDARIEDADE<\/strong><br><br>A Procuradoria da Mulher da Assembleia Legislativa do Rio Grande do Norte manifesta irrestrita solidariedade \u00e0s deputadas Divaneide Bas\u00edlio e Isolda Dantas, v\u00edtimas de um epis\u00f3dio lament\u00e1vel de viol\u00eancia pol\u00edtica de g\u00eanero ocorrido durante a sess\u00e3o plen\u00e1ria desta quarta-feira, 11 de junho.<\/p>\n\n\n\n<p>\u00c9 inadmiss\u00edvel que, em pleno exerc\u00edcio de seu mandato parlamentar, a deputada Divaneide tenha sido silenciada e desrespeitada por um colega que presidia os trabalhos da Casa. O corte arbitr\u00e1rio de seu microfone e a fala ofensiva, recomendando que \u201ctomasse um calmante\u201d, representam n\u00e3o apenas uma afronta \u00e0 sua prerrogativa como parlamentar, mas um grave exemplo de misoginia institucional, que n\u00e3o pode ser naturalizado nem tolerado.<\/p>\n\n\n\n<p>A deputada Isolda Dantas, ao defender sua colega e denunciar publicamente a postura incompat\u00edvel com a fun\u00e7\u00e3o de quem preside uma sess\u00e3o legislativa, tamb\u00e9m foi alvo de desrespeito. Sua firme rea\u00e7\u00e3o exp\u00f4s com clareza a urg\u00eancia de enfrentarmos o machismo estrutural que ainda permeia a pol\u00edtica.<\/p>\n\n\n\n<p>A Procuradoria da Mulher reafirma seu compromisso com a defesa dos direitos das mulheres e com a promo\u00e7\u00e3o de um ambiente parlamentar livre de viol\u00eancia pol\u00edtica de g\u00eanero. Informamos que ser\u00e3o adotadas as provid\u00eancias cab\u00edveis para que casos como este n\u00e3o se repitam e que a Assembleia Legislativa seja um espa\u00e7o de respeito m\u00fatuo, representatividade e democracia plena.<\/p>\n\n\n\n<p>Seguiremos vigilantes, fortalecendo a presen\u00e7a e a voz das mulheres na pol\u00edtica.<br><br><strong>Deputadas&nbsp;<\/strong><br>Cristiane Dantas&nbsp;<br>Terezinha Maia&nbsp;<br>Eudiane Macedo&nbsp;<br>Divaneide Bas\u00edlio&nbsp;<br>Isolda Dantas&nbsp;<\/p>\n\n\n\n<figure class=\"wp-block-image\"><img data-recalc-dims=\"1\" fetchpriority=\"high\" decoding=\"async\" width=\"800\" height=\"634\" src=\"https:\/\/i0.wp.com\/blogdobispo.com.br\/wp-content\/uploads\/2025\/06\/8RKm9ozOJ8iLiVBdxiyNxAQo0WW1THZWFFU6dpaZ-scaled.jpg?resize=800%2C634\" alt=\"\" class=\"wp-image-6173\" srcset=\"https:\/\/i0.wp.com\/blogdobispo.com.br\/wp-content\/uploads\/2025\/06\/8RKm9ozOJ8iLiVBdxiyNxAQo0WW1THZWFFU6dpaZ-scaled.jpg?w=2560&amp;ssl=1 2560w, https:\/\/i0.wp.com\/blogdobispo.com.br\/wp-content\/uploads\/2025\/06\/8RKm9ozOJ8iLiVBdxiyNxAQo0WW1THZWFFU6dpaZ-scaled.jpg?resize=300%2C238&amp;ssl=1 300w, https:\/\/i0.wp.com\/blogdobispo.com.br\/wp-content\/uploads\/2025\/06\/8RKm9ozOJ8iLiVBdxiyNxAQo0WW1THZWFFU6dpaZ-scaled.jpg?resize=1024%2C811&amp;ssl=1 1024w, https:\/\/i0.wp.com\/blogdobispo.com.br\/wp-content\/uploads\/2025\/06\/8RKm9ozOJ8iLiVBdxiyNxAQo0WW1THZWFFU6dpaZ-scaled.jpg?resize=768%2C609&amp;ssl=1 768w, https:\/\/i0.wp.com\/blogdobispo.com.br\/wp-content\/uploads\/2025\/06\/8RKm9ozOJ8iLiVBdxiyNxAQo0WW1THZWFFU6dpaZ-scaled.jpg?resize=1536%2C1217&amp;ssl=1 1536w, https:\/\/i0.wp.com\/blogdobispo.com.br\/wp-content\/uploads\/2025\/06\/8RKm9ozOJ8iLiVBdxiyNxAQo0WW1THZWFFU6dpaZ-scaled.jpg?resize=2048%2C1623&amp;ssl=1 2048w, https:\/\/i0.wp.com\/blogdobispo.com.br\/wp-content\/uploads\/2025\/06\/8RKm9ozOJ8iLiVBdxiyNxAQo0WW1THZWFFU6dpaZ-scaled.jpg?w=1600 1600w, https:\/\/i0.wp.com\/blogdobispo.com.br\/wp-content\/uploads\/2025\/06\/8RKm9ozOJ8iLiVBdxiyNxAQo0WW1THZWFFU6dpaZ-scaled.jpg?w=2400 2400w\" sizes=\"(max-width: 800px) 100vw, 800px\" \/><\/figure>\n","protected":false},"excerpt":{"rendered":"<p>NOTA DE SOLIDARIEDADE A Procuradoria da Mulher da Assembleia Legislativa do Rio Grande do Norte manifesta irrestrita solidariedade \u00e0s deputadas Divaneide Bas\u00edlio e Isolda Dantas, v\u00edtimas de um epis\u00f3dio lament\u00e1vel de viol\u00eancia pol\u00edtica de g\u00eanero ocorrido durante a sess\u00e3o plen\u00e1ria desta quarta-feira, 11 de junho. \u00c9 inadmiss\u00edvel que, em pleno exerc\u00edcio de seu mandato parlamentar, [&hellip;]<\/p>\n","protected":false},"author":1,"featured_media":0,"comment_status":"open","ping_status":"open","sticky":false,"template":"","format":"standard","meta":{"cybocfi_hide_featured_image":"","_jetpack_memberships_contains_paid_content":false,"footnotes":""},"categories":[1],"tags":[],"class_list":["post-5604","post","type-post","status-publish","format-standard","hentry","category-diversos"],"yoast_head":"<!-- This site is optimized with the Yoast SEO plugin v25.6 - https:\/\/yoast.com\/wordpress\/plugins\/seo\/ -->\n<title>ProMulher emite nota de solidariedade \u00e0s deputadas Divaneide Bas\u00edlio e Isolda Dantas - Blog do Bispo<\/title>\n<meta name=\"robots\" content=\"index, follow, max-snippet:-1, max-image-preview:large, max-video-preview:-1\" \/>\n<link rel=\"canonical\" href=\"https:\/\/blogdobispo.com.br\/?p=5604\" \/>\n<meta property=\"og:locale\" content=\"pt_BR\" \/>\n<meta property=\"og:type\" content=\"article\" \/>\n<meta property=\"og:title\" content=\"ProMulher emite nota de solidariedade \u00e0s deputadas Divaneide Bas\u00edlio e Isolda Dantas - Blog do Bispo\" \/>\n<meta property=\"og:description\" content=\"NOTA DE SOLIDARIEDADE A Procuradoria da Mulher da Assembleia Legislativa do Rio Grande do Norte manifesta irrestrita solidariedade \u00e0s deputadas Divaneide Bas\u00edlio e Isolda Dantas, v\u00edtimas de um epis\u00f3dio lament\u00e1vel de viol\u00eancia pol\u00edtica de g\u00eanero ocorrido durante a sess\u00e3o plen\u00e1ria desta quarta-feira, 11 de junho. \u00c9 inadmiss\u00edvel que, em pleno exerc\u00edcio de seu mandato parlamentar, [&hellip;]\" \/>\n<meta property=\"og:url\" content=\"https:\/\/blogdobispo.com.br\/?p=5604\" \/>\n<meta property=\"og:site_name\" content=\"Blog do Bispo\" \/>\n<meta property=\"article:published_time\" content=\"2025-06-13T15:01:04+00:00\" \/>\n<meta property=\"article:modified_time\" content=\"2025-07-28T18:06:09+00:00\" \/>\n<meta property=\"og:image\" content=\"http:\/\/blogdobispo.com.br\/wp-content\/uploads\/2025\/06\/8RKm9ozOJ8iLiVBdxiyNxAQo0WW1THZWFFU6dpaZ-scaled.jpg\" \/>\n<meta name=\"author\" content=\"Jefferson Sterfeno\" \/>\n<meta name=\"twitter:card\" content=\"summary_large_image\" \/>\n<meta name=\"twitter:label1\" content=\"Escrito por\" \/>\n\t<meta name=\"twitter:data1\" content=\"Jefferson Sterfeno\" \/>\n\t<meta name=\"twitter:label2\" content=\"Est. tempo de leitura\" \/>\n\t<meta name=\"twitter:data2\" content=\"2 minutos\" \/>\n<script type=\"application\/ld+json\" class=\"yoast-schema-graph\">{\"@context\":\"https:\/\/schema.org\",\"@graph\":[{\"@type\":\"Article\",\"@id\":\"https:\/\/blogdobispo.com.br\/?p=5604#article\",\"isPartOf\":{\"@id\":\"https:\/\/blogdobispo.com.br\/?p=5604\"},\"author\":{\"name\":\"Jefferson Sterfeno\",\"@id\":\"https:\/\/blogdobispo.com.br\/#\/schema\/person\/e2209cc0e6cea5c5233d033e997b373f\"},\"headline\":\"ProMulher emite nota de solidariedade \u00e0s deputadas Divaneide Bas\u00edlio e Isolda Dantas\",\"datePublished\":\"2025-06-13T15:01:04+00:00\",\"dateModified\":\"2025-07-28T18:06:09+00:00\",\"mainEntityOfPage\":{\"@id\":\"https:\/\/blogdobispo.com.br\/?p=5604\"},\"wordCount\":289,\"commentCount\":0,\"publisher\":{\"@id\":\"https:\/\/blogdobispo.com.br\/#organization\"},\"image\":{\"@id\":\"https:\/\/blogdobispo.com.br\/?p=5604#primaryimage\"},\"thumbnailUrl\":\"http:\/\/blogdobispo.com.br\/wp-content\/uploads\/2025\/06\/8RKm9ozOJ8iLiVBdxiyNxAQo0WW1THZWFFU6dpaZ-scaled.jpg\",\"articleSection\":[\"diversos\"],\"inLanguage\":\"pt-BR\",\"potentialAction\":[{\"@type\":\"CommentAction\",\"name\":\"Comment\",\"target\":[\"https:\/\/blogdobispo.com.br\/?p=5604#respond\"]}]},{\"@type\":\"WebPage\",\"@id\":\"https:\/\/blogdobispo.com.br\/?p=5604\",\"url\":\"https:\/\/blogdobispo.com.br\/?p=5604\",\"name\":\"ProMulher emite nota de solidariedade \u00e0s deputadas Divaneide Bas\u00edlio e Isolda Dantas - Blog do Bispo\",\"isPartOf\":{\"@id\":\"https:\/\/blogdobispo.com.br\/#website\"},\"primaryImageOfPage\":{\"@id\":\"https:\/\/blogdobispo.com.br\/?p=5604#primaryimage\"},\"image\":{\"@id\":\"https:\/\/blogdobispo.com.br\/?p=5604#primaryimage\"},\"thumbnailUrl\":\"http:\/\/blogdobispo.com.br\/wp-content\/uploads\/2025\/06\/8RKm9ozOJ8iLiVBdxiyNxAQo0WW1THZWFFU6dpaZ-scaled.jpg\",\"datePublished\":\"2025-06-13T15:01:04+00:00\",\"dateModified\":\"2025-07-28T18:06:09+00:00\",\"breadcrumb\":{\"@id\":\"https:\/\/blogdobispo.com.br\/?p=5604#breadcrumb\"},\"inLanguage\":\"pt-BR\",\"potentialAction\":[{\"@type\":\"ReadAction\",\"target\":[\"https:\/\/blogdobispo.com.br\/?p=5604\"]}]},{\"@type\":\"ImageObject\",\"inLanguage\":\"pt-BR\",\"@id\":\"https:\/\/blogdobispo.com.br\/?p=5604#primaryimage\",\"url\":\"https:\/\/i0.wp.com\/blogdobispo.com.br\/wp-content\/uploads\/2025\/06\/8RKm9ozOJ8iLiVBdxiyNxAQo0WW1THZWFFU6dpaZ-scaled.jpg?fit=2560%2C2029&ssl=1\",\"contentUrl\":\"https:\/\/i0.wp.com\/blogdobispo.com.br\/wp-content\/uploads\/2025\/06\/8RKm9ozOJ8iLiVBdxiyNxAQo0WW1THZWFFU6dpaZ-scaled.jpg?fit=2560%2C2029&ssl=1\",\"width\":2560,\"height\":2029},{\"@type\":\"BreadcrumbList\",\"@id\":\"https:\/\/blogdobispo.com.br\/?p=5604#breadcrumb\",\"itemListElement\":[{\"@type\":\"ListItem\",\"position\":1,\"name\":\"In\u00edcio\",\"item\":\"https:\/\/blogdobispo.com.br\/\"},{\"@type\":\"ListItem\",\"position\":2,\"name\":\"ProMulher emite nota de solidariedade \u00e0s deputadas Divaneide Bas\u00edlio e Isolda Dantas\"}]},{\"@type\":\"WebSite\",\"@id\":\"https:\/\/blogdobispo.com.br\/#website\",\"url\":\"https:\/\/blogdobispo.com.br\/\",\"name\":\"Blog do Bispo\",\"description\":\"Comprometido apenas com o leitor\",\"publisher\":{\"@id\":\"https:\/\/blogdobispo.com.br\/#organization\"},\"potentialAction\":[{\"@type\":\"SearchAction\",\"target\":{\"@type\":\"EntryPoint\",\"urlTemplate\":\"https:\/\/blogdobispo.com.br\/?s={search_term_string}\"},\"query-input\":{\"@type\":\"PropertyValueSpecification\",\"valueRequired\":true,\"valueName\":\"search_term_string\"}}],\"inLanguage\":\"pt-BR\"},{\"@type\":\"Organization\",\"@id\":\"https:\/\/blogdobispo.com.br\/#organization\",\"name\":\"Blog do Bispo\",\"url\":\"https:\/\/blogdobispo.com.br\/\",\"logo\":{\"@type\":\"ImageObject\",\"inLanguage\":\"pt-BR\",\"@id\":\"https:\/\/blogdobispo.com.br\/#\/schema\/logo\/image\/\",\"url\":\"http:\/\/blogdobispo.com.br\/wp-content\/uploads\/2023\/05\/cropped-headear.png\",\"contentUrl\":\"http:\/\/blogdobispo.com.br\/wp-content\/uploads\/2023\/05\/cropped-headear.png\",\"width\":1500,\"height\":399,\"caption\":\"Blog do Bispo\"},\"image\":{\"@id\":\"https:\/\/blogdobispo.com.br\/#\/schema\/logo\/image\/\"}},{\"@type\":\"Person\",\"@id\":\"https:\/\/blogdobispo.com.br\/#\/schema\/person\/e2209cc0e6cea5c5233d033e997b373f\",\"name\":\"Jefferson Sterfeno\",\"image\":{\"@type\":\"ImageObject\",\"inLanguage\":\"pt-BR\",\"@id\":\"https:\/\/blogdobispo.com.br\/#\/schema\/person\/image\/\",\"url\":\"https:\/\/secure.gravatar.com\/avatar\/0534e84764641168a677026b6d57a3f51dc7ac4db0b4f6186d9cb330d4ee1160?s=96&d=mm&r=g\",\"contentUrl\":\"https:\/\/secure.gravatar.com\/avatar\/0534e84764641168a677026b6d57a3f51dc7ac4db0b4f6186d9cb330d4ee1160?s=96&d=mm&r=g\",\"caption\":\"Jefferson Sterfeno\"},\"sameAs\":[\"http:\/\/blogdobispo.com.br\"],\"url\":\"https:\/\/blogdobispo.com.br\/?author=1\"}]}<\/script>\n<!-- \/ Yoast SEO plugin. -->","yoast_head_json":{"title":"ProMulher emite nota de solidariedade \u00e0s deputadas Divaneide Bas\u00edlio e Isolda Dantas - Blog do Bispo","robots":{"index":"index","follow":"follow","max-snippet":"max-snippet:-1","max-image-preview":"max-image-preview:large","max-video-preview":"max-video-preview:-1"},"canonical":"https:\/\/blogdobispo.com.br\/?p=5604","og_locale":"pt_BR","og_type":"article","og_title":"ProMulher emite nota de solidariedade \u00e0s deputadas Divaneide Bas\u00edlio e Isolda Dantas - Blog do Bispo","og_description":"NOTA DE SOLIDARIEDADE A Procuradoria da Mulher da Assembleia Legislativa do Rio Grande do Norte manifesta irrestrita solidariedade \u00e0s deputadas Divaneide Bas\u00edlio e Isolda Dantas, v\u00edtimas de um epis\u00f3dio lament\u00e1vel de viol\u00eancia pol\u00edtica de g\u00eanero ocorrido durante a sess\u00e3o plen\u00e1ria desta quarta-feira, 11 de junho. \u00c9 inadmiss\u00edvel que, em pleno exerc\u00edcio de seu mandato parlamentar, [&hellip;]","og_url":"https:\/\/blogdobispo.com.br\/?p=5604","og_site_name":"Blog do Bispo","article_published_time":"2025-06-13T15:01:04+00:00","article_modified_time":"2025-07-28T18:06:09+00:00","og_image":[{"url":"http:\/\/blogdobispo.com.br\/wp-content\/uploads\/2025\/06\/8RKm9ozOJ8iLiVBdxiyNxAQo0WW1THZWFFU6dpaZ-scaled.jpg","type":"","width":"","height":""}],"author":"Jefferson Sterfeno","twitter_card":"summary_large_image","twitter_misc":{"Escrito por":"Jefferson Sterfeno","Est. tempo de leitura":"2 minutos"},"schema":{"@context":"https:\/\/schema.org","@graph":[{"@type":"Article","@id":"https:\/\/blogdobispo.com.br\/?p=5604#article","isPartOf":{"@id":"https:\/\/blogdobispo.com.br\/?p=5604"},"author":{"name":"Jefferson Sterfeno","@id":"https:\/\/blogdobispo.com.br\/#\/schema\/person\/e2209cc0e6cea5c5233d033e997b373f"},"headline":"ProMulher emite nota de solidariedade \u00e0s deputadas Divaneide Bas\u00edlio e Isolda Dantas","datePublished":"2025-06-13T15:01:04+00:00","dateModified":"2025-07-28T18:06:09+00:00","mainEntityOfPage":{"@id":"https:\/\/blogdobispo.com.br\/?p=5604"},"wordCount":289,"commentCount":0,"publisher":{"@id":"https:\/\/blogdobispo.com.br\/#organization"},"image":{"@id":"https:\/\/blogdobispo.com.br\/?p=5604#primaryimage"},"thumbnailUrl":"http:\/\/blogdobispo.com.br\/wp-content\/uploads\/2025\/06\/8RKm9ozOJ8iLiVBdxiyNxAQo0WW1THZWFFU6dpaZ-scaled.jpg","articleSection":["diversos"],"inLanguage":"pt-BR","potentialAction":[{"@type":"CommentAction","name":"Comment","target":["https:\/\/blogdobispo.com.br\/?p=5604#respond"]}]},{"@type":"WebPage","@id":"https:\/\/blogdobispo.com.br\/?p=5604","url":"https:\/\/blogdobispo.com.br\/?p=5604","name":"ProMulher emite nota de solidariedade \u00e0s deputadas Divaneide Bas\u00edlio e Isolda Dantas - Blog do Bispo","isPartOf":{"@id":"https:\/\/blogdobispo.com.br\/#website"},"primaryImageOfPage":{"@id":"https:\/\/blogdobispo.com.br\/?p=5604#primaryimage"},"image":{"@id":"https:\/\/blogdobispo.com.br\/?p=5604#primaryimage"},"thumbnailUrl":"http:\/\/blogdobispo.com.br\/wp-content\/uploads\/2025\/06\/8RKm9ozOJ8iLiVBdxiyNxAQo0WW1THZWFFU6dpaZ-scaled.jpg","datePublished":"2025-06-13T15:01:04+00:00","dateModified":"2025-07-28T18:06:09+00:00","breadcrumb":{"@id":"https:\/\/blogdobispo.com.br\/?p=5604#breadcrumb"},"inLanguage":"pt-BR","potentialAction":[{"@type":"ReadAction","target":["https:\/\/blogdobispo.com.br\/?p=5604"]}]},{"@type":"ImageObject","inLanguage":"pt-BR","@id":"https:\/\/blogdobispo.com.br\/?p=5604#primaryimage","url":"https:\/\/i0.wp.com\/blogdobispo.com.br\/wp-content\/uploads\/2025\/06\/8RKm9ozOJ8iLiVBdxiyNxAQo0WW1THZWFFU6dpaZ-scaled.jpg?fit=2560%2C2029&ssl=1","contentUrl":"https:\/\/i0.wp.com\/blogdobispo.com.br\/wp-content\/uploads\/2025\/06\/8RKm9ozOJ8iLiVBdxiyNxAQo0WW1THZWFFU6dpaZ-scaled.jpg?fit=2560%2C2029&ssl=1","width":2560,"height":2029},{"@type":"BreadcrumbList","@id":"https:\/\/blogdobispo.com.br\/?p=5604#breadcrumb","itemListElement":[{"@type":"ListItem","position":1,"name":"In\u00edcio","item":"https:\/\/blogdobispo.com.br\/"},{"@type":"ListItem","position":2,"name":"ProMulher emite nota de solidariedade \u00e0s deputadas Divaneide Bas\u00edlio e Isolda Dantas"}]},{"@type":"WebSite","@id":"https:\/\/blogdobispo.com.br\/#website","url":"https:\/\/blogdobispo.com.br\/","name":"Blog do Bispo","description":"Comprometido apenas com o leitor","publisher":{"@id":"https:\/\/blogdobispo.com.br\/#organization"},"potentialAction":[{"@type":"SearchAction","target":{"@type":"EntryPoint","urlTemplate":"https:\/\/blogdobispo.com.br\/?s={search_term_string}"},"query-input":{"@type":"PropertyValueSpecification","valueRequired":true,"valueName":"search_term_string"}}],"inLanguage":"pt-BR"},{"@type":"Organization","@id":"https:\/\/blogdobispo.com.br\/#organization","name":"Blog do Bispo","url":"https:\/\/blogdobispo.com.br\/","logo":{"@type":"ImageObject","inLanguage":"pt-BR","@id":"https:\/\/blogdobispo.com.br\/#\/schema\/logo\/image\/","url":"http:\/\/blogdobispo.com.br\/wp-content\/uploads\/2023\/05\/cropped-headear.png","contentUrl":"http:\/\/blogdobispo.com.br\/wp-content\/uploads\/2023\/05\/cropped-headear.png","width":1500,"height":399,"caption":"Blog do Bispo"},"image":{"@id":"https:\/\/blogdobispo.com.br\/#\/schema\/logo\/image\/"}},{"@type":"Person","@id":"https:\/\/blogdobispo.com.br\/#\/schema\/person\/e2209cc0e6cea5c5233d033e997b373f","name":"Jefferson Sterfeno","image":{"@type":"ImageObject","inLanguage":"pt-BR","@id":"https:\/\/blogdobispo.com.br\/#\/schema\/person\/image\/","url":"https:\/\/secure.gravatar.com\/avatar\/0534e84764641168a677026b6d57a3f51dc7ac4db0b4f6186d9cb330d4ee1160?s=96&d=mm&r=g","contentUrl":"https:\/\/secure.gravatar.com\/avatar\/0534e84764641168a677026b6d57a3f51dc7ac4db0b4f6186d9cb330d4ee1160?s=96&d=mm&r=g","caption":"Jefferson Sterfeno"},"sameAs":["http:\/\/blogdobispo.com.br"],"url":"https:\/\/blogdobispo.com.br\/?author=1"}]}},"featured_image_urls":{"full":"","thumbnail":"","medium":"","medium_large":"","large":"","1536x1536":"","2048x2048":""},"author_info":{"display_name":"Jefferson Sterfeno","author_link":"https:\/\/blogdobispo.com.br\/?author=1"},"category_info":"<a href=\"https:\/\/blogdobispo.com.br\/?cat=1\" rel=\"category\">diversos<\/a>","tag_info":"diversos","comment_count":"0","jetpack_featured_media_url":"","jetpack_sharing_enabled":true,"_links":{"self":[{"href":"https:\/\/blogdobispo.com.br\/index.php?rest_route=\/wp\/v2\/posts\/5604","targetHints":{"allow":["GET"]}}],"collection":[{"href":"https:\/\/blogdobispo.com.br\/index.php?rest_route=\/wp\/v2\/posts"}],"about":[{"href":"https:\/\/blogdobispo.com.br\/index.php?rest_route=\/wp\/v2\/types\/post"}],"author":[{"embeddable":true,"href":"https:\/\/blogdobispo.com.br\/index.php?rest_route=\/wp\/v2\/users\/1"}],"replies":[{"embeddable":true,"href":"https:\/\/blogdobispo.com.br\/index.php?rest_route=%2Fwp%2Fv2%2Fcomments&post=5604"}],"version-history":[{"count":2,"href":"https:\/\/blogdobispo.com.br\/index.php?rest_route=\/wp\/v2\/posts\/5604\/revisions"}],"predecessor-version":[{"id":6175,"href":"https:\/\/blogdobispo.com.br\/index.php?rest_route=\/wp\/v2\/posts\/5604\/revisions\/6175"}],"wp:attachment":[{"href":"https:\/\/blogdobispo.com.br\/index.php?rest_route=%2Fwp%2Fv2%2Fmedia&parent=5604"}],"wp:term":[{"taxonomy":"category","embeddable":true,"href":"https:\/\/blogdobispo.com.br\/index.php?rest_route=%2Fwp%2Fv2%2Fcategories&post=5604"},{"taxonomy":"post_tag","embeddable":true,"href":"https:\/\/blogdobispo.com.br\/index.php?rest_route=%2Fwp%2Fv2%2Ftags&post=5604"}],"curies":[{"name":"wp","href":"https:\/\/api.w.org\/{rel}","templated":true}]}}