{"id":5593,"date":"2025-06-12T21:29:17","date_gmt":"2025-06-12T21:29:17","guid":{"rendered":"https:\/\/blogdobispo.com.br\/?p=5593"},"modified":"2025-06-12T21:29:17","modified_gmt":"2025-06-12T21:29:17","slug":"homem-sobrevive-a-tragico-acidente-de-aviao-na-india-eu-simplesmente-acordei-entre-os-destrocos","status":"publish","type":"post","link":"https:\/\/blogdobispo.com.br\/?p=5593","title":{"rendered":"Homem sobrevive a tr\u00e1gico acidente de avi\u00e3o na \u00cdndia: \u201cEu simplesmente acordei entre os destro\u00e7os\u201d"},"content":{"rendered":"\n<figure class=\"wp-block-image size-large\"><img data-recalc-dims=\"1\" fetchpriority=\"high\" decoding=\"async\" width=\"800\" height=\"400\" src=\"https:\/\/i0.wp.com\/blogdobispo.com.br\/wp-content\/uploads\/2025\/06\/img_5058-1.jpg?resize=800%2C400&#038;ssl=1\" class=\"wp-image-5592\" srcset=\"https:\/\/i0.wp.com\/blogdobispo.com.br\/wp-content\/uploads\/2025\/06\/img_5058-1.jpg?w=1000&amp;ssl=1 1000w, https:\/\/i0.wp.com\/blogdobispo.com.br\/wp-content\/uploads\/2025\/06\/img_5058-1.jpg?resize=300%2C150&amp;ssl=1 300w, https:\/\/i0.wp.com\/blogdobispo.com.br\/wp-content\/uploads\/2025\/06\/img_5058-1.jpg?resize=768%2C384&amp;ssl=1 768w\" sizes=\"(max-width: 800px) 100vw, 800px\" \/><\/figure>\n\n\n\n<p class=\"p1\"><\/p>\n\n\n\n<p class=\"p3\">Ahmedabad, \u00cdndia \u2013 12 de junho de 2025. Um grave acidente a\u00e9reo envolvendo um Boeing 787 da Air India deixou 241 mortos e apenas um sobrevivente. O voo AI171, que seguia de Ahmedabad para Londres Gatwick, caiu poucos segundos ap\u00f3s a decolagem, atingindo um complexo hospitalar universit\u00e1rio nas proximidades do aeroporto. Entre os destro\u00e7os, apenas um homem sobreviveu: Vishwash Kumar Ramesh, de 40 anos, cidad\u00e3o brit\u00e2nico de origem indiana.<\/p>\n\n\n\n<p class=\"p3\">De acordo com as autoridades locais, a aeronave decolou por volta das 6h42 da manh\u00e3, hor\u00e1rio local, e em menos de um minuto perdeu altitude repentinamente. Testemunhas relatam ter visto uma explos\u00e3o no ar, seguida de uma enorme bola de fogo que consumiu o avi\u00e3o antes de ele colidir com o edif\u00edcio do Civil Hospital de Ahmedabad, onde ficava o alojamento estudantil.<\/p>\n\n\n\n<p class=\"p3\">Ramesh, que ocupava o assento 11A, pr\u00f3ximo a uma das sa\u00eddas de emerg\u00eancia, foi lan\u00e7ado para fora da aeronave durante a desintegra\u00e7\u00e3o da fuselagem. Mesmo ferido e em choque, ele conseguiu caminhar at\u00e9 uma ambul\u00e2ncia e foi imediatamente levado para o hospital \u2014 ironicamente, o mesmo complexo atingido pela queda do avi\u00e3o.<\/p>\n\n\n\n<p class=\"p3\">\u201cEu simplesmente acordei entre corpos e escombros. N\u00e3o sei como sobrevivi\u201d, relatou o sobrevivente de seu leito hospitalar. Ele sofreu ferimentos nos p\u00e9s, no t\u00f3rax e na regi\u00e3o dos olhos, mas est\u00e1 fora de perigo.<\/p>\n\n\n\n<p class=\"p3\">O irm\u00e3o de Vishwash, Ajay Ramesh, estava ao seu lado durante o voo e est\u00e1 entre as v\u00edtimas fatais. \u201cO mais dif\u00edcil \u00e9 saber que fui o \u00fanico a sair dali com vida. Meu irm\u00e3o estava comigo. N\u00f3s dois dever\u00edamos estar aqui hoje\u201d, disse ele, emocionado.<\/p>\n\n\n\n<p class=\"p3\">Este foi o primeiro acidente fatal envolvendo um Boeing 787 Dreamliner desde sua introdu\u00e7\u00e3o no mercado, e levanta quest\u00f5es s\u00e9rias sobre seguran\u00e7a a\u00e9rea. Autoridades indianas, brit\u00e2nicas e representantes da Boeing e da GE Aerospace j\u00e1 iniciaram as investiga\u00e7\u00f5es. A Air India declarou luto oficial e afirmou que est\u00e1 colaborando plenamente com as apura\u00e7\u00f5es.<\/p>\n\n\n\n<p class=\"p3\">Al\u00e9m das 241 mortes confirmadas a bordo, autoridades ainda contabilizam v\u00edtimas no solo. Parte do edif\u00edcio atingido servia como dormit\u00f3rio para estudantes de medicina, e equipes de resgate continuam trabalhando no local.<\/p>\n","protected":false},"excerpt":{"rendered":"<p>Ahmedabad, \u00cdndia \u2013 12 de junho de 2025. Um grave acidente a\u00e9reo envolvendo um Boeing 787 da Air India deixou 241 mortos e apenas um sobrevivente. O voo AI171, que seguia de Ahmedabad para Londres Gatwick, caiu poucos segundos ap\u00f3s a decolagem, atingindo um complexo hospitalar universit\u00e1rio nas proximidades do aeroporto. Entre os destro\u00e7os, apenas [&hellip;]<\/p>\n","protected":false},"author":1,"featured_media":0,"comment_status":"open","ping_status":"open","sticky":false,"template":"","format":"standard","meta":{"cybocfi_hide_featured_image":"","_jetpack_memberships_contains_paid_content":false,"footnotes":""},"categories":[1],"tags":[],"class_list":["post-5593","post","type-post","status-publish","format-standard","hentry","category-diversos"],"yoast_head":"<!-- This site is optimized with the Yoast SEO plugin v25.6 - https:\/\/yoast.com\/wordpress\/plugins\/seo\/ -->\n<title>Homem sobrevive a tr\u00e1gico acidente de avi\u00e3o na \u00cdndia: \u201cEu simplesmente acordei entre os destro\u00e7os\u201d - Blog do Bispo<\/title>\n<meta name=\"robots\" content=\"index, follow, max-snippet:-1, max-image-preview:large, max-video-preview:-1\" \/>\n<link rel=\"canonical\" href=\"https:\/\/blogdobispo.com.br\/?p=5593\" \/>\n<meta property=\"og:locale\" content=\"pt_BR\" \/>\n<meta property=\"og:type\" content=\"article\" \/>\n<meta property=\"og:title\" content=\"Homem sobrevive a tr\u00e1gico acidente de avi\u00e3o na \u00cdndia: \u201cEu simplesmente acordei entre os destro\u00e7os\u201d - Blog do Bispo\" \/>\n<meta property=\"og:description\" content=\"Ahmedabad, \u00cdndia \u2013 12 de junho de 2025. Um grave acidente a\u00e9reo envolvendo um Boeing 787 da Air India deixou 241 mortos e apenas um sobrevivente. O voo AI171, que seguia de Ahmedabad para Londres Gatwick, caiu poucos segundos ap\u00f3s a decolagem, atingindo um complexo hospitalar universit\u00e1rio nas proximidades do aeroporto. Entre os destro\u00e7os, apenas [&hellip;]\" \/>\n<meta property=\"og:url\" content=\"https:\/\/blogdobispo.com.br\/?p=5593\" \/>\n<meta property=\"og:site_name\" content=\"Blog do Bispo\" \/>\n<meta property=\"article:published_time\" content=\"2025-06-12T21:29:17+00:00\" \/>\n<meta property=\"og:image\" content=\"https:\/\/blogdobispo.com.br\/wp-content\/uploads\/2025\/06\/img_5058-1.jpg\" \/>\n<meta name=\"author\" content=\"Jefferson Sterfeno\" \/>\n<meta name=\"twitter:card\" content=\"summary_large_image\" \/>\n<meta name=\"twitter:label1\" content=\"Escrito por\" \/>\n\t<meta name=\"twitter:data1\" content=\"Jefferson Sterfeno\" \/>\n\t<meta name=\"twitter:label2\" content=\"Est. tempo de leitura\" \/>\n\t<meta name=\"twitter:data2\" content=\"2 minutos\" \/>\n<script type=\"application\/ld+json\" class=\"yoast-schema-graph\">{\"@context\":\"https:\/\/schema.org\",\"@graph\":[{\"@type\":\"Article\",\"@id\":\"https:\/\/blogdobispo.com.br\/?p=5593#article\",\"isPartOf\":{\"@id\":\"https:\/\/blogdobispo.com.br\/?p=5593\"},\"author\":{\"name\":\"Jefferson Sterfeno\",\"@id\":\"https:\/\/blogdobispo.com.br\/#\/schema\/person\/e2209cc0e6cea5c5233d033e997b373f\"},\"headline\":\"Homem sobrevive a tr\u00e1gico acidente de avi\u00e3o na \u00cdndia: \u201cEu simplesmente acordei entre os destro\u00e7os\u201d\",\"datePublished\":\"2025-06-12T21:29:17+00:00\",\"mainEntityOfPage\":{\"@id\":\"https:\/\/blogdobispo.com.br\/?p=5593\"},\"wordCount\":396,\"commentCount\":0,\"publisher\":{\"@id\":\"https:\/\/blogdobispo.com.br\/#organization\"},\"image\":{\"@id\":\"https:\/\/blogdobispo.com.br\/?p=5593#primaryimage\"},\"thumbnailUrl\":\"https:\/\/blogdobispo.com.br\/wp-content\/uploads\/2025\/06\/img_5058-1.jpg\",\"articleSection\":[\"diversos\"],\"inLanguage\":\"pt-BR\",\"potentialAction\":[{\"@type\":\"CommentAction\",\"name\":\"Comment\",\"target\":[\"https:\/\/blogdobispo.com.br\/?p=5593#respond\"]}]},{\"@type\":\"WebPage\",\"@id\":\"https:\/\/blogdobispo.com.br\/?p=5593\",\"url\":\"https:\/\/blogdobispo.com.br\/?p=5593\",\"name\":\"Homem sobrevive a tr\u00e1gico acidente de avi\u00e3o na \u00cdndia: \u201cEu simplesmente acordei entre os destro\u00e7os\u201d - Blog do Bispo\",\"isPartOf\":{\"@id\":\"https:\/\/blogdobispo.com.br\/#website\"},\"primaryImageOfPage\":{\"@id\":\"https:\/\/blogdobispo.com.br\/?p=5593#primaryimage\"},\"image\":{\"@id\":\"https:\/\/blogdobispo.com.br\/?p=5593#primaryimage\"},\"thumbnailUrl\":\"https:\/\/blogdobispo.com.br\/wp-content\/uploads\/2025\/06\/img_5058-1.jpg\",\"datePublished\":\"2025-06-12T21:29:17+00:00\",\"breadcrumb\":{\"@id\":\"https:\/\/blogdobispo.com.br\/?p=5593#breadcrumb\"},\"inLanguage\":\"pt-BR\",\"potentialAction\":[{\"@type\":\"ReadAction\",\"target\":[\"https:\/\/blogdobispo.com.br\/?p=5593\"]}]},{\"@type\":\"ImageObject\",\"inLanguage\":\"pt-BR\",\"@id\":\"https:\/\/blogdobispo.com.br\/?p=5593#primaryimage\",\"url\":\"https:\/\/blogdobispo.com.br\/wp-content\/uploads\/2025\/06\/img_5058-1.jpg\",\"contentUrl\":\"https:\/\/blogdobispo.com.br\/wp-content\/uploads\/2025\/06\/img_5058-1.jpg\"},{\"@type\":\"BreadcrumbList\",\"@id\":\"https:\/\/blogdobispo.com.br\/?p=5593#breadcrumb\",\"itemListElement\":[{\"@type\":\"ListItem\",\"position\":1,\"name\":\"In\u00edcio\",\"item\":\"https:\/\/blogdobispo.com.br\/\"},{\"@type\":\"ListItem\",\"position\":2,\"name\":\"Homem sobrevive a tr\u00e1gico acidente de avi\u00e3o na \u00cdndia: \u201cEu simplesmente acordei entre os destro\u00e7os\u201d\"}]},{\"@type\":\"WebSite\",\"@id\":\"https:\/\/blogdobispo.com.br\/#website\",\"url\":\"https:\/\/blogdobispo.com.br\/\",\"name\":\"Blog do Bispo\",\"description\":\"Comprometido apenas com o leitor\",\"publisher\":{\"@id\":\"https:\/\/blogdobispo.com.br\/#organization\"},\"potentialAction\":[{\"@type\":\"SearchAction\",\"target\":{\"@type\":\"EntryPoint\",\"urlTemplate\":\"https:\/\/blogdobispo.com.br\/?s={search_term_string}\"},\"query-input\":{\"@type\":\"PropertyValueSpecification\",\"valueRequired\":true,\"valueName\":\"search_term_string\"}}],\"inLanguage\":\"pt-BR\"},{\"@type\":\"Organization\",\"@id\":\"https:\/\/blogdobispo.com.br\/#organization\",\"name\":\"Blog do Bispo\",\"url\":\"https:\/\/blogdobispo.com.br\/\",\"logo\":{\"@type\":\"ImageObject\",\"inLanguage\":\"pt-BR\",\"@id\":\"https:\/\/blogdobispo.com.br\/#\/schema\/logo\/image\/\",\"url\":\"http:\/\/blogdobispo.com.br\/wp-content\/uploads\/2023\/05\/cropped-headear.png\",\"contentUrl\":\"http:\/\/blogdobispo.com.br\/wp-content\/uploads\/2023\/05\/cropped-headear.png\",\"width\":1500,\"height\":399,\"caption\":\"Blog do Bispo\"},\"image\":{\"@id\":\"https:\/\/blogdobispo.com.br\/#\/schema\/logo\/image\/\"}},{\"@type\":\"Person\",\"@id\":\"https:\/\/blogdobispo.com.br\/#\/schema\/person\/e2209cc0e6cea5c5233d033e997b373f\",\"name\":\"Jefferson Sterfeno\",\"image\":{\"@type\":\"ImageObject\",\"inLanguage\":\"pt-BR\",\"@id\":\"https:\/\/blogdobispo.com.br\/#\/schema\/person\/image\/\",\"url\":\"https:\/\/secure.gravatar.com\/avatar\/0534e84764641168a677026b6d57a3f51dc7ac4db0b4f6186d9cb330d4ee1160?s=96&d=mm&r=g\",\"contentUrl\":\"https:\/\/secure.gravatar.com\/avatar\/0534e84764641168a677026b6d57a3f51dc7ac4db0b4f6186d9cb330d4ee1160?s=96&d=mm&r=g\",\"caption\":\"Jefferson Sterfeno\"},\"sameAs\":[\"http:\/\/blogdobispo.com.br\"],\"url\":\"https:\/\/blogdobispo.com.br\/?author=1\"}]}<\/script>\n<!-- \/ Yoast SEO plugin. -->","yoast_head_json":{"title":"Homem sobrevive a tr\u00e1gico acidente de avi\u00e3o na \u00cdndia: \u201cEu simplesmente acordei entre os destro\u00e7os\u201d - Blog do Bispo","robots":{"index":"index","follow":"follow","max-snippet":"max-snippet:-1","max-image-preview":"max-image-preview:large","max-video-preview":"max-video-preview:-1"},"canonical":"https:\/\/blogdobispo.com.br\/?p=5593","og_locale":"pt_BR","og_type":"article","og_title":"Homem sobrevive a tr\u00e1gico acidente de avi\u00e3o na \u00cdndia: \u201cEu simplesmente acordei entre os destro\u00e7os\u201d - Blog do Bispo","og_description":"Ahmedabad, \u00cdndia \u2013 12 de junho de 2025. Um grave acidente a\u00e9reo envolvendo um Boeing 787 da Air India deixou 241 mortos e apenas um sobrevivente. O voo AI171, que seguia de Ahmedabad para Londres Gatwick, caiu poucos segundos ap\u00f3s a decolagem, atingindo um complexo hospitalar universit\u00e1rio nas proximidades do aeroporto. Entre os destro\u00e7os, apenas [&hellip;]","og_url":"https:\/\/blogdobispo.com.br\/?p=5593","og_site_name":"Blog do Bispo","article_published_time":"2025-06-12T21:29:17+00:00","og_image":[{"url":"https:\/\/blogdobispo.com.br\/wp-content\/uploads\/2025\/06\/img_5058-1.jpg","type":"","width":"","height":""}],"author":"Jefferson Sterfeno","twitter_card":"summary_large_image","twitter_misc":{"Escrito por":"Jefferson Sterfeno","Est. tempo de leitura":"2 minutos"},"schema":{"@context":"https:\/\/schema.org","@graph":[{"@type":"Article","@id":"https:\/\/blogdobispo.com.br\/?p=5593#article","isPartOf":{"@id":"https:\/\/blogdobispo.com.br\/?p=5593"},"author":{"name":"Jefferson Sterfeno","@id":"https:\/\/blogdobispo.com.br\/#\/schema\/person\/e2209cc0e6cea5c5233d033e997b373f"},"headline":"Homem sobrevive a tr\u00e1gico acidente de avi\u00e3o na \u00cdndia: \u201cEu simplesmente acordei entre os destro\u00e7os\u201d","datePublished":"2025-06-12T21:29:17+00:00","mainEntityOfPage":{"@id":"https:\/\/blogdobispo.com.br\/?p=5593"},"wordCount":396,"commentCount":0,"publisher":{"@id":"https:\/\/blogdobispo.com.br\/#organization"},"image":{"@id":"https:\/\/blogdobispo.com.br\/?p=5593#primaryimage"},"thumbnailUrl":"https:\/\/blogdobispo.com.br\/wp-content\/uploads\/2025\/06\/img_5058-1.jpg","articleSection":["diversos"],"inLanguage":"pt-BR","potentialAction":[{"@type":"CommentAction","name":"Comment","target":["https:\/\/blogdobispo.com.br\/?p=5593#respond"]}]},{"@type":"WebPage","@id":"https:\/\/blogdobispo.com.br\/?p=5593","url":"https:\/\/blogdobispo.com.br\/?p=5593","name":"Homem sobrevive a tr\u00e1gico acidente de avi\u00e3o na \u00cdndia: \u201cEu simplesmente acordei entre os destro\u00e7os\u201d - Blog do Bispo","isPartOf":{"@id":"https:\/\/blogdobispo.com.br\/#website"},"primaryImageOfPage":{"@id":"https:\/\/blogdobispo.com.br\/?p=5593#primaryimage"},"image":{"@id":"https:\/\/blogdobispo.com.br\/?p=5593#primaryimage"},"thumbnailUrl":"https:\/\/blogdobispo.com.br\/wp-content\/uploads\/2025\/06\/img_5058-1.jpg","datePublished":"2025-06-12T21:29:17+00:00","breadcrumb":{"@id":"https:\/\/blogdobispo.com.br\/?p=5593#breadcrumb"},"inLanguage":"pt-BR","potentialAction":[{"@type":"ReadAction","target":["https:\/\/blogdobispo.com.br\/?p=5593"]}]},{"@type":"ImageObject","inLanguage":"pt-BR","@id":"https:\/\/blogdobispo.com.br\/?p=5593#primaryimage","url":"https:\/\/blogdobispo.com.br\/wp-content\/uploads\/2025\/06\/img_5058-1.jpg","contentUrl":"https:\/\/blogdobispo.com.br\/wp-content\/uploads\/2025\/06\/img_5058-1.jpg"},{"@type":"BreadcrumbList","@id":"https:\/\/blogdobispo.com.br\/?p=5593#breadcrumb","itemListElement":[{"@type":"ListItem","position":1,"name":"In\u00edcio","item":"https:\/\/blogdobispo.com.br\/"},{"@type":"ListItem","position":2,"name":"Homem sobrevive a tr\u00e1gico acidente de avi\u00e3o na \u00cdndia: \u201cEu simplesmente acordei entre os destro\u00e7os\u201d"}]},{"@type":"WebSite","@id":"https:\/\/blogdobispo.com.br\/#website","url":"https:\/\/blogdobispo.com.br\/","name":"Blog do Bispo","description":"Comprometido apenas com o leitor","publisher":{"@id":"https:\/\/blogdobispo.com.br\/#organization"},"potentialAction":[{"@type":"SearchAction","target":{"@type":"EntryPoint","urlTemplate":"https:\/\/blogdobispo.com.br\/?s={search_term_string}"},"query-input":{"@type":"PropertyValueSpecification","valueRequired":true,"valueName":"search_term_string"}}],"inLanguage":"pt-BR"},{"@type":"Organization","@id":"https:\/\/blogdobispo.com.br\/#organization","name":"Blog do Bispo","url":"https:\/\/blogdobispo.com.br\/","logo":{"@type":"ImageObject","inLanguage":"pt-BR","@id":"https:\/\/blogdobispo.com.br\/#\/schema\/logo\/image\/","url":"http:\/\/blogdobispo.com.br\/wp-content\/uploads\/2023\/05\/cropped-headear.png","contentUrl":"http:\/\/blogdobispo.com.br\/wp-content\/uploads\/2023\/05\/cropped-headear.png","width":1500,"height":399,"caption":"Blog do Bispo"},"image":{"@id":"https:\/\/blogdobispo.com.br\/#\/schema\/logo\/image\/"}},{"@type":"Person","@id":"https:\/\/blogdobispo.com.br\/#\/schema\/person\/e2209cc0e6cea5c5233d033e997b373f","name":"Jefferson Sterfeno","image":{"@type":"ImageObject","inLanguage":"pt-BR","@id":"https:\/\/blogdobispo.com.br\/#\/schema\/person\/image\/","url":"https:\/\/secure.gravatar.com\/avatar\/0534e84764641168a677026b6d57a3f51dc7ac4db0b4f6186d9cb330d4ee1160?s=96&d=mm&r=g","contentUrl":"https:\/\/secure.gravatar.com\/avatar\/0534e84764641168a677026b6d57a3f51dc7ac4db0b4f6186d9cb330d4ee1160?s=96&d=mm&r=g","caption":"Jefferson Sterfeno"},"sameAs":["http:\/\/blogdobispo.com.br"],"url":"https:\/\/blogdobispo.com.br\/?author=1"}]}},"featured_image_urls":{"full":"","thumbnail":"","medium":"","medium_large":"","large":"","1536x1536":"","2048x2048":""},"author_info":{"display_name":"Jefferson Sterfeno","author_link":"https:\/\/blogdobispo.com.br\/?author=1"},"category_info":"<a href=\"https:\/\/blogdobispo.com.br\/?cat=1\" rel=\"category\">diversos<\/a>","tag_info":"diversos","comment_count":"0","jetpack_featured_media_url":"","jetpack_sharing_enabled":true,"_links":{"self":[{"href":"https:\/\/blogdobispo.com.br\/index.php?rest_route=\/wp\/v2\/posts\/5593","targetHints":{"allow":["GET"]}}],"collection":[{"href":"https:\/\/blogdobispo.com.br\/index.php?rest_route=\/wp\/v2\/posts"}],"about":[{"href":"https:\/\/blogdobispo.com.br\/index.php?rest_route=\/wp\/v2\/types\/post"}],"author":[{"embeddable":true,"href":"https:\/\/blogdobispo.com.br\/index.php?rest_route=\/wp\/v2\/users\/1"}],"replies":[{"embeddable":true,"href":"https:\/\/blogdobispo.com.br\/index.php?rest_route=%2Fwp%2Fv2%2Fcomments&post=5593"}],"version-history":[{"count":0,"href":"https:\/\/blogdobispo.com.br\/index.php?rest_route=\/wp\/v2\/posts\/5593\/revisions"}],"wp:attachment":[{"href":"https:\/\/blogdobispo.com.br\/index.php?rest_route=%2Fwp%2Fv2%2Fmedia&parent=5593"}],"wp:term":[{"taxonomy":"category","embeddable":true,"href":"https:\/\/blogdobispo.com.br\/index.php?rest_route=%2Fwp%2Fv2%2Fcategories&post=5593"},{"taxonomy":"post_tag","embeddable":true,"href":"https:\/\/blogdobispo.com.br\/index.php?rest_route=%2Fwp%2Fv2%2Ftags&post=5593"}],"curies":[{"name":"wp","href":"https:\/\/api.w.org\/{rel}","templated":true}]}}