{"id":5591,"date":"2025-06-12T17:06:13","date_gmt":"2025-06-12T17:06:13","guid":{"rendered":"https:\/\/blogdobispo.com.br\/?p=5591"},"modified":"2025-06-12T17:06:13","modified_gmt":"2025-06-12T17:06:13","slug":"camara-homenageia-21-personalidades-do-movimento-junino","status":"publish","type":"post","link":"https:\/\/blogdobispo.com.br\/?p=5591","title":{"rendered":"C\u00e2mara homenageia 21 personalidades do movimento junino"},"content":{"rendered":"\n<figure class=\"wp-block-image foto-noticia\"><img data-recalc-dims=\"1\" decoding=\"async\" src=\"https:\/\/i0.wp.com\/www.cmnat.rn.gov.br\/_ups\/noticias\/2025\/06\/12\/ae96969bfc35c4be3bad0c9fafa7565d.jpg?w=800&#038;ssl=1\" alt=\"\"\/><\/figure>\n\n\n\n<p>Em ritmo de S\u00e3o Jo\u00e3o, a C\u00e2mara Municipal de Natal realizou, nesta quarta-feira (11), sess\u00e3o solene de entrega da Comenda Marc\u00edlio Can\u00e1rio, uma homenagem a personalidades que se destacam na valoriza\u00e7\u00e3o e preserva\u00e7\u00e3o da cultura popular por meio das tradicionais quadrilhas juninas. A solenidade foi uma proposi\u00e7\u00e3o do vereador Herberth Sena (PV) e homenageou 21 pessoas, entre dan\u00e7arinos, int\u00e9rpretes, produtores culturais, fundadores de quadrilhas juninas e autoridades p\u00fablicas.<\/p>\n\n\n\n<p><br \/>O presidente da C\u00e2mara Municipal de Natal, vereador Eriko J\u00e1come (PP), que abriu a solenidade ao lado do propositor, ressaltou a import\u00e2ncia do reconhecimento institucional. \u201cHoje, a C\u00e2mara abre suas portas para receber aqueles que mant\u00eam viva a tradi\u00e7\u00e3o do S\u00e3o Jo\u00e3o e se destacam nas quadrilhas juninas. Nada melhor que a Casa do Povo entregar essa comenda pelos relevantes servi\u00e7os prestados \u00e0 cultura de Natal. Viva o S\u00e3o Jo\u00e3o\u201d, festejou.<\/p>\n\n\n\n<p><br \/>O vereador Herberth Sena destacou o simbolismo da comenda, que homenageia o legado de Marc\u00edlio Can\u00e1rio, fundador da quadrilha Barau\u00ea em 1981 e refer\u00eancia na renova\u00e7\u00e3o est\u00e9tica e cultural do S\u00e3o Jo\u00e3o potiguar. \u201c\u00c9 uma alegria, uma imensa satisfa\u00e7\u00e3o ver a C\u00e2mara lotada de quadrilheiros, presidentes de grupos e pessoas que verdadeiramente fazem o S\u00e3o Jo\u00e3o. Se hoje temos uma cultura t\u00e3o rica, com figurinos criativos e projetos estruturados, isso se deve a Marc\u00edlio, que inovou e permanece como inspira\u00e7\u00e3o\u201d, afirmou.<\/p>\n\n\n\n<p>Uma das homenageadas da noite, a secret\u00e1ria municipal de Cultura, Iracy Azevedo, emocionou-se ao falar sobre o impacto do artista que d\u00e1 nome \u00e0 comenda. \u201c\u00c9 a maior honraria que se pode receber nesse contexto, porque celebra um artista que modificou toda a estrutura de uma quadrilha. Ele inseriu teatro, dan\u00e7a, cenografia, coreografia. Transformou os sonhos em espet\u00e1culo\u201d, afirmou.<\/p>\n\n\n\n<p>Ao ser questionada sobre se a homenagem tamb\u00e9m representava um reconhecimento por sua atua\u00e7\u00e3o no S\u00e3o Jo\u00e3o de Natal, Iracy destacou o car\u00e1ter coletivo do trabalho realizado. \u201cEu posso at\u00e9 ser uma representante desse agradecimento, mas n\u00e3o sou merecedora sozinha. Esse \u00e9 um evento feito por muitas m\u00e3os, muitas cabe\u00e7as, tendo como maestro o prefeito Paulinho Freire. Eu sou apenas uma pe\u00e7a pequena dessa engrenagem enorme&#8221;, disse.<\/p>\n\n\n\n<p>A Comenda Marc\u00edlio Can\u00e1rio foi institu\u00edda pela C\u00e2mara Municipal de Natal como forma de reconhecer e homenagear pessoas que contribuem significativamente para o fortalecimento do movimento junino na cidade. A honraria leva o nome de um dos maiores \u00edcones da cultura junina potiguar. Conhecido por sua criatividade e inova\u00e7\u00e3o, Marc\u00edlio revolucionou o formato das quadrilhas estilizadas no Rio Grande do Norte, sendo respons\u00e1vel por elevar o padr\u00e3o art\u00edstico das apresenta\u00e7\u00f5es e inspirar novas gera\u00e7\u00f5es de quadrilheiros. A comenda celebra seu legado e refor\u00e7a o papel da cultura popular como patrim\u00f4nio imaterial da capital.<\/p>\n\n\n\n<p>Tamb\u00e9m participaram da solenidade os vereadores Daniel Santiago (PP), Th\u00e1bata Pimenta (PSOL) e T\u00e1rcio de Eudiane (Uni\u00e3o Brasil), que se juntaram \u00e0s homenagens em reconhecimento \u00e0 contribui\u00e7\u00e3o dos quadrilheiros e agentes culturais para a preserva\u00e7\u00e3o e valoriza\u00e7\u00e3o das tradi\u00e7\u00f5es juninas em Natal.<\/p>\n\n\n\n<p><br \/>Compuseram a mesa dos trabalhos o presidente da C\u00e2mara Municipal de Extremoz, Anderson Barbosa; o vice-prefeito de S\u00e3o Gon\u00e7alo do Amarante, Fl\u00e1vio Henrique; o deputado estadual Ubaldo Fernandes; o presidente da Liga de Quadrilhas Juninas do Rio Grande do Norte, Akailson Bezerril; e L\u00facio Rodrigues, representante da Funda\u00e7\u00e3o Jos\u00e9 Augusto.<\/p>\n\n\n\n<p>Texto: Ilana Albuquerque&nbsp;<br>Fotos: Ver\u00f4nica Macedo<\/p>\n","protected":false},"excerpt":{"rendered":"<p>Em ritmo de S\u00e3o Jo\u00e3o, a C\u00e2mara Municipal de Natal realizou, nesta quarta-feira (11), sess\u00e3o solene de entrega da Comenda Marc\u00edlio Can\u00e1rio, uma homenagem a personalidades que se destacam na valoriza\u00e7\u00e3o e preserva\u00e7\u00e3o da cultura popular por meio das tradicionais quadrilhas juninas. A solenidade foi uma proposi\u00e7\u00e3o do vereador Herberth Sena (PV) e homenageou 21 [&hellip;]<\/p>\n","protected":false},"author":1,"featured_media":0,"comment_status":"open","ping_status":"open","sticky":false,"template":"","format":"standard","meta":{"cybocfi_hide_featured_image":"","_jetpack_memberships_contains_paid_content":false,"footnotes":""},"categories":[1],"tags":[],"class_list":["post-5591","post","type-post","status-publish","format-standard","hentry","category-diversos"],"yoast_head":"<!-- This site is optimized with the Yoast SEO plugin v25.6 - https:\/\/yoast.com\/wordpress\/plugins\/seo\/ -->\n<title>C\u00e2mara homenageia 21 personalidades do movimento junino - Blog do Bispo<\/title>\n<meta name=\"robots\" content=\"index, follow, max-snippet:-1, max-image-preview:large, max-video-preview:-1\" \/>\n<link rel=\"canonical\" href=\"https:\/\/blogdobispo.com.br\/?p=5591\" \/>\n<meta property=\"og:locale\" content=\"pt_BR\" \/>\n<meta property=\"og:type\" content=\"article\" \/>\n<meta property=\"og:title\" content=\"C\u00e2mara homenageia 21 personalidades do movimento junino - Blog do Bispo\" \/>\n<meta property=\"og:description\" content=\"Em ritmo de S\u00e3o Jo\u00e3o, a C\u00e2mara Municipal de Natal realizou, nesta quarta-feira (11), sess\u00e3o solene de entrega da Comenda Marc\u00edlio Can\u00e1rio, uma homenagem a personalidades que se destacam na valoriza\u00e7\u00e3o e preserva\u00e7\u00e3o da cultura popular por meio das tradicionais quadrilhas juninas. A solenidade foi uma proposi\u00e7\u00e3o do vereador Herberth Sena (PV) e homenageou 21 [&hellip;]\" \/>\n<meta property=\"og:url\" content=\"https:\/\/blogdobispo.com.br\/?p=5591\" \/>\n<meta property=\"og:site_name\" content=\"Blog do Bispo\" \/>\n<meta property=\"article:published_time\" content=\"2025-06-12T17:06:13+00:00\" \/>\n<meta property=\"og:image\" content=\"https:\/\/www.cmnat.rn.gov.br\/_ups\/noticias\/2025\/06\/12\/ae96969bfc35c4be3bad0c9fafa7565d.jpg\" \/>\n<meta name=\"author\" content=\"Jefferson Sterfeno\" \/>\n<meta name=\"twitter:card\" content=\"summary_large_image\" \/>\n<meta name=\"twitter:label1\" content=\"Escrito por\" \/>\n\t<meta name=\"twitter:data1\" content=\"Jefferson Sterfeno\" \/>\n\t<meta name=\"twitter:label2\" content=\"Est. tempo de leitura\" \/>\n\t<meta name=\"twitter:data2\" content=\"3 minutos\" \/>\n<script type=\"application\/ld+json\" class=\"yoast-schema-graph\">{\"@context\":\"https:\/\/schema.org\",\"@graph\":[{\"@type\":\"Article\",\"@id\":\"https:\/\/blogdobispo.com.br\/?p=5591#article\",\"isPartOf\":{\"@id\":\"https:\/\/blogdobispo.com.br\/?p=5591\"},\"author\":{\"name\":\"Jefferson Sterfeno\",\"@id\":\"https:\/\/blogdobispo.com.br\/#\/schema\/person\/e2209cc0e6cea5c5233d033e997b373f\"},\"headline\":\"C\u00e2mara homenageia 21 personalidades do movimento junino\",\"datePublished\":\"2025-06-12T17:06:13+00:00\",\"mainEntityOfPage\":{\"@id\":\"https:\/\/blogdobispo.com.br\/?p=5591\"},\"wordCount\":613,\"commentCount\":0,\"publisher\":{\"@id\":\"https:\/\/blogdobispo.com.br\/#organization\"},\"image\":{\"@id\":\"https:\/\/blogdobispo.com.br\/?p=5591#primaryimage\"},\"thumbnailUrl\":\"https:\/\/www.cmnat.rn.gov.br\/_ups\/noticias\/2025\/06\/12\/ae96969bfc35c4be3bad0c9fafa7565d.jpg\",\"articleSection\":[\"diversos\"],\"inLanguage\":\"pt-BR\",\"potentialAction\":[{\"@type\":\"CommentAction\",\"name\":\"Comment\",\"target\":[\"https:\/\/blogdobispo.com.br\/?p=5591#respond\"]}]},{\"@type\":\"WebPage\",\"@id\":\"https:\/\/blogdobispo.com.br\/?p=5591\",\"url\":\"https:\/\/blogdobispo.com.br\/?p=5591\",\"name\":\"C\u00e2mara homenageia 21 personalidades do movimento junino - Blog do Bispo\",\"isPartOf\":{\"@id\":\"https:\/\/blogdobispo.com.br\/#website\"},\"primaryImageOfPage\":{\"@id\":\"https:\/\/blogdobispo.com.br\/?p=5591#primaryimage\"},\"image\":{\"@id\":\"https:\/\/blogdobispo.com.br\/?p=5591#primaryimage\"},\"thumbnailUrl\":\"https:\/\/www.cmnat.rn.gov.br\/_ups\/noticias\/2025\/06\/12\/ae96969bfc35c4be3bad0c9fafa7565d.jpg\",\"datePublished\":\"2025-06-12T17:06:13+00:00\",\"breadcrumb\":{\"@id\":\"https:\/\/blogdobispo.com.br\/?p=5591#breadcrumb\"},\"inLanguage\":\"pt-BR\",\"potentialAction\":[{\"@type\":\"ReadAction\",\"target\":[\"https:\/\/blogdobispo.com.br\/?p=5591\"]}]},{\"@type\":\"ImageObject\",\"inLanguage\":\"pt-BR\",\"@id\":\"https:\/\/blogdobispo.com.br\/?p=5591#primaryimage\",\"url\":\"https:\/\/www.cmnat.rn.gov.br\/_ups\/noticias\/2025\/06\/12\/ae96969bfc35c4be3bad0c9fafa7565d.jpg\",\"contentUrl\":\"https:\/\/www.cmnat.rn.gov.br\/_ups\/noticias\/2025\/06\/12\/ae96969bfc35c4be3bad0c9fafa7565d.jpg\"},{\"@type\":\"BreadcrumbList\",\"@id\":\"https:\/\/blogdobispo.com.br\/?p=5591#breadcrumb\",\"itemListElement\":[{\"@type\":\"ListItem\",\"position\":1,\"name\":\"In\u00edcio\",\"item\":\"https:\/\/blogdobispo.com.br\/\"},{\"@type\":\"ListItem\",\"position\":2,\"name\":\"C\u00e2mara homenageia 21 personalidades do movimento junino\"}]},{\"@type\":\"WebSite\",\"@id\":\"https:\/\/blogdobispo.com.br\/#website\",\"url\":\"https:\/\/blogdobispo.com.br\/\",\"name\":\"Blog do Bispo\",\"description\":\"Comprometido apenas com o leitor\",\"publisher\":{\"@id\":\"https:\/\/blogdobispo.com.br\/#organization\"},\"potentialAction\":[{\"@type\":\"SearchAction\",\"target\":{\"@type\":\"EntryPoint\",\"urlTemplate\":\"https:\/\/blogdobispo.com.br\/?s={search_term_string}\"},\"query-input\":{\"@type\":\"PropertyValueSpecification\",\"valueRequired\":true,\"valueName\":\"search_term_string\"}}],\"inLanguage\":\"pt-BR\"},{\"@type\":\"Organization\",\"@id\":\"https:\/\/blogdobispo.com.br\/#organization\",\"name\":\"Blog do Bispo\",\"url\":\"https:\/\/blogdobispo.com.br\/\",\"logo\":{\"@type\":\"ImageObject\",\"inLanguage\":\"pt-BR\",\"@id\":\"https:\/\/blogdobispo.com.br\/#\/schema\/logo\/image\/\",\"url\":\"http:\/\/blogdobispo.com.br\/wp-content\/uploads\/2023\/05\/cropped-headear.png\",\"contentUrl\":\"http:\/\/blogdobispo.com.br\/wp-content\/uploads\/2023\/05\/cropped-headear.png\",\"width\":1500,\"height\":399,\"caption\":\"Blog do Bispo\"},\"image\":{\"@id\":\"https:\/\/blogdobispo.com.br\/#\/schema\/logo\/image\/\"}},{\"@type\":\"Person\",\"@id\":\"https:\/\/blogdobispo.com.br\/#\/schema\/person\/e2209cc0e6cea5c5233d033e997b373f\",\"name\":\"Jefferson Sterfeno\",\"image\":{\"@type\":\"ImageObject\",\"inLanguage\":\"pt-BR\",\"@id\":\"https:\/\/blogdobispo.com.br\/#\/schema\/person\/image\/\",\"url\":\"https:\/\/secure.gravatar.com\/avatar\/0534e84764641168a677026b6d57a3f51dc7ac4db0b4f6186d9cb330d4ee1160?s=96&d=mm&r=g\",\"contentUrl\":\"https:\/\/secure.gravatar.com\/avatar\/0534e84764641168a677026b6d57a3f51dc7ac4db0b4f6186d9cb330d4ee1160?s=96&d=mm&r=g\",\"caption\":\"Jefferson Sterfeno\"},\"sameAs\":[\"http:\/\/blogdobispo.com.br\"],\"url\":\"https:\/\/blogdobispo.com.br\/?author=1\"}]}<\/script>\n<!-- \/ Yoast SEO plugin. -->","yoast_head_json":{"title":"C\u00e2mara homenageia 21 personalidades do movimento junino - Blog do Bispo","robots":{"index":"index","follow":"follow","max-snippet":"max-snippet:-1","max-image-preview":"max-image-preview:large","max-video-preview":"max-video-preview:-1"},"canonical":"https:\/\/blogdobispo.com.br\/?p=5591","og_locale":"pt_BR","og_type":"article","og_title":"C\u00e2mara homenageia 21 personalidades do movimento junino - Blog do Bispo","og_description":"Em ritmo de S\u00e3o Jo\u00e3o, a C\u00e2mara Municipal de Natal realizou, nesta quarta-feira (11), sess\u00e3o solene de entrega da Comenda Marc\u00edlio Can\u00e1rio, uma homenagem a personalidades que se destacam na valoriza\u00e7\u00e3o e preserva\u00e7\u00e3o da cultura popular por meio das tradicionais quadrilhas juninas. A solenidade foi uma proposi\u00e7\u00e3o do vereador Herberth Sena (PV) e homenageou 21 [&hellip;]","og_url":"https:\/\/blogdobispo.com.br\/?p=5591","og_site_name":"Blog do Bispo","article_published_time":"2025-06-12T17:06:13+00:00","og_image":[{"url":"https:\/\/www.cmnat.rn.gov.br\/_ups\/noticias\/2025\/06\/12\/ae96969bfc35c4be3bad0c9fafa7565d.jpg","type":"","width":"","height":""}],"author":"Jefferson Sterfeno","twitter_card":"summary_large_image","twitter_misc":{"Escrito por":"Jefferson Sterfeno","Est. tempo de leitura":"3 minutos"},"schema":{"@context":"https:\/\/schema.org","@graph":[{"@type":"Article","@id":"https:\/\/blogdobispo.com.br\/?p=5591#article","isPartOf":{"@id":"https:\/\/blogdobispo.com.br\/?p=5591"},"author":{"name":"Jefferson Sterfeno","@id":"https:\/\/blogdobispo.com.br\/#\/schema\/person\/e2209cc0e6cea5c5233d033e997b373f"},"headline":"C\u00e2mara homenageia 21 personalidades do movimento junino","datePublished":"2025-06-12T17:06:13+00:00","mainEntityOfPage":{"@id":"https:\/\/blogdobispo.com.br\/?p=5591"},"wordCount":613,"commentCount":0,"publisher":{"@id":"https:\/\/blogdobispo.com.br\/#organization"},"image":{"@id":"https:\/\/blogdobispo.com.br\/?p=5591#primaryimage"},"thumbnailUrl":"https:\/\/www.cmnat.rn.gov.br\/_ups\/noticias\/2025\/06\/12\/ae96969bfc35c4be3bad0c9fafa7565d.jpg","articleSection":["diversos"],"inLanguage":"pt-BR","potentialAction":[{"@type":"CommentAction","name":"Comment","target":["https:\/\/blogdobispo.com.br\/?p=5591#respond"]}]},{"@type":"WebPage","@id":"https:\/\/blogdobispo.com.br\/?p=5591","url":"https:\/\/blogdobispo.com.br\/?p=5591","name":"C\u00e2mara homenageia 21 personalidades do movimento junino - Blog do Bispo","isPartOf":{"@id":"https:\/\/blogdobispo.com.br\/#website"},"primaryImageOfPage":{"@id":"https:\/\/blogdobispo.com.br\/?p=5591#primaryimage"},"image":{"@id":"https:\/\/blogdobispo.com.br\/?p=5591#primaryimage"},"thumbnailUrl":"https:\/\/www.cmnat.rn.gov.br\/_ups\/noticias\/2025\/06\/12\/ae96969bfc35c4be3bad0c9fafa7565d.jpg","datePublished":"2025-06-12T17:06:13+00:00","breadcrumb":{"@id":"https:\/\/blogdobispo.com.br\/?p=5591#breadcrumb"},"inLanguage":"pt-BR","potentialAction":[{"@type":"ReadAction","target":["https:\/\/blogdobispo.com.br\/?p=5591"]}]},{"@type":"ImageObject","inLanguage":"pt-BR","@id":"https:\/\/blogdobispo.com.br\/?p=5591#primaryimage","url":"https:\/\/www.cmnat.rn.gov.br\/_ups\/noticias\/2025\/06\/12\/ae96969bfc35c4be3bad0c9fafa7565d.jpg","contentUrl":"https:\/\/www.cmnat.rn.gov.br\/_ups\/noticias\/2025\/06\/12\/ae96969bfc35c4be3bad0c9fafa7565d.jpg"},{"@type":"BreadcrumbList","@id":"https:\/\/blogdobispo.com.br\/?p=5591#breadcrumb","itemListElement":[{"@type":"ListItem","position":1,"name":"In\u00edcio","item":"https:\/\/blogdobispo.com.br\/"},{"@type":"ListItem","position":2,"name":"C\u00e2mara homenageia 21 personalidades do movimento junino"}]},{"@type":"WebSite","@id":"https:\/\/blogdobispo.com.br\/#website","url":"https:\/\/blogdobispo.com.br\/","name":"Blog do Bispo","description":"Comprometido apenas com o leitor","publisher":{"@id":"https:\/\/blogdobispo.com.br\/#organization"},"potentialAction":[{"@type":"SearchAction","target":{"@type":"EntryPoint","urlTemplate":"https:\/\/blogdobispo.com.br\/?s={search_term_string}"},"query-input":{"@type":"PropertyValueSpecification","valueRequired":true,"valueName":"search_term_string"}}],"inLanguage":"pt-BR"},{"@type":"Organization","@id":"https:\/\/blogdobispo.com.br\/#organization","name":"Blog do Bispo","url":"https:\/\/blogdobispo.com.br\/","logo":{"@type":"ImageObject","inLanguage":"pt-BR","@id":"https:\/\/blogdobispo.com.br\/#\/schema\/logo\/image\/","url":"http:\/\/blogdobispo.com.br\/wp-content\/uploads\/2023\/05\/cropped-headear.png","contentUrl":"http:\/\/blogdobispo.com.br\/wp-content\/uploads\/2023\/05\/cropped-headear.png","width":1500,"height":399,"caption":"Blog do Bispo"},"image":{"@id":"https:\/\/blogdobispo.com.br\/#\/schema\/logo\/image\/"}},{"@type":"Person","@id":"https:\/\/blogdobispo.com.br\/#\/schema\/person\/e2209cc0e6cea5c5233d033e997b373f","name":"Jefferson Sterfeno","image":{"@type":"ImageObject","inLanguage":"pt-BR","@id":"https:\/\/blogdobispo.com.br\/#\/schema\/person\/image\/","url":"https:\/\/secure.gravatar.com\/avatar\/0534e84764641168a677026b6d57a3f51dc7ac4db0b4f6186d9cb330d4ee1160?s=96&d=mm&r=g","contentUrl":"https:\/\/secure.gravatar.com\/avatar\/0534e84764641168a677026b6d57a3f51dc7ac4db0b4f6186d9cb330d4ee1160?s=96&d=mm&r=g","caption":"Jefferson Sterfeno"},"sameAs":["http:\/\/blogdobispo.com.br"],"url":"https:\/\/blogdobispo.com.br\/?author=1"}]}},"featured_image_urls":{"full":"","thumbnail":"","medium":"","medium_large":"","large":"","1536x1536":"","2048x2048":""},"author_info":{"display_name":"Jefferson Sterfeno","author_link":"https:\/\/blogdobispo.com.br\/?author=1"},"category_info":"<a href=\"https:\/\/blogdobispo.com.br\/?cat=1\" rel=\"category\">diversos<\/a>","tag_info":"diversos","comment_count":"0","jetpack_featured_media_url":"","jetpack_sharing_enabled":true,"_links":{"self":[{"href":"https:\/\/blogdobispo.com.br\/index.php?rest_route=\/wp\/v2\/posts\/5591","targetHints":{"allow":["GET"]}}],"collection":[{"href":"https:\/\/blogdobispo.com.br\/index.php?rest_route=\/wp\/v2\/posts"}],"about":[{"href":"https:\/\/blogdobispo.com.br\/index.php?rest_route=\/wp\/v2\/types\/post"}],"author":[{"embeddable":true,"href":"https:\/\/blogdobispo.com.br\/index.php?rest_route=\/wp\/v2\/users\/1"}],"replies":[{"embeddable":true,"href":"https:\/\/blogdobispo.com.br\/index.php?rest_route=%2Fwp%2Fv2%2Fcomments&post=5591"}],"version-history":[{"count":0,"href":"https:\/\/blogdobispo.com.br\/index.php?rest_route=\/wp\/v2\/posts\/5591\/revisions"}],"wp:attachment":[{"href":"https:\/\/blogdobispo.com.br\/index.php?rest_route=%2Fwp%2Fv2%2Fmedia&parent=5591"}],"wp:term":[{"taxonomy":"category","embeddable":true,"href":"https:\/\/blogdobispo.com.br\/index.php?rest_route=%2Fwp%2Fv2%2Fcategories&post=5591"},{"taxonomy":"post_tag","embeddable":true,"href":"https:\/\/blogdobispo.com.br\/index.php?rest_route=%2Fwp%2Fv2%2Ftags&post=5591"}],"curies":[{"name":"wp","href":"https:\/\/api.w.org\/{rel}","templated":true}]}}