{"id":5589,"date":"2025-06-11T18:16:26","date_gmt":"2025-06-11T18:16:26","guid":{"rendered":"https:\/\/blogdobispo.com.br\/?p=5589"},"modified":"2025-07-28T18:03:55","modified_gmt":"2025-07-28T18:03:55","slug":"governo-do-rn-lanca-time-do-coracao-nova-fase-da-campanha-nota-potiguar-de-apoio-ao-futebol-estadual","status":"publish","type":"post","link":"https:\/\/blogdobispo.com.br\/?p=5589","title":{"rendered":"ALRN lan\u00e7a cartilha orientando respons\u00e1veis sobre os desafios da Adolesc\u00eancia"},"content":{"rendered":"\n<p>A Assembleia Legislativa do Rio Grande do Norte (ALRN) lan\u00e7a oficialmente nesta ter\u00e7a-feira (10) uma cartilha educativa que integra a nova campanha institucional do Parlamento Potiguar voltada \u00e0 Adolesc\u00eancia. A publica\u00e7\u00e3o tem como objetivo oferecer informa\u00e7\u00f5es acess\u00edveis e orienta\u00e7\u00f5es pr\u00e1ticas para pais, respons\u00e1veis e educadores sobre como lidar com os desafios contempor\u00e2neos enfrentados pelos adolescentes \u2014 especialmente em um cen\u00e1rio cada vez mais digitalizado.<\/p>\n\n\n\n<p>A cartilha aborda temas sens\u00edveis e urgentes, como os impactos do uso excessivo das redes sociais, o cyberbullying, a press\u00e3o est\u00e9tica, os desafios virtuais perigosos, e os sinais de alerta para quest\u00f5es relacionadas \u00e0 sa\u00fade mental. Traz ainda dicas pr\u00e1ticas para a conviv\u00eancia familiar, a import\u00e2ncia de estabelecer limites no uso de telas, e o papel essencial das escolas como rede de apoio.<\/p>\n\n\n\n<p>Para o presidente da ALRN e idealizador da campanha, deputado Ezequiel Ferreira (PSDB), a publica\u00e7\u00e3o representa mais um passo no compromisso da Assembleia com a promo\u00e7\u00e3o do bem-estar das fam\u00edlias potiguares. \u201cA cartilha \u00e9 uma ferramenta de orienta\u00e7\u00e3o e acolhimento. Queremos fortalecer o v\u00ednculo entre pais e filhos, promover a escuta, e oferecer informa\u00e7\u00f5es claras para enfrentar os desafios que a adolesc\u00eancia imp\u00f5e hoje, especialmente no ambiente digital. A Assembleia Legislativa cumpre seu papel ao levar esse tema para toda a sociedade, contribuindo para a constru\u00e7\u00e3o de uma gera\u00e7\u00e3o mais consciente, protegida e amparada\u201d, destacou o parlamentar.<\/p>\n\n\n\n<p>Al\u00e9m do conte\u00fado informativo, a cartilha tamb\u00e9m refor\u00e7a leis estaduais j\u00e1 em vigor que tratam de temas como combate ao bullying, preven\u00e7\u00e3o ao suic\u00eddio e \u00e0 automutila\u00e7\u00e3o, ass\u00e9dio nas escolas e depend\u00eancia tecnol\u00f3gica. Com uma linguagem clara e direta, o material foi pensado para alcan\u00e7ar n\u00e3o apenas os adultos, mas tamb\u00e9m os pr\u00f3prios adolescentes, que podem encontrar na publica\u00e7\u00e3o um canal de acolhimento e informa\u00e7\u00e3o.<\/p>\n\n\n\n<p>A campanha institucional, que tem como tema \u201cAdolesc\u00eancia: Acompanhe, compreenda, acolha\u201d pretende sensibilizar para a import\u00e2ncia do cuidado integral com os jovens, estimulando pol\u00edticas p\u00fablicas eficazes e a\u00e7\u00f5es preventivas.<\/p>\n\n\n\n<p>A cartilha est\u00e1 dispon\u00edvel para consulta e download no portal da ALRN, no endere\u00e7o:&nbsp;<a href=\"https:\/\/www.al.rn.leg.br\/campanha_adolescencia\">www.al.rn.leg.br\/campanha_adolescencia&nbsp;<\/a><\/p>\n\n\n\n<figure class=\"wp-block-image\"><img data-recalc-dims=\"1\" fetchpriority=\"high\" decoding=\"async\" width=\"800\" height=\"532\" src=\"https:\/\/i0.wp.com\/blogdobispo.com.br\/wp-content\/uploads\/2025\/06\/OFBkhxhVrU1T3PnGIVf6tZLgJGCwLV25JFBayDJA-scaled.jpg?resize=800%2C532\" alt=\"\" class=\"wp-image-6170\" srcset=\"https:\/\/i0.wp.com\/blogdobispo.com.br\/wp-content\/uploads\/2025\/06\/OFBkhxhVrU1T3PnGIVf6tZLgJGCwLV25JFBayDJA-scaled.jpg?w=2560&amp;ssl=1 2560w, https:\/\/i0.wp.com\/blogdobispo.com.br\/wp-content\/uploads\/2025\/06\/OFBkhxhVrU1T3PnGIVf6tZLgJGCwLV25JFBayDJA-scaled.jpg?resize=300%2C200&amp;ssl=1 300w, https:\/\/i0.wp.com\/blogdobispo.com.br\/wp-content\/uploads\/2025\/06\/OFBkhxhVrU1T3PnGIVf6tZLgJGCwLV25JFBayDJA-scaled.jpg?resize=1024%2C681&amp;ssl=1 1024w, https:\/\/i0.wp.com\/blogdobispo.com.br\/wp-content\/uploads\/2025\/06\/OFBkhxhVrU1T3PnGIVf6tZLgJGCwLV25JFBayDJA-scaled.jpg?resize=768%2C511&amp;ssl=1 768w, https:\/\/i0.wp.com\/blogdobispo.com.br\/wp-content\/uploads\/2025\/06\/OFBkhxhVrU1T3PnGIVf6tZLgJGCwLV25JFBayDJA-scaled.jpg?resize=1536%2C1022&amp;ssl=1 1536w, https:\/\/i0.wp.com\/blogdobispo.com.br\/wp-content\/uploads\/2025\/06\/OFBkhxhVrU1T3PnGIVf6tZLgJGCwLV25JFBayDJA-scaled.jpg?resize=2048%2C1363&amp;ssl=1 2048w, https:\/\/i0.wp.com\/blogdobispo.com.br\/wp-content\/uploads\/2025\/06\/OFBkhxhVrU1T3PnGIVf6tZLgJGCwLV25JFBayDJA-scaled.jpg?w=1600 1600w, https:\/\/i0.wp.com\/blogdobispo.com.br\/wp-content\/uploads\/2025\/06\/OFBkhxhVrU1T3PnGIVf6tZLgJGCwLV25JFBayDJA-scaled.jpg?w=2400 2400w\" sizes=\"(max-width: 800px) 100vw, 800px\" \/><\/figure>\n","protected":false},"excerpt":{"rendered":"<p>A Assembleia Legislativa do Rio Grande do Norte (ALRN) lan\u00e7a oficialmente nesta ter\u00e7a-feira (10) uma cartilha educativa que integra a nova campanha institucional do Parlamento Potiguar voltada \u00e0 Adolesc\u00eancia. A publica\u00e7\u00e3o tem como objetivo oferecer informa\u00e7\u00f5es acess\u00edveis e orienta\u00e7\u00f5es pr\u00e1ticas para pais, respons\u00e1veis e educadores sobre como lidar com os desafios contempor\u00e2neos enfrentados pelos adolescentes [&hellip;]<\/p>\n","protected":false},"author":1,"featured_media":0,"comment_status":"open","ping_status":"open","sticky":false,"template":"","format":"standard","meta":{"cybocfi_hide_featured_image":"","_jetpack_memberships_contains_paid_content":false,"footnotes":""},"categories":[1],"tags":[],"class_list":["post-5589","post","type-post","status-publish","format-standard","hentry","category-diversos"],"yoast_head":"<!-- This site is optimized with the Yoast SEO plugin v25.6 - https:\/\/yoast.com\/wordpress\/plugins\/seo\/ -->\n<title>ALRN lan\u00e7a cartilha orientando respons\u00e1veis sobre os desafios da Adolesc\u00eancia - Blog do Bispo<\/title>\n<meta name=\"robots\" content=\"index, follow, max-snippet:-1, max-image-preview:large, max-video-preview:-1\" \/>\n<link rel=\"canonical\" href=\"https:\/\/blogdobispo.com.br\/?p=5589\" \/>\n<meta property=\"og:locale\" content=\"pt_BR\" \/>\n<meta property=\"og:type\" content=\"article\" \/>\n<meta property=\"og:title\" content=\"ALRN lan\u00e7a cartilha orientando respons\u00e1veis sobre os desafios da Adolesc\u00eancia - Blog do Bispo\" \/>\n<meta property=\"og:description\" content=\"A Assembleia Legislativa do Rio Grande do Norte (ALRN) lan\u00e7a oficialmente nesta ter\u00e7a-feira (10) uma cartilha educativa que integra a nova campanha institucional do Parlamento Potiguar voltada \u00e0 Adolesc\u00eancia. A publica\u00e7\u00e3o tem como objetivo oferecer informa\u00e7\u00f5es acess\u00edveis e orienta\u00e7\u00f5es pr\u00e1ticas para pais, respons\u00e1veis e educadores sobre como lidar com os desafios contempor\u00e2neos enfrentados pelos adolescentes [&hellip;]\" \/>\n<meta property=\"og:url\" content=\"https:\/\/blogdobispo.com.br\/?p=5589\" \/>\n<meta property=\"og:site_name\" content=\"Blog do Bispo\" \/>\n<meta property=\"article:published_time\" content=\"2025-06-11T18:16:26+00:00\" \/>\n<meta property=\"article:modified_time\" content=\"2025-07-28T18:03:55+00:00\" \/>\n<meta property=\"og:image\" content=\"http:\/\/blogdobispo.com.br\/wp-content\/uploads\/2025\/06\/OFBkhxhVrU1T3PnGIVf6tZLgJGCwLV25JFBayDJA-scaled.jpg\" \/>\n<meta name=\"author\" content=\"Jefferson Sterfeno\" \/>\n<meta name=\"twitter:card\" content=\"summary_large_image\" \/>\n<meta name=\"twitter:label1\" content=\"Escrito por\" \/>\n\t<meta name=\"twitter:data1\" content=\"Jefferson Sterfeno\" \/>\n\t<meta name=\"twitter:label2\" content=\"Est. tempo de leitura\" \/>\n\t<meta name=\"twitter:data2\" content=\"3 minutos\" \/>\n<script type=\"application\/ld+json\" class=\"yoast-schema-graph\">{\"@context\":\"https:\/\/schema.org\",\"@graph\":[{\"@type\":\"Article\",\"@id\":\"https:\/\/blogdobispo.com.br\/?p=5589#article\",\"isPartOf\":{\"@id\":\"https:\/\/blogdobispo.com.br\/?p=5589\"},\"author\":{\"name\":\"Jefferson Sterfeno\",\"@id\":\"https:\/\/blogdobispo.com.br\/#\/schema\/person\/e2209cc0e6cea5c5233d033e997b373f\"},\"headline\":\"ALRN lan\u00e7a cartilha orientando respons\u00e1veis sobre os desafios da Adolesc\u00eancia\",\"datePublished\":\"2025-06-11T18:16:26+00:00\",\"dateModified\":\"2025-07-28T18:03:55+00:00\",\"mainEntityOfPage\":{\"@id\":\"https:\/\/blogdobispo.com.br\/?p=5589\"},\"wordCount\":400,\"commentCount\":0,\"publisher\":{\"@id\":\"https:\/\/blogdobispo.com.br\/#organization\"},\"image\":{\"@id\":\"https:\/\/blogdobispo.com.br\/?p=5589#primaryimage\"},\"thumbnailUrl\":\"http:\/\/blogdobispo.com.br\/wp-content\/uploads\/2025\/06\/OFBkhxhVrU1T3PnGIVf6tZLgJGCwLV25JFBayDJA-scaled.jpg\",\"articleSection\":[\"diversos\"],\"inLanguage\":\"pt-BR\",\"potentialAction\":[{\"@type\":\"CommentAction\",\"name\":\"Comment\",\"target\":[\"https:\/\/blogdobispo.com.br\/?p=5589#respond\"]}]},{\"@type\":\"WebPage\",\"@id\":\"https:\/\/blogdobispo.com.br\/?p=5589\",\"url\":\"https:\/\/blogdobispo.com.br\/?p=5589\",\"name\":\"ALRN lan\u00e7a cartilha orientando respons\u00e1veis sobre os desafios da Adolesc\u00eancia - Blog do Bispo\",\"isPartOf\":{\"@id\":\"https:\/\/blogdobispo.com.br\/#website\"},\"primaryImageOfPage\":{\"@id\":\"https:\/\/blogdobispo.com.br\/?p=5589#primaryimage\"},\"image\":{\"@id\":\"https:\/\/blogdobispo.com.br\/?p=5589#primaryimage\"},\"thumbnailUrl\":\"http:\/\/blogdobispo.com.br\/wp-content\/uploads\/2025\/06\/OFBkhxhVrU1T3PnGIVf6tZLgJGCwLV25JFBayDJA-scaled.jpg\",\"datePublished\":\"2025-06-11T18:16:26+00:00\",\"dateModified\":\"2025-07-28T18:03:55+00:00\",\"breadcrumb\":{\"@id\":\"https:\/\/blogdobispo.com.br\/?p=5589#breadcrumb\"},\"inLanguage\":\"pt-BR\",\"potentialAction\":[{\"@type\":\"ReadAction\",\"target\":[\"https:\/\/blogdobispo.com.br\/?p=5589\"]}]},{\"@type\":\"ImageObject\",\"inLanguage\":\"pt-BR\",\"@id\":\"https:\/\/blogdobispo.com.br\/?p=5589#primaryimage\",\"url\":\"https:\/\/i0.wp.com\/blogdobispo.com.br\/wp-content\/uploads\/2025\/06\/OFBkhxhVrU1T3PnGIVf6tZLgJGCwLV25JFBayDJA-scaled.jpg?fit=2560%2C1703&ssl=1\",\"contentUrl\":\"https:\/\/i0.wp.com\/blogdobispo.com.br\/wp-content\/uploads\/2025\/06\/OFBkhxhVrU1T3PnGIVf6tZLgJGCwLV25JFBayDJA-scaled.jpg?fit=2560%2C1703&ssl=1\",\"width\":2560,\"height\":1703},{\"@type\":\"BreadcrumbList\",\"@id\":\"https:\/\/blogdobispo.com.br\/?p=5589#breadcrumb\",\"itemListElement\":[{\"@type\":\"ListItem\",\"position\":1,\"name\":\"In\u00edcio\",\"item\":\"https:\/\/blogdobispo.com.br\/\"},{\"@type\":\"ListItem\",\"position\":2,\"name\":\"ALRN lan\u00e7a cartilha orientando respons\u00e1veis sobre os desafios da Adolesc\u00eancia\"}]},{\"@type\":\"WebSite\",\"@id\":\"https:\/\/blogdobispo.com.br\/#website\",\"url\":\"https:\/\/blogdobispo.com.br\/\",\"name\":\"Blog do Bispo\",\"description\":\"Comprometido apenas com o leitor\",\"publisher\":{\"@id\":\"https:\/\/blogdobispo.com.br\/#organization\"},\"potentialAction\":[{\"@type\":\"SearchAction\",\"target\":{\"@type\":\"EntryPoint\",\"urlTemplate\":\"https:\/\/blogdobispo.com.br\/?s={search_term_string}\"},\"query-input\":{\"@type\":\"PropertyValueSpecification\",\"valueRequired\":true,\"valueName\":\"search_term_string\"}}],\"inLanguage\":\"pt-BR\"},{\"@type\":\"Organization\",\"@id\":\"https:\/\/blogdobispo.com.br\/#organization\",\"name\":\"Blog do Bispo\",\"url\":\"https:\/\/blogdobispo.com.br\/\",\"logo\":{\"@type\":\"ImageObject\",\"inLanguage\":\"pt-BR\",\"@id\":\"https:\/\/blogdobispo.com.br\/#\/schema\/logo\/image\/\",\"url\":\"http:\/\/blogdobispo.com.br\/wp-content\/uploads\/2023\/05\/cropped-headear.png\",\"contentUrl\":\"http:\/\/blogdobispo.com.br\/wp-content\/uploads\/2023\/05\/cropped-headear.png\",\"width\":1500,\"height\":399,\"caption\":\"Blog do Bispo\"},\"image\":{\"@id\":\"https:\/\/blogdobispo.com.br\/#\/schema\/logo\/image\/\"}},{\"@type\":\"Person\",\"@id\":\"https:\/\/blogdobispo.com.br\/#\/schema\/person\/e2209cc0e6cea5c5233d033e997b373f\",\"name\":\"Jefferson Sterfeno\",\"image\":{\"@type\":\"ImageObject\",\"inLanguage\":\"pt-BR\",\"@id\":\"https:\/\/blogdobispo.com.br\/#\/schema\/person\/image\/\",\"url\":\"https:\/\/secure.gravatar.com\/avatar\/0534e84764641168a677026b6d57a3f51dc7ac4db0b4f6186d9cb330d4ee1160?s=96&d=mm&r=g\",\"contentUrl\":\"https:\/\/secure.gravatar.com\/avatar\/0534e84764641168a677026b6d57a3f51dc7ac4db0b4f6186d9cb330d4ee1160?s=96&d=mm&r=g\",\"caption\":\"Jefferson Sterfeno\"},\"sameAs\":[\"http:\/\/blogdobispo.com.br\"],\"url\":\"https:\/\/blogdobispo.com.br\/?author=1\"}]}<\/script>\n<!-- \/ Yoast SEO plugin. -->","yoast_head_json":{"title":"ALRN lan\u00e7a cartilha orientando respons\u00e1veis sobre os desafios da Adolesc\u00eancia - Blog do Bispo","robots":{"index":"index","follow":"follow","max-snippet":"max-snippet:-1","max-image-preview":"max-image-preview:large","max-video-preview":"max-video-preview:-1"},"canonical":"https:\/\/blogdobispo.com.br\/?p=5589","og_locale":"pt_BR","og_type":"article","og_title":"ALRN lan\u00e7a cartilha orientando respons\u00e1veis sobre os desafios da Adolesc\u00eancia - Blog do Bispo","og_description":"A Assembleia Legislativa do Rio Grande do Norte (ALRN) lan\u00e7a oficialmente nesta ter\u00e7a-feira (10) uma cartilha educativa que integra a nova campanha institucional do Parlamento Potiguar voltada \u00e0 Adolesc\u00eancia. A publica\u00e7\u00e3o tem como objetivo oferecer informa\u00e7\u00f5es acess\u00edveis e orienta\u00e7\u00f5es pr\u00e1ticas para pais, respons\u00e1veis e educadores sobre como lidar com os desafios contempor\u00e2neos enfrentados pelos adolescentes [&hellip;]","og_url":"https:\/\/blogdobispo.com.br\/?p=5589","og_site_name":"Blog do Bispo","article_published_time":"2025-06-11T18:16:26+00:00","article_modified_time":"2025-07-28T18:03:55+00:00","og_image":[{"url":"http:\/\/blogdobispo.com.br\/wp-content\/uploads\/2025\/06\/OFBkhxhVrU1T3PnGIVf6tZLgJGCwLV25JFBayDJA-scaled.jpg","type":"","width":"","height":""}],"author":"Jefferson Sterfeno","twitter_card":"summary_large_image","twitter_misc":{"Escrito por":"Jefferson Sterfeno","Est. tempo de leitura":"3 minutos"},"schema":{"@context":"https:\/\/schema.org","@graph":[{"@type":"Article","@id":"https:\/\/blogdobispo.com.br\/?p=5589#article","isPartOf":{"@id":"https:\/\/blogdobispo.com.br\/?p=5589"},"author":{"name":"Jefferson Sterfeno","@id":"https:\/\/blogdobispo.com.br\/#\/schema\/person\/e2209cc0e6cea5c5233d033e997b373f"},"headline":"ALRN lan\u00e7a cartilha orientando respons\u00e1veis sobre os desafios da Adolesc\u00eancia","datePublished":"2025-06-11T18:16:26+00:00","dateModified":"2025-07-28T18:03:55+00:00","mainEntityOfPage":{"@id":"https:\/\/blogdobispo.com.br\/?p=5589"},"wordCount":400,"commentCount":0,"publisher":{"@id":"https:\/\/blogdobispo.com.br\/#organization"},"image":{"@id":"https:\/\/blogdobispo.com.br\/?p=5589#primaryimage"},"thumbnailUrl":"http:\/\/blogdobispo.com.br\/wp-content\/uploads\/2025\/06\/OFBkhxhVrU1T3PnGIVf6tZLgJGCwLV25JFBayDJA-scaled.jpg","articleSection":["diversos"],"inLanguage":"pt-BR","potentialAction":[{"@type":"CommentAction","name":"Comment","target":["https:\/\/blogdobispo.com.br\/?p=5589#respond"]}]},{"@type":"WebPage","@id":"https:\/\/blogdobispo.com.br\/?p=5589","url":"https:\/\/blogdobispo.com.br\/?p=5589","name":"ALRN lan\u00e7a cartilha orientando respons\u00e1veis sobre os desafios da Adolesc\u00eancia - Blog do Bispo","isPartOf":{"@id":"https:\/\/blogdobispo.com.br\/#website"},"primaryImageOfPage":{"@id":"https:\/\/blogdobispo.com.br\/?p=5589#primaryimage"},"image":{"@id":"https:\/\/blogdobispo.com.br\/?p=5589#primaryimage"},"thumbnailUrl":"http:\/\/blogdobispo.com.br\/wp-content\/uploads\/2025\/06\/OFBkhxhVrU1T3PnGIVf6tZLgJGCwLV25JFBayDJA-scaled.jpg","datePublished":"2025-06-11T18:16:26+00:00","dateModified":"2025-07-28T18:03:55+00:00","breadcrumb":{"@id":"https:\/\/blogdobispo.com.br\/?p=5589#breadcrumb"},"inLanguage":"pt-BR","potentialAction":[{"@type":"ReadAction","target":["https:\/\/blogdobispo.com.br\/?p=5589"]}]},{"@type":"ImageObject","inLanguage":"pt-BR","@id":"https:\/\/blogdobispo.com.br\/?p=5589#primaryimage","url":"https:\/\/i0.wp.com\/blogdobispo.com.br\/wp-content\/uploads\/2025\/06\/OFBkhxhVrU1T3PnGIVf6tZLgJGCwLV25JFBayDJA-scaled.jpg?fit=2560%2C1703&ssl=1","contentUrl":"https:\/\/i0.wp.com\/blogdobispo.com.br\/wp-content\/uploads\/2025\/06\/OFBkhxhVrU1T3PnGIVf6tZLgJGCwLV25JFBayDJA-scaled.jpg?fit=2560%2C1703&ssl=1","width":2560,"height":1703},{"@type":"BreadcrumbList","@id":"https:\/\/blogdobispo.com.br\/?p=5589#breadcrumb","itemListElement":[{"@type":"ListItem","position":1,"name":"In\u00edcio","item":"https:\/\/blogdobispo.com.br\/"},{"@type":"ListItem","position":2,"name":"ALRN lan\u00e7a cartilha orientando respons\u00e1veis sobre os desafios da Adolesc\u00eancia"}]},{"@type":"WebSite","@id":"https:\/\/blogdobispo.com.br\/#website","url":"https:\/\/blogdobispo.com.br\/","name":"Blog do Bispo","description":"Comprometido apenas com o leitor","publisher":{"@id":"https:\/\/blogdobispo.com.br\/#organization"},"potentialAction":[{"@type":"SearchAction","target":{"@type":"EntryPoint","urlTemplate":"https:\/\/blogdobispo.com.br\/?s={search_term_string}"},"query-input":{"@type":"PropertyValueSpecification","valueRequired":true,"valueName":"search_term_string"}}],"inLanguage":"pt-BR"},{"@type":"Organization","@id":"https:\/\/blogdobispo.com.br\/#organization","name":"Blog do Bispo","url":"https:\/\/blogdobispo.com.br\/","logo":{"@type":"ImageObject","inLanguage":"pt-BR","@id":"https:\/\/blogdobispo.com.br\/#\/schema\/logo\/image\/","url":"http:\/\/blogdobispo.com.br\/wp-content\/uploads\/2023\/05\/cropped-headear.png","contentUrl":"http:\/\/blogdobispo.com.br\/wp-content\/uploads\/2023\/05\/cropped-headear.png","width":1500,"height":399,"caption":"Blog do Bispo"},"image":{"@id":"https:\/\/blogdobispo.com.br\/#\/schema\/logo\/image\/"}},{"@type":"Person","@id":"https:\/\/blogdobispo.com.br\/#\/schema\/person\/e2209cc0e6cea5c5233d033e997b373f","name":"Jefferson Sterfeno","image":{"@type":"ImageObject","inLanguage":"pt-BR","@id":"https:\/\/blogdobispo.com.br\/#\/schema\/person\/image\/","url":"https:\/\/secure.gravatar.com\/avatar\/0534e84764641168a677026b6d57a3f51dc7ac4db0b4f6186d9cb330d4ee1160?s=96&d=mm&r=g","contentUrl":"https:\/\/secure.gravatar.com\/avatar\/0534e84764641168a677026b6d57a3f51dc7ac4db0b4f6186d9cb330d4ee1160?s=96&d=mm&r=g","caption":"Jefferson Sterfeno"},"sameAs":["http:\/\/blogdobispo.com.br"],"url":"https:\/\/blogdobispo.com.br\/?author=1"}]}},"featured_image_urls":{"full":"","thumbnail":"","medium":"","medium_large":"","large":"","1536x1536":"","2048x2048":""},"author_info":{"display_name":"Jefferson Sterfeno","author_link":"https:\/\/blogdobispo.com.br\/?author=1"},"category_info":"<a href=\"https:\/\/blogdobispo.com.br\/?cat=1\" rel=\"category\">diversos<\/a>","tag_info":"diversos","comment_count":"0","jetpack_featured_media_url":"","jetpack_sharing_enabled":true,"_links":{"self":[{"href":"https:\/\/blogdobispo.com.br\/index.php?rest_route=\/wp\/v2\/posts\/5589","targetHints":{"allow":["GET"]}}],"collection":[{"href":"https:\/\/blogdobispo.com.br\/index.php?rest_route=\/wp\/v2\/posts"}],"about":[{"href":"https:\/\/blogdobispo.com.br\/index.php?rest_route=\/wp\/v2\/types\/post"}],"author":[{"embeddable":true,"href":"https:\/\/blogdobispo.com.br\/index.php?rest_route=\/wp\/v2\/users\/1"}],"replies":[{"embeddable":true,"href":"https:\/\/blogdobispo.com.br\/index.php?rest_route=%2Fwp%2Fv2%2Fcomments&post=5589"}],"version-history":[{"count":2,"href":"https:\/\/blogdobispo.com.br\/index.php?rest_route=\/wp\/v2\/posts\/5589\/revisions"}],"predecessor-version":[{"id":6172,"href":"https:\/\/blogdobispo.com.br\/index.php?rest_route=\/wp\/v2\/posts\/5589\/revisions\/6172"}],"wp:attachment":[{"href":"https:\/\/blogdobispo.com.br\/index.php?rest_route=%2Fwp%2Fv2%2Fmedia&parent=5589"}],"wp:term":[{"taxonomy":"category","embeddable":true,"href":"https:\/\/blogdobispo.com.br\/index.php?rest_route=%2Fwp%2Fv2%2Fcategories&post=5589"},{"taxonomy":"post_tag","embeddable":true,"href":"https:\/\/blogdobispo.com.br\/index.php?rest_route=%2Fwp%2Fv2%2Ftags&post=5589"}],"curies":[{"name":"wp","href":"https:\/\/api.w.org\/{rel}","templated":true}]}}