{"id":5587,"date":"2025-06-11T18:10:41","date_gmt":"2025-06-11T18:10:41","guid":{"rendered":"https:\/\/blogdobispo.com.br\/?p=5587"},"modified":"2025-06-11T18:10:41","modified_gmt":"2025-06-11T18:10:41","slug":"sttu-define-esquema-especial-de-transito-para-o-sao-joao-na-arena-das-dunas","status":"publish","type":"post","link":"https:\/\/blogdobispo.com.br\/?p=5587","title":{"rendered":"STTU define esquema especial de tr\u00e2nsito para o S\u00e3o Jo\u00e3o na Arena das Dunas"},"content":{"rendered":"\n<figure class=\"wp-block-image size-large\"><img data-recalc-dims=\"1\" fetchpriority=\"high\" decoding=\"async\" width=\"800\" height=\"601\" src=\"https:\/\/i0.wp.com\/blogdobispo.com.br\/wp-content\/uploads\/2025\/06\/52f338f1-09d0-4c02-a452-3c7e03faa526-1-1024x769.jpg?resize=800%2C601&#038;ssl=1\" class=\"wp-image-5586\" srcset=\"https:\/\/i0.wp.com\/blogdobispo.com.br\/wp-content\/uploads\/2025\/06\/52f338f1-09d0-4c02-a452-3c7e03faa526-1.jpg?resize=1024%2C769&amp;ssl=1 1024w, https:\/\/i0.wp.com\/blogdobispo.com.br\/wp-content\/uploads\/2025\/06\/52f338f1-09d0-4c02-a452-3c7e03faa526-1.jpg?resize=300%2C225&amp;ssl=1 300w, https:\/\/i0.wp.com\/blogdobispo.com.br\/wp-content\/uploads\/2025\/06\/52f338f1-09d0-4c02-a452-3c7e03faa526-1.jpg?resize=768%2C576&amp;ssl=1 768w, https:\/\/i0.wp.com\/blogdobispo.com.br\/wp-content\/uploads\/2025\/06\/52f338f1-09d0-4c02-a452-3c7e03faa526-1.jpg?resize=1536%2C1153&amp;ssl=1 1536w, https:\/\/i0.wp.com\/blogdobispo.com.br\/wp-content\/uploads\/2025\/06\/52f338f1-09d0-4c02-a452-3c7e03faa526-1.jpg?w=1600&amp;ssl=1 1600w\" sizes=\"(max-width: 800px) 100vw, 800px\" \/><\/figure>\n\n\n\n<p><\/p>\n\n\n\n<p>A Secretaria de Mobilidade Urbana de Natal (STTU) divulgou nesta quarta-feira (11) o plano de opera\u00e7\u00e3o vi\u00e1ria para o segundo fim de semana no S\u00e3o Jo\u00e3o na Arena das Dunas. Com expectativa de grande p\u00fablico, o esquema de tr\u00e2nsito ser\u00e1 iniciado na sexta-feira [13], a partir das 15h, com bloqueios progressivos nas principais vias do entorno do est\u00e1dio.<\/p>\n\n\n\n<p>A primeira interdi\u00e7\u00e3o ocorrer\u00e1 \u00e0s 15h, com o fechamento do acesso \u00e0 Avenida Lima e Silva, na lateral do Viaduto Estaiado, para os condutores que trafegam no sentido Candel\u00e1ria \u2192 Centro. \u00c0s 17h, ser\u00e1 a vez do bloqueio no sentido contr\u00e1rio, Centro \u2192 Candel\u00e1ria, sob o mesmo viaduto.<\/p>\n\n\n\n<p>Conforme a demanda de p\u00fablico e a necessidade de refor\u00e7ar a seguran\u00e7a vi\u00e1ria, outros bloqueios poder\u00e3o ser implementados nos seguintes pontos estrat\u00e9gicos:<code>\u2022 <\/code><\/p>\n\n\n\n<p><code>Viaduto do Quarto Centen\u00e1rio (BR-101); \u2022 Cruzamento da Av. Romualdo Galv\u00e3o com a Av. Miguel Castro; \u2022 Cruzamento da Av. Prudente de Morais com a Av. Miguel Castro; \u2022 Cruzamento da Rua S\u00e3o Jos\u00e9 com a Av. Capit\u00e3o Mor-Gouveia; \u2022 Cruzamento da Rua Milit\u00e3o Chaves com a Av. Prudente de Morais.<\/code><\/p>\n\n\n\n<p><em>Transporte por aplicativo e t\u00e1xis ter\u00e3o locais exclusivos<\/em><\/p>\n\n\n\n<p>Para facilitar o acesso do p\u00fablico ao evento, a STTU definiu locais espec\u00edficos para embarque e desembarque de t\u00e1xis e ve\u00edculos por aplicativo na Avenida Prudente de Morais:<br \/>\u2022 Em frente \u00e0 Nacional Ve\u00edculos (sentido Candel\u00e1ria);<br \/>\u2022 Ap\u00f3s o restaurante Pittsburg (sentido Petr\u00f3polis);<br \/>\u2022 Na parada de \u00f4nibus do Posto 30 de Setembro (sentido Candel\u00e1ria).<\/p>\n\n\n\n<p><em>Ponto exclusivo para mulheres<\/em><\/p>\n\n\n\n<p>A Prefeitura do Natal tamb\u00e9m vai disponibilizar um ponto de embarque exclusivo para mulheres, localizado na Rua Morais Navarro, pr\u00f3ximo \u00e0 Avenida Lima e Silva, ao lado do SEBRAE. O local contar\u00e1 com o apoio da Patrulha Maria da Penha e de agentes de mobilidade, garantindo acolhimento e seguran\u00e7a para as mulheres que optarem por utilizar o servi\u00e7o.<\/p>\n\n\n\n<p><em>Pra\u00e7as de t\u00e1xis e refor\u00e7o no transporte p\u00fablico<\/em><\/p>\n\n\n\n<p>Al\u00e9m dos pontos espec\u00edficos de embarque e desembarque, pra\u00e7as de t\u00e1xis estar\u00e3o dispon\u00edveis nas seguintes localiza\u00e7\u00f5es:<br \/>\u2022 Avenida Lima e Silva, pr\u00f3ximo \u00e0 Av. Romualdo Galv\u00e3o;<br \/>\u2022 Avenida Prudente de Morais, na lateral do Viaduto Estaiado (sentido Centro).<br \/>Para garantir o retorno seguro do p\u00fablico ap\u00f3s os shows, a STTU disponibilizar\u00e1 16 \u00f4nibus extras, com sa\u00edda prevista para as 2h30 da manh\u00e3, a partir da Avenida Senador Salgado Filho, nas imedia\u00e7\u00f5es da passarela da Igreja Universal.<\/p>\n\n\n\n<p><em>As linhas em opera\u00e7\u00e3o especial ser\u00e3o:<\/em><code>\u2022 N-07 \u2013 Alvorada IV \/ Mirassol \u2022 N-08 \u2013 Redinha \/ Mirassol \u2022 O-33 \u2013 Planalto \/ Praia do Meio \u2022 S-50 \u2013 Serrambi \/ Santa Catarina \u2022 L-54 \u2013 Rocas \/ Ponta Negra \u2022 O-63 \u2013 Felipe Camar\u00e3o \/ Mirassol \u2022 N-73 \u2013 Santar\u00e9m \/ Ponta Negra \u2022 N-77 \u2013 Parque dos Coqueiros \/ Mirassol \u2022 N-79 \u2013 Parque das Dunas \/ Mirassol<\/code><\/p>\n\n\n\n<p>Toda opera\u00e7\u00e3o ser\u00e1 acompanhada por inspetores e agentes de tr\u00e2nsito, assegurando fluidez, seguran\u00e7a e o ordenamento do tr\u00e1fego durante todo o evento.<\/p>\n","protected":false},"excerpt":{"rendered":"<p>A Secretaria de Mobilidade Urbana de Natal (STTU) divulgou nesta quarta-feira (11) o plano de opera\u00e7\u00e3o vi\u00e1ria para o segundo fim de semana no S\u00e3o Jo\u00e3o na Arena das Dunas. Com expectativa de grande p\u00fablico, o esquema de tr\u00e2nsito ser\u00e1 iniciado na sexta-feira [13], a partir das 15h, com bloqueios progressivos nas principais vias do [&hellip;]<\/p>\n","protected":false},"author":1,"featured_media":0,"comment_status":"open","ping_status":"open","sticky":false,"template":"","format":"standard","meta":{"cybocfi_hide_featured_image":"","_jetpack_memberships_contains_paid_content":false,"footnotes":""},"categories":[1],"tags":[],"class_list":["post-5587","post","type-post","status-publish","format-standard","hentry","category-diversos"],"yoast_head":"<!-- This site is optimized with the Yoast SEO plugin v25.6 - https:\/\/yoast.com\/wordpress\/plugins\/seo\/ -->\n<title>STTU define esquema especial de tr\u00e2nsito para o S\u00e3o Jo\u00e3o na Arena das Dunas - Blog do Bispo<\/title>\n<meta name=\"robots\" content=\"index, follow, max-snippet:-1, max-image-preview:large, max-video-preview:-1\" \/>\n<link rel=\"canonical\" href=\"https:\/\/blogdobispo.com.br\/?p=5587\" \/>\n<meta property=\"og:locale\" content=\"pt_BR\" \/>\n<meta property=\"og:type\" content=\"article\" \/>\n<meta property=\"og:title\" content=\"STTU define esquema especial de tr\u00e2nsito para o S\u00e3o Jo\u00e3o na Arena das Dunas - Blog do Bispo\" \/>\n<meta property=\"og:description\" content=\"A Secretaria de Mobilidade Urbana de Natal (STTU) divulgou nesta quarta-feira (11) o plano de opera\u00e7\u00e3o vi\u00e1ria para o segundo fim de semana no S\u00e3o Jo\u00e3o na Arena das Dunas. Com expectativa de grande p\u00fablico, o esquema de tr\u00e2nsito ser\u00e1 iniciado na sexta-feira [13], a partir das 15h, com bloqueios progressivos nas principais vias do [&hellip;]\" \/>\n<meta property=\"og:url\" content=\"https:\/\/blogdobispo.com.br\/?p=5587\" \/>\n<meta property=\"og:site_name\" content=\"Blog do Bispo\" \/>\n<meta property=\"article:published_time\" content=\"2025-06-11T18:10:41+00:00\" \/>\n<meta property=\"og:image\" content=\"https:\/\/blogdobispo.com.br\/wp-content\/uploads\/2025\/06\/52f338f1-09d0-4c02-a452-3c7e03faa526-1-1024x769.jpg\" \/>\n<meta name=\"author\" content=\"Jefferson Sterfeno\" \/>\n<meta name=\"twitter:card\" content=\"summary_large_image\" \/>\n<meta name=\"twitter:label1\" content=\"Escrito por\" \/>\n\t<meta name=\"twitter:data1\" content=\"Jefferson Sterfeno\" \/>\n\t<meta name=\"twitter:label2\" content=\"Est. tempo de leitura\" \/>\n\t<meta name=\"twitter:data2\" content=\"2 minutos\" \/>\n<script type=\"application\/ld+json\" class=\"yoast-schema-graph\">{\"@context\":\"https:\/\/schema.org\",\"@graph\":[{\"@type\":\"Article\",\"@id\":\"https:\/\/blogdobispo.com.br\/?p=5587#article\",\"isPartOf\":{\"@id\":\"https:\/\/blogdobispo.com.br\/?p=5587\"},\"author\":{\"name\":\"Jefferson Sterfeno\",\"@id\":\"https:\/\/blogdobispo.com.br\/#\/schema\/person\/e2209cc0e6cea5c5233d033e997b373f\"},\"headline\":\"STTU define esquema especial de tr\u00e2nsito para o S\u00e3o Jo\u00e3o na Arena das Dunas\",\"datePublished\":\"2025-06-11T18:10:41+00:00\",\"mainEntityOfPage\":{\"@id\":\"https:\/\/blogdobispo.com.br\/?p=5587\"},\"wordCount\":422,\"commentCount\":0,\"publisher\":{\"@id\":\"https:\/\/blogdobispo.com.br\/#organization\"},\"image\":{\"@id\":\"https:\/\/blogdobispo.com.br\/?p=5587#primaryimage\"},\"thumbnailUrl\":\"https:\/\/blogdobispo.com.br\/wp-content\/uploads\/2025\/06\/52f338f1-09d0-4c02-a452-3c7e03faa526-1-1024x769.jpg\",\"articleSection\":[\"diversos\"],\"inLanguage\":\"pt-BR\",\"potentialAction\":[{\"@type\":\"CommentAction\",\"name\":\"Comment\",\"target\":[\"https:\/\/blogdobispo.com.br\/?p=5587#respond\"]}]},{\"@type\":\"WebPage\",\"@id\":\"https:\/\/blogdobispo.com.br\/?p=5587\",\"url\":\"https:\/\/blogdobispo.com.br\/?p=5587\",\"name\":\"STTU define esquema especial de tr\u00e2nsito para o S\u00e3o Jo\u00e3o na Arena das Dunas - Blog do Bispo\",\"isPartOf\":{\"@id\":\"https:\/\/blogdobispo.com.br\/#website\"},\"primaryImageOfPage\":{\"@id\":\"https:\/\/blogdobispo.com.br\/?p=5587#primaryimage\"},\"image\":{\"@id\":\"https:\/\/blogdobispo.com.br\/?p=5587#primaryimage\"},\"thumbnailUrl\":\"https:\/\/blogdobispo.com.br\/wp-content\/uploads\/2025\/06\/52f338f1-09d0-4c02-a452-3c7e03faa526-1-1024x769.jpg\",\"datePublished\":\"2025-06-11T18:10:41+00:00\",\"breadcrumb\":{\"@id\":\"https:\/\/blogdobispo.com.br\/?p=5587#breadcrumb\"},\"inLanguage\":\"pt-BR\",\"potentialAction\":[{\"@type\":\"ReadAction\",\"target\":[\"https:\/\/blogdobispo.com.br\/?p=5587\"]}]},{\"@type\":\"ImageObject\",\"inLanguage\":\"pt-BR\",\"@id\":\"https:\/\/blogdobispo.com.br\/?p=5587#primaryimage\",\"url\":\"https:\/\/blogdobispo.com.br\/wp-content\/uploads\/2025\/06\/52f338f1-09d0-4c02-a452-3c7e03faa526-1-1024x769.jpg\",\"contentUrl\":\"https:\/\/blogdobispo.com.br\/wp-content\/uploads\/2025\/06\/52f338f1-09d0-4c02-a452-3c7e03faa526-1-1024x769.jpg\"},{\"@type\":\"BreadcrumbList\",\"@id\":\"https:\/\/blogdobispo.com.br\/?p=5587#breadcrumb\",\"itemListElement\":[{\"@type\":\"ListItem\",\"position\":1,\"name\":\"In\u00edcio\",\"item\":\"https:\/\/blogdobispo.com.br\/\"},{\"@type\":\"ListItem\",\"position\":2,\"name\":\"STTU define esquema especial de tr\u00e2nsito para o S\u00e3o Jo\u00e3o na Arena das Dunas\"}]},{\"@type\":\"WebSite\",\"@id\":\"https:\/\/blogdobispo.com.br\/#website\",\"url\":\"https:\/\/blogdobispo.com.br\/\",\"name\":\"Blog do Bispo\",\"description\":\"Comprometido apenas com o leitor\",\"publisher\":{\"@id\":\"https:\/\/blogdobispo.com.br\/#organization\"},\"potentialAction\":[{\"@type\":\"SearchAction\",\"target\":{\"@type\":\"EntryPoint\",\"urlTemplate\":\"https:\/\/blogdobispo.com.br\/?s={search_term_string}\"},\"query-input\":{\"@type\":\"PropertyValueSpecification\",\"valueRequired\":true,\"valueName\":\"search_term_string\"}}],\"inLanguage\":\"pt-BR\"},{\"@type\":\"Organization\",\"@id\":\"https:\/\/blogdobispo.com.br\/#organization\",\"name\":\"Blog do Bispo\",\"url\":\"https:\/\/blogdobispo.com.br\/\",\"logo\":{\"@type\":\"ImageObject\",\"inLanguage\":\"pt-BR\",\"@id\":\"https:\/\/blogdobispo.com.br\/#\/schema\/logo\/image\/\",\"url\":\"http:\/\/blogdobispo.com.br\/wp-content\/uploads\/2023\/05\/cropped-headear.png\",\"contentUrl\":\"http:\/\/blogdobispo.com.br\/wp-content\/uploads\/2023\/05\/cropped-headear.png\",\"width\":1500,\"height\":399,\"caption\":\"Blog do Bispo\"},\"image\":{\"@id\":\"https:\/\/blogdobispo.com.br\/#\/schema\/logo\/image\/\"}},{\"@type\":\"Person\",\"@id\":\"https:\/\/blogdobispo.com.br\/#\/schema\/person\/e2209cc0e6cea5c5233d033e997b373f\",\"name\":\"Jefferson Sterfeno\",\"image\":{\"@type\":\"ImageObject\",\"inLanguage\":\"pt-BR\",\"@id\":\"https:\/\/blogdobispo.com.br\/#\/schema\/person\/image\/\",\"url\":\"https:\/\/secure.gravatar.com\/avatar\/0534e84764641168a677026b6d57a3f51dc7ac4db0b4f6186d9cb330d4ee1160?s=96&d=mm&r=g\",\"contentUrl\":\"https:\/\/secure.gravatar.com\/avatar\/0534e84764641168a677026b6d57a3f51dc7ac4db0b4f6186d9cb330d4ee1160?s=96&d=mm&r=g\",\"caption\":\"Jefferson Sterfeno\"},\"sameAs\":[\"http:\/\/blogdobispo.com.br\"],\"url\":\"https:\/\/blogdobispo.com.br\/?author=1\"}]}<\/script>\n<!-- \/ Yoast SEO plugin. -->","yoast_head_json":{"title":"STTU define esquema especial de tr\u00e2nsito para o S\u00e3o Jo\u00e3o na Arena das Dunas - Blog do Bispo","robots":{"index":"index","follow":"follow","max-snippet":"max-snippet:-1","max-image-preview":"max-image-preview:large","max-video-preview":"max-video-preview:-1"},"canonical":"https:\/\/blogdobispo.com.br\/?p=5587","og_locale":"pt_BR","og_type":"article","og_title":"STTU define esquema especial de tr\u00e2nsito para o S\u00e3o Jo\u00e3o na Arena das Dunas - Blog do Bispo","og_description":"A Secretaria de Mobilidade Urbana de Natal (STTU) divulgou nesta quarta-feira (11) o plano de opera\u00e7\u00e3o vi\u00e1ria para o segundo fim de semana no S\u00e3o Jo\u00e3o na Arena das Dunas. Com expectativa de grande p\u00fablico, o esquema de tr\u00e2nsito ser\u00e1 iniciado na sexta-feira [13], a partir das 15h, com bloqueios progressivos nas principais vias do [&hellip;]","og_url":"https:\/\/blogdobispo.com.br\/?p=5587","og_site_name":"Blog do Bispo","article_published_time":"2025-06-11T18:10:41+00:00","og_image":[{"url":"https:\/\/blogdobispo.com.br\/wp-content\/uploads\/2025\/06\/52f338f1-09d0-4c02-a452-3c7e03faa526-1-1024x769.jpg","type":"","width":"","height":""}],"author":"Jefferson Sterfeno","twitter_card":"summary_large_image","twitter_misc":{"Escrito por":"Jefferson Sterfeno","Est. tempo de leitura":"2 minutos"},"schema":{"@context":"https:\/\/schema.org","@graph":[{"@type":"Article","@id":"https:\/\/blogdobispo.com.br\/?p=5587#article","isPartOf":{"@id":"https:\/\/blogdobispo.com.br\/?p=5587"},"author":{"name":"Jefferson Sterfeno","@id":"https:\/\/blogdobispo.com.br\/#\/schema\/person\/e2209cc0e6cea5c5233d033e997b373f"},"headline":"STTU define esquema especial de tr\u00e2nsito para o S\u00e3o Jo\u00e3o na Arena das Dunas","datePublished":"2025-06-11T18:10:41+00:00","mainEntityOfPage":{"@id":"https:\/\/blogdobispo.com.br\/?p=5587"},"wordCount":422,"commentCount":0,"publisher":{"@id":"https:\/\/blogdobispo.com.br\/#organization"},"image":{"@id":"https:\/\/blogdobispo.com.br\/?p=5587#primaryimage"},"thumbnailUrl":"https:\/\/blogdobispo.com.br\/wp-content\/uploads\/2025\/06\/52f338f1-09d0-4c02-a452-3c7e03faa526-1-1024x769.jpg","articleSection":["diversos"],"inLanguage":"pt-BR","potentialAction":[{"@type":"CommentAction","name":"Comment","target":["https:\/\/blogdobispo.com.br\/?p=5587#respond"]}]},{"@type":"WebPage","@id":"https:\/\/blogdobispo.com.br\/?p=5587","url":"https:\/\/blogdobispo.com.br\/?p=5587","name":"STTU define esquema especial de tr\u00e2nsito para o S\u00e3o Jo\u00e3o na Arena das Dunas - Blog do Bispo","isPartOf":{"@id":"https:\/\/blogdobispo.com.br\/#website"},"primaryImageOfPage":{"@id":"https:\/\/blogdobispo.com.br\/?p=5587#primaryimage"},"image":{"@id":"https:\/\/blogdobispo.com.br\/?p=5587#primaryimage"},"thumbnailUrl":"https:\/\/blogdobispo.com.br\/wp-content\/uploads\/2025\/06\/52f338f1-09d0-4c02-a452-3c7e03faa526-1-1024x769.jpg","datePublished":"2025-06-11T18:10:41+00:00","breadcrumb":{"@id":"https:\/\/blogdobispo.com.br\/?p=5587#breadcrumb"},"inLanguage":"pt-BR","potentialAction":[{"@type":"ReadAction","target":["https:\/\/blogdobispo.com.br\/?p=5587"]}]},{"@type":"ImageObject","inLanguage":"pt-BR","@id":"https:\/\/blogdobispo.com.br\/?p=5587#primaryimage","url":"https:\/\/blogdobispo.com.br\/wp-content\/uploads\/2025\/06\/52f338f1-09d0-4c02-a452-3c7e03faa526-1-1024x769.jpg","contentUrl":"https:\/\/blogdobispo.com.br\/wp-content\/uploads\/2025\/06\/52f338f1-09d0-4c02-a452-3c7e03faa526-1-1024x769.jpg"},{"@type":"BreadcrumbList","@id":"https:\/\/blogdobispo.com.br\/?p=5587#breadcrumb","itemListElement":[{"@type":"ListItem","position":1,"name":"In\u00edcio","item":"https:\/\/blogdobispo.com.br\/"},{"@type":"ListItem","position":2,"name":"STTU define esquema especial de tr\u00e2nsito para o S\u00e3o Jo\u00e3o na Arena das Dunas"}]},{"@type":"WebSite","@id":"https:\/\/blogdobispo.com.br\/#website","url":"https:\/\/blogdobispo.com.br\/","name":"Blog do Bispo","description":"Comprometido apenas com o leitor","publisher":{"@id":"https:\/\/blogdobispo.com.br\/#organization"},"potentialAction":[{"@type":"SearchAction","target":{"@type":"EntryPoint","urlTemplate":"https:\/\/blogdobispo.com.br\/?s={search_term_string}"},"query-input":{"@type":"PropertyValueSpecification","valueRequired":true,"valueName":"search_term_string"}}],"inLanguage":"pt-BR"},{"@type":"Organization","@id":"https:\/\/blogdobispo.com.br\/#organization","name":"Blog do Bispo","url":"https:\/\/blogdobispo.com.br\/","logo":{"@type":"ImageObject","inLanguage":"pt-BR","@id":"https:\/\/blogdobispo.com.br\/#\/schema\/logo\/image\/","url":"http:\/\/blogdobispo.com.br\/wp-content\/uploads\/2023\/05\/cropped-headear.png","contentUrl":"http:\/\/blogdobispo.com.br\/wp-content\/uploads\/2023\/05\/cropped-headear.png","width":1500,"height":399,"caption":"Blog do Bispo"},"image":{"@id":"https:\/\/blogdobispo.com.br\/#\/schema\/logo\/image\/"}},{"@type":"Person","@id":"https:\/\/blogdobispo.com.br\/#\/schema\/person\/e2209cc0e6cea5c5233d033e997b373f","name":"Jefferson Sterfeno","image":{"@type":"ImageObject","inLanguage":"pt-BR","@id":"https:\/\/blogdobispo.com.br\/#\/schema\/person\/image\/","url":"https:\/\/secure.gravatar.com\/avatar\/0534e84764641168a677026b6d57a3f51dc7ac4db0b4f6186d9cb330d4ee1160?s=96&d=mm&r=g","contentUrl":"https:\/\/secure.gravatar.com\/avatar\/0534e84764641168a677026b6d57a3f51dc7ac4db0b4f6186d9cb330d4ee1160?s=96&d=mm&r=g","caption":"Jefferson Sterfeno"},"sameAs":["http:\/\/blogdobispo.com.br"],"url":"https:\/\/blogdobispo.com.br\/?author=1"}]}},"featured_image_urls":{"full":"","thumbnail":"","medium":"","medium_large":"","large":"","1536x1536":"","2048x2048":""},"author_info":{"display_name":"Jefferson Sterfeno","author_link":"https:\/\/blogdobispo.com.br\/?author=1"},"category_info":"<a href=\"https:\/\/blogdobispo.com.br\/?cat=1\" rel=\"category\">diversos<\/a>","tag_info":"diversos","comment_count":"0","jetpack_featured_media_url":"","jetpack_sharing_enabled":true,"_links":{"self":[{"href":"https:\/\/blogdobispo.com.br\/index.php?rest_route=\/wp\/v2\/posts\/5587","targetHints":{"allow":["GET"]}}],"collection":[{"href":"https:\/\/blogdobispo.com.br\/index.php?rest_route=\/wp\/v2\/posts"}],"about":[{"href":"https:\/\/blogdobispo.com.br\/index.php?rest_route=\/wp\/v2\/types\/post"}],"author":[{"embeddable":true,"href":"https:\/\/blogdobispo.com.br\/index.php?rest_route=\/wp\/v2\/users\/1"}],"replies":[{"embeddable":true,"href":"https:\/\/blogdobispo.com.br\/index.php?rest_route=%2Fwp%2Fv2%2Fcomments&post=5587"}],"version-history":[{"count":0,"href":"https:\/\/blogdobispo.com.br\/index.php?rest_route=\/wp\/v2\/posts\/5587\/revisions"}],"wp:attachment":[{"href":"https:\/\/blogdobispo.com.br\/index.php?rest_route=%2Fwp%2Fv2%2Fmedia&parent=5587"}],"wp:term":[{"taxonomy":"category","embeddable":true,"href":"https:\/\/blogdobispo.com.br\/index.php?rest_route=%2Fwp%2Fv2%2Fcategories&post=5587"},{"taxonomy":"post_tag","embeddable":true,"href":"https:\/\/blogdobispo.com.br\/index.php?rest_route=%2Fwp%2Fv2%2Ftags&post=5587"}],"curies":[{"name":"wp","href":"https:\/\/api.w.org\/{rel}","templated":true}]}}