{"id":5582,"date":"2025-06-11T12:43:23","date_gmt":"2025-06-11T12:43:23","guid":{"rendered":"https:\/\/blogdobispo.com.br\/?p=5582"},"modified":"2025-06-11T12:43:23","modified_gmt":"2025-06-11T12:43:23","slug":"morre-diuda-alves-esposa-do-deputado-jose-dias-e-irma-de-aluisio-alves","status":"publish","type":"post","link":"https:\/\/blogdobispo.com.br\/?p=5582","title":{"rendered":"Morre Di\u00fada Alves, esposa do deputado Jos\u00e9 Dias e irm\u00e3 de Alu\u00edsio Alves"},"content":{"rendered":"\n<figure class=\"wp-block-image size-large\"><img data-recalc-dims=\"1\" fetchpriority=\"high\" decoding=\"async\" width=\"591\" height=\"550\" src=\"https:\/\/i0.wp.com\/blogdobispo.com.br\/wp-content\/uploads\/2025\/06\/img_5042-1.jpg?resize=591%2C550&#038;ssl=1\" class=\"wp-image-5581\" srcset=\"https:\/\/i0.wp.com\/blogdobispo.com.br\/wp-content\/uploads\/2025\/06\/img_5042-1.jpg?w=591&amp;ssl=1 591w, https:\/\/i0.wp.com\/blogdobispo.com.br\/wp-content\/uploads\/2025\/06\/img_5042-1.jpg?resize=300%2C279&amp;ssl=1 300w\" sizes=\"(max-width: 591px) 100vw, 591px\" \/><\/figure>\n\n\n\n<p class=\"p2\"><\/p>\n\n\n\n<p class=\"p2\">Natal (RN), 11 de junho de 2025 \u2014 Faleceu nesta ter\u00e7a-feira (11), em sua resid\u00eancia em Natal, Di\u00fada Alves, esposa do deputado estadual Jos\u00e9 Dias (PL). Ela tinha 97 anos e era irm\u00e3 do ex-governador e ex-ministro Alu\u00edsio Alves, uma das figuras mais influentes da pol\u00edtica potiguar do s\u00e9culo XX.<\/p>\n\n\n\n<p class=\"p2\">A causa da morte n\u00e3o foi divulgada pela fam\u00edlia, mas fontes pr\u00f3ximas informaram que Di\u00fada faleceu de causas naturais. O vel\u00f3rio est\u00e1 previsto para ocorrer ainda hoje, restrito a familiares e amigos pr\u00f3ximos.<\/p>\n\n\n\n<p class=\"p2\">Al\u00e9m de ser esposa de um dos deputados mais longevos da Assembleia Legislativa do Rio Grande do Norte \u2014 atualmente em seu 10\u00ba mandato consecutivo \u2014 Di\u00fada era tamb\u00e9m m\u00e3e de Marcelo Alves Dias, procurador regional da Rep\u00fablica.<\/p>\n\n\n\n<p class=\"p2\">A morte de Di\u00fada Alves foi lamentada por diversas figuras do meio pol\u00edtico potiguar, que destacaram sua discri\u00e7\u00e3o, eleg\u00e2ncia e papel de sustenta\u00e7\u00e3o familiar ao longo da trajet\u00f3ria p\u00fablica de Jos\u00e9 Dias.<\/p>\n\n\n\n<p class=\"p2\">A Assembleia Legislativa do RN deve emitir nota de pesar ainda nesta quarta-feira. Parlamentares tamb\u00e9m devem realizar uma mo\u00e7\u00e3o de solidariedade \u00e0 fam\u00edlia durante a pr\u00f3xima sess\u00e3o plen\u00e1ria.<\/p>\n","protected":false},"excerpt":{"rendered":"<p>Natal (RN), 11 de junho de 2025 \u2014 Faleceu nesta ter\u00e7a-feira (11), em sua resid\u00eancia em Natal, Di\u00fada Alves, esposa do deputado estadual Jos\u00e9 Dias (PL). Ela tinha 97 anos e era irm\u00e3 do ex-governador e ex-ministro Alu\u00edsio Alves, uma das figuras mais influentes da pol\u00edtica potiguar do s\u00e9culo XX. A causa da morte n\u00e3o [&hellip;]<\/p>\n","protected":false},"author":1,"featured_media":0,"comment_status":"open","ping_status":"open","sticky":false,"template":"","format":"standard","meta":{"cybocfi_hide_featured_image":"","_jetpack_memberships_contains_paid_content":false,"footnotes":""},"categories":[1],"tags":[],"class_list":["post-5582","post","type-post","status-publish","format-standard","hentry","category-diversos"],"yoast_head":"<!-- This site is optimized with the Yoast SEO plugin v25.6 - https:\/\/yoast.com\/wordpress\/plugins\/seo\/ -->\n<title>Morre Di\u00fada Alves, esposa do deputado Jos\u00e9 Dias e irm\u00e3 de Alu\u00edsio Alves - Blog do Bispo<\/title>\n<meta name=\"robots\" content=\"index, follow, max-snippet:-1, max-image-preview:large, max-video-preview:-1\" \/>\n<link rel=\"canonical\" href=\"https:\/\/blogdobispo.com.br\/?p=5582\" \/>\n<meta property=\"og:locale\" content=\"pt_BR\" \/>\n<meta property=\"og:type\" content=\"article\" \/>\n<meta property=\"og:title\" content=\"Morre Di\u00fada Alves, esposa do deputado Jos\u00e9 Dias e irm\u00e3 de Alu\u00edsio Alves - Blog do Bispo\" \/>\n<meta property=\"og:description\" content=\"Natal (RN), 11 de junho de 2025 \u2014 Faleceu nesta ter\u00e7a-feira (11), em sua resid\u00eancia em Natal, Di\u00fada Alves, esposa do deputado estadual Jos\u00e9 Dias (PL). Ela tinha 97 anos e era irm\u00e3 do ex-governador e ex-ministro Alu\u00edsio Alves, uma das figuras mais influentes da pol\u00edtica potiguar do s\u00e9culo XX. A causa da morte n\u00e3o [&hellip;]\" \/>\n<meta property=\"og:url\" content=\"https:\/\/blogdobispo.com.br\/?p=5582\" \/>\n<meta property=\"og:site_name\" content=\"Blog do Bispo\" \/>\n<meta property=\"article:published_time\" content=\"2025-06-11T12:43:23+00:00\" \/>\n<meta property=\"og:image\" content=\"https:\/\/blogdobispo.com.br\/wp-content\/uploads\/2025\/06\/img_5042-1.jpg\" \/>\n<meta name=\"author\" content=\"Jefferson Sterfeno\" \/>\n<meta name=\"twitter:card\" content=\"summary_large_image\" \/>\n<meta name=\"twitter:label1\" content=\"Escrito por\" \/>\n\t<meta name=\"twitter:data1\" content=\"Jefferson Sterfeno\" \/>\n\t<meta name=\"twitter:label2\" content=\"Est. tempo de leitura\" \/>\n\t<meta name=\"twitter:data2\" content=\"1 minuto\" \/>\n<script type=\"application\/ld+json\" class=\"yoast-schema-graph\">{\"@context\":\"https:\/\/schema.org\",\"@graph\":[{\"@type\":\"Article\",\"@id\":\"https:\/\/blogdobispo.com.br\/?p=5582#article\",\"isPartOf\":{\"@id\":\"https:\/\/blogdobispo.com.br\/?p=5582\"},\"author\":{\"name\":\"Jefferson Sterfeno\",\"@id\":\"https:\/\/blogdobispo.com.br\/#\/schema\/person\/e2209cc0e6cea5c5233d033e997b373f\"},\"headline\":\"Morre Di\u00fada Alves, esposa do deputado Jos\u00e9 Dias e irm\u00e3 de Alu\u00edsio Alves\",\"datePublished\":\"2025-06-11T12:43:23+00:00\",\"mainEntityOfPage\":{\"@id\":\"https:\/\/blogdobispo.com.br\/?p=5582\"},\"wordCount\":217,\"commentCount\":0,\"publisher\":{\"@id\":\"https:\/\/blogdobispo.com.br\/#organization\"},\"image\":{\"@id\":\"https:\/\/blogdobispo.com.br\/?p=5582#primaryimage\"},\"thumbnailUrl\":\"https:\/\/blogdobispo.com.br\/wp-content\/uploads\/2025\/06\/img_5042-1.jpg\",\"articleSection\":[\"diversos\"],\"inLanguage\":\"pt-BR\",\"potentialAction\":[{\"@type\":\"CommentAction\",\"name\":\"Comment\",\"target\":[\"https:\/\/blogdobispo.com.br\/?p=5582#respond\"]}]},{\"@type\":\"WebPage\",\"@id\":\"https:\/\/blogdobispo.com.br\/?p=5582\",\"url\":\"https:\/\/blogdobispo.com.br\/?p=5582\",\"name\":\"Morre Di\u00fada Alves, esposa do deputado Jos\u00e9 Dias e irm\u00e3 de Alu\u00edsio Alves - Blog do Bispo\",\"isPartOf\":{\"@id\":\"https:\/\/blogdobispo.com.br\/#website\"},\"primaryImageOfPage\":{\"@id\":\"https:\/\/blogdobispo.com.br\/?p=5582#primaryimage\"},\"image\":{\"@id\":\"https:\/\/blogdobispo.com.br\/?p=5582#primaryimage\"},\"thumbnailUrl\":\"https:\/\/blogdobispo.com.br\/wp-content\/uploads\/2025\/06\/img_5042-1.jpg\",\"datePublished\":\"2025-06-11T12:43:23+00:00\",\"breadcrumb\":{\"@id\":\"https:\/\/blogdobispo.com.br\/?p=5582#breadcrumb\"},\"inLanguage\":\"pt-BR\",\"potentialAction\":[{\"@type\":\"ReadAction\",\"target\":[\"https:\/\/blogdobispo.com.br\/?p=5582\"]}]},{\"@type\":\"ImageObject\",\"inLanguage\":\"pt-BR\",\"@id\":\"https:\/\/blogdobispo.com.br\/?p=5582#primaryimage\",\"url\":\"https:\/\/blogdobispo.com.br\/wp-content\/uploads\/2025\/06\/img_5042-1.jpg\",\"contentUrl\":\"https:\/\/blogdobispo.com.br\/wp-content\/uploads\/2025\/06\/img_5042-1.jpg\"},{\"@type\":\"BreadcrumbList\",\"@id\":\"https:\/\/blogdobispo.com.br\/?p=5582#breadcrumb\",\"itemListElement\":[{\"@type\":\"ListItem\",\"position\":1,\"name\":\"In\u00edcio\",\"item\":\"https:\/\/blogdobispo.com.br\/\"},{\"@type\":\"ListItem\",\"position\":2,\"name\":\"Morre Di\u00fada Alves, esposa do deputado Jos\u00e9 Dias e irm\u00e3 de Alu\u00edsio Alves\"}]},{\"@type\":\"WebSite\",\"@id\":\"https:\/\/blogdobispo.com.br\/#website\",\"url\":\"https:\/\/blogdobispo.com.br\/\",\"name\":\"Blog do Bispo\",\"description\":\"Comprometido apenas com o leitor\",\"publisher\":{\"@id\":\"https:\/\/blogdobispo.com.br\/#organization\"},\"potentialAction\":[{\"@type\":\"SearchAction\",\"target\":{\"@type\":\"EntryPoint\",\"urlTemplate\":\"https:\/\/blogdobispo.com.br\/?s={search_term_string}\"},\"query-input\":{\"@type\":\"PropertyValueSpecification\",\"valueRequired\":true,\"valueName\":\"search_term_string\"}}],\"inLanguage\":\"pt-BR\"},{\"@type\":\"Organization\",\"@id\":\"https:\/\/blogdobispo.com.br\/#organization\",\"name\":\"Blog do Bispo\",\"url\":\"https:\/\/blogdobispo.com.br\/\",\"logo\":{\"@type\":\"ImageObject\",\"inLanguage\":\"pt-BR\",\"@id\":\"https:\/\/blogdobispo.com.br\/#\/schema\/logo\/image\/\",\"url\":\"http:\/\/blogdobispo.com.br\/wp-content\/uploads\/2023\/05\/cropped-headear.png\",\"contentUrl\":\"http:\/\/blogdobispo.com.br\/wp-content\/uploads\/2023\/05\/cropped-headear.png\",\"width\":1500,\"height\":399,\"caption\":\"Blog do Bispo\"},\"image\":{\"@id\":\"https:\/\/blogdobispo.com.br\/#\/schema\/logo\/image\/\"}},{\"@type\":\"Person\",\"@id\":\"https:\/\/blogdobispo.com.br\/#\/schema\/person\/e2209cc0e6cea5c5233d033e997b373f\",\"name\":\"Jefferson Sterfeno\",\"image\":{\"@type\":\"ImageObject\",\"inLanguage\":\"pt-BR\",\"@id\":\"https:\/\/blogdobispo.com.br\/#\/schema\/person\/image\/\",\"url\":\"https:\/\/secure.gravatar.com\/avatar\/0534e84764641168a677026b6d57a3f51dc7ac4db0b4f6186d9cb330d4ee1160?s=96&d=mm&r=g\",\"contentUrl\":\"https:\/\/secure.gravatar.com\/avatar\/0534e84764641168a677026b6d57a3f51dc7ac4db0b4f6186d9cb330d4ee1160?s=96&d=mm&r=g\",\"caption\":\"Jefferson Sterfeno\"},\"sameAs\":[\"http:\/\/blogdobispo.com.br\"],\"url\":\"https:\/\/blogdobispo.com.br\/?author=1\"}]}<\/script>\n<!-- \/ Yoast SEO plugin. -->","yoast_head_json":{"title":"Morre Di\u00fada Alves, esposa do deputado Jos\u00e9 Dias e irm\u00e3 de Alu\u00edsio Alves - Blog do Bispo","robots":{"index":"index","follow":"follow","max-snippet":"max-snippet:-1","max-image-preview":"max-image-preview:large","max-video-preview":"max-video-preview:-1"},"canonical":"https:\/\/blogdobispo.com.br\/?p=5582","og_locale":"pt_BR","og_type":"article","og_title":"Morre Di\u00fada Alves, esposa do deputado Jos\u00e9 Dias e irm\u00e3 de Alu\u00edsio Alves - Blog do Bispo","og_description":"Natal (RN), 11 de junho de 2025 \u2014 Faleceu nesta ter\u00e7a-feira (11), em sua resid\u00eancia em Natal, Di\u00fada Alves, esposa do deputado estadual Jos\u00e9 Dias (PL). Ela tinha 97 anos e era irm\u00e3 do ex-governador e ex-ministro Alu\u00edsio Alves, uma das figuras mais influentes da pol\u00edtica potiguar do s\u00e9culo XX. A causa da morte n\u00e3o [&hellip;]","og_url":"https:\/\/blogdobispo.com.br\/?p=5582","og_site_name":"Blog do Bispo","article_published_time":"2025-06-11T12:43:23+00:00","og_image":[{"url":"https:\/\/blogdobispo.com.br\/wp-content\/uploads\/2025\/06\/img_5042-1.jpg","type":"","width":"","height":""}],"author":"Jefferson Sterfeno","twitter_card":"summary_large_image","twitter_misc":{"Escrito por":"Jefferson Sterfeno","Est. tempo de leitura":"1 minuto"},"schema":{"@context":"https:\/\/schema.org","@graph":[{"@type":"Article","@id":"https:\/\/blogdobispo.com.br\/?p=5582#article","isPartOf":{"@id":"https:\/\/blogdobispo.com.br\/?p=5582"},"author":{"name":"Jefferson Sterfeno","@id":"https:\/\/blogdobispo.com.br\/#\/schema\/person\/e2209cc0e6cea5c5233d033e997b373f"},"headline":"Morre Di\u00fada Alves, esposa do deputado Jos\u00e9 Dias e irm\u00e3 de Alu\u00edsio Alves","datePublished":"2025-06-11T12:43:23+00:00","mainEntityOfPage":{"@id":"https:\/\/blogdobispo.com.br\/?p=5582"},"wordCount":217,"commentCount":0,"publisher":{"@id":"https:\/\/blogdobispo.com.br\/#organization"},"image":{"@id":"https:\/\/blogdobispo.com.br\/?p=5582#primaryimage"},"thumbnailUrl":"https:\/\/blogdobispo.com.br\/wp-content\/uploads\/2025\/06\/img_5042-1.jpg","articleSection":["diversos"],"inLanguage":"pt-BR","potentialAction":[{"@type":"CommentAction","name":"Comment","target":["https:\/\/blogdobispo.com.br\/?p=5582#respond"]}]},{"@type":"WebPage","@id":"https:\/\/blogdobispo.com.br\/?p=5582","url":"https:\/\/blogdobispo.com.br\/?p=5582","name":"Morre Di\u00fada Alves, esposa do deputado Jos\u00e9 Dias e irm\u00e3 de Alu\u00edsio Alves - Blog do Bispo","isPartOf":{"@id":"https:\/\/blogdobispo.com.br\/#website"},"primaryImageOfPage":{"@id":"https:\/\/blogdobispo.com.br\/?p=5582#primaryimage"},"image":{"@id":"https:\/\/blogdobispo.com.br\/?p=5582#primaryimage"},"thumbnailUrl":"https:\/\/blogdobispo.com.br\/wp-content\/uploads\/2025\/06\/img_5042-1.jpg","datePublished":"2025-06-11T12:43:23+00:00","breadcrumb":{"@id":"https:\/\/blogdobispo.com.br\/?p=5582#breadcrumb"},"inLanguage":"pt-BR","potentialAction":[{"@type":"ReadAction","target":["https:\/\/blogdobispo.com.br\/?p=5582"]}]},{"@type":"ImageObject","inLanguage":"pt-BR","@id":"https:\/\/blogdobispo.com.br\/?p=5582#primaryimage","url":"https:\/\/blogdobispo.com.br\/wp-content\/uploads\/2025\/06\/img_5042-1.jpg","contentUrl":"https:\/\/blogdobispo.com.br\/wp-content\/uploads\/2025\/06\/img_5042-1.jpg"},{"@type":"BreadcrumbList","@id":"https:\/\/blogdobispo.com.br\/?p=5582#breadcrumb","itemListElement":[{"@type":"ListItem","position":1,"name":"In\u00edcio","item":"https:\/\/blogdobispo.com.br\/"},{"@type":"ListItem","position":2,"name":"Morre Di\u00fada Alves, esposa do deputado Jos\u00e9 Dias e irm\u00e3 de Alu\u00edsio Alves"}]},{"@type":"WebSite","@id":"https:\/\/blogdobispo.com.br\/#website","url":"https:\/\/blogdobispo.com.br\/","name":"Blog do Bispo","description":"Comprometido apenas com o leitor","publisher":{"@id":"https:\/\/blogdobispo.com.br\/#organization"},"potentialAction":[{"@type":"SearchAction","target":{"@type":"EntryPoint","urlTemplate":"https:\/\/blogdobispo.com.br\/?s={search_term_string}"},"query-input":{"@type":"PropertyValueSpecification","valueRequired":true,"valueName":"search_term_string"}}],"inLanguage":"pt-BR"},{"@type":"Organization","@id":"https:\/\/blogdobispo.com.br\/#organization","name":"Blog do Bispo","url":"https:\/\/blogdobispo.com.br\/","logo":{"@type":"ImageObject","inLanguage":"pt-BR","@id":"https:\/\/blogdobispo.com.br\/#\/schema\/logo\/image\/","url":"http:\/\/blogdobispo.com.br\/wp-content\/uploads\/2023\/05\/cropped-headear.png","contentUrl":"http:\/\/blogdobispo.com.br\/wp-content\/uploads\/2023\/05\/cropped-headear.png","width":1500,"height":399,"caption":"Blog do Bispo"},"image":{"@id":"https:\/\/blogdobispo.com.br\/#\/schema\/logo\/image\/"}},{"@type":"Person","@id":"https:\/\/blogdobispo.com.br\/#\/schema\/person\/e2209cc0e6cea5c5233d033e997b373f","name":"Jefferson Sterfeno","image":{"@type":"ImageObject","inLanguage":"pt-BR","@id":"https:\/\/blogdobispo.com.br\/#\/schema\/person\/image\/","url":"https:\/\/secure.gravatar.com\/avatar\/0534e84764641168a677026b6d57a3f51dc7ac4db0b4f6186d9cb330d4ee1160?s=96&d=mm&r=g","contentUrl":"https:\/\/secure.gravatar.com\/avatar\/0534e84764641168a677026b6d57a3f51dc7ac4db0b4f6186d9cb330d4ee1160?s=96&d=mm&r=g","caption":"Jefferson Sterfeno"},"sameAs":["http:\/\/blogdobispo.com.br"],"url":"https:\/\/blogdobispo.com.br\/?author=1"}]}},"featured_image_urls":{"full":"","thumbnail":"","medium":"","medium_large":"","large":"","1536x1536":"","2048x2048":""},"author_info":{"display_name":"Jefferson Sterfeno","author_link":"https:\/\/blogdobispo.com.br\/?author=1"},"category_info":"<a href=\"https:\/\/blogdobispo.com.br\/?cat=1\" rel=\"category\">diversos<\/a>","tag_info":"diversos","comment_count":"0","jetpack_featured_media_url":"","jetpack_sharing_enabled":true,"_links":{"self":[{"href":"https:\/\/blogdobispo.com.br\/index.php?rest_route=\/wp\/v2\/posts\/5582","targetHints":{"allow":["GET"]}}],"collection":[{"href":"https:\/\/blogdobispo.com.br\/index.php?rest_route=\/wp\/v2\/posts"}],"about":[{"href":"https:\/\/blogdobispo.com.br\/index.php?rest_route=\/wp\/v2\/types\/post"}],"author":[{"embeddable":true,"href":"https:\/\/blogdobispo.com.br\/index.php?rest_route=\/wp\/v2\/users\/1"}],"replies":[{"embeddable":true,"href":"https:\/\/blogdobispo.com.br\/index.php?rest_route=%2Fwp%2Fv2%2Fcomments&post=5582"}],"version-history":[{"count":0,"href":"https:\/\/blogdobispo.com.br\/index.php?rest_route=\/wp\/v2\/posts\/5582\/revisions"}],"wp:attachment":[{"href":"https:\/\/blogdobispo.com.br\/index.php?rest_route=%2Fwp%2Fv2%2Fmedia&parent=5582"}],"wp:term":[{"taxonomy":"category","embeddable":true,"href":"https:\/\/blogdobispo.com.br\/index.php?rest_route=%2Fwp%2Fv2%2Fcategories&post=5582"},{"taxonomy":"post_tag","embeddable":true,"href":"https:\/\/blogdobispo.com.br\/index.php?rest_route=%2Fwp%2Fv2%2Ftags&post=5582"}],"curies":[{"name":"wp","href":"https:\/\/api.w.org\/{rel}","templated":true}]}}