{"id":5578,"date":"2025-06-11T00:16:20","date_gmt":"2025-06-11T00:16:20","guid":{"rendered":"https:\/\/blogdobispo.com.br\/?p=5578"},"modified":"2025-06-11T00:16:20","modified_gmt":"2025-06-11T00:16:20","slug":"vereador-kleber-fernandes-denuncia-operadoras-por-falta-de-sinal-durante-sao-joao-e-cobra-providencias-urgentes","status":"publish","type":"post","link":"https:\/\/blogdobispo.com.br\/?p=5578","title":{"rendered":"Vereador Kleber Fernandes denuncia operadoras por falta de sinal durante S\u00e3o Jo\u00e3o e cobra provid\u00eancias urgentes"},"content":{"rendered":"\n<figure class=\"wp-block-image size-large\"><img data-recalc-dims=\"1\" fetchpriority=\"high\" decoding=\"async\" width=\"800\" height=\"673\" src=\"https:\/\/i0.wp.com\/blogdobispo.com.br\/wp-content\/uploads\/2025\/06\/ffcc1013-752d-4a04-8f1f-6005542c0ce9-1-1024x861.jpg?resize=800%2C673&#038;ssl=1\" class=\"wp-image-5577\" srcset=\"https:\/\/i0.wp.com\/blogdobispo.com.br\/wp-content\/uploads\/2025\/06\/ffcc1013-752d-4a04-8f1f-6005542c0ce9-1.jpg?resize=1024%2C861&amp;ssl=1 1024w, https:\/\/i0.wp.com\/blogdobispo.com.br\/wp-content\/uploads\/2025\/06\/ffcc1013-752d-4a04-8f1f-6005542c0ce9-1.jpg?resize=300%2C252&amp;ssl=1 300w, https:\/\/i0.wp.com\/blogdobispo.com.br\/wp-content\/uploads\/2025\/06\/ffcc1013-752d-4a04-8f1f-6005542c0ce9-1.jpg?resize=768%2C646&amp;ssl=1 768w, https:\/\/i0.wp.com\/blogdobispo.com.br\/wp-content\/uploads\/2025\/06\/ffcc1013-752d-4a04-8f1f-6005542c0ce9-1.jpg?resize=1536%2C1292&amp;ssl=1 1536w, https:\/\/i0.wp.com\/blogdobispo.com.br\/wp-content\/uploads\/2025\/06\/ffcc1013-752d-4a04-8f1f-6005542c0ce9-1.jpg?w=1600&amp;ssl=1 1600w\" sizes=\"(max-width: 800px) 100vw, 800px\" \/><\/figure>\n\n\n\n<p><\/p>\n\n\n\n<p>O vereador Kleber Fernandes (Republicanos), presidente da Comiss\u00e3o de Defesa do Consumidor da C\u00e2mara Municipal de Natal, ir\u00e1 protocolar uma den\u00fancia formal contra as operadoras de telefonia m\u00f3vel que atuam na capital potiguar, em raz\u00e3o da pane no servi\u00e7o de voz e dados m\u00f3veis durante os grandes eventos do S\u00e3o Jo\u00e3o de Natal 2025. Em algumas noites, os festejos reuniram mais de 150 mil pessoas, mas o p\u00fablico ficou completamente sem sinal de rede e internet.<\/p>\n\n\n\n<p>A den\u00fancia ser\u00e1 encaminhada \u00e0 Anatel, Procon Municipal e Estadual, Minist\u00e9rio P\u00fablico Estadual e Federal, al\u00e9m das pr\u00f3prias operadoras, exigindo aplica\u00e7\u00e3o de multas por danos morais coletivos e instala\u00e7\u00e3o emergencial de antenas que garantam o funcionamento adequado do servi\u00e7o at\u00e9 o fim dos festejos juninos.<\/p>\n\n\n\n<p>\u201cRecebemos centenas de relatos de consumidores que ficaram totalmente incomunic\u00e1veis. Muita gente n\u00e3o conseguiu chamar um carro por aplicativos como Uber e 99, nem mesmo ligar para a fam\u00edlia ou acionar servi\u00e7os de emerg\u00eancia. Isso n\u00e3o \u00e9 apenas uma falha t\u00e9cnica, \u00e9 uma viola\u00e7\u00e3o clara dos direitos do consumidor\u201d, destacou Kleber.<\/p>\n\n\n\n<p>O parlamentar ressaltou que o problema era previs\u00edvel, dada a grandiosidade dos eventos, e que caberia \u00e0s operadoras refor\u00e7ar a estrutura de rede com antenas m\u00f3veis tempor\u00e1rias. \u201cAs empresas faturam alto e sabem da demanda nesses eventos. N\u00e3o \u00e9 admiss\u00edvel que deixem milhares de pessoas \u00e0 merc\u00ea do acaso por falta de planejamento\u201d, completou.<\/p>\n\n\n\n<p>Kleber tamb\u00e9m cobrou que os \u00f3rg\u00e3os de fiscaliza\u00e7\u00e3o acompanhem de perto a atua\u00e7\u00e3o das operadoras nos pr\u00f3ximos dias e em futuros eventos de grande porte. \u201cO S\u00e3o Jo\u00e3o continua at\u00e9 o final do m\u00eas, e medidas precisam ser adotadas imediatamente. Vamos continuar cobrando, denunciando e defendendo os consumidores\u201d, afirmou.<\/p>\n\n\n\n<p>A Comiss\u00e3o de Defesa do Consumidor da C\u00e2mara seguir\u00e1 monitorando o caso e pede que os consumidores enviem relatos e registros de falhas para fortalecer a investiga\u00e7\u00e3o.<\/p>\n","protected":false},"excerpt":{"rendered":"<p>O vereador Kleber Fernandes (Republicanos), presidente da Comiss\u00e3o de Defesa do Consumidor da C\u00e2mara Municipal de Natal, ir\u00e1 protocolar uma den\u00fancia formal contra as operadoras de telefonia m\u00f3vel que atuam na capital potiguar, em raz\u00e3o da pane no servi\u00e7o de voz e dados m\u00f3veis durante os grandes eventos do S\u00e3o Jo\u00e3o de Natal 2025. Em [&hellip;]<\/p>\n","protected":false},"author":1,"featured_media":0,"comment_status":"open","ping_status":"open","sticky":false,"template":"","format":"standard","meta":{"cybocfi_hide_featured_image":"","_jetpack_memberships_contains_paid_content":false,"footnotes":""},"categories":[1],"tags":[],"class_list":["post-5578","post","type-post","status-publish","format-standard","hentry","category-diversos"],"yoast_head":"<!-- This site is optimized with the Yoast SEO plugin v25.6 - https:\/\/yoast.com\/wordpress\/plugins\/seo\/ -->\n<title>Vereador Kleber Fernandes denuncia operadoras por falta de sinal durante S\u00e3o Jo\u00e3o e cobra provid\u00eancias urgentes - Blog do Bispo<\/title>\n<meta name=\"robots\" content=\"index, follow, max-snippet:-1, max-image-preview:large, max-video-preview:-1\" \/>\n<link rel=\"canonical\" href=\"https:\/\/blogdobispo.com.br\/?p=5578\" \/>\n<meta property=\"og:locale\" content=\"pt_BR\" \/>\n<meta property=\"og:type\" content=\"article\" \/>\n<meta property=\"og:title\" content=\"Vereador Kleber Fernandes denuncia operadoras por falta de sinal durante S\u00e3o Jo\u00e3o e cobra provid\u00eancias urgentes - Blog do Bispo\" \/>\n<meta property=\"og:description\" content=\"O vereador Kleber Fernandes (Republicanos), presidente da Comiss\u00e3o de Defesa do Consumidor da C\u00e2mara Municipal de Natal, ir\u00e1 protocolar uma den\u00fancia formal contra as operadoras de telefonia m\u00f3vel que atuam na capital potiguar, em raz\u00e3o da pane no servi\u00e7o de voz e dados m\u00f3veis durante os grandes eventos do S\u00e3o Jo\u00e3o de Natal 2025. Em [&hellip;]\" \/>\n<meta property=\"og:url\" content=\"https:\/\/blogdobispo.com.br\/?p=5578\" \/>\n<meta property=\"og:site_name\" content=\"Blog do Bispo\" \/>\n<meta property=\"article:published_time\" content=\"2025-06-11T00:16:20+00:00\" \/>\n<meta property=\"og:image\" content=\"https:\/\/blogdobispo.com.br\/wp-content\/uploads\/2025\/06\/ffcc1013-752d-4a04-8f1f-6005542c0ce9-1-1024x861.jpg\" \/>\n<meta name=\"author\" content=\"Jefferson Sterfeno\" \/>\n<meta name=\"twitter:card\" content=\"summary_large_image\" \/>\n<meta name=\"twitter:label1\" content=\"Escrito por\" \/>\n\t<meta name=\"twitter:data1\" content=\"Jefferson Sterfeno\" \/>\n\t<meta name=\"twitter:label2\" content=\"Est. tempo de leitura\" \/>\n\t<meta name=\"twitter:data2\" content=\"2 minutos\" \/>\n<script type=\"application\/ld+json\" class=\"yoast-schema-graph\">{\"@context\":\"https:\/\/schema.org\",\"@graph\":[{\"@type\":\"Article\",\"@id\":\"https:\/\/blogdobispo.com.br\/?p=5578#article\",\"isPartOf\":{\"@id\":\"https:\/\/blogdobispo.com.br\/?p=5578\"},\"author\":{\"name\":\"Jefferson Sterfeno\",\"@id\":\"https:\/\/blogdobispo.com.br\/#\/schema\/person\/e2209cc0e6cea5c5233d033e997b373f\"},\"headline\":\"Vereador Kleber Fernandes denuncia operadoras por falta de sinal durante S\u00e3o Jo\u00e3o e cobra provid\u00eancias urgentes\",\"datePublished\":\"2025-06-11T00:16:20+00:00\",\"mainEntityOfPage\":{\"@id\":\"https:\/\/blogdobispo.com.br\/?p=5578\"},\"wordCount\":356,\"commentCount\":0,\"publisher\":{\"@id\":\"https:\/\/blogdobispo.com.br\/#organization\"},\"image\":{\"@id\":\"https:\/\/blogdobispo.com.br\/?p=5578#primaryimage\"},\"thumbnailUrl\":\"https:\/\/blogdobispo.com.br\/wp-content\/uploads\/2025\/06\/ffcc1013-752d-4a04-8f1f-6005542c0ce9-1-1024x861.jpg\",\"articleSection\":[\"diversos\"],\"inLanguage\":\"pt-BR\",\"potentialAction\":[{\"@type\":\"CommentAction\",\"name\":\"Comment\",\"target\":[\"https:\/\/blogdobispo.com.br\/?p=5578#respond\"]}]},{\"@type\":\"WebPage\",\"@id\":\"https:\/\/blogdobispo.com.br\/?p=5578\",\"url\":\"https:\/\/blogdobispo.com.br\/?p=5578\",\"name\":\"Vereador Kleber Fernandes denuncia operadoras por falta de sinal durante S\u00e3o Jo\u00e3o e cobra provid\u00eancias urgentes - Blog do Bispo\",\"isPartOf\":{\"@id\":\"https:\/\/blogdobispo.com.br\/#website\"},\"primaryImageOfPage\":{\"@id\":\"https:\/\/blogdobispo.com.br\/?p=5578#primaryimage\"},\"image\":{\"@id\":\"https:\/\/blogdobispo.com.br\/?p=5578#primaryimage\"},\"thumbnailUrl\":\"https:\/\/blogdobispo.com.br\/wp-content\/uploads\/2025\/06\/ffcc1013-752d-4a04-8f1f-6005542c0ce9-1-1024x861.jpg\",\"datePublished\":\"2025-06-11T00:16:20+00:00\",\"breadcrumb\":{\"@id\":\"https:\/\/blogdobispo.com.br\/?p=5578#breadcrumb\"},\"inLanguage\":\"pt-BR\",\"potentialAction\":[{\"@type\":\"ReadAction\",\"target\":[\"https:\/\/blogdobispo.com.br\/?p=5578\"]}]},{\"@type\":\"ImageObject\",\"inLanguage\":\"pt-BR\",\"@id\":\"https:\/\/blogdobispo.com.br\/?p=5578#primaryimage\",\"url\":\"https:\/\/blogdobispo.com.br\/wp-content\/uploads\/2025\/06\/ffcc1013-752d-4a04-8f1f-6005542c0ce9-1-1024x861.jpg\",\"contentUrl\":\"https:\/\/blogdobispo.com.br\/wp-content\/uploads\/2025\/06\/ffcc1013-752d-4a04-8f1f-6005542c0ce9-1-1024x861.jpg\"},{\"@type\":\"BreadcrumbList\",\"@id\":\"https:\/\/blogdobispo.com.br\/?p=5578#breadcrumb\",\"itemListElement\":[{\"@type\":\"ListItem\",\"position\":1,\"name\":\"In\u00edcio\",\"item\":\"https:\/\/blogdobispo.com.br\/\"},{\"@type\":\"ListItem\",\"position\":2,\"name\":\"Vereador Kleber Fernandes denuncia operadoras por falta de sinal durante S\u00e3o Jo\u00e3o e cobra provid\u00eancias urgentes\"}]},{\"@type\":\"WebSite\",\"@id\":\"https:\/\/blogdobispo.com.br\/#website\",\"url\":\"https:\/\/blogdobispo.com.br\/\",\"name\":\"Blog do Bispo\",\"description\":\"Comprometido apenas com o leitor\",\"publisher\":{\"@id\":\"https:\/\/blogdobispo.com.br\/#organization\"},\"potentialAction\":[{\"@type\":\"SearchAction\",\"target\":{\"@type\":\"EntryPoint\",\"urlTemplate\":\"https:\/\/blogdobispo.com.br\/?s={search_term_string}\"},\"query-input\":{\"@type\":\"PropertyValueSpecification\",\"valueRequired\":true,\"valueName\":\"search_term_string\"}}],\"inLanguage\":\"pt-BR\"},{\"@type\":\"Organization\",\"@id\":\"https:\/\/blogdobispo.com.br\/#organization\",\"name\":\"Blog do Bispo\",\"url\":\"https:\/\/blogdobispo.com.br\/\",\"logo\":{\"@type\":\"ImageObject\",\"inLanguage\":\"pt-BR\",\"@id\":\"https:\/\/blogdobispo.com.br\/#\/schema\/logo\/image\/\",\"url\":\"http:\/\/blogdobispo.com.br\/wp-content\/uploads\/2023\/05\/cropped-headear.png\",\"contentUrl\":\"http:\/\/blogdobispo.com.br\/wp-content\/uploads\/2023\/05\/cropped-headear.png\",\"width\":1500,\"height\":399,\"caption\":\"Blog do Bispo\"},\"image\":{\"@id\":\"https:\/\/blogdobispo.com.br\/#\/schema\/logo\/image\/\"}},{\"@type\":\"Person\",\"@id\":\"https:\/\/blogdobispo.com.br\/#\/schema\/person\/e2209cc0e6cea5c5233d033e997b373f\",\"name\":\"Jefferson Sterfeno\",\"image\":{\"@type\":\"ImageObject\",\"inLanguage\":\"pt-BR\",\"@id\":\"https:\/\/blogdobispo.com.br\/#\/schema\/person\/image\/\",\"url\":\"https:\/\/secure.gravatar.com\/avatar\/0534e84764641168a677026b6d57a3f51dc7ac4db0b4f6186d9cb330d4ee1160?s=96&d=mm&r=g\",\"contentUrl\":\"https:\/\/secure.gravatar.com\/avatar\/0534e84764641168a677026b6d57a3f51dc7ac4db0b4f6186d9cb330d4ee1160?s=96&d=mm&r=g\",\"caption\":\"Jefferson Sterfeno\"},\"sameAs\":[\"http:\/\/blogdobispo.com.br\"],\"url\":\"https:\/\/blogdobispo.com.br\/?author=1\"}]}<\/script>\n<!-- \/ Yoast SEO plugin. -->","yoast_head_json":{"title":"Vereador Kleber Fernandes denuncia operadoras por falta de sinal durante S\u00e3o Jo\u00e3o e cobra provid\u00eancias urgentes - Blog do Bispo","robots":{"index":"index","follow":"follow","max-snippet":"max-snippet:-1","max-image-preview":"max-image-preview:large","max-video-preview":"max-video-preview:-1"},"canonical":"https:\/\/blogdobispo.com.br\/?p=5578","og_locale":"pt_BR","og_type":"article","og_title":"Vereador Kleber Fernandes denuncia operadoras por falta de sinal durante S\u00e3o Jo\u00e3o e cobra provid\u00eancias urgentes - Blog do Bispo","og_description":"O vereador Kleber Fernandes (Republicanos), presidente da Comiss\u00e3o de Defesa do Consumidor da C\u00e2mara Municipal de Natal, ir\u00e1 protocolar uma den\u00fancia formal contra as operadoras de telefonia m\u00f3vel que atuam na capital potiguar, em raz\u00e3o da pane no servi\u00e7o de voz e dados m\u00f3veis durante os grandes eventos do S\u00e3o Jo\u00e3o de Natal 2025. Em [&hellip;]","og_url":"https:\/\/blogdobispo.com.br\/?p=5578","og_site_name":"Blog do Bispo","article_published_time":"2025-06-11T00:16:20+00:00","og_image":[{"url":"https:\/\/blogdobispo.com.br\/wp-content\/uploads\/2025\/06\/ffcc1013-752d-4a04-8f1f-6005542c0ce9-1-1024x861.jpg","type":"","width":"","height":""}],"author":"Jefferson Sterfeno","twitter_card":"summary_large_image","twitter_misc":{"Escrito por":"Jefferson Sterfeno","Est. tempo de leitura":"2 minutos"},"schema":{"@context":"https:\/\/schema.org","@graph":[{"@type":"Article","@id":"https:\/\/blogdobispo.com.br\/?p=5578#article","isPartOf":{"@id":"https:\/\/blogdobispo.com.br\/?p=5578"},"author":{"name":"Jefferson Sterfeno","@id":"https:\/\/blogdobispo.com.br\/#\/schema\/person\/e2209cc0e6cea5c5233d033e997b373f"},"headline":"Vereador Kleber Fernandes denuncia operadoras por falta de sinal durante S\u00e3o Jo\u00e3o e cobra provid\u00eancias urgentes","datePublished":"2025-06-11T00:16:20+00:00","mainEntityOfPage":{"@id":"https:\/\/blogdobispo.com.br\/?p=5578"},"wordCount":356,"commentCount":0,"publisher":{"@id":"https:\/\/blogdobispo.com.br\/#organization"},"image":{"@id":"https:\/\/blogdobispo.com.br\/?p=5578#primaryimage"},"thumbnailUrl":"https:\/\/blogdobispo.com.br\/wp-content\/uploads\/2025\/06\/ffcc1013-752d-4a04-8f1f-6005542c0ce9-1-1024x861.jpg","articleSection":["diversos"],"inLanguage":"pt-BR","potentialAction":[{"@type":"CommentAction","name":"Comment","target":["https:\/\/blogdobispo.com.br\/?p=5578#respond"]}]},{"@type":"WebPage","@id":"https:\/\/blogdobispo.com.br\/?p=5578","url":"https:\/\/blogdobispo.com.br\/?p=5578","name":"Vereador Kleber Fernandes denuncia operadoras por falta de sinal durante S\u00e3o Jo\u00e3o e cobra provid\u00eancias urgentes - Blog do Bispo","isPartOf":{"@id":"https:\/\/blogdobispo.com.br\/#website"},"primaryImageOfPage":{"@id":"https:\/\/blogdobispo.com.br\/?p=5578#primaryimage"},"image":{"@id":"https:\/\/blogdobispo.com.br\/?p=5578#primaryimage"},"thumbnailUrl":"https:\/\/blogdobispo.com.br\/wp-content\/uploads\/2025\/06\/ffcc1013-752d-4a04-8f1f-6005542c0ce9-1-1024x861.jpg","datePublished":"2025-06-11T00:16:20+00:00","breadcrumb":{"@id":"https:\/\/blogdobispo.com.br\/?p=5578#breadcrumb"},"inLanguage":"pt-BR","potentialAction":[{"@type":"ReadAction","target":["https:\/\/blogdobispo.com.br\/?p=5578"]}]},{"@type":"ImageObject","inLanguage":"pt-BR","@id":"https:\/\/blogdobispo.com.br\/?p=5578#primaryimage","url":"https:\/\/blogdobispo.com.br\/wp-content\/uploads\/2025\/06\/ffcc1013-752d-4a04-8f1f-6005542c0ce9-1-1024x861.jpg","contentUrl":"https:\/\/blogdobispo.com.br\/wp-content\/uploads\/2025\/06\/ffcc1013-752d-4a04-8f1f-6005542c0ce9-1-1024x861.jpg"},{"@type":"BreadcrumbList","@id":"https:\/\/blogdobispo.com.br\/?p=5578#breadcrumb","itemListElement":[{"@type":"ListItem","position":1,"name":"In\u00edcio","item":"https:\/\/blogdobispo.com.br\/"},{"@type":"ListItem","position":2,"name":"Vereador Kleber Fernandes denuncia operadoras por falta de sinal durante S\u00e3o Jo\u00e3o e cobra provid\u00eancias urgentes"}]},{"@type":"WebSite","@id":"https:\/\/blogdobispo.com.br\/#website","url":"https:\/\/blogdobispo.com.br\/","name":"Blog do Bispo","description":"Comprometido apenas com o leitor","publisher":{"@id":"https:\/\/blogdobispo.com.br\/#organization"},"potentialAction":[{"@type":"SearchAction","target":{"@type":"EntryPoint","urlTemplate":"https:\/\/blogdobispo.com.br\/?s={search_term_string}"},"query-input":{"@type":"PropertyValueSpecification","valueRequired":true,"valueName":"search_term_string"}}],"inLanguage":"pt-BR"},{"@type":"Organization","@id":"https:\/\/blogdobispo.com.br\/#organization","name":"Blog do Bispo","url":"https:\/\/blogdobispo.com.br\/","logo":{"@type":"ImageObject","inLanguage":"pt-BR","@id":"https:\/\/blogdobispo.com.br\/#\/schema\/logo\/image\/","url":"http:\/\/blogdobispo.com.br\/wp-content\/uploads\/2023\/05\/cropped-headear.png","contentUrl":"http:\/\/blogdobispo.com.br\/wp-content\/uploads\/2023\/05\/cropped-headear.png","width":1500,"height":399,"caption":"Blog do Bispo"},"image":{"@id":"https:\/\/blogdobispo.com.br\/#\/schema\/logo\/image\/"}},{"@type":"Person","@id":"https:\/\/blogdobispo.com.br\/#\/schema\/person\/e2209cc0e6cea5c5233d033e997b373f","name":"Jefferson Sterfeno","image":{"@type":"ImageObject","inLanguage":"pt-BR","@id":"https:\/\/blogdobispo.com.br\/#\/schema\/person\/image\/","url":"https:\/\/secure.gravatar.com\/avatar\/0534e84764641168a677026b6d57a3f51dc7ac4db0b4f6186d9cb330d4ee1160?s=96&d=mm&r=g","contentUrl":"https:\/\/secure.gravatar.com\/avatar\/0534e84764641168a677026b6d57a3f51dc7ac4db0b4f6186d9cb330d4ee1160?s=96&d=mm&r=g","caption":"Jefferson Sterfeno"},"sameAs":["http:\/\/blogdobispo.com.br"],"url":"https:\/\/blogdobispo.com.br\/?author=1"}]}},"featured_image_urls":{"full":"","thumbnail":"","medium":"","medium_large":"","large":"","1536x1536":"","2048x2048":""},"author_info":{"display_name":"Jefferson Sterfeno","author_link":"https:\/\/blogdobispo.com.br\/?author=1"},"category_info":"<a href=\"https:\/\/blogdobispo.com.br\/?cat=1\" rel=\"category\">diversos<\/a>","tag_info":"diversos","comment_count":"0","jetpack_featured_media_url":"","jetpack_sharing_enabled":true,"_links":{"self":[{"href":"https:\/\/blogdobispo.com.br\/index.php?rest_route=\/wp\/v2\/posts\/5578","targetHints":{"allow":["GET"]}}],"collection":[{"href":"https:\/\/blogdobispo.com.br\/index.php?rest_route=\/wp\/v2\/posts"}],"about":[{"href":"https:\/\/blogdobispo.com.br\/index.php?rest_route=\/wp\/v2\/types\/post"}],"author":[{"embeddable":true,"href":"https:\/\/blogdobispo.com.br\/index.php?rest_route=\/wp\/v2\/users\/1"}],"replies":[{"embeddable":true,"href":"https:\/\/blogdobispo.com.br\/index.php?rest_route=%2Fwp%2Fv2%2Fcomments&post=5578"}],"version-history":[{"count":0,"href":"https:\/\/blogdobispo.com.br\/index.php?rest_route=\/wp\/v2\/posts\/5578\/revisions"}],"wp:attachment":[{"href":"https:\/\/blogdobispo.com.br\/index.php?rest_route=%2Fwp%2Fv2%2Fmedia&parent=5578"}],"wp:term":[{"taxonomy":"category","embeddable":true,"href":"https:\/\/blogdobispo.com.br\/index.php?rest_route=%2Fwp%2Fv2%2Fcategories&post=5578"},{"taxonomy":"post_tag","embeddable":true,"href":"https:\/\/blogdobispo.com.br\/index.php?rest_route=%2Fwp%2Fv2%2Ftags&post=5578"}],"curies":[{"name":"wp","href":"https:\/\/api.w.org\/{rel}","templated":true}]}}