{"id":5570,"date":"2025-06-10T15:31:33","date_gmt":"2025-06-10T15:31:33","guid":{"rendered":"https:\/\/blogdobispo.com.br\/?p=5570"},"modified":"2025-06-10T15:34:49","modified_gmt":"2025-06-10T15:34:49","slug":"ubaldo-fernandes-anuncia-pleitos-e-conquistas-municipalistas","status":"publish","type":"post","link":"https:\/\/blogdobispo.com.br\/?p=5570","title":{"rendered":"Ubaldo Fernandes anuncia pleitos e conquistas municipalistas"},"content":{"rendered":"\n<figure class=\"wp-block-image size-large\"><img data-recalc-dims=\"1\" fetchpriority=\"high\" decoding=\"async\" width=\"800\" height=\"534\" src=\"https:\/\/i0.wp.com\/blogdobispo.com.br\/wp-content\/uploads\/2025\/06\/img_5019-1-1024x683.png?resize=800%2C534&#038;ssl=1\" alt=\"\" class=\"wp-image-5569\" srcset=\"https:\/\/i0.wp.com\/blogdobispo.com.br\/wp-content\/uploads\/2025\/06\/img_5019-1.png?resize=1024%2C683&amp;ssl=1 1024w, https:\/\/i0.wp.com\/blogdobispo.com.br\/wp-content\/uploads\/2025\/06\/img_5019-1.png?resize=300%2C200&amp;ssl=1 300w, https:\/\/i0.wp.com\/blogdobispo.com.br\/wp-content\/uploads\/2025\/06\/img_5019-1.png?resize=768%2C512&amp;ssl=1 768w, https:\/\/i0.wp.com\/blogdobispo.com.br\/wp-content\/uploads\/2025\/06\/img_5019-1.png?resize=1536%2C1024&amp;ssl=1 1536w, https:\/\/i0.wp.com\/blogdobispo.com.br\/wp-content\/uploads\/2025\/06\/img_5019-1.png?w=1599&amp;ssl=1 1599w\" sizes=\"(max-width: 800px) 100vw, 800px\" \/><\/figure>\n\n\n\n<p>O deputado Ubaldo Fernandes (PSDB) utilizou a sess\u00e3o plen\u00e1ria desta ter\u00e7a-feira (10), na Assembleia Legislativa do Rio Grande do Norte, para dar publicidade \u00e0s a\u00e7\u00f5es de seu mandato municipalista, destacando \u201cimportantes\u201d avan\u00e7os para Carnaubais e S\u00e3o Miguel, al\u00e9m de projetar novas demandas para Tangar\u00e1 e Serrinha.<br \/><br \/>O parlamentar informou que, na \u00faltima segunda-feira, sua equipe esteve na Secretaria Estadual de Sa\u00fade P\u00fablica (Sesap) para apresentar demandas de munic\u00edpios do Estado. Para a cidade de Carnaubais, \u201cpleitos cruciais foram levados, com destaque para a reestrutura\u00e7\u00e3o da rede de sa\u00fade, assessoria t\u00e9cnica para a sa\u00fade do munic\u00edpio e a instala\u00e7\u00e3o de uma unidade base do Samu\u201d, disse ele.<br \/><br \/>De acordo com o parlamentar, a unidade do Samu em Carnaubais ter\u00e1 a fun\u00e7\u00e3o de atender munic\u00edpios do entorno, como Alto do Rodrigues e Serra do Mel, al\u00e9m de outras localidades vizinhas. O deputado enfatizou a necessidade de reestruturar a Unidade B\u00e1sica de Sa\u00fade (UBS) local para que, com a instala\u00e7\u00e3o do Samu, ela possa receber pacientes de urg\u00eancia e emerg\u00eancia com a rede funcionando adequadamente. \u201cAl\u00e9m disso, a secretaria de sa\u00fade precisa oferecer assessoria t\u00e9cnica e equipamentos para complementar os servi\u00e7os que o SAMU vai realizar na UBS\u201d, acrescentou.<br \/><br \/>Outro ponto de destaque no pronunciamento foi o pleito para o munic\u00edpio de S\u00e3o Miguel. O deputado agradeceu \u00e0 Sesap por ter anunciado, em audi\u00eancia, que a instala\u00e7\u00e3o de uma unidade base do SAMU em S\u00e3o Miguel est\u00e1 dentro do cronograma. Segundo ele, este era um pedido antigo feito atrav\u00e9s de requerimentos e pronunciamentos na Casa, e que atendeu ao apelo da popula\u00e7\u00e3o local.<\/p>\n\n\n\n<p>O parlamentar informou ainda que a agenda de seu mandato segue intensa. Para hoje (10), est\u00e1 prevista uma audi\u00eancia com a governadora F\u00e1tima Bezerra (PT), onde o deputado ir\u00e1 pleitear benef\u00edcios para o munic\u00edpio de Tangar\u00e1. Da mesma forma, ele acompanhar\u00e1 a prefeita de Serrinha para solicitar benef\u00edcios para esta cidade do Agreste. \u201cO objetivo \u00e9 assegurar que o governo do estado forne\u00e7a o apoio necess\u00e1rio para obras e servi\u00e7os que atendam \u00e0s demandas dessas popula\u00e7\u00f5es\u201d, falou ele. O deputado expressou confian\u00e7a em obter respostas positivas da governadora.<\/p>\n","protected":false},"excerpt":{"rendered":"<p>O deputado Ubaldo Fernandes (PSDB) utilizou a sess\u00e3o plen\u00e1ria desta ter\u00e7a-feira (10), na Assembleia Legislativa do Rio Grande do Norte, para dar publicidade \u00e0s a\u00e7\u00f5es de seu mandato municipalista, destacando \u201cimportantes\u201d avan\u00e7os para Carnaubais e S\u00e3o Miguel, al\u00e9m de projetar novas demandas para Tangar\u00e1 e Serrinha. O parlamentar informou que, na \u00faltima segunda-feira, sua equipe [&hellip;]<\/p>\n","protected":false},"author":1,"featured_media":0,"comment_status":"open","ping_status":"open","sticky":false,"template":"","format":"standard","meta":{"cybocfi_hide_featured_image":"","_jetpack_memberships_contains_paid_content":false,"footnotes":""},"categories":[1],"tags":[],"class_list":["post-5570","post","type-post","status-publish","format-standard","hentry","category-diversos"],"yoast_head":"<!-- This site is optimized with the Yoast SEO plugin v25.6 - https:\/\/yoast.com\/wordpress\/plugins\/seo\/ -->\n<title>Ubaldo Fernandes anuncia pleitos e conquistas municipalistas - Blog do Bispo<\/title>\n<meta name=\"robots\" content=\"index, follow, max-snippet:-1, max-image-preview:large, max-video-preview:-1\" \/>\n<link rel=\"canonical\" href=\"https:\/\/blogdobispo.com.br\/?p=5570\" \/>\n<meta property=\"og:locale\" content=\"pt_BR\" \/>\n<meta property=\"og:type\" content=\"article\" \/>\n<meta property=\"og:title\" content=\"Ubaldo Fernandes anuncia pleitos e conquistas municipalistas - Blog do Bispo\" \/>\n<meta property=\"og:description\" content=\"O deputado Ubaldo Fernandes (PSDB) utilizou a sess\u00e3o plen\u00e1ria desta ter\u00e7a-feira (10), na Assembleia Legislativa do Rio Grande do Norte, para dar publicidade \u00e0s a\u00e7\u00f5es de seu mandato municipalista, destacando \u201cimportantes\u201d avan\u00e7os para Carnaubais e S\u00e3o Miguel, al\u00e9m de projetar novas demandas para Tangar\u00e1 e Serrinha. O parlamentar informou que, na \u00faltima segunda-feira, sua equipe [&hellip;]\" \/>\n<meta property=\"og:url\" content=\"https:\/\/blogdobispo.com.br\/?p=5570\" \/>\n<meta property=\"og:site_name\" content=\"Blog do Bispo\" \/>\n<meta property=\"article:published_time\" content=\"2025-06-10T15:31:33+00:00\" \/>\n<meta property=\"article:modified_time\" content=\"2025-06-10T15:34:49+00:00\" \/>\n<meta property=\"og:image\" content=\"https:\/\/blogdobispo.com.br\/wp-content\/uploads\/2025\/06\/img_5019-1-1024x683.png\" \/>\n<meta name=\"author\" content=\"Jefferson Sterfeno\" \/>\n<meta name=\"twitter:card\" content=\"summary_large_image\" \/>\n<meta name=\"twitter:label1\" content=\"Escrito por\" \/>\n\t<meta name=\"twitter:data1\" content=\"Jefferson Sterfeno\" \/>\n\t<meta name=\"twitter:label2\" content=\"Est. tempo de leitura\" \/>\n\t<meta name=\"twitter:data2\" content=\"2 minutos\" \/>\n<script type=\"application\/ld+json\" class=\"yoast-schema-graph\">{\"@context\":\"https:\/\/schema.org\",\"@graph\":[{\"@type\":\"Article\",\"@id\":\"https:\/\/blogdobispo.com.br\/?p=5570#article\",\"isPartOf\":{\"@id\":\"https:\/\/blogdobispo.com.br\/?p=5570\"},\"author\":{\"name\":\"Jefferson Sterfeno\",\"@id\":\"https:\/\/blogdobispo.com.br\/#\/schema\/person\/e2209cc0e6cea5c5233d033e997b373f\"},\"headline\":\"Ubaldo Fernandes anuncia pleitos e conquistas municipalistas\",\"datePublished\":\"2025-06-10T15:31:33+00:00\",\"dateModified\":\"2025-06-10T15:34:49+00:00\",\"mainEntityOfPage\":{\"@id\":\"https:\/\/blogdobispo.com.br\/?p=5570\"},\"wordCount\":396,\"commentCount\":0,\"publisher\":{\"@id\":\"https:\/\/blogdobispo.com.br\/#organization\"},\"image\":{\"@id\":\"https:\/\/blogdobispo.com.br\/?p=5570#primaryimage\"},\"thumbnailUrl\":\"https:\/\/blogdobispo.com.br\/wp-content\/uploads\/2025\/06\/img_5019-1-1024x683.png\",\"articleSection\":[\"diversos\"],\"inLanguage\":\"pt-BR\",\"potentialAction\":[{\"@type\":\"CommentAction\",\"name\":\"Comment\",\"target\":[\"https:\/\/blogdobispo.com.br\/?p=5570#respond\"]}]},{\"@type\":\"WebPage\",\"@id\":\"https:\/\/blogdobispo.com.br\/?p=5570\",\"url\":\"https:\/\/blogdobispo.com.br\/?p=5570\",\"name\":\"Ubaldo Fernandes anuncia pleitos e conquistas municipalistas - Blog do Bispo\",\"isPartOf\":{\"@id\":\"https:\/\/blogdobispo.com.br\/#website\"},\"primaryImageOfPage\":{\"@id\":\"https:\/\/blogdobispo.com.br\/?p=5570#primaryimage\"},\"image\":{\"@id\":\"https:\/\/blogdobispo.com.br\/?p=5570#primaryimage\"},\"thumbnailUrl\":\"https:\/\/blogdobispo.com.br\/wp-content\/uploads\/2025\/06\/img_5019-1-1024x683.png\",\"datePublished\":\"2025-06-10T15:31:33+00:00\",\"dateModified\":\"2025-06-10T15:34:49+00:00\",\"breadcrumb\":{\"@id\":\"https:\/\/blogdobispo.com.br\/?p=5570#breadcrumb\"},\"inLanguage\":\"pt-BR\",\"potentialAction\":[{\"@type\":\"ReadAction\",\"target\":[\"https:\/\/blogdobispo.com.br\/?p=5570\"]}]},{\"@type\":\"ImageObject\",\"inLanguage\":\"pt-BR\",\"@id\":\"https:\/\/blogdobispo.com.br\/?p=5570#primaryimage\",\"url\":\"https:\/\/blogdobispo.com.br\/wp-content\/uploads\/2025\/06\/img_5019-1-1024x683.png\",\"contentUrl\":\"https:\/\/blogdobispo.com.br\/wp-content\/uploads\/2025\/06\/img_5019-1-1024x683.png\"},{\"@type\":\"BreadcrumbList\",\"@id\":\"https:\/\/blogdobispo.com.br\/?p=5570#breadcrumb\",\"itemListElement\":[{\"@type\":\"ListItem\",\"position\":1,\"name\":\"In\u00edcio\",\"item\":\"https:\/\/blogdobispo.com.br\/\"},{\"@type\":\"ListItem\",\"position\":2,\"name\":\"Ubaldo Fernandes anuncia pleitos e conquistas municipalistas\"}]},{\"@type\":\"WebSite\",\"@id\":\"https:\/\/blogdobispo.com.br\/#website\",\"url\":\"https:\/\/blogdobispo.com.br\/\",\"name\":\"Blog do Bispo\",\"description\":\"Comprometido apenas com o leitor\",\"publisher\":{\"@id\":\"https:\/\/blogdobispo.com.br\/#organization\"},\"potentialAction\":[{\"@type\":\"SearchAction\",\"target\":{\"@type\":\"EntryPoint\",\"urlTemplate\":\"https:\/\/blogdobispo.com.br\/?s={search_term_string}\"},\"query-input\":{\"@type\":\"PropertyValueSpecification\",\"valueRequired\":true,\"valueName\":\"search_term_string\"}}],\"inLanguage\":\"pt-BR\"},{\"@type\":\"Organization\",\"@id\":\"https:\/\/blogdobispo.com.br\/#organization\",\"name\":\"Blog do Bispo\",\"url\":\"https:\/\/blogdobispo.com.br\/\",\"logo\":{\"@type\":\"ImageObject\",\"inLanguage\":\"pt-BR\",\"@id\":\"https:\/\/blogdobispo.com.br\/#\/schema\/logo\/image\/\",\"url\":\"http:\/\/blogdobispo.com.br\/wp-content\/uploads\/2023\/05\/cropped-headear.png\",\"contentUrl\":\"http:\/\/blogdobispo.com.br\/wp-content\/uploads\/2023\/05\/cropped-headear.png\",\"width\":1500,\"height\":399,\"caption\":\"Blog do Bispo\"},\"image\":{\"@id\":\"https:\/\/blogdobispo.com.br\/#\/schema\/logo\/image\/\"}},{\"@type\":\"Person\",\"@id\":\"https:\/\/blogdobispo.com.br\/#\/schema\/person\/e2209cc0e6cea5c5233d033e997b373f\",\"name\":\"Jefferson Sterfeno\",\"image\":{\"@type\":\"ImageObject\",\"inLanguage\":\"pt-BR\",\"@id\":\"https:\/\/blogdobispo.com.br\/#\/schema\/person\/image\/\",\"url\":\"https:\/\/secure.gravatar.com\/avatar\/0534e84764641168a677026b6d57a3f51dc7ac4db0b4f6186d9cb330d4ee1160?s=96&d=mm&r=g\",\"contentUrl\":\"https:\/\/secure.gravatar.com\/avatar\/0534e84764641168a677026b6d57a3f51dc7ac4db0b4f6186d9cb330d4ee1160?s=96&d=mm&r=g\",\"caption\":\"Jefferson Sterfeno\"},\"sameAs\":[\"http:\/\/blogdobispo.com.br\"],\"url\":\"https:\/\/blogdobispo.com.br\/?author=1\"}]}<\/script>\n<!-- \/ Yoast SEO plugin. -->","yoast_head_json":{"title":"Ubaldo Fernandes anuncia pleitos e conquistas municipalistas - Blog do Bispo","robots":{"index":"index","follow":"follow","max-snippet":"max-snippet:-1","max-image-preview":"max-image-preview:large","max-video-preview":"max-video-preview:-1"},"canonical":"https:\/\/blogdobispo.com.br\/?p=5570","og_locale":"pt_BR","og_type":"article","og_title":"Ubaldo Fernandes anuncia pleitos e conquistas municipalistas - Blog do Bispo","og_description":"O deputado Ubaldo Fernandes (PSDB) utilizou a sess\u00e3o plen\u00e1ria desta ter\u00e7a-feira (10), na Assembleia Legislativa do Rio Grande do Norte, para dar publicidade \u00e0s a\u00e7\u00f5es de seu mandato municipalista, destacando \u201cimportantes\u201d avan\u00e7os para Carnaubais e S\u00e3o Miguel, al\u00e9m de projetar novas demandas para Tangar\u00e1 e Serrinha. O parlamentar informou que, na \u00faltima segunda-feira, sua equipe [&hellip;]","og_url":"https:\/\/blogdobispo.com.br\/?p=5570","og_site_name":"Blog do Bispo","article_published_time":"2025-06-10T15:31:33+00:00","article_modified_time":"2025-06-10T15:34:49+00:00","og_image":[{"url":"https:\/\/blogdobispo.com.br\/wp-content\/uploads\/2025\/06\/img_5019-1-1024x683.png","type":"","width":"","height":""}],"author":"Jefferson Sterfeno","twitter_card":"summary_large_image","twitter_misc":{"Escrito por":"Jefferson Sterfeno","Est. tempo de leitura":"2 minutos"},"schema":{"@context":"https:\/\/schema.org","@graph":[{"@type":"Article","@id":"https:\/\/blogdobispo.com.br\/?p=5570#article","isPartOf":{"@id":"https:\/\/blogdobispo.com.br\/?p=5570"},"author":{"name":"Jefferson Sterfeno","@id":"https:\/\/blogdobispo.com.br\/#\/schema\/person\/e2209cc0e6cea5c5233d033e997b373f"},"headline":"Ubaldo Fernandes anuncia pleitos e conquistas municipalistas","datePublished":"2025-06-10T15:31:33+00:00","dateModified":"2025-06-10T15:34:49+00:00","mainEntityOfPage":{"@id":"https:\/\/blogdobispo.com.br\/?p=5570"},"wordCount":396,"commentCount":0,"publisher":{"@id":"https:\/\/blogdobispo.com.br\/#organization"},"image":{"@id":"https:\/\/blogdobispo.com.br\/?p=5570#primaryimage"},"thumbnailUrl":"https:\/\/blogdobispo.com.br\/wp-content\/uploads\/2025\/06\/img_5019-1-1024x683.png","articleSection":["diversos"],"inLanguage":"pt-BR","potentialAction":[{"@type":"CommentAction","name":"Comment","target":["https:\/\/blogdobispo.com.br\/?p=5570#respond"]}]},{"@type":"WebPage","@id":"https:\/\/blogdobispo.com.br\/?p=5570","url":"https:\/\/blogdobispo.com.br\/?p=5570","name":"Ubaldo Fernandes anuncia pleitos e conquistas municipalistas - Blog do Bispo","isPartOf":{"@id":"https:\/\/blogdobispo.com.br\/#website"},"primaryImageOfPage":{"@id":"https:\/\/blogdobispo.com.br\/?p=5570#primaryimage"},"image":{"@id":"https:\/\/blogdobispo.com.br\/?p=5570#primaryimage"},"thumbnailUrl":"https:\/\/blogdobispo.com.br\/wp-content\/uploads\/2025\/06\/img_5019-1-1024x683.png","datePublished":"2025-06-10T15:31:33+00:00","dateModified":"2025-06-10T15:34:49+00:00","breadcrumb":{"@id":"https:\/\/blogdobispo.com.br\/?p=5570#breadcrumb"},"inLanguage":"pt-BR","potentialAction":[{"@type":"ReadAction","target":["https:\/\/blogdobispo.com.br\/?p=5570"]}]},{"@type":"ImageObject","inLanguage":"pt-BR","@id":"https:\/\/blogdobispo.com.br\/?p=5570#primaryimage","url":"https:\/\/blogdobispo.com.br\/wp-content\/uploads\/2025\/06\/img_5019-1-1024x683.png","contentUrl":"https:\/\/blogdobispo.com.br\/wp-content\/uploads\/2025\/06\/img_5019-1-1024x683.png"},{"@type":"BreadcrumbList","@id":"https:\/\/blogdobispo.com.br\/?p=5570#breadcrumb","itemListElement":[{"@type":"ListItem","position":1,"name":"In\u00edcio","item":"https:\/\/blogdobispo.com.br\/"},{"@type":"ListItem","position":2,"name":"Ubaldo Fernandes anuncia pleitos e conquistas municipalistas"}]},{"@type":"WebSite","@id":"https:\/\/blogdobispo.com.br\/#website","url":"https:\/\/blogdobispo.com.br\/","name":"Blog do Bispo","description":"Comprometido apenas com o leitor","publisher":{"@id":"https:\/\/blogdobispo.com.br\/#organization"},"potentialAction":[{"@type":"SearchAction","target":{"@type":"EntryPoint","urlTemplate":"https:\/\/blogdobispo.com.br\/?s={search_term_string}"},"query-input":{"@type":"PropertyValueSpecification","valueRequired":true,"valueName":"search_term_string"}}],"inLanguage":"pt-BR"},{"@type":"Organization","@id":"https:\/\/blogdobispo.com.br\/#organization","name":"Blog do Bispo","url":"https:\/\/blogdobispo.com.br\/","logo":{"@type":"ImageObject","inLanguage":"pt-BR","@id":"https:\/\/blogdobispo.com.br\/#\/schema\/logo\/image\/","url":"http:\/\/blogdobispo.com.br\/wp-content\/uploads\/2023\/05\/cropped-headear.png","contentUrl":"http:\/\/blogdobispo.com.br\/wp-content\/uploads\/2023\/05\/cropped-headear.png","width":1500,"height":399,"caption":"Blog do Bispo"},"image":{"@id":"https:\/\/blogdobispo.com.br\/#\/schema\/logo\/image\/"}},{"@type":"Person","@id":"https:\/\/blogdobispo.com.br\/#\/schema\/person\/e2209cc0e6cea5c5233d033e997b373f","name":"Jefferson Sterfeno","image":{"@type":"ImageObject","inLanguage":"pt-BR","@id":"https:\/\/blogdobispo.com.br\/#\/schema\/person\/image\/","url":"https:\/\/secure.gravatar.com\/avatar\/0534e84764641168a677026b6d57a3f51dc7ac4db0b4f6186d9cb330d4ee1160?s=96&d=mm&r=g","contentUrl":"https:\/\/secure.gravatar.com\/avatar\/0534e84764641168a677026b6d57a3f51dc7ac4db0b4f6186d9cb330d4ee1160?s=96&d=mm&r=g","caption":"Jefferson Sterfeno"},"sameAs":["http:\/\/blogdobispo.com.br"],"url":"https:\/\/blogdobispo.com.br\/?author=1"}]}},"featured_image_urls":{"full":"","thumbnail":"","medium":"","medium_large":"","large":"","1536x1536":"","2048x2048":""},"author_info":{"display_name":"Jefferson Sterfeno","author_link":"https:\/\/blogdobispo.com.br\/?author=1"},"category_info":"<a href=\"https:\/\/blogdobispo.com.br\/?cat=1\" rel=\"category\">diversos<\/a>","tag_info":"diversos","comment_count":"0","jetpack_featured_media_url":"","jetpack_sharing_enabled":true,"_links":{"self":[{"href":"https:\/\/blogdobispo.com.br\/index.php?rest_route=\/wp\/v2\/posts\/5570","targetHints":{"allow":["GET"]}}],"collection":[{"href":"https:\/\/blogdobispo.com.br\/index.php?rest_route=\/wp\/v2\/posts"}],"about":[{"href":"https:\/\/blogdobispo.com.br\/index.php?rest_route=\/wp\/v2\/types\/post"}],"author":[{"embeddable":true,"href":"https:\/\/blogdobispo.com.br\/index.php?rest_route=\/wp\/v2\/users\/1"}],"replies":[{"embeddable":true,"href":"https:\/\/blogdobispo.com.br\/index.php?rest_route=%2Fwp%2Fv2%2Fcomments&post=5570"}],"version-history":[{"count":2,"href":"https:\/\/blogdobispo.com.br\/index.php?rest_route=\/wp\/v2\/posts\/5570\/revisions"}],"predecessor-version":[{"id":5572,"href":"https:\/\/blogdobispo.com.br\/index.php?rest_route=\/wp\/v2\/posts\/5570\/revisions\/5572"}],"wp:attachment":[{"href":"https:\/\/blogdobispo.com.br\/index.php?rest_route=%2Fwp%2Fv2%2Fmedia&parent=5570"}],"wp:term":[{"taxonomy":"category","embeddable":true,"href":"https:\/\/blogdobispo.com.br\/index.php?rest_route=%2Fwp%2Fv2%2Fcategories&post=5570"},{"taxonomy":"post_tag","embeddable":true,"href":"https:\/\/blogdobispo.com.br\/index.php?rest_route=%2Fwp%2Fv2%2Ftags&post=5570"}],"curies":[{"name":"wp","href":"https:\/\/api.w.org\/{rel}","templated":true}]}}