{"id":5568,"date":"2025-06-10T15:25:14","date_gmt":"2025-06-10T15:25:14","guid":{"rendered":"https:\/\/blogdobispo.com.br\/?p=5568"},"modified":"2025-06-10T15:25:14","modified_gmt":"2025-06-10T15:25:14","slug":"walter-alves-volta-a-dizer-que-nao-sera-candidato-a-governador-querer-nao-e-poder","status":"publish","type":"post","link":"https:\/\/blogdobispo.com.br\/?p=5568","title":{"rendered":"Walter Alves volta a dizer que n\u00e3o ser\u00e1 candidato a governador: \u201cQuerer n\u00e3o \u00e9 poder"},"content":{"rendered":"\n<p>O vice-governador&nbsp;<a href=\"https:\/\/agorarn.com.br\/ultimas\/walter-alves-governo-do-rn-ate-8-de-junho\/\">Walter Alves<\/a>(MDB) voltou a afirmar que n\u00e3o ser\u00e1 candidato a governador do Rio Grande do Norte nas elei\u00e7\u00f5es de 2026. Apesar de confirmar que vai assumir a gest\u00e3o em abril de 2026, ap\u00f3s a ren\u00fancia de F\u00e1tima Bezerra (PT), ele disse que n\u00e3o vai disputar a reelei\u00e7\u00e3o. Ficar\u00e1 no cargo, portanto, s\u00f3 at\u00e9 31 de dezembro de 2026.<\/p>\n\n\n\n<p>\u201cQuerer n\u00e3o \u00e9 poder. Voc\u00ea n\u00e3o pode tudo\u201d, afirmou Walter, em entrevista \u00e0 r\u00e1dio 96 FM na noite desta segunda-feira 9, ao ser questionado sobre as pretens\u00f5es pol\u00edticas. \u201cEu irei ter a honra, o prazer, a satisfa\u00e7\u00e3o e a alegria de estar, nesse per\u00edodo, na cadeira do governador. Vou ajudar meus aliados, e o partido vai ficar forte para 2028 e para 2030. 2030 \u00e9 agora\u201d, emendou.<\/p>\n\n\n\n<p>Walter Alves declarou que a meta do seu MDB para 2026 no&nbsp;<a href=\"http:\/\/www.rn.gov.br\/\" target=\"_blank\" rel=\"noreferrer noopener\">RN&nbsp;<\/a>ser\u00e1 eleger dois deputados federais, de oito a nove deputados estaduais e o pr\u00f3ximo presidente da Assembleia Legislativa. \u201cComo \u00e9 que a gente est\u00e1 construindo isso? Com a turma. Conversando com as lideran\u00e7as pol\u00edticas para que a gente possa obter \u00eaxito\u201d, declarou.<\/p>\n\n\n\n<p>O vice-governador disse que, se decidisse ser candidato a governador, o projeto do MDB para a elei\u00e7\u00e3o proporcional seria prejudicado. \u201cSe eu fosse candidato, n\u00e3o teria candidatura a deputado federal, porque voc\u00ea tem que compor. Tem que abrir espa\u00e7o para deputados estaduais\u2026 O partido corre um risco de ostracismo\u201d, enfatizou Walter.<\/p>\n\n\n\n<p>\u201cA gente tem que jogar pensando em 2028, 2030. A pol\u00edtica \u00e9 pragmatismo\u201d, acrescentou o vice-governador, acrescentando que convidou o atual presidente da Assembleia, Ezequiel Ferreira (PSDB), para ser candidato \u00e0 reelei\u00e7\u00e3o para deputado estadual pelo MDB.<\/p>\n\n\n\n<p>Durante a entrevista, Walter Alves ressaltou que o PT agiu com \u201ccorre\u00e7\u00e3o\u201d com ele. Ele disse ter sido convidado diretamente por F\u00e1tima Bezerra e pelo presidente Luiz In\u00e1cio Lula da Silva para ser candidato a governador com apoio do PT. Ele, no entanto, afirmou que seus planos s\u00e3o outros. \u201cVale registrar a corre\u00e7\u00e3o. Tem que dar a C\u00e9sar o que \u00e9 de C\u00e9sar\u201d, assinalou.<\/p>\n\n\n\n<p>Foi s\u00f3 depois desse di\u00e1logo, segundo Walter, que o PT apresentou como alternativa para a disputa do Governo o nome do secret\u00e1rio de Fazenda do RN, Cadu Xavier. \u201c\u00c9 um bom nome, preparado, tem dimens\u00e3o da responsabilidade. Na pol\u00edtica, n\u00e3o existe v\u00e1cuo\u201d, disse o vice-governador.<\/p>\n\n\n\n<p>O MDB, por\u00e9m, n\u00e3o vai deixar de contribuir com a chapa majorit\u00e1ria, segundo Walter. O partido dever\u00e1 indicar o vice para o candidato a governador apresentado pelo PT (atualmente, o secret\u00e1rio de Fazenda, Cadu Xavier) ou um companheiro de F\u00e1tima Bezerra na disputa para o Senado. Como op\u00e7\u00e3o para vice, ele citou o atual deputado estadual Dr. Bernardo.<\/p>\n\n\n\n<p>Agora RN <\/p>\n\n\n\n<figure class=\"wp-block-image size-large\"><img data-recalc-dims=\"1\" fetchpriority=\"high\" decoding=\"async\" width=\"800\" height=\"451\" src=\"https:\/\/i0.wp.com\/blogdobispo.com.br\/wp-content\/uploads\/2025\/06\/img_5018-1.jpg?resize=800%2C451&#038;ssl=1\" class=\"wp-image-5567\" srcset=\"https:\/\/i0.wp.com\/blogdobispo.com.br\/wp-content\/uploads\/2025\/06\/img_5018-1.jpg?w=900&amp;ssl=1 900w, https:\/\/i0.wp.com\/blogdobispo.com.br\/wp-content\/uploads\/2025\/06\/img_5018-1.jpg?resize=300%2C169&amp;ssl=1 300w, https:\/\/i0.wp.com\/blogdobispo.com.br\/wp-content\/uploads\/2025\/06\/img_5018-1.jpg?resize=768%2C433&amp;ssl=1 768w\" sizes=\"(max-width: 800px) 100vw, 800px\" \/><\/figure>\n","protected":false},"excerpt":{"rendered":"<p>O vice-governador&nbsp;Walter Alves(MDB) voltou a afirmar que n\u00e3o ser\u00e1 candidato a governador do Rio Grande do Norte nas elei\u00e7\u00f5es de 2026. Apesar de confirmar que vai assumir a gest\u00e3o em abril de 2026, ap\u00f3s a ren\u00fancia de F\u00e1tima Bezerra (PT), ele disse que n\u00e3o vai disputar a reelei\u00e7\u00e3o. Ficar\u00e1 no cargo, portanto, s\u00f3 at\u00e9 31 [&hellip;]<\/p>\n","protected":false},"author":1,"featured_media":0,"comment_status":"open","ping_status":"open","sticky":false,"template":"","format":"standard","meta":{"cybocfi_hide_featured_image":"","_jetpack_memberships_contains_paid_content":false,"footnotes":""},"categories":[1],"tags":[],"class_list":["post-5568","post","type-post","status-publish","format-standard","hentry","category-diversos"],"yoast_head":"<!-- This site is optimized with the Yoast SEO plugin v25.6 - https:\/\/yoast.com\/wordpress\/plugins\/seo\/ -->\n<title>Walter Alves volta a dizer que n\u00e3o ser\u00e1 candidato a governador: \u201cQuerer n\u00e3o \u00e9 poder - Blog do Bispo<\/title>\n<meta name=\"robots\" content=\"index, follow, max-snippet:-1, max-image-preview:large, max-video-preview:-1\" \/>\n<link rel=\"canonical\" href=\"https:\/\/blogdobispo.com.br\/?p=5568\" \/>\n<meta property=\"og:locale\" content=\"pt_BR\" \/>\n<meta property=\"og:type\" content=\"article\" \/>\n<meta property=\"og:title\" content=\"Walter Alves volta a dizer que n\u00e3o ser\u00e1 candidato a governador: \u201cQuerer n\u00e3o \u00e9 poder - Blog do Bispo\" \/>\n<meta property=\"og:description\" content=\"O vice-governador&nbsp;Walter Alves(MDB) voltou a afirmar que n\u00e3o ser\u00e1 candidato a governador do Rio Grande do Norte nas elei\u00e7\u00f5es de 2026. Apesar de confirmar que vai assumir a gest\u00e3o em abril de 2026, ap\u00f3s a ren\u00fancia de F\u00e1tima Bezerra (PT), ele disse que n\u00e3o vai disputar a reelei\u00e7\u00e3o. Ficar\u00e1 no cargo, portanto, s\u00f3 at\u00e9 31 [&hellip;]\" \/>\n<meta property=\"og:url\" content=\"https:\/\/blogdobispo.com.br\/?p=5568\" \/>\n<meta property=\"og:site_name\" content=\"Blog do Bispo\" \/>\n<meta property=\"article:published_time\" content=\"2025-06-10T15:25:14+00:00\" \/>\n<meta property=\"og:image\" content=\"https:\/\/blogdobispo.com.br\/wp-content\/uploads\/2025\/06\/img_5018-1.jpg\" \/>\n<meta name=\"author\" content=\"Jefferson Sterfeno\" \/>\n<meta name=\"twitter:card\" content=\"summary_large_image\" \/>\n<meta name=\"twitter:label1\" content=\"Escrito por\" \/>\n\t<meta name=\"twitter:data1\" content=\"Jefferson Sterfeno\" \/>\n\t<meta name=\"twitter:label2\" content=\"Est. tempo de leitura\" \/>\n\t<meta name=\"twitter:data2\" content=\"2 minutos\" \/>\n<script type=\"application\/ld+json\" class=\"yoast-schema-graph\">{\"@context\":\"https:\/\/schema.org\",\"@graph\":[{\"@type\":\"Article\",\"@id\":\"https:\/\/blogdobispo.com.br\/?p=5568#article\",\"isPartOf\":{\"@id\":\"https:\/\/blogdobispo.com.br\/?p=5568\"},\"author\":{\"name\":\"Jefferson Sterfeno\",\"@id\":\"https:\/\/blogdobispo.com.br\/#\/schema\/person\/e2209cc0e6cea5c5233d033e997b373f\"},\"headline\":\"Walter Alves volta a dizer que n\u00e3o ser\u00e1 candidato a governador: \u201cQuerer n\u00e3o \u00e9 poder\",\"datePublished\":\"2025-06-10T15:25:14+00:00\",\"mainEntityOfPage\":{\"@id\":\"https:\/\/blogdobispo.com.br\/?p=5568\"},\"wordCount\":481,\"commentCount\":0,\"publisher\":{\"@id\":\"https:\/\/blogdobispo.com.br\/#organization\"},\"image\":{\"@id\":\"https:\/\/blogdobispo.com.br\/?p=5568#primaryimage\"},\"thumbnailUrl\":\"https:\/\/blogdobispo.com.br\/wp-content\/uploads\/2025\/06\/img_5018-1.jpg\",\"articleSection\":[\"diversos\"],\"inLanguage\":\"pt-BR\",\"potentialAction\":[{\"@type\":\"CommentAction\",\"name\":\"Comment\",\"target\":[\"https:\/\/blogdobispo.com.br\/?p=5568#respond\"]}]},{\"@type\":\"WebPage\",\"@id\":\"https:\/\/blogdobispo.com.br\/?p=5568\",\"url\":\"https:\/\/blogdobispo.com.br\/?p=5568\",\"name\":\"Walter Alves volta a dizer que n\u00e3o ser\u00e1 candidato a governador: \u201cQuerer n\u00e3o \u00e9 poder - Blog do Bispo\",\"isPartOf\":{\"@id\":\"https:\/\/blogdobispo.com.br\/#website\"},\"primaryImageOfPage\":{\"@id\":\"https:\/\/blogdobispo.com.br\/?p=5568#primaryimage\"},\"image\":{\"@id\":\"https:\/\/blogdobispo.com.br\/?p=5568#primaryimage\"},\"thumbnailUrl\":\"https:\/\/blogdobispo.com.br\/wp-content\/uploads\/2025\/06\/img_5018-1.jpg\",\"datePublished\":\"2025-06-10T15:25:14+00:00\",\"breadcrumb\":{\"@id\":\"https:\/\/blogdobispo.com.br\/?p=5568#breadcrumb\"},\"inLanguage\":\"pt-BR\",\"potentialAction\":[{\"@type\":\"ReadAction\",\"target\":[\"https:\/\/blogdobispo.com.br\/?p=5568\"]}]},{\"@type\":\"ImageObject\",\"inLanguage\":\"pt-BR\",\"@id\":\"https:\/\/blogdobispo.com.br\/?p=5568#primaryimage\",\"url\":\"https:\/\/blogdobispo.com.br\/wp-content\/uploads\/2025\/06\/img_5018-1.jpg\",\"contentUrl\":\"https:\/\/blogdobispo.com.br\/wp-content\/uploads\/2025\/06\/img_5018-1.jpg\"},{\"@type\":\"BreadcrumbList\",\"@id\":\"https:\/\/blogdobispo.com.br\/?p=5568#breadcrumb\",\"itemListElement\":[{\"@type\":\"ListItem\",\"position\":1,\"name\":\"In\u00edcio\",\"item\":\"https:\/\/blogdobispo.com.br\/\"},{\"@type\":\"ListItem\",\"position\":2,\"name\":\"Walter Alves volta a dizer que n\u00e3o ser\u00e1 candidato a governador: \u201cQuerer n\u00e3o \u00e9 poder\"}]},{\"@type\":\"WebSite\",\"@id\":\"https:\/\/blogdobispo.com.br\/#website\",\"url\":\"https:\/\/blogdobispo.com.br\/\",\"name\":\"Blog do Bispo\",\"description\":\"Comprometido apenas com o leitor\",\"publisher\":{\"@id\":\"https:\/\/blogdobispo.com.br\/#organization\"},\"potentialAction\":[{\"@type\":\"SearchAction\",\"target\":{\"@type\":\"EntryPoint\",\"urlTemplate\":\"https:\/\/blogdobispo.com.br\/?s={search_term_string}\"},\"query-input\":{\"@type\":\"PropertyValueSpecification\",\"valueRequired\":true,\"valueName\":\"search_term_string\"}}],\"inLanguage\":\"pt-BR\"},{\"@type\":\"Organization\",\"@id\":\"https:\/\/blogdobispo.com.br\/#organization\",\"name\":\"Blog do Bispo\",\"url\":\"https:\/\/blogdobispo.com.br\/\",\"logo\":{\"@type\":\"ImageObject\",\"inLanguage\":\"pt-BR\",\"@id\":\"https:\/\/blogdobispo.com.br\/#\/schema\/logo\/image\/\",\"url\":\"http:\/\/blogdobispo.com.br\/wp-content\/uploads\/2023\/05\/cropped-headear.png\",\"contentUrl\":\"http:\/\/blogdobispo.com.br\/wp-content\/uploads\/2023\/05\/cropped-headear.png\",\"width\":1500,\"height\":399,\"caption\":\"Blog do Bispo\"},\"image\":{\"@id\":\"https:\/\/blogdobispo.com.br\/#\/schema\/logo\/image\/\"}},{\"@type\":\"Person\",\"@id\":\"https:\/\/blogdobispo.com.br\/#\/schema\/person\/e2209cc0e6cea5c5233d033e997b373f\",\"name\":\"Jefferson Sterfeno\",\"image\":{\"@type\":\"ImageObject\",\"inLanguage\":\"pt-BR\",\"@id\":\"https:\/\/blogdobispo.com.br\/#\/schema\/person\/image\/\",\"url\":\"https:\/\/secure.gravatar.com\/avatar\/0534e84764641168a677026b6d57a3f51dc7ac4db0b4f6186d9cb330d4ee1160?s=96&d=mm&r=g\",\"contentUrl\":\"https:\/\/secure.gravatar.com\/avatar\/0534e84764641168a677026b6d57a3f51dc7ac4db0b4f6186d9cb330d4ee1160?s=96&d=mm&r=g\",\"caption\":\"Jefferson Sterfeno\"},\"sameAs\":[\"http:\/\/blogdobispo.com.br\"],\"url\":\"https:\/\/blogdobispo.com.br\/?author=1\"}]}<\/script>\n<!-- \/ Yoast SEO plugin. -->","yoast_head_json":{"title":"Walter Alves volta a dizer que n\u00e3o ser\u00e1 candidato a governador: \u201cQuerer n\u00e3o \u00e9 poder - Blog do Bispo","robots":{"index":"index","follow":"follow","max-snippet":"max-snippet:-1","max-image-preview":"max-image-preview:large","max-video-preview":"max-video-preview:-1"},"canonical":"https:\/\/blogdobispo.com.br\/?p=5568","og_locale":"pt_BR","og_type":"article","og_title":"Walter Alves volta a dizer que n\u00e3o ser\u00e1 candidato a governador: \u201cQuerer n\u00e3o \u00e9 poder - Blog do Bispo","og_description":"O vice-governador&nbsp;Walter Alves(MDB) voltou a afirmar que n\u00e3o ser\u00e1 candidato a governador do Rio Grande do Norte nas elei\u00e7\u00f5es de 2026. Apesar de confirmar que vai assumir a gest\u00e3o em abril de 2026, ap\u00f3s a ren\u00fancia de F\u00e1tima Bezerra (PT), ele disse que n\u00e3o vai disputar a reelei\u00e7\u00e3o. Ficar\u00e1 no cargo, portanto, s\u00f3 at\u00e9 31 [&hellip;]","og_url":"https:\/\/blogdobispo.com.br\/?p=5568","og_site_name":"Blog do Bispo","article_published_time":"2025-06-10T15:25:14+00:00","og_image":[{"url":"https:\/\/blogdobispo.com.br\/wp-content\/uploads\/2025\/06\/img_5018-1.jpg","type":"","width":"","height":""}],"author":"Jefferson Sterfeno","twitter_card":"summary_large_image","twitter_misc":{"Escrito por":"Jefferson Sterfeno","Est. tempo de leitura":"2 minutos"},"schema":{"@context":"https:\/\/schema.org","@graph":[{"@type":"Article","@id":"https:\/\/blogdobispo.com.br\/?p=5568#article","isPartOf":{"@id":"https:\/\/blogdobispo.com.br\/?p=5568"},"author":{"name":"Jefferson Sterfeno","@id":"https:\/\/blogdobispo.com.br\/#\/schema\/person\/e2209cc0e6cea5c5233d033e997b373f"},"headline":"Walter Alves volta a dizer que n\u00e3o ser\u00e1 candidato a governador: \u201cQuerer n\u00e3o \u00e9 poder","datePublished":"2025-06-10T15:25:14+00:00","mainEntityOfPage":{"@id":"https:\/\/blogdobispo.com.br\/?p=5568"},"wordCount":481,"commentCount":0,"publisher":{"@id":"https:\/\/blogdobispo.com.br\/#organization"},"image":{"@id":"https:\/\/blogdobispo.com.br\/?p=5568#primaryimage"},"thumbnailUrl":"https:\/\/blogdobispo.com.br\/wp-content\/uploads\/2025\/06\/img_5018-1.jpg","articleSection":["diversos"],"inLanguage":"pt-BR","potentialAction":[{"@type":"CommentAction","name":"Comment","target":["https:\/\/blogdobispo.com.br\/?p=5568#respond"]}]},{"@type":"WebPage","@id":"https:\/\/blogdobispo.com.br\/?p=5568","url":"https:\/\/blogdobispo.com.br\/?p=5568","name":"Walter Alves volta a dizer que n\u00e3o ser\u00e1 candidato a governador: \u201cQuerer n\u00e3o \u00e9 poder - Blog do Bispo","isPartOf":{"@id":"https:\/\/blogdobispo.com.br\/#website"},"primaryImageOfPage":{"@id":"https:\/\/blogdobispo.com.br\/?p=5568#primaryimage"},"image":{"@id":"https:\/\/blogdobispo.com.br\/?p=5568#primaryimage"},"thumbnailUrl":"https:\/\/blogdobispo.com.br\/wp-content\/uploads\/2025\/06\/img_5018-1.jpg","datePublished":"2025-06-10T15:25:14+00:00","breadcrumb":{"@id":"https:\/\/blogdobispo.com.br\/?p=5568#breadcrumb"},"inLanguage":"pt-BR","potentialAction":[{"@type":"ReadAction","target":["https:\/\/blogdobispo.com.br\/?p=5568"]}]},{"@type":"ImageObject","inLanguage":"pt-BR","@id":"https:\/\/blogdobispo.com.br\/?p=5568#primaryimage","url":"https:\/\/blogdobispo.com.br\/wp-content\/uploads\/2025\/06\/img_5018-1.jpg","contentUrl":"https:\/\/blogdobispo.com.br\/wp-content\/uploads\/2025\/06\/img_5018-1.jpg"},{"@type":"BreadcrumbList","@id":"https:\/\/blogdobispo.com.br\/?p=5568#breadcrumb","itemListElement":[{"@type":"ListItem","position":1,"name":"In\u00edcio","item":"https:\/\/blogdobispo.com.br\/"},{"@type":"ListItem","position":2,"name":"Walter Alves volta a dizer que n\u00e3o ser\u00e1 candidato a governador: \u201cQuerer n\u00e3o \u00e9 poder"}]},{"@type":"WebSite","@id":"https:\/\/blogdobispo.com.br\/#website","url":"https:\/\/blogdobispo.com.br\/","name":"Blog do Bispo","description":"Comprometido apenas com o leitor","publisher":{"@id":"https:\/\/blogdobispo.com.br\/#organization"},"potentialAction":[{"@type":"SearchAction","target":{"@type":"EntryPoint","urlTemplate":"https:\/\/blogdobispo.com.br\/?s={search_term_string}"},"query-input":{"@type":"PropertyValueSpecification","valueRequired":true,"valueName":"search_term_string"}}],"inLanguage":"pt-BR"},{"@type":"Organization","@id":"https:\/\/blogdobispo.com.br\/#organization","name":"Blog do Bispo","url":"https:\/\/blogdobispo.com.br\/","logo":{"@type":"ImageObject","inLanguage":"pt-BR","@id":"https:\/\/blogdobispo.com.br\/#\/schema\/logo\/image\/","url":"http:\/\/blogdobispo.com.br\/wp-content\/uploads\/2023\/05\/cropped-headear.png","contentUrl":"http:\/\/blogdobispo.com.br\/wp-content\/uploads\/2023\/05\/cropped-headear.png","width":1500,"height":399,"caption":"Blog do Bispo"},"image":{"@id":"https:\/\/blogdobispo.com.br\/#\/schema\/logo\/image\/"}},{"@type":"Person","@id":"https:\/\/blogdobispo.com.br\/#\/schema\/person\/e2209cc0e6cea5c5233d033e997b373f","name":"Jefferson Sterfeno","image":{"@type":"ImageObject","inLanguage":"pt-BR","@id":"https:\/\/blogdobispo.com.br\/#\/schema\/person\/image\/","url":"https:\/\/secure.gravatar.com\/avatar\/0534e84764641168a677026b6d57a3f51dc7ac4db0b4f6186d9cb330d4ee1160?s=96&d=mm&r=g","contentUrl":"https:\/\/secure.gravatar.com\/avatar\/0534e84764641168a677026b6d57a3f51dc7ac4db0b4f6186d9cb330d4ee1160?s=96&d=mm&r=g","caption":"Jefferson Sterfeno"},"sameAs":["http:\/\/blogdobispo.com.br"],"url":"https:\/\/blogdobispo.com.br\/?author=1"}]}},"featured_image_urls":{"full":"","thumbnail":"","medium":"","medium_large":"","large":"","1536x1536":"","2048x2048":""},"author_info":{"display_name":"Jefferson Sterfeno","author_link":"https:\/\/blogdobispo.com.br\/?author=1"},"category_info":"<a href=\"https:\/\/blogdobispo.com.br\/?cat=1\" rel=\"category\">diversos<\/a>","tag_info":"diversos","comment_count":"0","jetpack_featured_media_url":"","jetpack_sharing_enabled":true,"_links":{"self":[{"href":"https:\/\/blogdobispo.com.br\/index.php?rest_route=\/wp\/v2\/posts\/5568","targetHints":{"allow":["GET"]}}],"collection":[{"href":"https:\/\/blogdobispo.com.br\/index.php?rest_route=\/wp\/v2\/posts"}],"about":[{"href":"https:\/\/blogdobispo.com.br\/index.php?rest_route=\/wp\/v2\/types\/post"}],"author":[{"embeddable":true,"href":"https:\/\/blogdobispo.com.br\/index.php?rest_route=\/wp\/v2\/users\/1"}],"replies":[{"embeddable":true,"href":"https:\/\/blogdobispo.com.br\/index.php?rest_route=%2Fwp%2Fv2%2Fcomments&post=5568"}],"version-history":[{"count":0,"href":"https:\/\/blogdobispo.com.br\/index.php?rest_route=\/wp\/v2\/posts\/5568\/revisions"}],"wp:attachment":[{"href":"https:\/\/blogdobispo.com.br\/index.php?rest_route=%2Fwp%2Fv2%2Fmedia&parent=5568"}],"wp:term":[{"taxonomy":"category","embeddable":true,"href":"https:\/\/blogdobispo.com.br\/index.php?rest_route=%2Fwp%2Fv2%2Fcategories&post=5568"},{"taxonomy":"post_tag","embeddable":true,"href":"https:\/\/blogdobispo.com.br\/index.php?rest_route=%2Fwp%2Fv2%2Ftags&post=5568"}],"curies":[{"name":"wp","href":"https:\/\/api.w.org\/{rel}","templated":true}]}}