{"id":5562,"date":"2025-06-10T01:11:44","date_gmt":"2025-06-10T01:11:44","guid":{"rendered":"https:\/\/blogdobispo.com.br\/?p=5562"},"modified":"2025-06-10T01:11:44","modified_gmt":"2025-06-10T01:11:44","slug":"italo-topa-receber-titulo-de-cidadao-natalense-e-vereadores-articulam-data-para-entregar-homenagem","status":"publish","type":"post","link":"https:\/\/blogdobispo.com.br\/?p=5562","title":{"rendered":"\u00cdtalo topa receber t\u00edtulo de Cidad\u00e3o Natalense e vereadores articulam data para entregar homenagem"},"content":{"rendered":"\n<p>O surfista potiguar \u00cdtalo Ferreira aceitou receber o t\u00edtulo de Cidad\u00e3o Natalense, aprovado pela C\u00e2mara Municipal em 2021. Ap\u00f3s a pol\u00eamica envolvendo a n\u00e3o realiza\u00e7\u00e3o da cerim\u00f4nia oficial, a vereadora Camila Ara\u00fajo (Uni\u00e3o), autora da homenagem, e o vereador L\u00e9o Souza (Republicanos), que recentemente retomou o di\u00e1logo com o atleta, articulam uma entrega conjunta da homenagem. A data est\u00e1 em defini\u00e7\u00e3o.<\/p>\n\n\n\n<p>Em nota, a assessoria do campe\u00e3o ol\u00edmpico afirmou que nunca houve recusa ao t\u00edtulo. \u201c\u00cdtalo Ferreira recebeu o convite em 2021, de maneira informal como relata a vereadora, por\u00e9m estava em viagem seguindo compromissos profissionais. N\u00e3o houve qualquer recusa por parte do atleta. Muito pelo contr\u00e1rio, \u00cdtalo ficou muito lisonjeado e aguardou o contato nos \u00faltimos anos para conciliar as datas poss\u00edveis para receber o t\u00edtulo\u201d, afirmou a equipe do surfista.<\/p>\n\n\n\n<p>Ao AGORA RN, a assessoria de \u00cdtalo afirmou ainda que, em maio deste ano, Leo Souza entrou em contato com o atleta informando sobre a pretens\u00e3o de entrega da homenagem. \u201cT\u00e3o breve a data for marcada, o evento ser\u00e1 divulgado para a imprensa e comunidade\u201d, afirmou o comunicado.<\/p>\n\n\n\n<h2 class=\"wp-block-heading\">Pol\u00eamica<\/h2>\n\n\n\n<p>O assunto veio \u00e0 tona nesta segunda-feira 9. Durante reuni\u00e3o da Comiss\u00e3o de Justi\u00e7a da C\u00e2mara de Natal, a vereadora Camila afirmar que o campe\u00e3o ol\u00edmpico \u201cse negou a receber\u201d a principal honraria concedida pela C\u00e2mara de Natal, aprovada em 2021.<\/p>\n\n\n\n<p>Ela relatou que chegou a levar o t\u00edtulo at\u00e9 a resid\u00eancia da fam\u00edlia do surfista em Ba\u00eda Formosa, onde o deixou com a m\u00e3e dele.<\/p>\n\n\n\n<p>O epis\u00f3dio gerou cr\u00edticas de outros parlamentares, como o vereador Aldo Clemente (PSDB), que considerou o gesto uma \u201cfalta de educa\u00e7\u00e3o\u201d e decidiu retirar um novo projeto que tamb\u00e9m pretendia homenagear o atleta.<\/p>\n\n\n\n<p>A vers\u00e3o da assessoria de \u00cdtalo, no entanto, contraria essas declara\u00e7\u00f5es e, na noite desta segunda-feira, disse que concorda com o recebimento do t\u00edtulo e que aguarda a defini\u00e7\u00e3o da data.<\/p>\n\n\n\n<p>Agora RN <\/p>\n\n\n\n<figure class=\"wp-block-image size-large\"><img data-recalc-dims=\"1\" fetchpriority=\"high\" decoding=\"async\" width=\"390\" height=\"219\" src=\"https:\/\/i0.wp.com\/blogdobispo.com.br\/wp-content\/uploads\/2025\/06\/img_5014-1.jpg?resize=390%2C219&#038;ssl=1\" class=\"wp-image-5561\" srcset=\"https:\/\/i0.wp.com\/blogdobispo.com.br\/wp-content\/uploads\/2025\/06\/img_5014-1.jpg?w=390&amp;ssl=1 390w, https:\/\/i0.wp.com\/blogdobispo.com.br\/wp-content\/uploads\/2025\/06\/img_5014-1.jpg?resize=300%2C168&amp;ssl=1 300w\" sizes=\"(max-width: 390px) 100vw, 390px\" \/><\/figure>\n","protected":false},"excerpt":{"rendered":"<p>O surfista potiguar \u00cdtalo Ferreira aceitou receber o t\u00edtulo de Cidad\u00e3o Natalense, aprovado pela C\u00e2mara Municipal em 2021. Ap\u00f3s a pol\u00eamica envolvendo a n\u00e3o realiza\u00e7\u00e3o da cerim\u00f4nia oficial, a vereadora Camila Ara\u00fajo (Uni\u00e3o), autora da homenagem, e o vereador L\u00e9o Souza (Republicanos), que recentemente retomou o di\u00e1logo com o atleta, articulam uma entrega conjunta da [&hellip;]<\/p>\n","protected":false},"author":1,"featured_media":0,"comment_status":"open","ping_status":"open","sticky":false,"template":"","format":"standard","meta":{"cybocfi_hide_featured_image":"","_jetpack_memberships_contains_paid_content":false,"footnotes":""},"categories":[1],"tags":[],"class_list":["post-5562","post","type-post","status-publish","format-standard","hentry","category-diversos"],"yoast_head":"<!-- This site is optimized with the Yoast SEO plugin v25.6 - https:\/\/yoast.com\/wordpress\/plugins\/seo\/ -->\n<title>\u00cdtalo topa receber t\u00edtulo de Cidad\u00e3o Natalense e vereadores articulam data para entregar homenagem - Blog do Bispo<\/title>\n<meta name=\"robots\" content=\"index, follow, max-snippet:-1, max-image-preview:large, max-video-preview:-1\" \/>\n<link rel=\"canonical\" href=\"https:\/\/blogdobispo.com.br\/?p=5562\" \/>\n<meta property=\"og:locale\" content=\"pt_BR\" \/>\n<meta property=\"og:type\" content=\"article\" \/>\n<meta property=\"og:title\" content=\"\u00cdtalo topa receber t\u00edtulo de Cidad\u00e3o Natalense e vereadores articulam data para entregar homenagem - Blog do Bispo\" \/>\n<meta property=\"og:description\" content=\"O surfista potiguar \u00cdtalo Ferreira aceitou receber o t\u00edtulo de Cidad\u00e3o Natalense, aprovado pela C\u00e2mara Municipal em 2021. Ap\u00f3s a pol\u00eamica envolvendo a n\u00e3o realiza\u00e7\u00e3o da cerim\u00f4nia oficial, a vereadora Camila Ara\u00fajo (Uni\u00e3o), autora da homenagem, e o vereador L\u00e9o Souza (Republicanos), que recentemente retomou o di\u00e1logo com o atleta, articulam uma entrega conjunta da [&hellip;]\" \/>\n<meta property=\"og:url\" content=\"https:\/\/blogdobispo.com.br\/?p=5562\" \/>\n<meta property=\"og:site_name\" content=\"Blog do Bispo\" \/>\n<meta property=\"article:published_time\" content=\"2025-06-10T01:11:44+00:00\" \/>\n<meta property=\"og:image\" content=\"https:\/\/blogdobispo.com.br\/wp-content\/uploads\/2025\/06\/img_5014-1.jpg\" \/>\n<meta name=\"author\" content=\"Jefferson Sterfeno\" \/>\n<meta name=\"twitter:card\" content=\"summary_large_image\" \/>\n<meta name=\"twitter:label1\" content=\"Escrito por\" \/>\n\t<meta name=\"twitter:data1\" content=\"Jefferson Sterfeno\" \/>\n\t<meta name=\"twitter:label2\" content=\"Est. tempo de leitura\" \/>\n\t<meta name=\"twitter:data2\" content=\"2 minutos\" \/>\n<script type=\"application\/ld+json\" class=\"yoast-schema-graph\">{\"@context\":\"https:\/\/schema.org\",\"@graph\":[{\"@type\":\"Article\",\"@id\":\"https:\/\/blogdobispo.com.br\/?p=5562#article\",\"isPartOf\":{\"@id\":\"https:\/\/blogdobispo.com.br\/?p=5562\"},\"author\":{\"name\":\"Jefferson Sterfeno\",\"@id\":\"https:\/\/blogdobispo.com.br\/#\/schema\/person\/e2209cc0e6cea5c5233d033e997b373f\"},\"headline\":\"\u00cdtalo topa receber t\u00edtulo de Cidad\u00e3o Natalense e vereadores articulam data para entregar homenagem\",\"datePublished\":\"2025-06-10T01:11:44+00:00\",\"mainEntityOfPage\":{\"@id\":\"https:\/\/blogdobispo.com.br\/?p=5562\"},\"wordCount\":368,\"commentCount\":0,\"publisher\":{\"@id\":\"https:\/\/blogdobispo.com.br\/#organization\"},\"image\":{\"@id\":\"https:\/\/blogdobispo.com.br\/?p=5562#primaryimage\"},\"thumbnailUrl\":\"https:\/\/blogdobispo.com.br\/wp-content\/uploads\/2025\/06\/img_5014-1.jpg\",\"articleSection\":[\"diversos\"],\"inLanguage\":\"pt-BR\",\"potentialAction\":[{\"@type\":\"CommentAction\",\"name\":\"Comment\",\"target\":[\"https:\/\/blogdobispo.com.br\/?p=5562#respond\"]}]},{\"@type\":\"WebPage\",\"@id\":\"https:\/\/blogdobispo.com.br\/?p=5562\",\"url\":\"https:\/\/blogdobispo.com.br\/?p=5562\",\"name\":\"\u00cdtalo topa receber t\u00edtulo de Cidad\u00e3o Natalense e vereadores articulam data para entregar homenagem - Blog do Bispo\",\"isPartOf\":{\"@id\":\"https:\/\/blogdobispo.com.br\/#website\"},\"primaryImageOfPage\":{\"@id\":\"https:\/\/blogdobispo.com.br\/?p=5562#primaryimage\"},\"image\":{\"@id\":\"https:\/\/blogdobispo.com.br\/?p=5562#primaryimage\"},\"thumbnailUrl\":\"https:\/\/blogdobispo.com.br\/wp-content\/uploads\/2025\/06\/img_5014-1.jpg\",\"datePublished\":\"2025-06-10T01:11:44+00:00\",\"breadcrumb\":{\"@id\":\"https:\/\/blogdobispo.com.br\/?p=5562#breadcrumb\"},\"inLanguage\":\"pt-BR\",\"potentialAction\":[{\"@type\":\"ReadAction\",\"target\":[\"https:\/\/blogdobispo.com.br\/?p=5562\"]}]},{\"@type\":\"ImageObject\",\"inLanguage\":\"pt-BR\",\"@id\":\"https:\/\/blogdobispo.com.br\/?p=5562#primaryimage\",\"url\":\"https:\/\/blogdobispo.com.br\/wp-content\/uploads\/2025\/06\/img_5014-1.jpg\",\"contentUrl\":\"https:\/\/blogdobispo.com.br\/wp-content\/uploads\/2025\/06\/img_5014-1.jpg\"},{\"@type\":\"BreadcrumbList\",\"@id\":\"https:\/\/blogdobispo.com.br\/?p=5562#breadcrumb\",\"itemListElement\":[{\"@type\":\"ListItem\",\"position\":1,\"name\":\"In\u00edcio\",\"item\":\"https:\/\/blogdobispo.com.br\/\"},{\"@type\":\"ListItem\",\"position\":2,\"name\":\"\u00cdtalo topa receber t\u00edtulo de Cidad\u00e3o Natalense e vereadores articulam data para entregar homenagem\"}]},{\"@type\":\"WebSite\",\"@id\":\"https:\/\/blogdobispo.com.br\/#website\",\"url\":\"https:\/\/blogdobispo.com.br\/\",\"name\":\"Blog do Bispo\",\"description\":\"Comprometido apenas com o leitor\",\"publisher\":{\"@id\":\"https:\/\/blogdobispo.com.br\/#organization\"},\"potentialAction\":[{\"@type\":\"SearchAction\",\"target\":{\"@type\":\"EntryPoint\",\"urlTemplate\":\"https:\/\/blogdobispo.com.br\/?s={search_term_string}\"},\"query-input\":{\"@type\":\"PropertyValueSpecification\",\"valueRequired\":true,\"valueName\":\"search_term_string\"}}],\"inLanguage\":\"pt-BR\"},{\"@type\":\"Organization\",\"@id\":\"https:\/\/blogdobispo.com.br\/#organization\",\"name\":\"Blog do Bispo\",\"url\":\"https:\/\/blogdobispo.com.br\/\",\"logo\":{\"@type\":\"ImageObject\",\"inLanguage\":\"pt-BR\",\"@id\":\"https:\/\/blogdobispo.com.br\/#\/schema\/logo\/image\/\",\"url\":\"http:\/\/blogdobispo.com.br\/wp-content\/uploads\/2023\/05\/cropped-headear.png\",\"contentUrl\":\"http:\/\/blogdobispo.com.br\/wp-content\/uploads\/2023\/05\/cropped-headear.png\",\"width\":1500,\"height\":399,\"caption\":\"Blog do Bispo\"},\"image\":{\"@id\":\"https:\/\/blogdobispo.com.br\/#\/schema\/logo\/image\/\"}},{\"@type\":\"Person\",\"@id\":\"https:\/\/blogdobispo.com.br\/#\/schema\/person\/e2209cc0e6cea5c5233d033e997b373f\",\"name\":\"Jefferson Sterfeno\",\"image\":{\"@type\":\"ImageObject\",\"inLanguage\":\"pt-BR\",\"@id\":\"https:\/\/blogdobispo.com.br\/#\/schema\/person\/image\/\",\"url\":\"https:\/\/secure.gravatar.com\/avatar\/0534e84764641168a677026b6d57a3f51dc7ac4db0b4f6186d9cb330d4ee1160?s=96&d=mm&r=g\",\"contentUrl\":\"https:\/\/secure.gravatar.com\/avatar\/0534e84764641168a677026b6d57a3f51dc7ac4db0b4f6186d9cb330d4ee1160?s=96&d=mm&r=g\",\"caption\":\"Jefferson Sterfeno\"},\"sameAs\":[\"http:\/\/blogdobispo.com.br\"],\"url\":\"https:\/\/blogdobispo.com.br\/?author=1\"}]}<\/script>\n<!-- \/ Yoast SEO plugin. -->","yoast_head_json":{"title":"\u00cdtalo topa receber t\u00edtulo de Cidad\u00e3o Natalense e vereadores articulam data para entregar homenagem - Blog do Bispo","robots":{"index":"index","follow":"follow","max-snippet":"max-snippet:-1","max-image-preview":"max-image-preview:large","max-video-preview":"max-video-preview:-1"},"canonical":"https:\/\/blogdobispo.com.br\/?p=5562","og_locale":"pt_BR","og_type":"article","og_title":"\u00cdtalo topa receber t\u00edtulo de Cidad\u00e3o Natalense e vereadores articulam data para entregar homenagem - Blog do Bispo","og_description":"O surfista potiguar \u00cdtalo Ferreira aceitou receber o t\u00edtulo de Cidad\u00e3o Natalense, aprovado pela C\u00e2mara Municipal em 2021. Ap\u00f3s a pol\u00eamica envolvendo a n\u00e3o realiza\u00e7\u00e3o da cerim\u00f4nia oficial, a vereadora Camila Ara\u00fajo (Uni\u00e3o), autora da homenagem, e o vereador L\u00e9o Souza (Republicanos), que recentemente retomou o di\u00e1logo com o atleta, articulam uma entrega conjunta da [&hellip;]","og_url":"https:\/\/blogdobispo.com.br\/?p=5562","og_site_name":"Blog do Bispo","article_published_time":"2025-06-10T01:11:44+00:00","og_image":[{"url":"https:\/\/blogdobispo.com.br\/wp-content\/uploads\/2025\/06\/img_5014-1.jpg","type":"","width":"","height":""}],"author":"Jefferson Sterfeno","twitter_card":"summary_large_image","twitter_misc":{"Escrito por":"Jefferson Sterfeno","Est. tempo de leitura":"2 minutos"},"schema":{"@context":"https:\/\/schema.org","@graph":[{"@type":"Article","@id":"https:\/\/blogdobispo.com.br\/?p=5562#article","isPartOf":{"@id":"https:\/\/blogdobispo.com.br\/?p=5562"},"author":{"name":"Jefferson Sterfeno","@id":"https:\/\/blogdobispo.com.br\/#\/schema\/person\/e2209cc0e6cea5c5233d033e997b373f"},"headline":"\u00cdtalo topa receber t\u00edtulo de Cidad\u00e3o Natalense e vereadores articulam data para entregar homenagem","datePublished":"2025-06-10T01:11:44+00:00","mainEntityOfPage":{"@id":"https:\/\/blogdobispo.com.br\/?p=5562"},"wordCount":368,"commentCount":0,"publisher":{"@id":"https:\/\/blogdobispo.com.br\/#organization"},"image":{"@id":"https:\/\/blogdobispo.com.br\/?p=5562#primaryimage"},"thumbnailUrl":"https:\/\/blogdobispo.com.br\/wp-content\/uploads\/2025\/06\/img_5014-1.jpg","articleSection":["diversos"],"inLanguage":"pt-BR","potentialAction":[{"@type":"CommentAction","name":"Comment","target":["https:\/\/blogdobispo.com.br\/?p=5562#respond"]}]},{"@type":"WebPage","@id":"https:\/\/blogdobispo.com.br\/?p=5562","url":"https:\/\/blogdobispo.com.br\/?p=5562","name":"\u00cdtalo topa receber t\u00edtulo de Cidad\u00e3o Natalense e vereadores articulam data para entregar homenagem - Blog do Bispo","isPartOf":{"@id":"https:\/\/blogdobispo.com.br\/#website"},"primaryImageOfPage":{"@id":"https:\/\/blogdobispo.com.br\/?p=5562#primaryimage"},"image":{"@id":"https:\/\/blogdobispo.com.br\/?p=5562#primaryimage"},"thumbnailUrl":"https:\/\/blogdobispo.com.br\/wp-content\/uploads\/2025\/06\/img_5014-1.jpg","datePublished":"2025-06-10T01:11:44+00:00","breadcrumb":{"@id":"https:\/\/blogdobispo.com.br\/?p=5562#breadcrumb"},"inLanguage":"pt-BR","potentialAction":[{"@type":"ReadAction","target":["https:\/\/blogdobispo.com.br\/?p=5562"]}]},{"@type":"ImageObject","inLanguage":"pt-BR","@id":"https:\/\/blogdobispo.com.br\/?p=5562#primaryimage","url":"https:\/\/blogdobispo.com.br\/wp-content\/uploads\/2025\/06\/img_5014-1.jpg","contentUrl":"https:\/\/blogdobispo.com.br\/wp-content\/uploads\/2025\/06\/img_5014-1.jpg"},{"@type":"BreadcrumbList","@id":"https:\/\/blogdobispo.com.br\/?p=5562#breadcrumb","itemListElement":[{"@type":"ListItem","position":1,"name":"In\u00edcio","item":"https:\/\/blogdobispo.com.br\/"},{"@type":"ListItem","position":2,"name":"\u00cdtalo topa receber t\u00edtulo de Cidad\u00e3o Natalense e vereadores articulam data para entregar homenagem"}]},{"@type":"WebSite","@id":"https:\/\/blogdobispo.com.br\/#website","url":"https:\/\/blogdobispo.com.br\/","name":"Blog do Bispo","description":"Comprometido apenas com o leitor","publisher":{"@id":"https:\/\/blogdobispo.com.br\/#organization"},"potentialAction":[{"@type":"SearchAction","target":{"@type":"EntryPoint","urlTemplate":"https:\/\/blogdobispo.com.br\/?s={search_term_string}"},"query-input":{"@type":"PropertyValueSpecification","valueRequired":true,"valueName":"search_term_string"}}],"inLanguage":"pt-BR"},{"@type":"Organization","@id":"https:\/\/blogdobispo.com.br\/#organization","name":"Blog do Bispo","url":"https:\/\/blogdobispo.com.br\/","logo":{"@type":"ImageObject","inLanguage":"pt-BR","@id":"https:\/\/blogdobispo.com.br\/#\/schema\/logo\/image\/","url":"http:\/\/blogdobispo.com.br\/wp-content\/uploads\/2023\/05\/cropped-headear.png","contentUrl":"http:\/\/blogdobispo.com.br\/wp-content\/uploads\/2023\/05\/cropped-headear.png","width":1500,"height":399,"caption":"Blog do Bispo"},"image":{"@id":"https:\/\/blogdobispo.com.br\/#\/schema\/logo\/image\/"}},{"@type":"Person","@id":"https:\/\/blogdobispo.com.br\/#\/schema\/person\/e2209cc0e6cea5c5233d033e997b373f","name":"Jefferson Sterfeno","image":{"@type":"ImageObject","inLanguage":"pt-BR","@id":"https:\/\/blogdobispo.com.br\/#\/schema\/person\/image\/","url":"https:\/\/secure.gravatar.com\/avatar\/0534e84764641168a677026b6d57a3f51dc7ac4db0b4f6186d9cb330d4ee1160?s=96&d=mm&r=g","contentUrl":"https:\/\/secure.gravatar.com\/avatar\/0534e84764641168a677026b6d57a3f51dc7ac4db0b4f6186d9cb330d4ee1160?s=96&d=mm&r=g","caption":"Jefferson Sterfeno"},"sameAs":["http:\/\/blogdobispo.com.br"],"url":"https:\/\/blogdobispo.com.br\/?author=1"}]}},"featured_image_urls":{"full":"","thumbnail":"","medium":"","medium_large":"","large":"","1536x1536":"","2048x2048":""},"author_info":{"display_name":"Jefferson Sterfeno","author_link":"https:\/\/blogdobispo.com.br\/?author=1"},"category_info":"<a href=\"https:\/\/blogdobispo.com.br\/?cat=1\" rel=\"category\">diversos<\/a>","tag_info":"diversos","comment_count":"0","jetpack_featured_media_url":"","jetpack_sharing_enabled":true,"_links":{"self":[{"href":"https:\/\/blogdobispo.com.br\/index.php?rest_route=\/wp\/v2\/posts\/5562","targetHints":{"allow":["GET"]}}],"collection":[{"href":"https:\/\/blogdobispo.com.br\/index.php?rest_route=\/wp\/v2\/posts"}],"about":[{"href":"https:\/\/blogdobispo.com.br\/index.php?rest_route=\/wp\/v2\/types\/post"}],"author":[{"embeddable":true,"href":"https:\/\/blogdobispo.com.br\/index.php?rest_route=\/wp\/v2\/users\/1"}],"replies":[{"embeddable":true,"href":"https:\/\/blogdobispo.com.br\/index.php?rest_route=%2Fwp%2Fv2%2Fcomments&post=5562"}],"version-history":[{"count":0,"href":"https:\/\/blogdobispo.com.br\/index.php?rest_route=\/wp\/v2\/posts\/5562\/revisions"}],"wp:attachment":[{"href":"https:\/\/blogdobispo.com.br\/index.php?rest_route=%2Fwp%2Fv2%2Fmedia&parent=5562"}],"wp:term":[{"taxonomy":"category","embeddable":true,"href":"https:\/\/blogdobispo.com.br\/index.php?rest_route=%2Fwp%2Fv2%2Fcategories&post=5562"},{"taxonomy":"post_tag","embeddable":true,"href":"https:\/\/blogdobispo.com.br\/index.php?rest_route=%2Fwp%2Fv2%2Ftags&post=5562"}],"curies":[{"name":"wp","href":"https:\/\/api.w.org\/{rel}","templated":true}]}}