{"id":5560,"date":"2025-06-10T01:06:33","date_gmt":"2025-06-10T01:06:33","guid":{"rendered":"https:\/\/blogdobispo.com.br\/?p=5560"},"modified":"2025-06-10T01:06:33","modified_gmt":"2025-06-10T01:06:33","slug":"ministerio-publico-eleitoral-emite-parecer-favoravel-ao-prefeito-felipe-menezes","status":"publish","type":"post","link":"https:\/\/blogdobispo.com.br\/?p=5560","title":{"rendered":"Minist\u00e9rio P\u00fablico Eleitoral emite parecer favor\u00e1vel ao prefeito Felipe Menezes"},"content":{"rendered":"\n<figure class=\"wp-block-image size-large\"><img data-recalc-dims=\"1\" fetchpriority=\"high\" decoding=\"async\" width=\"554\" height=\"554\" src=\"https:\/\/i0.wp.com\/blogdobispo.com.br\/wp-content\/uploads\/2025\/06\/img_5013-1.jpg?resize=554%2C554&#038;ssl=1\" class=\"wp-image-5559\" srcset=\"https:\/\/i0.wp.com\/blogdobispo.com.br\/wp-content\/uploads\/2025\/06\/img_5013-1.jpg?w=554&amp;ssl=1 554w, https:\/\/i0.wp.com\/blogdobispo.com.br\/wp-content\/uploads\/2025\/06\/img_5013-1.jpg?resize=300%2C300&amp;ssl=1 300w, https:\/\/i0.wp.com\/blogdobispo.com.br\/wp-content\/uploads\/2025\/06\/img_5013-1.jpg?resize=150%2C150&amp;ssl=1 150w\" sizes=\"(max-width: 554px) 100vw, 554px\" \/><\/figure>\n\n\n\n<p class=\"p1\"><\/p>\n\n\n\n<p class=\"p1\"><\/p>\n\n\n\n<p class=\"p1\">Procuradoria Regional Eleitoral n\u00e3o v\u00ea provas suficientes de abuso de poder em nomea\u00e7\u00f5es realizadas em ano eleitoral; caso segue no TRE-RN<\/p>\n\n\n\n<p class=\"p1\"><\/p>\n\n\n\n<p class=\"p1\">Lajes do Cabugi (RN) \u2014 O prefeito de Lajes do Cabugi, Felipe Menezes (MDB), e seu vice, Jos\u00e9 Carlos Felipe, o \u201cZ\u00e9 Mata\u201d (PT), receberam nesta semana um importante refor\u00e7o em sua defesa: a Procuradoria Regional Eleitoral (PRE) do Rio Grande do Norte emitiu parecer favor\u00e1vel ao recurso apresentado pelos gestores, afastando a acusa\u00e7\u00e3o de abuso de poder pol\u00edtico nas nomea\u00e7\u00f5es realizadas em 2024, ano de elei\u00e7\u00e3o municipal.<\/p>\n\n\n\n<p class=\"p1\">O parecer foi emitido no contexto da a\u00e7\u00e3o que tramita no Tribunal Regional Eleitoral (TRE-RN) e que, em primeira inst\u00e2ncia, resultou na cassa\u00e7\u00e3o dos mandatos do prefeito e do vice sob acusa\u00e7\u00e3o de uso da m\u00e1quina p\u00fablica para fins eleitorais. A decis\u00e3o foi tomada em abril deste ano pela ju\u00edza da 17\u00aa Zona Eleitoral.<\/p>\n\n\n\n<p class=\"p3\">Defesa acolhida<\/p>\n\n\n\n<p class=\"p1\">A defesa de Felipe Menezes alegou que as nomea\u00e7\u00f5es questionadas estavam respaldadas na Lei Municipal n\u00ba 935\/2022, aprovada anteriormente ao per\u00edodo eleitoral. Al\u00e9m disso, argumentou que a maioria dos servidores nomeados em 2024 j\u00e1 fazia parte da gest\u00e3o desde o ano anterior, o que descaracterizaria qualquer inten\u00e7\u00e3o de influenciar o pleito.<\/p>\n\n\n\n<p class=\"p1\">A Procuradoria Regional Eleitoral concordou com esses argumentos. No parecer, destacou que n\u00e3o h\u00e1 provas suficientes de que as nomea\u00e7\u00f5es tiveram desvio de finalidade eleitoral, considerando a legisla\u00e7\u00e3o vigente e o hist\u00f3rico funcional dos servidores em quest\u00e3o.<\/p>\n\n\n\n<p class=\"p3\">Contraste com parecer anterior<\/p>\n\n\n\n<p class=\"p1\">O novo entendimento do Minist\u00e9rio P\u00fablico Eleitoral representa uma mudan\u00e7a de posi\u00e7\u00e3o em rela\u00e7\u00e3o ao que havia sido apontado pela promotora Juliana Alcoforado, da 17\u00aa Zona Eleitoral. Em mar\u00e7o, a promotora emitiu parecer pela cassa\u00e7\u00e3o dos mandatos, sustentando que teria havido abuso de poder pol\u00edtico e econ\u00f4mico com as nomea\u00e7\u00f5es.<\/p>\n\n\n\n<p class=\"p1\">Contudo, o parecer da inst\u00e2ncia regional superior relativiza as conclus\u00f5es iniciais e indica que o caso n\u00e3o apresenta elementos suficientes para justificar a cassa\u00e7\u00e3o com base em abuso de poder.<\/p>\n\n\n\n<p class=\"p3\">Decis\u00e3o final cabe ao TRE-RN<\/p>\n\n\n\n<p class=\"p1\">Apesar do parecer favor\u00e1vel \u00e0 defesa, o processo segue em tramita\u00e7\u00e3o no Tribunal Regional Eleitoral do RN, que dever\u00e1 analisar o recurso e julgar o caso em definitivo nas pr\u00f3ximas semanas. At\u00e9 l\u00e1, o prefeito Felipe Menezes e o vice Z\u00e9 Mata permanecem no cargo, conforme garante a legisla\u00e7\u00e3o eleitoral.<\/p>\n\n\n\n<p class=\"p3\">Expectativa e clima pol\u00edtico<\/p>\n\n\n\n<p class=\"p1\">O novo parecer repercutiu positivamente entre aliados do prefeito, que agora esperam reverter a cassa\u00e7\u00e3o determinada em primeira inst\u00e2ncia. J\u00e1 opositores avaliam que a decis\u00e3o do TRE ainda pode seguir outro caminho, dependendo da interpreta\u00e7\u00e3o do colegiado.<\/p>\n\n\n\n<p class=\"p1\">Com isso, o clima pol\u00edtico em Lajes do Cabugi segue tenso, enquanto a popula\u00e7\u00e3o acompanha de perto os desdobramentos de um caso que pode redefinir o cen\u00e1rio eleitoral do munic\u00edpio em 2025.<\/p>\n","protected":false},"excerpt":{"rendered":"<p>Procuradoria Regional Eleitoral n\u00e3o v\u00ea provas suficientes de abuso de poder em nomea\u00e7\u00f5es realizadas em ano eleitoral; caso segue no TRE-RN Lajes do Cabugi (RN) \u2014 O prefeito de Lajes do Cabugi, Felipe Menezes (MDB), e seu vice, Jos\u00e9 Carlos Felipe, o \u201cZ\u00e9 Mata\u201d (PT), receberam nesta semana um importante refor\u00e7o em sua defesa: a [&hellip;]<\/p>\n","protected":false},"author":1,"featured_media":0,"comment_status":"open","ping_status":"open","sticky":false,"template":"","format":"standard","meta":{"cybocfi_hide_featured_image":"","_jetpack_memberships_contains_paid_content":false,"footnotes":""},"categories":[1],"tags":[],"class_list":["post-5560","post","type-post","status-publish","format-standard","hentry","category-diversos"],"yoast_head":"<!-- This site is optimized with the Yoast SEO plugin v25.6 - https:\/\/yoast.com\/wordpress\/plugins\/seo\/ -->\n<title>Minist\u00e9rio P\u00fablico Eleitoral emite parecer favor\u00e1vel ao prefeito Felipe Menezes - Blog do Bispo<\/title>\n<meta name=\"robots\" content=\"index, follow, max-snippet:-1, max-image-preview:large, max-video-preview:-1\" \/>\n<link rel=\"canonical\" href=\"https:\/\/blogdobispo.com.br\/?p=5560\" \/>\n<meta property=\"og:locale\" content=\"pt_BR\" \/>\n<meta property=\"og:type\" content=\"article\" \/>\n<meta property=\"og:title\" content=\"Minist\u00e9rio P\u00fablico Eleitoral emite parecer favor\u00e1vel ao prefeito Felipe Menezes - Blog do Bispo\" \/>\n<meta property=\"og:description\" content=\"Procuradoria Regional Eleitoral n\u00e3o v\u00ea provas suficientes de abuso de poder em nomea\u00e7\u00f5es realizadas em ano eleitoral; caso segue no TRE-RN Lajes do Cabugi (RN) \u2014 O prefeito de Lajes do Cabugi, Felipe Menezes (MDB), e seu vice, Jos\u00e9 Carlos Felipe, o \u201cZ\u00e9 Mata\u201d (PT), receberam nesta semana um importante refor\u00e7o em sua defesa: a [&hellip;]\" \/>\n<meta property=\"og:url\" content=\"https:\/\/blogdobispo.com.br\/?p=5560\" \/>\n<meta property=\"og:site_name\" content=\"Blog do Bispo\" \/>\n<meta property=\"article:published_time\" content=\"2025-06-10T01:06:33+00:00\" \/>\n<meta property=\"og:image\" content=\"https:\/\/blogdobispo.com.br\/wp-content\/uploads\/2025\/06\/img_5013-1.jpg\" \/>\n<meta name=\"author\" content=\"Jefferson Sterfeno\" \/>\n<meta name=\"twitter:card\" content=\"summary_large_image\" \/>\n<meta name=\"twitter:label1\" content=\"Escrito por\" \/>\n\t<meta name=\"twitter:data1\" content=\"Jefferson Sterfeno\" \/>\n\t<meta name=\"twitter:label2\" content=\"Est. tempo de leitura\" \/>\n\t<meta name=\"twitter:data2\" content=\"2 minutos\" \/>\n<script type=\"application\/ld+json\" class=\"yoast-schema-graph\">{\"@context\":\"https:\/\/schema.org\",\"@graph\":[{\"@type\":\"Article\",\"@id\":\"https:\/\/blogdobispo.com.br\/?p=5560#article\",\"isPartOf\":{\"@id\":\"https:\/\/blogdobispo.com.br\/?p=5560\"},\"author\":{\"name\":\"Jefferson Sterfeno\",\"@id\":\"https:\/\/blogdobispo.com.br\/#\/schema\/person\/e2209cc0e6cea5c5233d033e997b373f\"},\"headline\":\"Minist\u00e9rio P\u00fablico Eleitoral emite parecer favor\u00e1vel ao prefeito Felipe Menezes\",\"datePublished\":\"2025-06-10T01:06:33+00:00\",\"mainEntityOfPage\":{\"@id\":\"https:\/\/blogdobispo.com.br\/?p=5560\"},\"wordCount\":504,\"commentCount\":0,\"publisher\":{\"@id\":\"https:\/\/blogdobispo.com.br\/#organization\"},\"image\":{\"@id\":\"https:\/\/blogdobispo.com.br\/?p=5560#primaryimage\"},\"thumbnailUrl\":\"https:\/\/blogdobispo.com.br\/wp-content\/uploads\/2025\/06\/img_5013-1.jpg\",\"articleSection\":[\"diversos\"],\"inLanguage\":\"pt-BR\",\"potentialAction\":[{\"@type\":\"CommentAction\",\"name\":\"Comment\",\"target\":[\"https:\/\/blogdobispo.com.br\/?p=5560#respond\"]}]},{\"@type\":\"WebPage\",\"@id\":\"https:\/\/blogdobispo.com.br\/?p=5560\",\"url\":\"https:\/\/blogdobispo.com.br\/?p=5560\",\"name\":\"Minist\u00e9rio P\u00fablico Eleitoral emite parecer favor\u00e1vel ao prefeito Felipe Menezes - Blog do Bispo\",\"isPartOf\":{\"@id\":\"https:\/\/blogdobispo.com.br\/#website\"},\"primaryImageOfPage\":{\"@id\":\"https:\/\/blogdobispo.com.br\/?p=5560#primaryimage\"},\"image\":{\"@id\":\"https:\/\/blogdobispo.com.br\/?p=5560#primaryimage\"},\"thumbnailUrl\":\"https:\/\/blogdobispo.com.br\/wp-content\/uploads\/2025\/06\/img_5013-1.jpg\",\"datePublished\":\"2025-06-10T01:06:33+00:00\",\"breadcrumb\":{\"@id\":\"https:\/\/blogdobispo.com.br\/?p=5560#breadcrumb\"},\"inLanguage\":\"pt-BR\",\"potentialAction\":[{\"@type\":\"ReadAction\",\"target\":[\"https:\/\/blogdobispo.com.br\/?p=5560\"]}]},{\"@type\":\"ImageObject\",\"inLanguage\":\"pt-BR\",\"@id\":\"https:\/\/blogdobispo.com.br\/?p=5560#primaryimage\",\"url\":\"https:\/\/blogdobispo.com.br\/wp-content\/uploads\/2025\/06\/img_5013-1.jpg\",\"contentUrl\":\"https:\/\/blogdobispo.com.br\/wp-content\/uploads\/2025\/06\/img_5013-1.jpg\"},{\"@type\":\"BreadcrumbList\",\"@id\":\"https:\/\/blogdobispo.com.br\/?p=5560#breadcrumb\",\"itemListElement\":[{\"@type\":\"ListItem\",\"position\":1,\"name\":\"In\u00edcio\",\"item\":\"https:\/\/blogdobispo.com.br\/\"},{\"@type\":\"ListItem\",\"position\":2,\"name\":\"Minist\u00e9rio P\u00fablico Eleitoral emite parecer favor\u00e1vel ao prefeito Felipe Menezes\"}]},{\"@type\":\"WebSite\",\"@id\":\"https:\/\/blogdobispo.com.br\/#website\",\"url\":\"https:\/\/blogdobispo.com.br\/\",\"name\":\"Blog do Bispo\",\"description\":\"Comprometido apenas com o leitor\",\"publisher\":{\"@id\":\"https:\/\/blogdobispo.com.br\/#organization\"},\"potentialAction\":[{\"@type\":\"SearchAction\",\"target\":{\"@type\":\"EntryPoint\",\"urlTemplate\":\"https:\/\/blogdobispo.com.br\/?s={search_term_string}\"},\"query-input\":{\"@type\":\"PropertyValueSpecification\",\"valueRequired\":true,\"valueName\":\"search_term_string\"}}],\"inLanguage\":\"pt-BR\"},{\"@type\":\"Organization\",\"@id\":\"https:\/\/blogdobispo.com.br\/#organization\",\"name\":\"Blog do Bispo\",\"url\":\"https:\/\/blogdobispo.com.br\/\",\"logo\":{\"@type\":\"ImageObject\",\"inLanguage\":\"pt-BR\",\"@id\":\"https:\/\/blogdobispo.com.br\/#\/schema\/logo\/image\/\",\"url\":\"http:\/\/blogdobispo.com.br\/wp-content\/uploads\/2023\/05\/cropped-headear.png\",\"contentUrl\":\"http:\/\/blogdobispo.com.br\/wp-content\/uploads\/2023\/05\/cropped-headear.png\",\"width\":1500,\"height\":399,\"caption\":\"Blog do Bispo\"},\"image\":{\"@id\":\"https:\/\/blogdobispo.com.br\/#\/schema\/logo\/image\/\"}},{\"@type\":\"Person\",\"@id\":\"https:\/\/blogdobispo.com.br\/#\/schema\/person\/e2209cc0e6cea5c5233d033e997b373f\",\"name\":\"Jefferson Sterfeno\",\"image\":{\"@type\":\"ImageObject\",\"inLanguage\":\"pt-BR\",\"@id\":\"https:\/\/blogdobispo.com.br\/#\/schema\/person\/image\/\",\"url\":\"https:\/\/secure.gravatar.com\/avatar\/0534e84764641168a677026b6d57a3f51dc7ac4db0b4f6186d9cb330d4ee1160?s=96&d=mm&r=g\",\"contentUrl\":\"https:\/\/secure.gravatar.com\/avatar\/0534e84764641168a677026b6d57a3f51dc7ac4db0b4f6186d9cb330d4ee1160?s=96&d=mm&r=g\",\"caption\":\"Jefferson Sterfeno\"},\"sameAs\":[\"http:\/\/blogdobispo.com.br\"],\"url\":\"https:\/\/blogdobispo.com.br\/?author=1\"}]}<\/script>\n<!-- \/ Yoast SEO plugin. -->","yoast_head_json":{"title":"Minist\u00e9rio P\u00fablico Eleitoral emite parecer favor\u00e1vel ao prefeito Felipe Menezes - Blog do Bispo","robots":{"index":"index","follow":"follow","max-snippet":"max-snippet:-1","max-image-preview":"max-image-preview:large","max-video-preview":"max-video-preview:-1"},"canonical":"https:\/\/blogdobispo.com.br\/?p=5560","og_locale":"pt_BR","og_type":"article","og_title":"Minist\u00e9rio P\u00fablico Eleitoral emite parecer favor\u00e1vel ao prefeito Felipe Menezes - Blog do Bispo","og_description":"Procuradoria Regional Eleitoral n\u00e3o v\u00ea provas suficientes de abuso de poder em nomea\u00e7\u00f5es realizadas em ano eleitoral; caso segue no TRE-RN Lajes do Cabugi (RN) \u2014 O prefeito de Lajes do Cabugi, Felipe Menezes (MDB), e seu vice, Jos\u00e9 Carlos Felipe, o \u201cZ\u00e9 Mata\u201d (PT), receberam nesta semana um importante refor\u00e7o em sua defesa: a [&hellip;]","og_url":"https:\/\/blogdobispo.com.br\/?p=5560","og_site_name":"Blog do Bispo","article_published_time":"2025-06-10T01:06:33+00:00","og_image":[{"url":"https:\/\/blogdobispo.com.br\/wp-content\/uploads\/2025\/06\/img_5013-1.jpg","type":"","width":"","height":""}],"author":"Jefferson Sterfeno","twitter_card":"summary_large_image","twitter_misc":{"Escrito por":"Jefferson Sterfeno","Est. tempo de leitura":"2 minutos"},"schema":{"@context":"https:\/\/schema.org","@graph":[{"@type":"Article","@id":"https:\/\/blogdobispo.com.br\/?p=5560#article","isPartOf":{"@id":"https:\/\/blogdobispo.com.br\/?p=5560"},"author":{"name":"Jefferson Sterfeno","@id":"https:\/\/blogdobispo.com.br\/#\/schema\/person\/e2209cc0e6cea5c5233d033e997b373f"},"headline":"Minist\u00e9rio P\u00fablico Eleitoral emite parecer favor\u00e1vel ao prefeito Felipe Menezes","datePublished":"2025-06-10T01:06:33+00:00","mainEntityOfPage":{"@id":"https:\/\/blogdobispo.com.br\/?p=5560"},"wordCount":504,"commentCount":0,"publisher":{"@id":"https:\/\/blogdobispo.com.br\/#organization"},"image":{"@id":"https:\/\/blogdobispo.com.br\/?p=5560#primaryimage"},"thumbnailUrl":"https:\/\/blogdobispo.com.br\/wp-content\/uploads\/2025\/06\/img_5013-1.jpg","articleSection":["diversos"],"inLanguage":"pt-BR","potentialAction":[{"@type":"CommentAction","name":"Comment","target":["https:\/\/blogdobispo.com.br\/?p=5560#respond"]}]},{"@type":"WebPage","@id":"https:\/\/blogdobispo.com.br\/?p=5560","url":"https:\/\/blogdobispo.com.br\/?p=5560","name":"Minist\u00e9rio P\u00fablico Eleitoral emite parecer favor\u00e1vel ao prefeito Felipe Menezes - Blog do Bispo","isPartOf":{"@id":"https:\/\/blogdobispo.com.br\/#website"},"primaryImageOfPage":{"@id":"https:\/\/blogdobispo.com.br\/?p=5560#primaryimage"},"image":{"@id":"https:\/\/blogdobispo.com.br\/?p=5560#primaryimage"},"thumbnailUrl":"https:\/\/blogdobispo.com.br\/wp-content\/uploads\/2025\/06\/img_5013-1.jpg","datePublished":"2025-06-10T01:06:33+00:00","breadcrumb":{"@id":"https:\/\/blogdobispo.com.br\/?p=5560#breadcrumb"},"inLanguage":"pt-BR","potentialAction":[{"@type":"ReadAction","target":["https:\/\/blogdobispo.com.br\/?p=5560"]}]},{"@type":"ImageObject","inLanguage":"pt-BR","@id":"https:\/\/blogdobispo.com.br\/?p=5560#primaryimage","url":"https:\/\/blogdobispo.com.br\/wp-content\/uploads\/2025\/06\/img_5013-1.jpg","contentUrl":"https:\/\/blogdobispo.com.br\/wp-content\/uploads\/2025\/06\/img_5013-1.jpg"},{"@type":"BreadcrumbList","@id":"https:\/\/blogdobispo.com.br\/?p=5560#breadcrumb","itemListElement":[{"@type":"ListItem","position":1,"name":"In\u00edcio","item":"https:\/\/blogdobispo.com.br\/"},{"@type":"ListItem","position":2,"name":"Minist\u00e9rio P\u00fablico Eleitoral emite parecer favor\u00e1vel ao prefeito Felipe Menezes"}]},{"@type":"WebSite","@id":"https:\/\/blogdobispo.com.br\/#website","url":"https:\/\/blogdobispo.com.br\/","name":"Blog do Bispo","description":"Comprometido apenas com o leitor","publisher":{"@id":"https:\/\/blogdobispo.com.br\/#organization"},"potentialAction":[{"@type":"SearchAction","target":{"@type":"EntryPoint","urlTemplate":"https:\/\/blogdobispo.com.br\/?s={search_term_string}"},"query-input":{"@type":"PropertyValueSpecification","valueRequired":true,"valueName":"search_term_string"}}],"inLanguage":"pt-BR"},{"@type":"Organization","@id":"https:\/\/blogdobispo.com.br\/#organization","name":"Blog do Bispo","url":"https:\/\/blogdobispo.com.br\/","logo":{"@type":"ImageObject","inLanguage":"pt-BR","@id":"https:\/\/blogdobispo.com.br\/#\/schema\/logo\/image\/","url":"http:\/\/blogdobispo.com.br\/wp-content\/uploads\/2023\/05\/cropped-headear.png","contentUrl":"http:\/\/blogdobispo.com.br\/wp-content\/uploads\/2023\/05\/cropped-headear.png","width":1500,"height":399,"caption":"Blog do Bispo"},"image":{"@id":"https:\/\/blogdobispo.com.br\/#\/schema\/logo\/image\/"}},{"@type":"Person","@id":"https:\/\/blogdobispo.com.br\/#\/schema\/person\/e2209cc0e6cea5c5233d033e997b373f","name":"Jefferson Sterfeno","image":{"@type":"ImageObject","inLanguage":"pt-BR","@id":"https:\/\/blogdobispo.com.br\/#\/schema\/person\/image\/","url":"https:\/\/secure.gravatar.com\/avatar\/0534e84764641168a677026b6d57a3f51dc7ac4db0b4f6186d9cb330d4ee1160?s=96&d=mm&r=g","contentUrl":"https:\/\/secure.gravatar.com\/avatar\/0534e84764641168a677026b6d57a3f51dc7ac4db0b4f6186d9cb330d4ee1160?s=96&d=mm&r=g","caption":"Jefferson Sterfeno"},"sameAs":["http:\/\/blogdobispo.com.br"],"url":"https:\/\/blogdobispo.com.br\/?author=1"}]}},"featured_image_urls":{"full":"","thumbnail":"","medium":"","medium_large":"","large":"","1536x1536":"","2048x2048":""},"author_info":{"display_name":"Jefferson Sterfeno","author_link":"https:\/\/blogdobispo.com.br\/?author=1"},"category_info":"<a href=\"https:\/\/blogdobispo.com.br\/?cat=1\" rel=\"category\">diversos<\/a>","tag_info":"diversos","comment_count":"0","jetpack_featured_media_url":"","jetpack_sharing_enabled":true,"_links":{"self":[{"href":"https:\/\/blogdobispo.com.br\/index.php?rest_route=\/wp\/v2\/posts\/5560","targetHints":{"allow":["GET"]}}],"collection":[{"href":"https:\/\/blogdobispo.com.br\/index.php?rest_route=\/wp\/v2\/posts"}],"about":[{"href":"https:\/\/blogdobispo.com.br\/index.php?rest_route=\/wp\/v2\/types\/post"}],"author":[{"embeddable":true,"href":"https:\/\/blogdobispo.com.br\/index.php?rest_route=\/wp\/v2\/users\/1"}],"replies":[{"embeddable":true,"href":"https:\/\/blogdobispo.com.br\/index.php?rest_route=%2Fwp%2Fv2%2Fcomments&post=5560"}],"version-history":[{"count":0,"href":"https:\/\/blogdobispo.com.br\/index.php?rest_route=\/wp\/v2\/posts\/5560\/revisions"}],"wp:attachment":[{"href":"https:\/\/blogdobispo.com.br\/index.php?rest_route=%2Fwp%2Fv2%2Fmedia&parent=5560"}],"wp:term":[{"taxonomy":"category","embeddable":true,"href":"https:\/\/blogdobispo.com.br\/index.php?rest_route=%2Fwp%2Fv2%2Fcategories&post=5560"},{"taxonomy":"post_tag","embeddable":true,"href":"https:\/\/blogdobispo.com.br\/index.php?rest_route=%2Fwp%2Fv2%2Ftags&post=5560"}],"curies":[{"name":"wp","href":"https:\/\/api.w.org\/{rel}","templated":true}]}}