{"id":5556,"date":"2025-06-09T01:26:40","date_gmt":"2025-06-09T01:26:40","guid":{"rendered":"https:\/\/blogdobispo.com.br\/?p=5556"},"modified":"2025-06-09T01:26:40","modified_gmt":"2025-06-09T01:26:40","slug":"comerciantes-comemoram-vendas-no-sao-joao-de-natal","status":"publish","type":"post","link":"https:\/\/blogdobispo.com.br\/?p=5556","title":{"rendered":"Comerciantes comemoram vendas no S\u00e3o Jo\u00e3o de Natal"},"content":{"rendered":"\n<figure class=\"wp-block-image size-large\"><img data-recalc-dims=\"1\" fetchpriority=\"high\" decoding=\"async\" width=\"800\" height=\"601\" src=\"https:\/\/i0.wp.com\/blogdobispo.com.br\/wp-content\/uploads\/2025\/06\/1752a4da-b547-4acd-ac16-382cbd9aaeb5-1-1024x769.jpg?resize=800%2C601&#038;ssl=1\" class=\"wp-image-5555\" srcset=\"https:\/\/i0.wp.com\/blogdobispo.com.br\/wp-content\/uploads\/2025\/06\/1752a4da-b547-4acd-ac16-382cbd9aaeb5-1.jpg?resize=1024%2C769&amp;ssl=1 1024w, https:\/\/i0.wp.com\/blogdobispo.com.br\/wp-content\/uploads\/2025\/06\/1752a4da-b547-4acd-ac16-382cbd9aaeb5-1.jpg?resize=300%2C225&amp;ssl=1 300w, https:\/\/i0.wp.com\/blogdobispo.com.br\/wp-content\/uploads\/2025\/06\/1752a4da-b547-4acd-ac16-382cbd9aaeb5-1.jpg?resize=768%2C576&amp;ssl=1 768w, https:\/\/i0.wp.com\/blogdobispo.com.br\/wp-content\/uploads\/2025\/06\/1752a4da-b547-4acd-ac16-382cbd9aaeb5-1.jpg?resize=1536%2C1153&amp;ssl=1 1536w, https:\/\/i0.wp.com\/blogdobispo.com.br\/wp-content\/uploads\/2025\/06\/1752a4da-b547-4acd-ac16-382cbd9aaeb5-1.jpg?w=1600&amp;ssl=1 1600w\" sizes=\"(max-width: 800px) 100vw, 800px\" \/><figcaption class=\"wp-element-caption\"><code>Foto: Demis <\/code>Russos<\/figcaption><\/figure>\n\n\n\n<p><\/p>\n\n\n\n<p><\/p>\n\n\n\n<p>Al\u00e9m da alegria e das apresenta\u00e7\u00f5es culturais que encantam moradores e turistas, um outro aspecto ganha destaque no S\u00e3o Jo\u00e3o de Natal: a movimenta\u00e7\u00e3o da economia local, impulsionada por centenas de ambulantes que encontram na festa uma oportunidade de renda. A Prefeitura do Natal, por meio da Secretaria Municipal de Servi\u00e7os Urbanos (Semsur), possibilitou que o comercio de produtos e alimentos na festa, acontecesse de forma organizada e segura, gra\u00e7as ao ordenamento dos trabalhadores no entorno do Polo Arena das Dunas.<\/p>\n\n\n\n<p>Os ambulantes que atuam no evento s\u00e3o previamente cadastrados e passam por orienta\u00e7\u00f5es da equipe de fiscaliza\u00e7\u00e3o, respeitando os crit\u00e9rios definidos pela Portaria Especial n\u00ba 5745\/2025. A normativa determina que apenas os ambulantes autorizados podem ocupar o espa\u00e7o com barracas e equipamentos, sendo terminantemente proibida a utiliza\u00e7\u00e3o de materiais deteriorados, como freezers danificados, ou qualquer estrutura improvisada.<\/p>\n\n\n\n<p>Segundo Jailson Fernandes, agente de ordenamento urbano da Semsur, todo o processo de libera\u00e7\u00e3o e organiza\u00e7\u00e3o dos pontos de venda \u00e9 planejado com foco na seguran\u00e7a e no bom fluxo de pessoas. \u201cTodos os ambulantes aqui s\u00e3o cadastrados. A Semsur deixou tudo muito organizado. Estamos fiscalizando o uso de garrafas de vidro, que s\u00e3o proibidas, e garantindo que n\u00e3o haja obstru\u00e7\u00f5es no espa\u00e7o para facilitar a circula\u00e7\u00e3o do p\u00fablico. O trabalho \u00e9 constante, durante todo o evento, para garantir ordem e seguran\u00e7a\u201d, afirmou.<\/p>\n\n\n\n<p>O prefeito Paulinho Freire ressaltou a import\u00e2ncia da organiza\u00e7\u00e3o do evento como parte do compromisso da gest\u00e3o com o bem-estar da popula\u00e7\u00e3o e a valoriza\u00e7\u00e3o da economia local. \u201cUm evento deste porte precisa ser bem planejado em todos os detalhes. Estamos garantindo que o S\u00e3o Jo\u00e3o de Natal seja uma festa bonita, segura e que tamb\u00e9m gere oportunidade para quem mais precisa. A atua\u00e7\u00e3o da Semsur com os ambulantes \u00e9 essencial para que tudo ocorra com tranquilidade. E a nossa expectativa \u00e9 que o volume de vendas neste S\u00e3o Jo\u00e3o supere at\u00e9 mesmo o registrado no Carnaval, quando o setor econ\u00f4mico da cidade faturou mais de R$ 190 milh\u00f5es\u201d, destacou o prefeito.<\/p>\n\n\n\n<p>Entre os diversos ambulantes que aproveitam a movimenta\u00e7\u00e3o do S\u00e3o Jo\u00e3o no Polo Arena das Dunas para garantir uma renda extra, Luiz Felipe comemora os bons resultados das vendas. \u201cEu vendo caipirinha, principalmente a caipifruta, que o pessoal adora. Ontem o movimento j\u00e1 foi bom, mas hoje est\u00e1 ainda melhor. A programa\u00e7\u00e3o ajuda bastante nas vendas. O p\u00fablico de Pablo e Calcinha Preta costuma caprichar na bebida pra curtir aquela sofr\u00eancia com mais emo\u00e7\u00e3o. As caipirinhas est\u00e3o saindo bem, est\u00e1 fluindo, e a expectativa \u00e9 que continue assim nos pr\u00f3ximos dias.\u201d<\/p>\n\n\n\n<p>Para muitos trabalhadores, como o ambulante Jo\u00e3o Carlos, a festa tem sido um al\u00edvio financeiro e uma chance de crescimento. \u201cEstou muito satisfeito com a estrutura. A organiza\u00e7\u00e3o da Prefeitura est\u00e1 de parab\u00e9ns. A gente se sente respeitado, com espa\u00e7o garantido para trabalhar. Est\u00e1 sendo muito bom para mim e para minha fam\u00edlia\u201d, declarou.<\/p>\n\n\n\n<p>O S\u00e3o Jo\u00e3o de Natal segue sendo n\u00e3o apenas uma grande celebra\u00e7\u00e3o cultural, mas tamb\u00e9m parte de uma engrenagem importante para o desenvolvimento econ\u00f4mico da cidade. O modelo de gest\u00e3o adotado permite que a festa seja democr\u00e1tica, inclusiva e ben\u00e9fica para todos os envolvidos, do p\u00fablico que se diverte com seguran\u00e7a aos trabalhadores que garantem o sustento atrav\u00e9s da cultura e do empreendedorismo.<\/p>\n","protected":false},"excerpt":{"rendered":"<p>Al\u00e9m da alegria e das apresenta\u00e7\u00f5es culturais que encantam moradores e turistas, um outro aspecto ganha destaque no S\u00e3o Jo\u00e3o de Natal: a movimenta\u00e7\u00e3o da economia local, impulsionada por centenas de ambulantes que encontram na festa uma oportunidade de renda. A Prefeitura do Natal, por meio da Secretaria Municipal de Servi\u00e7os Urbanos (Semsur), possibilitou que [&hellip;]<\/p>\n","protected":false},"author":1,"featured_media":0,"comment_status":"open","ping_status":"open","sticky":false,"template":"","format":"standard","meta":{"cybocfi_hide_featured_image":"","_jetpack_memberships_contains_paid_content":false,"footnotes":""},"categories":[1],"tags":[],"class_list":["post-5556","post","type-post","status-publish","format-standard","hentry","category-diversos"],"yoast_head":"<!-- This site is optimized with the Yoast SEO plugin v25.6 - https:\/\/yoast.com\/wordpress\/plugins\/seo\/ -->\n<title>Comerciantes comemoram vendas no S\u00e3o Jo\u00e3o de Natal - Blog do Bispo<\/title>\n<meta name=\"robots\" content=\"index, follow, max-snippet:-1, max-image-preview:large, max-video-preview:-1\" \/>\n<link rel=\"canonical\" href=\"https:\/\/blogdobispo.com.br\/?p=5556\" \/>\n<meta property=\"og:locale\" content=\"pt_BR\" \/>\n<meta property=\"og:type\" content=\"article\" \/>\n<meta property=\"og:title\" content=\"Comerciantes comemoram vendas no S\u00e3o Jo\u00e3o de Natal - Blog do Bispo\" \/>\n<meta property=\"og:description\" content=\"Al\u00e9m da alegria e das apresenta\u00e7\u00f5es culturais que encantam moradores e turistas, um outro aspecto ganha destaque no S\u00e3o Jo\u00e3o de Natal: a movimenta\u00e7\u00e3o da economia local, impulsionada por centenas de ambulantes que encontram na festa uma oportunidade de renda. A Prefeitura do Natal, por meio da Secretaria Municipal de Servi\u00e7os Urbanos (Semsur), possibilitou que [&hellip;]\" \/>\n<meta property=\"og:url\" content=\"https:\/\/blogdobispo.com.br\/?p=5556\" \/>\n<meta property=\"og:site_name\" content=\"Blog do Bispo\" \/>\n<meta property=\"article:published_time\" content=\"2025-06-09T01:26:40+00:00\" \/>\n<meta property=\"og:image\" content=\"https:\/\/blogdobispo.com.br\/wp-content\/uploads\/2025\/06\/1752a4da-b547-4acd-ac16-382cbd9aaeb5-1-1024x769.jpg\" \/>\n<meta name=\"author\" content=\"Jefferson Sterfeno\" \/>\n<meta name=\"twitter:card\" content=\"summary_large_image\" \/>\n<meta name=\"twitter:label1\" content=\"Escrito por\" \/>\n\t<meta name=\"twitter:data1\" content=\"Jefferson Sterfeno\" \/>\n\t<meta name=\"twitter:label2\" content=\"Est. tempo de leitura\" \/>\n\t<meta name=\"twitter:data2\" content=\"3 minutos\" \/>\n<script type=\"application\/ld+json\" class=\"yoast-schema-graph\">{\"@context\":\"https:\/\/schema.org\",\"@graph\":[{\"@type\":\"Article\",\"@id\":\"https:\/\/blogdobispo.com.br\/?p=5556#article\",\"isPartOf\":{\"@id\":\"https:\/\/blogdobispo.com.br\/?p=5556\"},\"author\":{\"name\":\"Jefferson Sterfeno\",\"@id\":\"https:\/\/blogdobispo.com.br\/#\/schema\/person\/e2209cc0e6cea5c5233d033e997b373f\"},\"headline\":\"Comerciantes comemoram vendas no S\u00e3o Jo\u00e3o de Natal\",\"datePublished\":\"2025-06-09T01:26:40+00:00\",\"mainEntityOfPage\":{\"@id\":\"https:\/\/blogdobispo.com.br\/?p=5556\"},\"wordCount\":609,\"commentCount\":0,\"publisher\":{\"@id\":\"https:\/\/blogdobispo.com.br\/#organization\"},\"image\":{\"@id\":\"https:\/\/blogdobispo.com.br\/?p=5556#primaryimage\"},\"thumbnailUrl\":\"https:\/\/blogdobispo.com.br\/wp-content\/uploads\/2025\/06\/1752a4da-b547-4acd-ac16-382cbd9aaeb5-1-1024x769.jpg\",\"articleSection\":[\"diversos\"],\"inLanguage\":\"pt-BR\",\"potentialAction\":[{\"@type\":\"CommentAction\",\"name\":\"Comment\",\"target\":[\"https:\/\/blogdobispo.com.br\/?p=5556#respond\"]}]},{\"@type\":\"WebPage\",\"@id\":\"https:\/\/blogdobispo.com.br\/?p=5556\",\"url\":\"https:\/\/blogdobispo.com.br\/?p=5556\",\"name\":\"Comerciantes comemoram vendas no S\u00e3o Jo\u00e3o de Natal - Blog do Bispo\",\"isPartOf\":{\"@id\":\"https:\/\/blogdobispo.com.br\/#website\"},\"primaryImageOfPage\":{\"@id\":\"https:\/\/blogdobispo.com.br\/?p=5556#primaryimage\"},\"image\":{\"@id\":\"https:\/\/blogdobispo.com.br\/?p=5556#primaryimage\"},\"thumbnailUrl\":\"https:\/\/blogdobispo.com.br\/wp-content\/uploads\/2025\/06\/1752a4da-b547-4acd-ac16-382cbd9aaeb5-1-1024x769.jpg\",\"datePublished\":\"2025-06-09T01:26:40+00:00\",\"breadcrumb\":{\"@id\":\"https:\/\/blogdobispo.com.br\/?p=5556#breadcrumb\"},\"inLanguage\":\"pt-BR\",\"potentialAction\":[{\"@type\":\"ReadAction\",\"target\":[\"https:\/\/blogdobispo.com.br\/?p=5556\"]}]},{\"@type\":\"ImageObject\",\"inLanguage\":\"pt-BR\",\"@id\":\"https:\/\/blogdobispo.com.br\/?p=5556#primaryimage\",\"url\":\"https:\/\/blogdobispo.com.br\/wp-content\/uploads\/2025\/06\/1752a4da-b547-4acd-ac16-382cbd9aaeb5-1-1024x769.jpg\",\"contentUrl\":\"https:\/\/blogdobispo.com.br\/wp-content\/uploads\/2025\/06\/1752a4da-b547-4acd-ac16-382cbd9aaeb5-1-1024x769.jpg\"},{\"@type\":\"BreadcrumbList\",\"@id\":\"https:\/\/blogdobispo.com.br\/?p=5556#breadcrumb\",\"itemListElement\":[{\"@type\":\"ListItem\",\"position\":1,\"name\":\"In\u00edcio\",\"item\":\"https:\/\/blogdobispo.com.br\/\"},{\"@type\":\"ListItem\",\"position\":2,\"name\":\"Comerciantes comemoram vendas no S\u00e3o Jo\u00e3o de Natal\"}]},{\"@type\":\"WebSite\",\"@id\":\"https:\/\/blogdobispo.com.br\/#website\",\"url\":\"https:\/\/blogdobispo.com.br\/\",\"name\":\"Blog do Bispo\",\"description\":\"Comprometido apenas com o leitor\",\"publisher\":{\"@id\":\"https:\/\/blogdobispo.com.br\/#organization\"},\"potentialAction\":[{\"@type\":\"SearchAction\",\"target\":{\"@type\":\"EntryPoint\",\"urlTemplate\":\"https:\/\/blogdobispo.com.br\/?s={search_term_string}\"},\"query-input\":{\"@type\":\"PropertyValueSpecification\",\"valueRequired\":true,\"valueName\":\"search_term_string\"}}],\"inLanguage\":\"pt-BR\"},{\"@type\":\"Organization\",\"@id\":\"https:\/\/blogdobispo.com.br\/#organization\",\"name\":\"Blog do Bispo\",\"url\":\"https:\/\/blogdobispo.com.br\/\",\"logo\":{\"@type\":\"ImageObject\",\"inLanguage\":\"pt-BR\",\"@id\":\"https:\/\/blogdobispo.com.br\/#\/schema\/logo\/image\/\",\"url\":\"http:\/\/blogdobispo.com.br\/wp-content\/uploads\/2023\/05\/cropped-headear.png\",\"contentUrl\":\"http:\/\/blogdobispo.com.br\/wp-content\/uploads\/2023\/05\/cropped-headear.png\",\"width\":1500,\"height\":399,\"caption\":\"Blog do Bispo\"},\"image\":{\"@id\":\"https:\/\/blogdobispo.com.br\/#\/schema\/logo\/image\/\"}},{\"@type\":\"Person\",\"@id\":\"https:\/\/blogdobispo.com.br\/#\/schema\/person\/e2209cc0e6cea5c5233d033e997b373f\",\"name\":\"Jefferson Sterfeno\",\"image\":{\"@type\":\"ImageObject\",\"inLanguage\":\"pt-BR\",\"@id\":\"https:\/\/blogdobispo.com.br\/#\/schema\/person\/image\/\",\"url\":\"https:\/\/secure.gravatar.com\/avatar\/0534e84764641168a677026b6d57a3f51dc7ac4db0b4f6186d9cb330d4ee1160?s=96&d=mm&r=g\",\"contentUrl\":\"https:\/\/secure.gravatar.com\/avatar\/0534e84764641168a677026b6d57a3f51dc7ac4db0b4f6186d9cb330d4ee1160?s=96&d=mm&r=g\",\"caption\":\"Jefferson Sterfeno\"},\"sameAs\":[\"http:\/\/blogdobispo.com.br\"],\"url\":\"https:\/\/blogdobispo.com.br\/?author=1\"}]}<\/script>\n<!-- \/ Yoast SEO plugin. -->","yoast_head_json":{"title":"Comerciantes comemoram vendas no S\u00e3o Jo\u00e3o de Natal - Blog do Bispo","robots":{"index":"index","follow":"follow","max-snippet":"max-snippet:-1","max-image-preview":"max-image-preview:large","max-video-preview":"max-video-preview:-1"},"canonical":"https:\/\/blogdobispo.com.br\/?p=5556","og_locale":"pt_BR","og_type":"article","og_title":"Comerciantes comemoram vendas no S\u00e3o Jo\u00e3o de Natal - Blog do Bispo","og_description":"Al\u00e9m da alegria e das apresenta\u00e7\u00f5es culturais que encantam moradores e turistas, um outro aspecto ganha destaque no S\u00e3o Jo\u00e3o de Natal: a movimenta\u00e7\u00e3o da economia local, impulsionada por centenas de ambulantes que encontram na festa uma oportunidade de renda. A Prefeitura do Natal, por meio da Secretaria Municipal de Servi\u00e7os Urbanos (Semsur), possibilitou que [&hellip;]","og_url":"https:\/\/blogdobispo.com.br\/?p=5556","og_site_name":"Blog do Bispo","article_published_time":"2025-06-09T01:26:40+00:00","og_image":[{"url":"https:\/\/blogdobispo.com.br\/wp-content\/uploads\/2025\/06\/1752a4da-b547-4acd-ac16-382cbd9aaeb5-1-1024x769.jpg","type":"","width":"","height":""}],"author":"Jefferson Sterfeno","twitter_card":"summary_large_image","twitter_misc":{"Escrito por":"Jefferson Sterfeno","Est. tempo de leitura":"3 minutos"},"schema":{"@context":"https:\/\/schema.org","@graph":[{"@type":"Article","@id":"https:\/\/blogdobispo.com.br\/?p=5556#article","isPartOf":{"@id":"https:\/\/blogdobispo.com.br\/?p=5556"},"author":{"name":"Jefferson Sterfeno","@id":"https:\/\/blogdobispo.com.br\/#\/schema\/person\/e2209cc0e6cea5c5233d033e997b373f"},"headline":"Comerciantes comemoram vendas no S\u00e3o Jo\u00e3o de Natal","datePublished":"2025-06-09T01:26:40+00:00","mainEntityOfPage":{"@id":"https:\/\/blogdobispo.com.br\/?p=5556"},"wordCount":609,"commentCount":0,"publisher":{"@id":"https:\/\/blogdobispo.com.br\/#organization"},"image":{"@id":"https:\/\/blogdobispo.com.br\/?p=5556#primaryimage"},"thumbnailUrl":"https:\/\/blogdobispo.com.br\/wp-content\/uploads\/2025\/06\/1752a4da-b547-4acd-ac16-382cbd9aaeb5-1-1024x769.jpg","articleSection":["diversos"],"inLanguage":"pt-BR","potentialAction":[{"@type":"CommentAction","name":"Comment","target":["https:\/\/blogdobispo.com.br\/?p=5556#respond"]}]},{"@type":"WebPage","@id":"https:\/\/blogdobispo.com.br\/?p=5556","url":"https:\/\/blogdobispo.com.br\/?p=5556","name":"Comerciantes comemoram vendas no S\u00e3o Jo\u00e3o de Natal - Blog do Bispo","isPartOf":{"@id":"https:\/\/blogdobispo.com.br\/#website"},"primaryImageOfPage":{"@id":"https:\/\/blogdobispo.com.br\/?p=5556#primaryimage"},"image":{"@id":"https:\/\/blogdobispo.com.br\/?p=5556#primaryimage"},"thumbnailUrl":"https:\/\/blogdobispo.com.br\/wp-content\/uploads\/2025\/06\/1752a4da-b547-4acd-ac16-382cbd9aaeb5-1-1024x769.jpg","datePublished":"2025-06-09T01:26:40+00:00","breadcrumb":{"@id":"https:\/\/blogdobispo.com.br\/?p=5556#breadcrumb"},"inLanguage":"pt-BR","potentialAction":[{"@type":"ReadAction","target":["https:\/\/blogdobispo.com.br\/?p=5556"]}]},{"@type":"ImageObject","inLanguage":"pt-BR","@id":"https:\/\/blogdobispo.com.br\/?p=5556#primaryimage","url":"https:\/\/blogdobispo.com.br\/wp-content\/uploads\/2025\/06\/1752a4da-b547-4acd-ac16-382cbd9aaeb5-1-1024x769.jpg","contentUrl":"https:\/\/blogdobispo.com.br\/wp-content\/uploads\/2025\/06\/1752a4da-b547-4acd-ac16-382cbd9aaeb5-1-1024x769.jpg"},{"@type":"BreadcrumbList","@id":"https:\/\/blogdobispo.com.br\/?p=5556#breadcrumb","itemListElement":[{"@type":"ListItem","position":1,"name":"In\u00edcio","item":"https:\/\/blogdobispo.com.br\/"},{"@type":"ListItem","position":2,"name":"Comerciantes comemoram vendas no S\u00e3o Jo\u00e3o de Natal"}]},{"@type":"WebSite","@id":"https:\/\/blogdobispo.com.br\/#website","url":"https:\/\/blogdobispo.com.br\/","name":"Blog do Bispo","description":"Comprometido apenas com o leitor","publisher":{"@id":"https:\/\/blogdobispo.com.br\/#organization"},"potentialAction":[{"@type":"SearchAction","target":{"@type":"EntryPoint","urlTemplate":"https:\/\/blogdobispo.com.br\/?s={search_term_string}"},"query-input":{"@type":"PropertyValueSpecification","valueRequired":true,"valueName":"search_term_string"}}],"inLanguage":"pt-BR"},{"@type":"Organization","@id":"https:\/\/blogdobispo.com.br\/#organization","name":"Blog do Bispo","url":"https:\/\/blogdobispo.com.br\/","logo":{"@type":"ImageObject","inLanguage":"pt-BR","@id":"https:\/\/blogdobispo.com.br\/#\/schema\/logo\/image\/","url":"http:\/\/blogdobispo.com.br\/wp-content\/uploads\/2023\/05\/cropped-headear.png","contentUrl":"http:\/\/blogdobispo.com.br\/wp-content\/uploads\/2023\/05\/cropped-headear.png","width":1500,"height":399,"caption":"Blog do Bispo"},"image":{"@id":"https:\/\/blogdobispo.com.br\/#\/schema\/logo\/image\/"}},{"@type":"Person","@id":"https:\/\/blogdobispo.com.br\/#\/schema\/person\/e2209cc0e6cea5c5233d033e997b373f","name":"Jefferson Sterfeno","image":{"@type":"ImageObject","inLanguage":"pt-BR","@id":"https:\/\/blogdobispo.com.br\/#\/schema\/person\/image\/","url":"https:\/\/secure.gravatar.com\/avatar\/0534e84764641168a677026b6d57a3f51dc7ac4db0b4f6186d9cb330d4ee1160?s=96&d=mm&r=g","contentUrl":"https:\/\/secure.gravatar.com\/avatar\/0534e84764641168a677026b6d57a3f51dc7ac4db0b4f6186d9cb330d4ee1160?s=96&d=mm&r=g","caption":"Jefferson Sterfeno"},"sameAs":["http:\/\/blogdobispo.com.br"],"url":"https:\/\/blogdobispo.com.br\/?author=1"}]}},"featured_image_urls":{"full":"","thumbnail":"","medium":"","medium_large":"","large":"","1536x1536":"","2048x2048":""},"author_info":{"display_name":"Jefferson Sterfeno","author_link":"https:\/\/blogdobispo.com.br\/?author=1"},"category_info":"<a href=\"https:\/\/blogdobispo.com.br\/?cat=1\" rel=\"category\">diversos<\/a>","tag_info":"diversos","comment_count":"0","jetpack_featured_media_url":"","jetpack_sharing_enabled":true,"_links":{"self":[{"href":"https:\/\/blogdobispo.com.br\/index.php?rest_route=\/wp\/v2\/posts\/5556","targetHints":{"allow":["GET"]}}],"collection":[{"href":"https:\/\/blogdobispo.com.br\/index.php?rest_route=\/wp\/v2\/posts"}],"about":[{"href":"https:\/\/blogdobispo.com.br\/index.php?rest_route=\/wp\/v2\/types\/post"}],"author":[{"embeddable":true,"href":"https:\/\/blogdobispo.com.br\/index.php?rest_route=\/wp\/v2\/users\/1"}],"replies":[{"embeddable":true,"href":"https:\/\/blogdobispo.com.br\/index.php?rest_route=%2Fwp%2Fv2%2Fcomments&post=5556"}],"version-history":[{"count":0,"href":"https:\/\/blogdobispo.com.br\/index.php?rest_route=\/wp\/v2\/posts\/5556\/revisions"}],"wp:attachment":[{"href":"https:\/\/blogdobispo.com.br\/index.php?rest_route=%2Fwp%2Fv2%2Fmedia&parent=5556"}],"wp:term":[{"taxonomy":"category","embeddable":true,"href":"https:\/\/blogdobispo.com.br\/index.php?rest_route=%2Fwp%2Fv2%2Fcategories&post=5556"},{"taxonomy":"post_tag","embeddable":true,"href":"https:\/\/blogdobispo.com.br\/index.php?rest_route=%2Fwp%2Fv2%2Ftags&post=5556"}],"curies":[{"name":"wp","href":"https:\/\/api.w.org\/{rel}","templated":true}]}}