{"id":5554,"date":"2025-06-09T01:18:06","date_gmt":"2025-06-09T01:18:06","guid":{"rendered":"https:\/\/blogdobispo.com.br\/?p=5554"},"modified":"2025-06-09T01:18:06","modified_gmt":"2025-06-09T01:18:06","slug":"bairro-das-quintas-revive-tradicao-junina-com-espetaculo-cultural-e-emocionante-no-ensaio-geral-da-junina-sao-joao","status":"publish","type":"post","link":"https:\/\/blogdobispo.com.br\/?p=5554","title":{"rendered":"Bairro das Quintas revive tradi\u00e7\u00e3o junina com espet\u00e1culo cultural e emocionante no ensaio geral da Junina S\u00e3o Jo\u00e3o"},"content":{"rendered":"\n<figure class=\"wp-block-image size-large\"><img data-recalc-dims=\"1\" fetchpriority=\"high\" decoding=\"async\" width=\"800\" height=\"600\" src=\"https:\/\/i0.wp.com\/blogdobispo.com.br\/wp-content\/uploads\/2025\/06\/55fd6cce-79c0-463b-8e3e-428dc0f49c99-1-1024x768.jpg?resize=800%2C600&#038;ssl=1\" class=\"wp-image-5553\" srcset=\"https:\/\/i0.wp.com\/blogdobispo.com.br\/wp-content\/uploads\/2025\/06\/55fd6cce-79c0-463b-8e3e-428dc0f49c99-1.jpg?resize=1024%2C768&amp;ssl=1 1024w, https:\/\/i0.wp.com\/blogdobispo.com.br\/wp-content\/uploads\/2025\/06\/55fd6cce-79c0-463b-8e3e-428dc0f49c99-1.jpg?resize=300%2C225&amp;ssl=1 300w, https:\/\/i0.wp.com\/blogdobispo.com.br\/wp-content\/uploads\/2025\/06\/55fd6cce-79c0-463b-8e3e-428dc0f49c99-1.jpg?resize=768%2C576&amp;ssl=1 768w, https:\/\/i0.wp.com\/blogdobispo.com.br\/wp-content\/uploads\/2025\/06\/55fd6cce-79c0-463b-8e3e-428dc0f49c99-1.jpg?resize=1536%2C1152&amp;ssl=1 1536w, https:\/\/i0.wp.com\/blogdobispo.com.br\/wp-content\/uploads\/2025\/06\/55fd6cce-79c0-463b-8e3e-428dc0f49c99-1.jpg?w=2000&amp;ssl=1 2000w, https:\/\/i0.wp.com\/blogdobispo.com.br\/wp-content\/uploads\/2025\/06\/55fd6cce-79c0-463b-8e3e-428dc0f49c99-1.jpg?w=1600 1600w\" sizes=\"(max-width: 800px) 100vw, 800px\" \/><\/figure>\n\n\n\n<p><\/p>\n\n\n\n<p>Na noite da \u00faltima sexta-feira, 6 de junho, o bairro das Quintas viveu um verdadeiro reencontro com suas ra\u00edzes culturais durante o ensaio geral da quadrilha Junina S\u00e3o Jo\u00e3o. O evento, realizado na Quadra Poliesportiva do CDBQ, atraiu um grande p\u00fablico formado por moradores e visitantes, todos unidos pelo amor \u00e0s tradi\u00e7\u00f5es juninas.<\/p>\n\n\n\n<p>A recep\u00e7\u00e3o ficou por conta da tradicional banda da Escola de M\u00fasica Severino Cordeiro, projeto que h\u00e1 mais de 20 anos forma m\u00fasicos e fortalece a cultura local. Com um repert\u00f3rio repleto de cl\u00e1ssicos do forr\u00f3, a banda abriu a noite em grande estilo, aquecendo os cora\u00e7\u00f5es e os passos do p\u00fablico.<\/p>\n\n\n\n<p>A programa\u00e7\u00e3o seguiu com a apresenta\u00e7\u00e3o da quadrilha Sonho Junino, da cidade de Cear\u00e1-Mirim, que encantou a plateia com o espet\u00e1culo intitulado &#8220;Se t\u00fa quiser&#8221;, combinando coreografias envolventes com figurinos coloridos e tem\u00e1ticos.<\/p>\n\n\n\n<p>O momento mais esperado da noite foi o ensaio geral da quadrilha Junina S\u00e3o Jo\u00e3o, que apresentou ao p\u00fablico um verdadeiro espet\u00e1culo com o tema &#8220;Almas Vaqueiras&#8221;. A performance emocionou os presentes e demonstrou a for\u00e7a, o talento e a dedica\u00e7\u00e3o dos brincantes da comunidade.<\/p>\n\n\n\n<p>A organiza\u00e7\u00e3o do evento foi conduzida com excel\u00eancia pela Associa\u00e7\u00e3o Cultural S\u00e3o Jo\u00e3o e pela Uni\u00e3o Comunit\u00e1ria, que juntos refor\u00e7aram o papel das Quintas como ber\u00e7o de tradi\u00e7\u00f5es juninas. Vale lembrar que o bairro foi pioneiro na realiza\u00e7\u00e3o de festivais de quadrilhas e arrai\u00e1s de rua em Natal, tendo promovido o primeiro festival no in\u00edcio da d\u00e9cada de 1980.<\/p>\n\n\n\n<p>Mais do que um ensaio, a noite foi uma celebra\u00e7\u00e3o da mem\u00f3ria, da arte e da resist\u00eancia cultural de um povo que mant\u00e9m viva a chama do S\u00e3o Jo\u00e3o.<\/p>\n","protected":false},"excerpt":{"rendered":"<p>Na noite da \u00faltima sexta-feira, 6 de junho, o bairro das Quintas viveu um verdadeiro reencontro com suas ra\u00edzes culturais durante o ensaio geral da quadrilha Junina S\u00e3o Jo\u00e3o. O evento, realizado na Quadra Poliesportiva do CDBQ, atraiu um grande p\u00fablico formado por moradores e visitantes, todos unidos pelo amor \u00e0s tradi\u00e7\u00f5es juninas. A recep\u00e7\u00e3o [&hellip;]<\/p>\n","protected":false},"author":1,"featured_media":0,"comment_status":"open","ping_status":"open","sticky":false,"template":"","format":"standard","meta":{"cybocfi_hide_featured_image":"","_jetpack_memberships_contains_paid_content":false,"footnotes":""},"categories":[1],"tags":[],"class_list":["post-5554","post","type-post","status-publish","format-standard","hentry","category-diversos"],"yoast_head":"<!-- This site is optimized with the Yoast SEO plugin v25.6 - https:\/\/yoast.com\/wordpress\/plugins\/seo\/ -->\n<title>Bairro das Quintas revive tradi\u00e7\u00e3o junina com espet\u00e1culo cultural e emocionante no ensaio geral da Junina S\u00e3o Jo\u00e3o - Blog do Bispo<\/title>\n<meta name=\"robots\" content=\"index, follow, max-snippet:-1, max-image-preview:large, max-video-preview:-1\" \/>\n<link rel=\"canonical\" href=\"https:\/\/blogdobispo.com.br\/?p=5554\" \/>\n<meta property=\"og:locale\" content=\"pt_BR\" \/>\n<meta property=\"og:type\" content=\"article\" \/>\n<meta property=\"og:title\" content=\"Bairro das Quintas revive tradi\u00e7\u00e3o junina com espet\u00e1culo cultural e emocionante no ensaio geral da Junina S\u00e3o Jo\u00e3o - Blog do Bispo\" \/>\n<meta property=\"og:description\" content=\"Na noite da \u00faltima sexta-feira, 6 de junho, o bairro das Quintas viveu um verdadeiro reencontro com suas ra\u00edzes culturais durante o ensaio geral da quadrilha Junina S\u00e3o Jo\u00e3o. O evento, realizado na Quadra Poliesportiva do CDBQ, atraiu um grande p\u00fablico formado por moradores e visitantes, todos unidos pelo amor \u00e0s tradi\u00e7\u00f5es juninas. A recep\u00e7\u00e3o [&hellip;]\" \/>\n<meta property=\"og:url\" content=\"https:\/\/blogdobispo.com.br\/?p=5554\" \/>\n<meta property=\"og:site_name\" content=\"Blog do Bispo\" \/>\n<meta property=\"article:published_time\" content=\"2025-06-09T01:18:06+00:00\" \/>\n<meta property=\"og:image\" content=\"https:\/\/blogdobispo.com.br\/wp-content\/uploads\/2025\/06\/55fd6cce-79c0-463b-8e3e-428dc0f49c99-1-1024x768.jpg\" \/>\n<meta name=\"author\" content=\"Jefferson Sterfeno\" \/>\n<meta name=\"twitter:card\" content=\"summary_large_image\" \/>\n<meta name=\"twitter:label1\" content=\"Escrito por\" \/>\n\t<meta name=\"twitter:data1\" content=\"Jefferson Sterfeno\" \/>\n\t<meta name=\"twitter:label2\" content=\"Est. tempo de leitura\" \/>\n\t<meta name=\"twitter:data2\" content=\"2 minutos\" \/>\n<script type=\"application\/ld+json\" class=\"yoast-schema-graph\">{\"@context\":\"https:\/\/schema.org\",\"@graph\":[{\"@type\":\"Article\",\"@id\":\"https:\/\/blogdobispo.com.br\/?p=5554#article\",\"isPartOf\":{\"@id\":\"https:\/\/blogdobispo.com.br\/?p=5554\"},\"author\":{\"name\":\"Jefferson Sterfeno\",\"@id\":\"https:\/\/blogdobispo.com.br\/#\/schema\/person\/e2209cc0e6cea5c5233d033e997b373f\"},\"headline\":\"Bairro das Quintas revive tradi\u00e7\u00e3o junina com espet\u00e1culo cultural e emocionante no ensaio geral da Junina S\u00e3o Jo\u00e3o\",\"datePublished\":\"2025-06-09T01:18:06+00:00\",\"mainEntityOfPage\":{\"@id\":\"https:\/\/blogdobispo.com.br\/?p=5554\"},\"wordCount\":333,\"commentCount\":0,\"publisher\":{\"@id\":\"https:\/\/blogdobispo.com.br\/#organization\"},\"image\":{\"@id\":\"https:\/\/blogdobispo.com.br\/?p=5554#primaryimage\"},\"thumbnailUrl\":\"https:\/\/blogdobispo.com.br\/wp-content\/uploads\/2025\/06\/55fd6cce-79c0-463b-8e3e-428dc0f49c99-1-1024x768.jpg\",\"articleSection\":[\"diversos\"],\"inLanguage\":\"pt-BR\",\"potentialAction\":[{\"@type\":\"CommentAction\",\"name\":\"Comment\",\"target\":[\"https:\/\/blogdobispo.com.br\/?p=5554#respond\"]}]},{\"@type\":\"WebPage\",\"@id\":\"https:\/\/blogdobispo.com.br\/?p=5554\",\"url\":\"https:\/\/blogdobispo.com.br\/?p=5554\",\"name\":\"Bairro das Quintas revive tradi\u00e7\u00e3o junina com espet\u00e1culo cultural e emocionante no ensaio geral da Junina S\u00e3o Jo\u00e3o - Blog do Bispo\",\"isPartOf\":{\"@id\":\"https:\/\/blogdobispo.com.br\/#website\"},\"primaryImageOfPage\":{\"@id\":\"https:\/\/blogdobispo.com.br\/?p=5554#primaryimage\"},\"image\":{\"@id\":\"https:\/\/blogdobispo.com.br\/?p=5554#primaryimage\"},\"thumbnailUrl\":\"https:\/\/blogdobispo.com.br\/wp-content\/uploads\/2025\/06\/55fd6cce-79c0-463b-8e3e-428dc0f49c99-1-1024x768.jpg\",\"datePublished\":\"2025-06-09T01:18:06+00:00\",\"breadcrumb\":{\"@id\":\"https:\/\/blogdobispo.com.br\/?p=5554#breadcrumb\"},\"inLanguage\":\"pt-BR\",\"potentialAction\":[{\"@type\":\"ReadAction\",\"target\":[\"https:\/\/blogdobispo.com.br\/?p=5554\"]}]},{\"@type\":\"ImageObject\",\"inLanguage\":\"pt-BR\",\"@id\":\"https:\/\/blogdobispo.com.br\/?p=5554#primaryimage\",\"url\":\"https:\/\/blogdobispo.com.br\/wp-content\/uploads\/2025\/06\/55fd6cce-79c0-463b-8e3e-428dc0f49c99-1-1024x768.jpg\",\"contentUrl\":\"https:\/\/blogdobispo.com.br\/wp-content\/uploads\/2025\/06\/55fd6cce-79c0-463b-8e3e-428dc0f49c99-1-1024x768.jpg\"},{\"@type\":\"BreadcrumbList\",\"@id\":\"https:\/\/blogdobispo.com.br\/?p=5554#breadcrumb\",\"itemListElement\":[{\"@type\":\"ListItem\",\"position\":1,\"name\":\"In\u00edcio\",\"item\":\"https:\/\/blogdobispo.com.br\/\"},{\"@type\":\"ListItem\",\"position\":2,\"name\":\"Bairro das Quintas revive tradi\u00e7\u00e3o junina com espet\u00e1culo cultural e emocionante no ensaio geral da Junina S\u00e3o Jo\u00e3o\"}]},{\"@type\":\"WebSite\",\"@id\":\"https:\/\/blogdobispo.com.br\/#website\",\"url\":\"https:\/\/blogdobispo.com.br\/\",\"name\":\"Blog do Bispo\",\"description\":\"Comprometido apenas com o leitor\",\"publisher\":{\"@id\":\"https:\/\/blogdobispo.com.br\/#organization\"},\"potentialAction\":[{\"@type\":\"SearchAction\",\"target\":{\"@type\":\"EntryPoint\",\"urlTemplate\":\"https:\/\/blogdobispo.com.br\/?s={search_term_string}\"},\"query-input\":{\"@type\":\"PropertyValueSpecification\",\"valueRequired\":true,\"valueName\":\"search_term_string\"}}],\"inLanguage\":\"pt-BR\"},{\"@type\":\"Organization\",\"@id\":\"https:\/\/blogdobispo.com.br\/#organization\",\"name\":\"Blog do Bispo\",\"url\":\"https:\/\/blogdobispo.com.br\/\",\"logo\":{\"@type\":\"ImageObject\",\"inLanguage\":\"pt-BR\",\"@id\":\"https:\/\/blogdobispo.com.br\/#\/schema\/logo\/image\/\",\"url\":\"http:\/\/blogdobispo.com.br\/wp-content\/uploads\/2023\/05\/cropped-headear.png\",\"contentUrl\":\"http:\/\/blogdobispo.com.br\/wp-content\/uploads\/2023\/05\/cropped-headear.png\",\"width\":1500,\"height\":399,\"caption\":\"Blog do Bispo\"},\"image\":{\"@id\":\"https:\/\/blogdobispo.com.br\/#\/schema\/logo\/image\/\"}},{\"@type\":\"Person\",\"@id\":\"https:\/\/blogdobispo.com.br\/#\/schema\/person\/e2209cc0e6cea5c5233d033e997b373f\",\"name\":\"Jefferson Sterfeno\",\"image\":{\"@type\":\"ImageObject\",\"inLanguage\":\"pt-BR\",\"@id\":\"https:\/\/blogdobispo.com.br\/#\/schema\/person\/image\/\",\"url\":\"https:\/\/secure.gravatar.com\/avatar\/0534e84764641168a677026b6d57a3f51dc7ac4db0b4f6186d9cb330d4ee1160?s=96&d=mm&r=g\",\"contentUrl\":\"https:\/\/secure.gravatar.com\/avatar\/0534e84764641168a677026b6d57a3f51dc7ac4db0b4f6186d9cb330d4ee1160?s=96&d=mm&r=g\",\"caption\":\"Jefferson Sterfeno\"},\"sameAs\":[\"http:\/\/blogdobispo.com.br\"],\"url\":\"https:\/\/blogdobispo.com.br\/?author=1\"}]}<\/script>\n<!-- \/ Yoast SEO plugin. -->","yoast_head_json":{"title":"Bairro das Quintas revive tradi\u00e7\u00e3o junina com espet\u00e1culo cultural e emocionante no ensaio geral da Junina S\u00e3o Jo\u00e3o - Blog do Bispo","robots":{"index":"index","follow":"follow","max-snippet":"max-snippet:-1","max-image-preview":"max-image-preview:large","max-video-preview":"max-video-preview:-1"},"canonical":"https:\/\/blogdobispo.com.br\/?p=5554","og_locale":"pt_BR","og_type":"article","og_title":"Bairro das Quintas revive tradi\u00e7\u00e3o junina com espet\u00e1culo cultural e emocionante no ensaio geral da Junina S\u00e3o Jo\u00e3o - Blog do Bispo","og_description":"Na noite da \u00faltima sexta-feira, 6 de junho, o bairro das Quintas viveu um verdadeiro reencontro com suas ra\u00edzes culturais durante o ensaio geral da quadrilha Junina S\u00e3o Jo\u00e3o. O evento, realizado na Quadra Poliesportiva do CDBQ, atraiu um grande p\u00fablico formado por moradores e visitantes, todos unidos pelo amor \u00e0s tradi\u00e7\u00f5es juninas. A recep\u00e7\u00e3o [&hellip;]","og_url":"https:\/\/blogdobispo.com.br\/?p=5554","og_site_name":"Blog do Bispo","article_published_time":"2025-06-09T01:18:06+00:00","og_image":[{"url":"https:\/\/blogdobispo.com.br\/wp-content\/uploads\/2025\/06\/55fd6cce-79c0-463b-8e3e-428dc0f49c99-1-1024x768.jpg","type":"","width":"","height":""}],"author":"Jefferson Sterfeno","twitter_card":"summary_large_image","twitter_misc":{"Escrito por":"Jefferson Sterfeno","Est. tempo de leitura":"2 minutos"},"schema":{"@context":"https:\/\/schema.org","@graph":[{"@type":"Article","@id":"https:\/\/blogdobispo.com.br\/?p=5554#article","isPartOf":{"@id":"https:\/\/blogdobispo.com.br\/?p=5554"},"author":{"name":"Jefferson Sterfeno","@id":"https:\/\/blogdobispo.com.br\/#\/schema\/person\/e2209cc0e6cea5c5233d033e997b373f"},"headline":"Bairro das Quintas revive tradi\u00e7\u00e3o junina com espet\u00e1culo cultural e emocionante no ensaio geral da Junina S\u00e3o Jo\u00e3o","datePublished":"2025-06-09T01:18:06+00:00","mainEntityOfPage":{"@id":"https:\/\/blogdobispo.com.br\/?p=5554"},"wordCount":333,"commentCount":0,"publisher":{"@id":"https:\/\/blogdobispo.com.br\/#organization"},"image":{"@id":"https:\/\/blogdobispo.com.br\/?p=5554#primaryimage"},"thumbnailUrl":"https:\/\/blogdobispo.com.br\/wp-content\/uploads\/2025\/06\/55fd6cce-79c0-463b-8e3e-428dc0f49c99-1-1024x768.jpg","articleSection":["diversos"],"inLanguage":"pt-BR","potentialAction":[{"@type":"CommentAction","name":"Comment","target":["https:\/\/blogdobispo.com.br\/?p=5554#respond"]}]},{"@type":"WebPage","@id":"https:\/\/blogdobispo.com.br\/?p=5554","url":"https:\/\/blogdobispo.com.br\/?p=5554","name":"Bairro das Quintas revive tradi\u00e7\u00e3o junina com espet\u00e1culo cultural e emocionante no ensaio geral da Junina S\u00e3o Jo\u00e3o - Blog do Bispo","isPartOf":{"@id":"https:\/\/blogdobispo.com.br\/#website"},"primaryImageOfPage":{"@id":"https:\/\/blogdobispo.com.br\/?p=5554#primaryimage"},"image":{"@id":"https:\/\/blogdobispo.com.br\/?p=5554#primaryimage"},"thumbnailUrl":"https:\/\/blogdobispo.com.br\/wp-content\/uploads\/2025\/06\/55fd6cce-79c0-463b-8e3e-428dc0f49c99-1-1024x768.jpg","datePublished":"2025-06-09T01:18:06+00:00","breadcrumb":{"@id":"https:\/\/blogdobispo.com.br\/?p=5554#breadcrumb"},"inLanguage":"pt-BR","potentialAction":[{"@type":"ReadAction","target":["https:\/\/blogdobispo.com.br\/?p=5554"]}]},{"@type":"ImageObject","inLanguage":"pt-BR","@id":"https:\/\/blogdobispo.com.br\/?p=5554#primaryimage","url":"https:\/\/blogdobispo.com.br\/wp-content\/uploads\/2025\/06\/55fd6cce-79c0-463b-8e3e-428dc0f49c99-1-1024x768.jpg","contentUrl":"https:\/\/blogdobispo.com.br\/wp-content\/uploads\/2025\/06\/55fd6cce-79c0-463b-8e3e-428dc0f49c99-1-1024x768.jpg"},{"@type":"BreadcrumbList","@id":"https:\/\/blogdobispo.com.br\/?p=5554#breadcrumb","itemListElement":[{"@type":"ListItem","position":1,"name":"In\u00edcio","item":"https:\/\/blogdobispo.com.br\/"},{"@type":"ListItem","position":2,"name":"Bairro das Quintas revive tradi\u00e7\u00e3o junina com espet\u00e1culo cultural e emocionante no ensaio geral da Junina S\u00e3o Jo\u00e3o"}]},{"@type":"WebSite","@id":"https:\/\/blogdobispo.com.br\/#website","url":"https:\/\/blogdobispo.com.br\/","name":"Blog do Bispo","description":"Comprometido apenas com o leitor","publisher":{"@id":"https:\/\/blogdobispo.com.br\/#organization"},"potentialAction":[{"@type":"SearchAction","target":{"@type":"EntryPoint","urlTemplate":"https:\/\/blogdobispo.com.br\/?s={search_term_string}"},"query-input":{"@type":"PropertyValueSpecification","valueRequired":true,"valueName":"search_term_string"}}],"inLanguage":"pt-BR"},{"@type":"Organization","@id":"https:\/\/blogdobispo.com.br\/#organization","name":"Blog do Bispo","url":"https:\/\/blogdobispo.com.br\/","logo":{"@type":"ImageObject","inLanguage":"pt-BR","@id":"https:\/\/blogdobispo.com.br\/#\/schema\/logo\/image\/","url":"http:\/\/blogdobispo.com.br\/wp-content\/uploads\/2023\/05\/cropped-headear.png","contentUrl":"http:\/\/blogdobispo.com.br\/wp-content\/uploads\/2023\/05\/cropped-headear.png","width":1500,"height":399,"caption":"Blog do Bispo"},"image":{"@id":"https:\/\/blogdobispo.com.br\/#\/schema\/logo\/image\/"}},{"@type":"Person","@id":"https:\/\/blogdobispo.com.br\/#\/schema\/person\/e2209cc0e6cea5c5233d033e997b373f","name":"Jefferson Sterfeno","image":{"@type":"ImageObject","inLanguage":"pt-BR","@id":"https:\/\/blogdobispo.com.br\/#\/schema\/person\/image\/","url":"https:\/\/secure.gravatar.com\/avatar\/0534e84764641168a677026b6d57a3f51dc7ac4db0b4f6186d9cb330d4ee1160?s=96&d=mm&r=g","contentUrl":"https:\/\/secure.gravatar.com\/avatar\/0534e84764641168a677026b6d57a3f51dc7ac4db0b4f6186d9cb330d4ee1160?s=96&d=mm&r=g","caption":"Jefferson Sterfeno"},"sameAs":["http:\/\/blogdobispo.com.br"],"url":"https:\/\/blogdobispo.com.br\/?author=1"}]}},"featured_image_urls":{"full":"","thumbnail":"","medium":"","medium_large":"","large":"","1536x1536":"","2048x2048":""},"author_info":{"display_name":"Jefferson Sterfeno","author_link":"https:\/\/blogdobispo.com.br\/?author=1"},"category_info":"<a href=\"https:\/\/blogdobispo.com.br\/?cat=1\" rel=\"category\">diversos<\/a>","tag_info":"diversos","comment_count":"0","jetpack_featured_media_url":"","jetpack_sharing_enabled":true,"_links":{"self":[{"href":"https:\/\/blogdobispo.com.br\/index.php?rest_route=\/wp\/v2\/posts\/5554","targetHints":{"allow":["GET"]}}],"collection":[{"href":"https:\/\/blogdobispo.com.br\/index.php?rest_route=\/wp\/v2\/posts"}],"about":[{"href":"https:\/\/blogdobispo.com.br\/index.php?rest_route=\/wp\/v2\/types\/post"}],"author":[{"embeddable":true,"href":"https:\/\/blogdobispo.com.br\/index.php?rest_route=\/wp\/v2\/users\/1"}],"replies":[{"embeddable":true,"href":"https:\/\/blogdobispo.com.br\/index.php?rest_route=%2Fwp%2Fv2%2Fcomments&post=5554"}],"version-history":[{"count":0,"href":"https:\/\/blogdobispo.com.br\/index.php?rest_route=\/wp\/v2\/posts\/5554\/revisions"}],"wp:attachment":[{"href":"https:\/\/blogdobispo.com.br\/index.php?rest_route=%2Fwp%2Fv2%2Fmedia&parent=5554"}],"wp:term":[{"taxonomy":"category","embeddable":true,"href":"https:\/\/blogdobispo.com.br\/index.php?rest_route=%2Fwp%2Fv2%2Fcategories&post=5554"},{"taxonomy":"post_tag","embeddable":true,"href":"https:\/\/blogdobispo.com.br\/index.php?rest_route=%2Fwp%2Fv2%2Ftags&post=5554"}],"curies":[{"name":"wp","href":"https:\/\/api.w.org\/{rel}","templated":true}]}}