{"id":5543,"date":"2025-06-06T02:48:20","date_gmt":"2025-06-06T02:48:20","guid":{"rendered":"https:\/\/blogdobispo.com.br\/?p=5543"},"modified":"2025-06-06T02:48:20","modified_gmt":"2025-06-06T02:48:20","slug":"camara-realiza-sessao-solene-pelos-107-anos-da-assembleia-de-deus-no-rn","status":"publish","type":"post","link":"https:\/\/blogdobispo.com.br\/?p=5543","title":{"rendered":"C\u00e2mara realiza sess\u00e3o solene pelos 107 anos da Assembleia de Deus no RN"},"content":{"rendered":"\n<figure class=\"wp-block-image foto-noticia\"><img data-recalc-dims=\"1\" decoding=\"async\" src=\"https:\/\/i0.wp.com\/www.cmnat.rn.gov.br\/_ups\/noticias\/2025\/06\/05\/a61c42f57eca9e7d39b932a5c34cc670.jpg?w=800&#038;ssl=1\" alt=\"\"\/><\/figure>\n\n\n\n<p>A C\u00e2mara Municipal de Natal realizou, nessa quarta-feira (4), sess\u00e3o solene em homenagem aos 107 anos da Igreja Evang\u00e9lica Assembleia de Deus no Estado do Rio Grande do Norte (IADERN). A solenidade foi proposta pela Mesa Diretora da Casa e contou com a presen\u00e7a de lideran\u00e7as religiosas, autoridades pol\u00edticas e representantes de diversos campos eclesi\u00e1sticos da institui\u00e7\u00e3o.<\/p>\n\n\n\n<p>Foram homenageadas 42 pessoas entre pastores, copastores, presb\u00edteros, evangelistas, di\u00e1conos, obreiros e membros atuantes da IADERN, indicados pelos vereadores Anne Lagartixa (Solidariedade), Camila Ara\u00fajo (Uni\u00e3o Brasil), Eriko J\u00e1come (PP), Preto Aquino (Podemos) e Tony Henrique (PL).<\/p>\n\n\n\n<p>O presidente da C\u00e2mara, vereador Eriko J\u00e1come, destacou a import\u00e2ncia da igreja na hist\u00f3ria e no desenvolvimento social do estado. \u201cA C\u00e2mara Municipal de Natal abre as suas portas para homenagear uma igreja centen\u00e1ria pelos 107 anos de hist\u00f3ria, homenageando 42 pessoas pelos seus relevantes servi\u00e7os prestados na nossa cidade e no Estado\u201d, disse.<\/p>\n\n\n\n<p>O pastor Martim Alves da Silva, presidente da IADERN, ressaltou o crescimento da institui\u00e7\u00e3o e seu papel social. Segundo ele, a igreja est\u00e1 presente em todos os 167 munic\u00edpios potiguares, com 24 campos eclesi\u00e1sticos, mais de 2.224 templos e cerca de 300 mil membros. \u201cA Assembleia de Deus cresce a cada instante. Este ano ser\u00e1 hist\u00f3rico: nossa meta \u00e9 alcan\u00e7ar 50 mil almas para Cristo\u201d, revelou.<\/p>\n\n\n\n<p>A vereadora Camila Ara\u00fajo destacou o impacto espiritual e social da igreja. \u201cA Assembleia de Deus tem um forte trabalho de apoio aos idosos, vi\u00favas e \u00f3rf\u00e3os, nos seus mais de 250 templos apenas em Natal. Sinto orgulho em servir a Jesus Cristo nela h\u00e1 20 anos\u201d, declarou.<\/p>\n\n\n\n<p>Para o vereador Tony Henrique, que integra a igreja h\u00e1 17 anos, a sess\u00e3o foi um reconhecimento merecido. \u201cHomenageamos l\u00edderes que t\u00eam relevantes servi\u00e7os prestados. Que a Igreja do Senhor siga avan\u00e7ando a cada dia\u201d, afirmou.&nbsp;<\/p>\n\n\n\n<p>A vereadora Anne Lagartixa destacou sua rela\u00e7\u00e3o pessoal com a Assembleia. \u201c\u00c9 um momento significativo. Quero especialmente parabenizar as vereadores Eriko J\u00e1come e Camila Ara\u00fajo, que deram o pontap\u00e9 inicial para esse dia t\u00e3o importante&#8221;, destacou.<\/p>\n\n\n\n<p>Cidad\u00e3o Natalense<\/p>\n\n\n\n<p>Durante a solenidade, tamb\u00e9m foi entregue o t\u00edtulo de cidad\u00e3o natalense ao di\u00e1cono Chigeaki Diniz Galv\u00e3o, por proposi\u00e7\u00e3o da vereadora Camila Ara\u00fajo. Natural de Acari\/RN, Chigeaki mudou-se para Natal ainda na inf\u00e2ncia. Estudou na Escola Agr\u00edcola de Jundia\u00ed (UFRN) e construiu uma trajet\u00f3ria de trabalho que o levou a fundar, em 2007, a empresa Mar Vermelho. Atualmente, a empresa emprega mais de mil trabalhadores diretos e terceirizados, sendo uma das maiores empregadoras da capital potiguar. Membro da Assembleia de Deus, Chigeaki \u00e9 reconhecido por seu compromisso com a f\u00e9 e pelo impacto social e econ\u00f4mico de sua atua\u00e7\u00e3o.<\/p>\n\n\n\n<p>Emocionado ao receber o t\u00edtulo de cidad\u00e3o natalense durante a sess\u00e3o solene, o di\u00e1cono Chigeaki Diniz Galv\u00e3o relembrou sua trajet\u00f3ria na capital potiguar, onde chegou em 1986. \u201cPassa um filme na minha mente. Chegamos aqui num ano bem dif\u00edcil, e Deus noa aben\u00e7oou com a conquista de muitas coisas aqui na cidade, al\u00e9m de muitos amigos. Natal \u00e9 a minha cidade\u201d, afirmou. Para ele, a honraria representa a confirma\u00e7\u00e3o de uma hist\u00f3ria de lutas e vit\u00f3rias vividas com f\u00e9 e trabalho.<\/p>\n\n\n\n<p>A sess\u00e3o solene contou ainda com a presen\u00e7a de parlamentares que atuam na esfera estadual e federal, evidenciando a import\u00e2ncia da homenagem \u00e0 Igreja Assembleia de Deus. Estiveram presentes os deputados federais Sargento Gon\u00e7alves e Carla Dickson, al\u00e9m do deputado estadual Coronel Azevedo. Os tr\u00eas s\u00e3o integrantes da bancada evang\u00e9lica e destacaram, durante a solenidade, a contribui\u00e7\u00e3o hist\u00f3rica da IADERN na propaga\u00e7\u00e3o do Evangelho e na promo\u00e7\u00e3o de a\u00e7\u00f5es sociais em todo o Rio Grande do Norte.<\/p>\n\n\n\n<p><br \/>Texto: Ilana Albuquerque&nbsp;<br \/>Fotos: Ver\u00f4nica Macedo<\/p>\n","protected":false},"excerpt":{"rendered":"<p>A C\u00e2mara Municipal de Natal realizou, nessa quarta-feira (4), sess\u00e3o solene em homenagem aos 107 anos da Igreja Evang\u00e9lica Assembleia de Deus no Estado do Rio Grande do Norte (IADERN). A solenidade foi proposta pela Mesa Diretora da Casa e contou com a presen\u00e7a de lideran\u00e7as religiosas, autoridades pol\u00edticas e representantes de diversos campos eclesi\u00e1sticos [&hellip;]<\/p>\n","protected":false},"author":1,"featured_media":0,"comment_status":"open","ping_status":"open","sticky":false,"template":"","format":"standard","meta":{"cybocfi_hide_featured_image":"","_jetpack_memberships_contains_paid_content":false,"footnotes":""},"categories":[1],"tags":[],"class_list":["post-5543","post","type-post","status-publish","format-standard","hentry","category-diversos"],"yoast_head":"<!-- This site is optimized with the Yoast SEO plugin v25.6 - https:\/\/yoast.com\/wordpress\/plugins\/seo\/ -->\n<title>C\u00e2mara realiza sess\u00e3o solene pelos 107 anos da Assembleia de Deus no RN - Blog do Bispo<\/title>\n<meta name=\"robots\" content=\"index, follow, max-snippet:-1, max-image-preview:large, max-video-preview:-1\" \/>\n<link rel=\"canonical\" href=\"https:\/\/blogdobispo.com.br\/?p=5543\" \/>\n<meta property=\"og:locale\" content=\"pt_BR\" \/>\n<meta property=\"og:type\" content=\"article\" \/>\n<meta property=\"og:title\" content=\"C\u00e2mara realiza sess\u00e3o solene pelos 107 anos da Assembleia de Deus no RN - Blog do Bispo\" \/>\n<meta property=\"og:description\" content=\"A C\u00e2mara Municipal de Natal realizou, nessa quarta-feira (4), sess\u00e3o solene em homenagem aos 107 anos da Igreja Evang\u00e9lica Assembleia de Deus no Estado do Rio Grande do Norte (IADERN). A solenidade foi proposta pela Mesa Diretora da Casa e contou com a presen\u00e7a de lideran\u00e7as religiosas, autoridades pol\u00edticas e representantes de diversos campos eclesi\u00e1sticos [&hellip;]\" \/>\n<meta property=\"og:url\" content=\"https:\/\/blogdobispo.com.br\/?p=5543\" \/>\n<meta property=\"og:site_name\" content=\"Blog do Bispo\" \/>\n<meta property=\"article:published_time\" content=\"2025-06-06T02:48:20+00:00\" \/>\n<meta property=\"og:image\" content=\"https:\/\/www.cmnat.rn.gov.br\/_ups\/noticias\/2025\/06\/05\/a61c42f57eca9e7d39b932a5c34cc670.jpg\" \/>\n<meta name=\"author\" content=\"Jefferson Sterfeno\" \/>\n<meta name=\"twitter:card\" content=\"summary_large_image\" \/>\n<meta name=\"twitter:label1\" content=\"Escrito por\" \/>\n\t<meta name=\"twitter:data1\" content=\"Jefferson Sterfeno\" \/>\n\t<meta name=\"twitter:label2\" content=\"Est. tempo de leitura\" \/>\n\t<meta name=\"twitter:data2\" content=\"3 minutos\" \/>\n<script type=\"application\/ld+json\" class=\"yoast-schema-graph\">{\"@context\":\"https:\/\/schema.org\",\"@graph\":[{\"@type\":\"Article\",\"@id\":\"https:\/\/blogdobispo.com.br\/?p=5543#article\",\"isPartOf\":{\"@id\":\"https:\/\/blogdobispo.com.br\/?p=5543\"},\"author\":{\"name\":\"Jefferson Sterfeno\",\"@id\":\"https:\/\/blogdobispo.com.br\/#\/schema\/person\/e2209cc0e6cea5c5233d033e997b373f\"},\"headline\":\"C\u00e2mara realiza sess\u00e3o solene pelos 107 anos da Assembleia de Deus no RN\",\"datePublished\":\"2025-06-06T02:48:20+00:00\",\"mainEntityOfPage\":{\"@id\":\"https:\/\/blogdobispo.com.br\/?p=5543\"},\"wordCount\":671,\"commentCount\":0,\"publisher\":{\"@id\":\"https:\/\/blogdobispo.com.br\/#organization\"},\"image\":{\"@id\":\"https:\/\/blogdobispo.com.br\/?p=5543#primaryimage\"},\"thumbnailUrl\":\"https:\/\/www.cmnat.rn.gov.br\/_ups\/noticias\/2025\/06\/05\/a61c42f57eca9e7d39b932a5c34cc670.jpg\",\"articleSection\":[\"diversos\"],\"inLanguage\":\"pt-BR\",\"potentialAction\":[{\"@type\":\"CommentAction\",\"name\":\"Comment\",\"target\":[\"https:\/\/blogdobispo.com.br\/?p=5543#respond\"]}]},{\"@type\":\"WebPage\",\"@id\":\"https:\/\/blogdobispo.com.br\/?p=5543\",\"url\":\"https:\/\/blogdobispo.com.br\/?p=5543\",\"name\":\"C\u00e2mara realiza sess\u00e3o solene pelos 107 anos da Assembleia de Deus no RN - Blog do Bispo\",\"isPartOf\":{\"@id\":\"https:\/\/blogdobispo.com.br\/#website\"},\"primaryImageOfPage\":{\"@id\":\"https:\/\/blogdobispo.com.br\/?p=5543#primaryimage\"},\"image\":{\"@id\":\"https:\/\/blogdobispo.com.br\/?p=5543#primaryimage\"},\"thumbnailUrl\":\"https:\/\/www.cmnat.rn.gov.br\/_ups\/noticias\/2025\/06\/05\/a61c42f57eca9e7d39b932a5c34cc670.jpg\",\"datePublished\":\"2025-06-06T02:48:20+00:00\",\"breadcrumb\":{\"@id\":\"https:\/\/blogdobispo.com.br\/?p=5543#breadcrumb\"},\"inLanguage\":\"pt-BR\",\"potentialAction\":[{\"@type\":\"ReadAction\",\"target\":[\"https:\/\/blogdobispo.com.br\/?p=5543\"]}]},{\"@type\":\"ImageObject\",\"inLanguage\":\"pt-BR\",\"@id\":\"https:\/\/blogdobispo.com.br\/?p=5543#primaryimage\",\"url\":\"https:\/\/www.cmnat.rn.gov.br\/_ups\/noticias\/2025\/06\/05\/a61c42f57eca9e7d39b932a5c34cc670.jpg\",\"contentUrl\":\"https:\/\/www.cmnat.rn.gov.br\/_ups\/noticias\/2025\/06\/05\/a61c42f57eca9e7d39b932a5c34cc670.jpg\"},{\"@type\":\"BreadcrumbList\",\"@id\":\"https:\/\/blogdobispo.com.br\/?p=5543#breadcrumb\",\"itemListElement\":[{\"@type\":\"ListItem\",\"position\":1,\"name\":\"In\u00edcio\",\"item\":\"https:\/\/blogdobispo.com.br\/\"},{\"@type\":\"ListItem\",\"position\":2,\"name\":\"C\u00e2mara realiza sess\u00e3o solene pelos 107 anos da Assembleia de Deus no RN\"}]},{\"@type\":\"WebSite\",\"@id\":\"https:\/\/blogdobispo.com.br\/#website\",\"url\":\"https:\/\/blogdobispo.com.br\/\",\"name\":\"Blog do Bispo\",\"description\":\"Comprometido apenas com o leitor\",\"publisher\":{\"@id\":\"https:\/\/blogdobispo.com.br\/#organization\"},\"potentialAction\":[{\"@type\":\"SearchAction\",\"target\":{\"@type\":\"EntryPoint\",\"urlTemplate\":\"https:\/\/blogdobispo.com.br\/?s={search_term_string}\"},\"query-input\":{\"@type\":\"PropertyValueSpecification\",\"valueRequired\":true,\"valueName\":\"search_term_string\"}}],\"inLanguage\":\"pt-BR\"},{\"@type\":\"Organization\",\"@id\":\"https:\/\/blogdobispo.com.br\/#organization\",\"name\":\"Blog do Bispo\",\"url\":\"https:\/\/blogdobispo.com.br\/\",\"logo\":{\"@type\":\"ImageObject\",\"inLanguage\":\"pt-BR\",\"@id\":\"https:\/\/blogdobispo.com.br\/#\/schema\/logo\/image\/\",\"url\":\"http:\/\/blogdobispo.com.br\/wp-content\/uploads\/2023\/05\/cropped-headear.png\",\"contentUrl\":\"http:\/\/blogdobispo.com.br\/wp-content\/uploads\/2023\/05\/cropped-headear.png\",\"width\":1500,\"height\":399,\"caption\":\"Blog do Bispo\"},\"image\":{\"@id\":\"https:\/\/blogdobispo.com.br\/#\/schema\/logo\/image\/\"}},{\"@type\":\"Person\",\"@id\":\"https:\/\/blogdobispo.com.br\/#\/schema\/person\/e2209cc0e6cea5c5233d033e997b373f\",\"name\":\"Jefferson Sterfeno\",\"image\":{\"@type\":\"ImageObject\",\"inLanguage\":\"pt-BR\",\"@id\":\"https:\/\/blogdobispo.com.br\/#\/schema\/person\/image\/\",\"url\":\"https:\/\/secure.gravatar.com\/avatar\/0534e84764641168a677026b6d57a3f51dc7ac4db0b4f6186d9cb330d4ee1160?s=96&d=mm&r=g\",\"contentUrl\":\"https:\/\/secure.gravatar.com\/avatar\/0534e84764641168a677026b6d57a3f51dc7ac4db0b4f6186d9cb330d4ee1160?s=96&d=mm&r=g\",\"caption\":\"Jefferson Sterfeno\"},\"sameAs\":[\"http:\/\/blogdobispo.com.br\"],\"url\":\"https:\/\/blogdobispo.com.br\/?author=1\"}]}<\/script>\n<!-- \/ Yoast SEO plugin. -->","yoast_head_json":{"title":"C\u00e2mara realiza sess\u00e3o solene pelos 107 anos da Assembleia de Deus no RN - Blog do Bispo","robots":{"index":"index","follow":"follow","max-snippet":"max-snippet:-1","max-image-preview":"max-image-preview:large","max-video-preview":"max-video-preview:-1"},"canonical":"https:\/\/blogdobispo.com.br\/?p=5543","og_locale":"pt_BR","og_type":"article","og_title":"C\u00e2mara realiza sess\u00e3o solene pelos 107 anos da Assembleia de Deus no RN - Blog do Bispo","og_description":"A C\u00e2mara Municipal de Natal realizou, nessa quarta-feira (4), sess\u00e3o solene em homenagem aos 107 anos da Igreja Evang\u00e9lica Assembleia de Deus no Estado do Rio Grande do Norte (IADERN). A solenidade foi proposta pela Mesa Diretora da Casa e contou com a presen\u00e7a de lideran\u00e7as religiosas, autoridades pol\u00edticas e representantes de diversos campos eclesi\u00e1sticos [&hellip;]","og_url":"https:\/\/blogdobispo.com.br\/?p=5543","og_site_name":"Blog do Bispo","article_published_time":"2025-06-06T02:48:20+00:00","og_image":[{"url":"https:\/\/www.cmnat.rn.gov.br\/_ups\/noticias\/2025\/06\/05\/a61c42f57eca9e7d39b932a5c34cc670.jpg","type":"","width":"","height":""}],"author":"Jefferson Sterfeno","twitter_card":"summary_large_image","twitter_misc":{"Escrito por":"Jefferson Sterfeno","Est. tempo de leitura":"3 minutos"},"schema":{"@context":"https:\/\/schema.org","@graph":[{"@type":"Article","@id":"https:\/\/blogdobispo.com.br\/?p=5543#article","isPartOf":{"@id":"https:\/\/blogdobispo.com.br\/?p=5543"},"author":{"name":"Jefferson Sterfeno","@id":"https:\/\/blogdobispo.com.br\/#\/schema\/person\/e2209cc0e6cea5c5233d033e997b373f"},"headline":"C\u00e2mara realiza sess\u00e3o solene pelos 107 anos da Assembleia de Deus no RN","datePublished":"2025-06-06T02:48:20+00:00","mainEntityOfPage":{"@id":"https:\/\/blogdobispo.com.br\/?p=5543"},"wordCount":671,"commentCount":0,"publisher":{"@id":"https:\/\/blogdobispo.com.br\/#organization"},"image":{"@id":"https:\/\/blogdobispo.com.br\/?p=5543#primaryimage"},"thumbnailUrl":"https:\/\/www.cmnat.rn.gov.br\/_ups\/noticias\/2025\/06\/05\/a61c42f57eca9e7d39b932a5c34cc670.jpg","articleSection":["diversos"],"inLanguage":"pt-BR","potentialAction":[{"@type":"CommentAction","name":"Comment","target":["https:\/\/blogdobispo.com.br\/?p=5543#respond"]}]},{"@type":"WebPage","@id":"https:\/\/blogdobispo.com.br\/?p=5543","url":"https:\/\/blogdobispo.com.br\/?p=5543","name":"C\u00e2mara realiza sess\u00e3o solene pelos 107 anos da Assembleia de Deus no RN - Blog do Bispo","isPartOf":{"@id":"https:\/\/blogdobispo.com.br\/#website"},"primaryImageOfPage":{"@id":"https:\/\/blogdobispo.com.br\/?p=5543#primaryimage"},"image":{"@id":"https:\/\/blogdobispo.com.br\/?p=5543#primaryimage"},"thumbnailUrl":"https:\/\/www.cmnat.rn.gov.br\/_ups\/noticias\/2025\/06\/05\/a61c42f57eca9e7d39b932a5c34cc670.jpg","datePublished":"2025-06-06T02:48:20+00:00","breadcrumb":{"@id":"https:\/\/blogdobispo.com.br\/?p=5543#breadcrumb"},"inLanguage":"pt-BR","potentialAction":[{"@type":"ReadAction","target":["https:\/\/blogdobispo.com.br\/?p=5543"]}]},{"@type":"ImageObject","inLanguage":"pt-BR","@id":"https:\/\/blogdobispo.com.br\/?p=5543#primaryimage","url":"https:\/\/www.cmnat.rn.gov.br\/_ups\/noticias\/2025\/06\/05\/a61c42f57eca9e7d39b932a5c34cc670.jpg","contentUrl":"https:\/\/www.cmnat.rn.gov.br\/_ups\/noticias\/2025\/06\/05\/a61c42f57eca9e7d39b932a5c34cc670.jpg"},{"@type":"BreadcrumbList","@id":"https:\/\/blogdobispo.com.br\/?p=5543#breadcrumb","itemListElement":[{"@type":"ListItem","position":1,"name":"In\u00edcio","item":"https:\/\/blogdobispo.com.br\/"},{"@type":"ListItem","position":2,"name":"C\u00e2mara realiza sess\u00e3o solene pelos 107 anos da Assembleia de Deus no RN"}]},{"@type":"WebSite","@id":"https:\/\/blogdobispo.com.br\/#website","url":"https:\/\/blogdobispo.com.br\/","name":"Blog do Bispo","description":"Comprometido apenas com o leitor","publisher":{"@id":"https:\/\/blogdobispo.com.br\/#organization"},"potentialAction":[{"@type":"SearchAction","target":{"@type":"EntryPoint","urlTemplate":"https:\/\/blogdobispo.com.br\/?s={search_term_string}"},"query-input":{"@type":"PropertyValueSpecification","valueRequired":true,"valueName":"search_term_string"}}],"inLanguage":"pt-BR"},{"@type":"Organization","@id":"https:\/\/blogdobispo.com.br\/#organization","name":"Blog do Bispo","url":"https:\/\/blogdobispo.com.br\/","logo":{"@type":"ImageObject","inLanguage":"pt-BR","@id":"https:\/\/blogdobispo.com.br\/#\/schema\/logo\/image\/","url":"http:\/\/blogdobispo.com.br\/wp-content\/uploads\/2023\/05\/cropped-headear.png","contentUrl":"http:\/\/blogdobispo.com.br\/wp-content\/uploads\/2023\/05\/cropped-headear.png","width":1500,"height":399,"caption":"Blog do Bispo"},"image":{"@id":"https:\/\/blogdobispo.com.br\/#\/schema\/logo\/image\/"}},{"@type":"Person","@id":"https:\/\/blogdobispo.com.br\/#\/schema\/person\/e2209cc0e6cea5c5233d033e997b373f","name":"Jefferson Sterfeno","image":{"@type":"ImageObject","inLanguage":"pt-BR","@id":"https:\/\/blogdobispo.com.br\/#\/schema\/person\/image\/","url":"https:\/\/secure.gravatar.com\/avatar\/0534e84764641168a677026b6d57a3f51dc7ac4db0b4f6186d9cb330d4ee1160?s=96&d=mm&r=g","contentUrl":"https:\/\/secure.gravatar.com\/avatar\/0534e84764641168a677026b6d57a3f51dc7ac4db0b4f6186d9cb330d4ee1160?s=96&d=mm&r=g","caption":"Jefferson Sterfeno"},"sameAs":["http:\/\/blogdobispo.com.br"],"url":"https:\/\/blogdobispo.com.br\/?author=1"}]}},"featured_image_urls":{"full":"","thumbnail":"","medium":"","medium_large":"","large":"","1536x1536":"","2048x2048":""},"author_info":{"display_name":"Jefferson Sterfeno","author_link":"https:\/\/blogdobispo.com.br\/?author=1"},"category_info":"<a href=\"https:\/\/blogdobispo.com.br\/?cat=1\" rel=\"category\">diversos<\/a>","tag_info":"diversos","comment_count":"0","jetpack_featured_media_url":"","jetpack_sharing_enabled":true,"_links":{"self":[{"href":"https:\/\/blogdobispo.com.br\/index.php?rest_route=\/wp\/v2\/posts\/5543","targetHints":{"allow":["GET"]}}],"collection":[{"href":"https:\/\/blogdobispo.com.br\/index.php?rest_route=\/wp\/v2\/posts"}],"about":[{"href":"https:\/\/blogdobispo.com.br\/index.php?rest_route=\/wp\/v2\/types\/post"}],"author":[{"embeddable":true,"href":"https:\/\/blogdobispo.com.br\/index.php?rest_route=\/wp\/v2\/users\/1"}],"replies":[{"embeddable":true,"href":"https:\/\/blogdobispo.com.br\/index.php?rest_route=%2Fwp%2Fv2%2Fcomments&post=5543"}],"version-history":[{"count":0,"href":"https:\/\/blogdobispo.com.br\/index.php?rest_route=\/wp\/v2\/posts\/5543\/revisions"}],"wp:attachment":[{"href":"https:\/\/blogdobispo.com.br\/index.php?rest_route=%2Fwp%2Fv2%2Fmedia&parent=5543"}],"wp:term":[{"taxonomy":"category","embeddable":true,"href":"https:\/\/blogdobispo.com.br\/index.php?rest_route=%2Fwp%2Fv2%2Fcategories&post=5543"},{"taxonomy":"post_tag","embeddable":true,"href":"https:\/\/blogdobispo.com.br\/index.php?rest_route=%2Fwp%2Fv2%2Ftags&post=5543"}],"curies":[{"name":"wp","href":"https:\/\/api.w.org\/{rel}","templated":true}]}}