{"id":5542,"date":"2025-06-06T02:46:27","date_gmt":"2025-06-06T02:46:27","guid":{"rendered":"https:\/\/blogdobispo.com.br\/?p=5542"},"modified":"2025-07-28T16:29:28","modified_gmt":"2025-07-28T16:29:28","slug":"vereador-eribaldo-entrega-titulo-de-cidadao-natalense-ao-compositor-carlos-andre-no-dia-estadual-do-brega","status":"publish","type":"post","link":"https:\/\/blogdobispo.com.br\/?p=5542","title":{"rendered":"C\u00e2mara de Natal entrega Comenda Her\u00f3is da Seguran\u00e7a Privada"},"content":{"rendered":"\n<figure class=\"wp-block-image size-large\"><img data-recalc-dims=\"1\" fetchpriority=\"high\" decoding=\"async\" width=\"800\" height=\"581\" src=\"https:\/\/i0.wp.com\/blogdobispo.com.br\/wp-content\/uploads\/2025\/06\/7a6cbc3c46b902bddee873fa174b248f.jpg?resize=800%2C581\" alt=\"\" class=\"wp-image-6151\" srcset=\"https:\/\/i0.wp.com\/blogdobispo.com.br\/wp-content\/uploads\/2025\/06\/7a6cbc3c46b902bddee873fa174b248f.jpg?resize=1024%2C744&amp;ssl=1 1024w, https:\/\/i0.wp.com\/blogdobispo.com.br\/wp-content\/uploads\/2025\/06\/7a6cbc3c46b902bddee873fa174b248f.jpg?resize=300%2C218&amp;ssl=1 300w, https:\/\/i0.wp.com\/blogdobispo.com.br\/wp-content\/uploads\/2025\/06\/7a6cbc3c46b902bddee873fa174b248f.jpg?resize=768%2C558&amp;ssl=1 768w, https:\/\/i0.wp.com\/blogdobispo.com.br\/wp-content\/uploads\/2025\/06\/7a6cbc3c46b902bddee873fa174b248f.jpg?resize=1536%2C1116&amp;ssl=1 1536w, https:\/\/i0.wp.com\/blogdobispo.com.br\/wp-content\/uploads\/2025\/06\/7a6cbc3c46b902bddee873fa174b248f.jpg?w=1600&amp;ssl=1 1600w\" sizes=\"(max-width: 800px) 100vw, 800px\" \/><\/figure>\n\n\n\n<p class=\"p2\"><\/p>\n\n\n\n<p class=\"p2\">Por proposi\u00e7\u00e3o da vereadora Anne Lagartixa, a C\u00e2mara Municipal de Natal realizou, nesta quinta-feira (5), a sess\u00e3o solene de entrega da Comenda Her\u00f3is da Seguran\u00e7a Privada, institu\u00edda em 2023, para reconhecer vigilantes e profissionais do setor que se destacam pela dedica\u00e7\u00e3o \u00e0 prote\u00e7\u00e3o da sociedade e do patrim\u00f4nio. A homenagem \u00e9 promovida anualmente em alus\u00e3o ao Dia Municipal do Vigilante, celebrado em 20 de junho.<\/p>\n\n\n\n<p>Ao todo, 11 profissionais foram homenageados, indicados pelos vereadores Anne Lagartixa (Solidariedade), Eriko J\u00e1come (PP), Irapo\u00e3 N\u00f3brega (Republicanos), L\u00e9o Souza (Republicanos), Pedro Henrique (PP), T\u00e9rcio Tinoco (Uni\u00e3o Brasil) e Tony Henrique (PL).&nbsp;<\/p>\n\n\n\n<p>A vereadora Anne Lagartixa ressaltou a import\u00e2ncia da homenagem: \u201cS\u00e3o verdadeiros guerreiros, como os policiais e guardas municipais. Muitos trabalham tamb\u00e9m na minha seguran\u00e7a. Eles merecem ser reconhecidos por tudo que enfrentam e por protegerem nossas fam\u00edlias\u201d.<\/p>\n\n\n\n<p><br>Entre os agraciados, esteve o Sindicato dos Trabalhadores em Empresas de Transporte de Valores (Sindforte), indicado pelo vereador Pedro Henrique.<br>\u201c\u00c9 uma atividade importante, de pessoas que se dedicam, saem de casa apreensivas para garantir seguran\u00e7a em pr\u00e9dios, carros-fortes e contratos especializados. Homenagear o Sindforte \u00e9 uma forma de reconhecer o esfor\u00e7o de homens e mulheres que atuam na seguran\u00e7a privada em nossa cidade\u201d, afirmou o parlamentar.<\/p>\n\n\n\n<p>O presidente do Sindforte, Ant\u00f4nio Fagundes, recebeu a comenda em nome da categoria. Ele destacou os riscos enfrentados pelos trabalhadores: \u201cHoje, a inseguran\u00e7a \u00e9 nosso maior desafio. Estamos na rua transportando valores e expostos. Tivemos um colega morto em servi\u00e7o h\u00e1 menos de um ano. Muitos, ap\u00f3s isso, pediram desligamento. Mesmo assim, seguimos cumprindo nossa miss\u00e3o\u201d. Segundo ele, s\u00e3o cerca de 800 trabalhadores ativos, mas apenas 320 sindicalizados.<\/p>\n\n\n\n<p class=\"p2\">A solenidade contou ainda com a presen\u00e7a do secret\u00e1rio adjunto de Seguran\u00e7a P\u00fablica de Natal e comandante da Guarda Municipal, Francisco Carlos Fonseca, representando a Prefeitura do Natal.<\/p>\n","protected":false},"excerpt":{"rendered":"<p>Por proposi\u00e7\u00e3o da vereadora Anne Lagartixa, a C\u00e2mara Municipal de Natal realizou, nesta quinta-feira (5), a sess\u00e3o solene de entrega da Comenda Her\u00f3is da Seguran\u00e7a Privada, institu\u00edda em 2023, para reconhecer vigilantes e profissionais do setor que se destacam pela dedica\u00e7\u00e3o \u00e0 prote\u00e7\u00e3o da sociedade e do patrim\u00f4nio. A homenagem \u00e9 promovida anualmente em alus\u00e3o [&hellip;]<\/p>\n","protected":false},"author":1,"featured_media":0,"comment_status":"open","ping_status":"open","sticky":false,"template":"","format":"standard","meta":{"cybocfi_hide_featured_image":"","_jetpack_memberships_contains_paid_content":false,"footnotes":""},"categories":[1],"tags":[],"class_list":["post-5542","post","type-post","status-publish","format-standard","hentry","category-diversos"],"yoast_head":"<!-- This site is optimized with the Yoast SEO plugin v25.6 - https:\/\/yoast.com\/wordpress\/plugins\/seo\/ -->\n<title>C\u00e2mara de Natal entrega Comenda Her\u00f3is da Seguran\u00e7a Privada - Blog do Bispo<\/title>\n<meta name=\"robots\" content=\"index, follow, max-snippet:-1, max-image-preview:large, max-video-preview:-1\" \/>\n<link rel=\"canonical\" href=\"https:\/\/blogdobispo.com.br\/?p=5542\" \/>\n<meta property=\"og:locale\" content=\"pt_BR\" \/>\n<meta property=\"og:type\" content=\"article\" \/>\n<meta property=\"og:title\" content=\"C\u00e2mara de Natal entrega Comenda Her\u00f3is da Seguran\u00e7a Privada - Blog do Bispo\" \/>\n<meta property=\"og:description\" content=\"Por proposi\u00e7\u00e3o da vereadora Anne Lagartixa, a C\u00e2mara Municipal de Natal realizou, nesta quinta-feira (5), a sess\u00e3o solene de entrega da Comenda Her\u00f3is da Seguran\u00e7a Privada, institu\u00edda em 2023, para reconhecer vigilantes e profissionais do setor que se destacam pela dedica\u00e7\u00e3o \u00e0 prote\u00e7\u00e3o da sociedade e do patrim\u00f4nio. A homenagem \u00e9 promovida anualmente em alus\u00e3o [&hellip;]\" \/>\n<meta property=\"og:url\" content=\"https:\/\/blogdobispo.com.br\/?p=5542\" \/>\n<meta property=\"og:site_name\" content=\"Blog do Bispo\" \/>\n<meta property=\"article:published_time\" content=\"2025-06-06T02:46:27+00:00\" \/>\n<meta property=\"article:modified_time\" content=\"2025-07-28T16:29:28+00:00\" \/>\n<meta property=\"og:image\" content=\"http:\/\/blogdobispo.com.br\/wp-content\/uploads\/2025\/06\/7a6cbc3c46b902bddee873fa174b248f-1024x744.jpg\" \/>\n<meta name=\"author\" content=\"Jefferson Sterfeno\" \/>\n<meta name=\"twitter:card\" content=\"summary_large_image\" \/>\n<meta name=\"twitter:label1\" content=\"Escrito por\" \/>\n\t<meta name=\"twitter:data1\" content=\"Jefferson Sterfeno\" \/>\n\t<meta name=\"twitter:label2\" content=\"Est. tempo de leitura\" \/>\n\t<meta name=\"twitter:data2\" content=\"1 minuto\" \/>\n<script type=\"application\/ld+json\" class=\"yoast-schema-graph\">{\"@context\":\"https:\/\/schema.org\",\"@graph\":[{\"@type\":\"Article\",\"@id\":\"https:\/\/blogdobispo.com.br\/?p=5542#article\",\"isPartOf\":{\"@id\":\"https:\/\/blogdobispo.com.br\/?p=5542\"},\"author\":{\"name\":\"Jefferson Sterfeno\",\"@id\":\"https:\/\/blogdobispo.com.br\/#\/schema\/person\/e2209cc0e6cea5c5233d033e997b373f\"},\"headline\":\"C\u00e2mara de Natal entrega Comenda Her\u00f3is da Seguran\u00e7a Privada\",\"datePublished\":\"2025-06-06T02:46:27+00:00\",\"dateModified\":\"2025-07-28T16:29:28+00:00\",\"mainEntityOfPage\":{\"@id\":\"https:\/\/blogdobispo.com.br\/?p=5542\"},\"wordCount\":333,\"commentCount\":0,\"publisher\":{\"@id\":\"https:\/\/blogdobispo.com.br\/#organization\"},\"image\":{\"@id\":\"https:\/\/blogdobispo.com.br\/?p=5542#primaryimage\"},\"thumbnailUrl\":\"http:\/\/blogdobispo.com.br\/wp-content\/uploads\/2025\/06\/7a6cbc3c46b902bddee873fa174b248f-1024x744.jpg\",\"articleSection\":[\"diversos\"],\"inLanguage\":\"pt-BR\",\"potentialAction\":[{\"@type\":\"CommentAction\",\"name\":\"Comment\",\"target\":[\"https:\/\/blogdobispo.com.br\/?p=5542#respond\"]}]},{\"@type\":\"WebPage\",\"@id\":\"https:\/\/blogdobispo.com.br\/?p=5542\",\"url\":\"https:\/\/blogdobispo.com.br\/?p=5542\",\"name\":\"C\u00e2mara de Natal entrega Comenda Her\u00f3is da Seguran\u00e7a Privada - Blog do Bispo\",\"isPartOf\":{\"@id\":\"https:\/\/blogdobispo.com.br\/#website\"},\"primaryImageOfPage\":{\"@id\":\"https:\/\/blogdobispo.com.br\/?p=5542#primaryimage\"},\"image\":{\"@id\":\"https:\/\/blogdobispo.com.br\/?p=5542#primaryimage\"},\"thumbnailUrl\":\"http:\/\/blogdobispo.com.br\/wp-content\/uploads\/2025\/06\/7a6cbc3c46b902bddee873fa174b248f-1024x744.jpg\",\"datePublished\":\"2025-06-06T02:46:27+00:00\",\"dateModified\":\"2025-07-28T16:29:28+00:00\",\"breadcrumb\":{\"@id\":\"https:\/\/blogdobispo.com.br\/?p=5542#breadcrumb\"},\"inLanguage\":\"pt-BR\",\"potentialAction\":[{\"@type\":\"ReadAction\",\"target\":[\"https:\/\/blogdobispo.com.br\/?p=5542\"]}]},{\"@type\":\"ImageObject\",\"inLanguage\":\"pt-BR\",\"@id\":\"https:\/\/blogdobispo.com.br\/?p=5542#primaryimage\",\"url\":\"https:\/\/i0.wp.com\/blogdobispo.com.br\/wp-content\/uploads\/2025\/06\/7a6cbc3c46b902bddee873fa174b248f.jpg?fit=1600%2C1163&ssl=1\",\"contentUrl\":\"https:\/\/i0.wp.com\/blogdobispo.com.br\/wp-content\/uploads\/2025\/06\/7a6cbc3c46b902bddee873fa174b248f.jpg?fit=1600%2C1163&ssl=1\",\"width\":1600,\"height\":1163},{\"@type\":\"BreadcrumbList\",\"@id\":\"https:\/\/blogdobispo.com.br\/?p=5542#breadcrumb\",\"itemListElement\":[{\"@type\":\"ListItem\",\"position\":1,\"name\":\"In\u00edcio\",\"item\":\"https:\/\/blogdobispo.com.br\/\"},{\"@type\":\"ListItem\",\"position\":2,\"name\":\"C\u00e2mara de Natal entrega Comenda Her\u00f3is da Seguran\u00e7a Privada\"}]},{\"@type\":\"WebSite\",\"@id\":\"https:\/\/blogdobispo.com.br\/#website\",\"url\":\"https:\/\/blogdobispo.com.br\/\",\"name\":\"Blog do Bispo\",\"description\":\"Comprometido apenas com o leitor\",\"publisher\":{\"@id\":\"https:\/\/blogdobispo.com.br\/#organization\"},\"potentialAction\":[{\"@type\":\"SearchAction\",\"target\":{\"@type\":\"EntryPoint\",\"urlTemplate\":\"https:\/\/blogdobispo.com.br\/?s={search_term_string}\"},\"query-input\":{\"@type\":\"PropertyValueSpecification\",\"valueRequired\":true,\"valueName\":\"search_term_string\"}}],\"inLanguage\":\"pt-BR\"},{\"@type\":\"Organization\",\"@id\":\"https:\/\/blogdobispo.com.br\/#organization\",\"name\":\"Blog do Bispo\",\"url\":\"https:\/\/blogdobispo.com.br\/\",\"logo\":{\"@type\":\"ImageObject\",\"inLanguage\":\"pt-BR\",\"@id\":\"https:\/\/blogdobispo.com.br\/#\/schema\/logo\/image\/\",\"url\":\"http:\/\/blogdobispo.com.br\/wp-content\/uploads\/2023\/05\/cropped-headear.png\",\"contentUrl\":\"http:\/\/blogdobispo.com.br\/wp-content\/uploads\/2023\/05\/cropped-headear.png\",\"width\":1500,\"height\":399,\"caption\":\"Blog do Bispo\"},\"image\":{\"@id\":\"https:\/\/blogdobispo.com.br\/#\/schema\/logo\/image\/\"}},{\"@type\":\"Person\",\"@id\":\"https:\/\/blogdobispo.com.br\/#\/schema\/person\/e2209cc0e6cea5c5233d033e997b373f\",\"name\":\"Jefferson Sterfeno\",\"image\":{\"@type\":\"ImageObject\",\"inLanguage\":\"pt-BR\",\"@id\":\"https:\/\/blogdobispo.com.br\/#\/schema\/person\/image\/\",\"url\":\"https:\/\/secure.gravatar.com\/avatar\/0534e84764641168a677026b6d57a3f51dc7ac4db0b4f6186d9cb330d4ee1160?s=96&d=mm&r=g\",\"contentUrl\":\"https:\/\/secure.gravatar.com\/avatar\/0534e84764641168a677026b6d57a3f51dc7ac4db0b4f6186d9cb330d4ee1160?s=96&d=mm&r=g\",\"caption\":\"Jefferson Sterfeno\"},\"sameAs\":[\"http:\/\/blogdobispo.com.br\"],\"url\":\"https:\/\/blogdobispo.com.br\/?author=1\"}]}<\/script>\n<!-- \/ Yoast SEO plugin. -->","yoast_head_json":{"title":"C\u00e2mara de Natal entrega Comenda Her\u00f3is da Seguran\u00e7a Privada - Blog do Bispo","robots":{"index":"index","follow":"follow","max-snippet":"max-snippet:-1","max-image-preview":"max-image-preview:large","max-video-preview":"max-video-preview:-1"},"canonical":"https:\/\/blogdobispo.com.br\/?p=5542","og_locale":"pt_BR","og_type":"article","og_title":"C\u00e2mara de Natal entrega Comenda Her\u00f3is da Seguran\u00e7a Privada - Blog do Bispo","og_description":"Por proposi\u00e7\u00e3o da vereadora Anne Lagartixa, a C\u00e2mara Municipal de Natal realizou, nesta quinta-feira (5), a sess\u00e3o solene de entrega da Comenda Her\u00f3is da Seguran\u00e7a Privada, institu\u00edda em 2023, para reconhecer vigilantes e profissionais do setor que se destacam pela dedica\u00e7\u00e3o \u00e0 prote\u00e7\u00e3o da sociedade e do patrim\u00f4nio. A homenagem \u00e9 promovida anualmente em alus\u00e3o [&hellip;]","og_url":"https:\/\/blogdobispo.com.br\/?p=5542","og_site_name":"Blog do Bispo","article_published_time":"2025-06-06T02:46:27+00:00","article_modified_time":"2025-07-28T16:29:28+00:00","og_image":[{"url":"http:\/\/blogdobispo.com.br\/wp-content\/uploads\/2025\/06\/7a6cbc3c46b902bddee873fa174b248f-1024x744.jpg","type":"","width":"","height":""}],"author":"Jefferson Sterfeno","twitter_card":"summary_large_image","twitter_misc":{"Escrito por":"Jefferson Sterfeno","Est. tempo de leitura":"1 minuto"},"schema":{"@context":"https:\/\/schema.org","@graph":[{"@type":"Article","@id":"https:\/\/blogdobispo.com.br\/?p=5542#article","isPartOf":{"@id":"https:\/\/blogdobispo.com.br\/?p=5542"},"author":{"name":"Jefferson Sterfeno","@id":"https:\/\/blogdobispo.com.br\/#\/schema\/person\/e2209cc0e6cea5c5233d033e997b373f"},"headline":"C\u00e2mara de Natal entrega Comenda Her\u00f3is da Seguran\u00e7a Privada","datePublished":"2025-06-06T02:46:27+00:00","dateModified":"2025-07-28T16:29:28+00:00","mainEntityOfPage":{"@id":"https:\/\/blogdobispo.com.br\/?p=5542"},"wordCount":333,"commentCount":0,"publisher":{"@id":"https:\/\/blogdobispo.com.br\/#organization"},"image":{"@id":"https:\/\/blogdobispo.com.br\/?p=5542#primaryimage"},"thumbnailUrl":"http:\/\/blogdobispo.com.br\/wp-content\/uploads\/2025\/06\/7a6cbc3c46b902bddee873fa174b248f-1024x744.jpg","articleSection":["diversos"],"inLanguage":"pt-BR","potentialAction":[{"@type":"CommentAction","name":"Comment","target":["https:\/\/blogdobispo.com.br\/?p=5542#respond"]}]},{"@type":"WebPage","@id":"https:\/\/blogdobispo.com.br\/?p=5542","url":"https:\/\/blogdobispo.com.br\/?p=5542","name":"C\u00e2mara de Natal entrega Comenda Her\u00f3is da Seguran\u00e7a Privada - Blog do Bispo","isPartOf":{"@id":"https:\/\/blogdobispo.com.br\/#website"},"primaryImageOfPage":{"@id":"https:\/\/blogdobispo.com.br\/?p=5542#primaryimage"},"image":{"@id":"https:\/\/blogdobispo.com.br\/?p=5542#primaryimage"},"thumbnailUrl":"http:\/\/blogdobispo.com.br\/wp-content\/uploads\/2025\/06\/7a6cbc3c46b902bddee873fa174b248f-1024x744.jpg","datePublished":"2025-06-06T02:46:27+00:00","dateModified":"2025-07-28T16:29:28+00:00","breadcrumb":{"@id":"https:\/\/blogdobispo.com.br\/?p=5542#breadcrumb"},"inLanguage":"pt-BR","potentialAction":[{"@type":"ReadAction","target":["https:\/\/blogdobispo.com.br\/?p=5542"]}]},{"@type":"ImageObject","inLanguage":"pt-BR","@id":"https:\/\/blogdobispo.com.br\/?p=5542#primaryimage","url":"https:\/\/i0.wp.com\/blogdobispo.com.br\/wp-content\/uploads\/2025\/06\/7a6cbc3c46b902bddee873fa174b248f.jpg?fit=1600%2C1163&ssl=1","contentUrl":"https:\/\/i0.wp.com\/blogdobispo.com.br\/wp-content\/uploads\/2025\/06\/7a6cbc3c46b902bddee873fa174b248f.jpg?fit=1600%2C1163&ssl=1","width":1600,"height":1163},{"@type":"BreadcrumbList","@id":"https:\/\/blogdobispo.com.br\/?p=5542#breadcrumb","itemListElement":[{"@type":"ListItem","position":1,"name":"In\u00edcio","item":"https:\/\/blogdobispo.com.br\/"},{"@type":"ListItem","position":2,"name":"C\u00e2mara de Natal entrega Comenda Her\u00f3is da Seguran\u00e7a Privada"}]},{"@type":"WebSite","@id":"https:\/\/blogdobispo.com.br\/#website","url":"https:\/\/blogdobispo.com.br\/","name":"Blog do Bispo","description":"Comprometido apenas com o leitor","publisher":{"@id":"https:\/\/blogdobispo.com.br\/#organization"},"potentialAction":[{"@type":"SearchAction","target":{"@type":"EntryPoint","urlTemplate":"https:\/\/blogdobispo.com.br\/?s={search_term_string}"},"query-input":{"@type":"PropertyValueSpecification","valueRequired":true,"valueName":"search_term_string"}}],"inLanguage":"pt-BR"},{"@type":"Organization","@id":"https:\/\/blogdobispo.com.br\/#organization","name":"Blog do Bispo","url":"https:\/\/blogdobispo.com.br\/","logo":{"@type":"ImageObject","inLanguage":"pt-BR","@id":"https:\/\/blogdobispo.com.br\/#\/schema\/logo\/image\/","url":"http:\/\/blogdobispo.com.br\/wp-content\/uploads\/2023\/05\/cropped-headear.png","contentUrl":"http:\/\/blogdobispo.com.br\/wp-content\/uploads\/2023\/05\/cropped-headear.png","width":1500,"height":399,"caption":"Blog do Bispo"},"image":{"@id":"https:\/\/blogdobispo.com.br\/#\/schema\/logo\/image\/"}},{"@type":"Person","@id":"https:\/\/blogdobispo.com.br\/#\/schema\/person\/e2209cc0e6cea5c5233d033e997b373f","name":"Jefferson Sterfeno","image":{"@type":"ImageObject","inLanguage":"pt-BR","@id":"https:\/\/blogdobispo.com.br\/#\/schema\/person\/image\/","url":"https:\/\/secure.gravatar.com\/avatar\/0534e84764641168a677026b6d57a3f51dc7ac4db0b4f6186d9cb330d4ee1160?s=96&d=mm&r=g","contentUrl":"https:\/\/secure.gravatar.com\/avatar\/0534e84764641168a677026b6d57a3f51dc7ac4db0b4f6186d9cb330d4ee1160?s=96&d=mm&r=g","caption":"Jefferson Sterfeno"},"sameAs":["http:\/\/blogdobispo.com.br"],"url":"https:\/\/blogdobispo.com.br\/?author=1"}]}},"featured_image_urls":{"full":"","thumbnail":"","medium":"","medium_large":"","large":"","1536x1536":"","2048x2048":""},"author_info":{"display_name":"Jefferson Sterfeno","author_link":"https:\/\/blogdobispo.com.br\/?author=1"},"category_info":"<a href=\"https:\/\/blogdobispo.com.br\/?cat=1\" rel=\"category\">diversos<\/a>","tag_info":"diversos","comment_count":"0","jetpack_featured_media_url":"","jetpack_sharing_enabled":true,"_links":{"self":[{"href":"https:\/\/blogdobispo.com.br\/index.php?rest_route=\/wp\/v2\/posts\/5542","targetHints":{"allow":["GET"]}}],"collection":[{"href":"https:\/\/blogdobispo.com.br\/index.php?rest_route=\/wp\/v2\/posts"}],"about":[{"href":"https:\/\/blogdobispo.com.br\/index.php?rest_route=\/wp\/v2\/types\/post"}],"author":[{"embeddable":true,"href":"https:\/\/blogdobispo.com.br\/index.php?rest_route=\/wp\/v2\/users\/1"}],"replies":[{"embeddable":true,"href":"https:\/\/blogdobispo.com.br\/index.php?rest_route=%2Fwp%2Fv2%2Fcomments&post=5542"}],"version-history":[{"count":1,"href":"https:\/\/blogdobispo.com.br\/index.php?rest_route=\/wp\/v2\/posts\/5542\/revisions"}],"predecessor-version":[{"id":6152,"href":"https:\/\/blogdobispo.com.br\/index.php?rest_route=\/wp\/v2\/posts\/5542\/revisions\/6152"}],"wp:attachment":[{"href":"https:\/\/blogdobispo.com.br\/index.php?rest_route=%2Fwp%2Fv2%2Fmedia&parent=5542"}],"wp:term":[{"taxonomy":"category","embeddable":true,"href":"https:\/\/blogdobispo.com.br\/index.php?rest_route=%2Fwp%2Fv2%2Fcategories&post=5542"},{"taxonomy":"post_tag","embeddable":true,"href":"https:\/\/blogdobispo.com.br\/index.php?rest_route=%2Fwp%2Fv2%2Ftags&post=5542"}],"curies":[{"name":"wp","href":"https:\/\/api.w.org\/{rel}","templated":true}]}}