{"id":5527,"date":"2025-06-04T17:19:25","date_gmt":"2025-06-04T17:19:25","guid":{"rendered":"https:\/\/blogdobispo.com.br\/?p=5527"},"modified":"2025-06-04T17:19:25","modified_gmt":"2025-06-04T17:19:25","slug":"natal-sanciona-politica-municipal-de-saude-bucal-para-pessoas-com-deficiencia","status":"publish","type":"post","link":"https:\/\/blogdobispo.com.br\/?p=5527","title":{"rendered":"Natal sanciona Pol\u00edtica Municipal de Sa\u00fade Bucal para Pessoas com Defici\u00eancia"},"content":{"rendered":"\n<figure class=\"wp-block-image size-large\"><img data-recalc-dims=\"1\" fetchpriority=\"high\" decoding=\"async\" width=\"800\" height=\"605\" src=\"https:\/\/i0.wp.com\/blogdobispo.com.br\/wp-content\/uploads\/2025\/06\/4c4538b5-451f-4f95-8d0e-ee3b8c056d59-1-1024x775.jpg?resize=800%2C605&#038;ssl=1\" class=\"wp-image-5526\" srcset=\"https:\/\/i0.wp.com\/blogdobispo.com.br\/wp-content\/uploads\/2025\/06\/4c4538b5-451f-4f95-8d0e-ee3b8c056d59-1.jpg?resize=1024%2C775&amp;ssl=1 1024w, https:\/\/i0.wp.com\/blogdobispo.com.br\/wp-content\/uploads\/2025\/06\/4c4538b5-451f-4f95-8d0e-ee3b8c056d59-1.jpg?resize=300%2C227&amp;ssl=1 300w, https:\/\/i0.wp.com\/blogdobispo.com.br\/wp-content\/uploads\/2025\/06\/4c4538b5-451f-4f95-8d0e-ee3b8c056d59-1.jpg?resize=768%2C581&amp;ssl=1 768w, https:\/\/i0.wp.com\/blogdobispo.com.br\/wp-content\/uploads\/2025\/06\/4c4538b5-451f-4f95-8d0e-ee3b8c056d59-1.jpg?resize=1536%2C1163&amp;ssl=1 1536w, https:\/\/i0.wp.com\/blogdobispo.com.br\/wp-content\/uploads\/2025\/06\/4c4538b5-451f-4f95-8d0e-ee3b8c056d59-1.jpg?w=1600&amp;ssl=1 1600w\" sizes=\"(max-width: 800px) 100vw, 800px\" \/><\/figure>\n\n\n\n<p><\/p>\n\n\n\n<p>Foi sancionada e publicada no Di\u00e1rio Oficial do Munic\u00edpio de Natal a Lei n\u00ba 7.882, de 03 de junho de 2025, que institui a Pol\u00edtica Municipal de Prote\u00e7\u00e3o \u00e0 Sa\u00fade Bucal da Pessoa com Defici\u00eancia. A proposta, aprovada em segunda discuss\u00e3o pela C\u00e2mara Municipal no dia 13 de maio, \u00e9 de autoria do ex-vereador Dickson Nasser J\u00fanior e foi subscrita dado continuidade pelo vereador Daniel Santiago, defensor da causa PcD na capital potiguar.<br>A nova legisla\u00e7\u00e3o tem como objetivo garantir tratamento odontol\u00f3gico adequado e humanizado \u00e0s pessoas com defici\u00eancia, no \u00e2mbito do Sistema \u00danico de Sa\u00fade (SUS). Entre as diretrizes da pol\u00edtica, est\u00e3o a capacita\u00e7\u00e3o de profissionais da sa\u00fade, a integra\u00e7\u00e3o com a Estrat\u00e9gia Sa\u00fade da Fam\u00edlia e a ado\u00e7\u00e3o de t\u00e9cnicas que promovam a qualidade de vida e o bem-estar desse p\u00fablico.<br>\u201cA sa\u00fade bucal impacta diretamente na sa\u00fade integral das pessoas com defici\u00eancia. Essa lei \u00e9 um passo concreto na constru\u00e7\u00e3o de uma Natal mais inclusiva, onde ningu\u00e9m fique para tr\u00e1s. Seguimos firmes na luta por pol\u00edticas p\u00fablicas que respeitem e acolham as especificidades da popula\u00e7\u00e3o PcD da nossa cidade\u201d, destacou o vereador Daniel Santiago.<br>Com a san\u00e7\u00e3o, a Lei entra em vigor e passa a nortear as a\u00e7\u00f5es da Prefeitura de Natal no cuidado odontol\u00f3gico das pessoas com defici\u00eancia.<\/p>\n","protected":false},"excerpt":{"rendered":"<p>Foi sancionada e publicada no Di\u00e1rio Oficial do Munic\u00edpio de Natal a Lei n\u00ba 7.882, de 03 de junho de 2025, que institui a Pol\u00edtica Municipal de Prote\u00e7\u00e3o \u00e0 Sa\u00fade Bucal da Pessoa com Defici\u00eancia. A proposta, aprovada em segunda discuss\u00e3o pela C\u00e2mara Municipal no dia 13 de maio, \u00e9 de autoria do ex-vereador Dickson [&hellip;]<\/p>\n","protected":false},"author":1,"featured_media":0,"comment_status":"open","ping_status":"open","sticky":false,"template":"","format":"standard","meta":{"cybocfi_hide_featured_image":"","_jetpack_memberships_contains_paid_content":false,"footnotes":""},"categories":[1],"tags":[],"class_list":["post-5527","post","type-post","status-publish","format-standard","hentry","category-diversos"],"yoast_head":"<!-- This site is optimized with the Yoast SEO plugin v25.6 - https:\/\/yoast.com\/wordpress\/plugins\/seo\/ -->\n<title>Natal sanciona Pol\u00edtica Municipal de Sa\u00fade Bucal para Pessoas com Defici\u00eancia - Blog do Bispo<\/title>\n<meta name=\"robots\" content=\"index, follow, max-snippet:-1, max-image-preview:large, max-video-preview:-1\" \/>\n<link rel=\"canonical\" href=\"https:\/\/blogdobispo.com.br\/?p=5527\" \/>\n<meta property=\"og:locale\" content=\"pt_BR\" \/>\n<meta property=\"og:type\" content=\"article\" \/>\n<meta property=\"og:title\" content=\"Natal sanciona Pol\u00edtica Municipal de Sa\u00fade Bucal para Pessoas com Defici\u00eancia - Blog do Bispo\" \/>\n<meta property=\"og:description\" content=\"Foi sancionada e publicada no Di\u00e1rio Oficial do Munic\u00edpio de Natal a Lei n\u00ba 7.882, de 03 de junho de 2025, que institui a Pol\u00edtica Municipal de Prote\u00e7\u00e3o \u00e0 Sa\u00fade Bucal da Pessoa com Defici\u00eancia. A proposta, aprovada em segunda discuss\u00e3o pela C\u00e2mara Municipal no dia 13 de maio, \u00e9 de autoria do ex-vereador Dickson [&hellip;]\" \/>\n<meta property=\"og:url\" content=\"https:\/\/blogdobispo.com.br\/?p=5527\" \/>\n<meta property=\"og:site_name\" content=\"Blog do Bispo\" \/>\n<meta property=\"article:published_time\" content=\"2025-06-04T17:19:25+00:00\" \/>\n<meta property=\"og:image\" content=\"https:\/\/blogdobispo.com.br\/wp-content\/uploads\/2025\/06\/4c4538b5-451f-4f95-8d0e-ee3b8c056d59-1-1024x775.jpg\" \/>\n<meta name=\"author\" content=\"Jefferson Sterfeno\" \/>\n<meta name=\"twitter:card\" content=\"summary_large_image\" \/>\n<meta name=\"twitter:label1\" content=\"Escrito por\" \/>\n\t<meta name=\"twitter:data1\" content=\"Jefferson Sterfeno\" \/>\n\t<meta name=\"twitter:label2\" content=\"Est. tempo de leitura\" \/>\n\t<meta name=\"twitter:data2\" content=\"1 minuto\" \/>\n<script type=\"application\/ld+json\" class=\"yoast-schema-graph\">{\"@context\":\"https:\/\/schema.org\",\"@graph\":[{\"@type\":\"Article\",\"@id\":\"https:\/\/blogdobispo.com.br\/?p=5527#article\",\"isPartOf\":{\"@id\":\"https:\/\/blogdobispo.com.br\/?p=5527\"},\"author\":{\"name\":\"Jefferson Sterfeno\",\"@id\":\"https:\/\/blogdobispo.com.br\/#\/schema\/person\/e2209cc0e6cea5c5233d033e997b373f\"},\"headline\":\"Natal sanciona Pol\u00edtica Municipal de Sa\u00fade Bucal para Pessoas com Defici\u00eancia\",\"datePublished\":\"2025-06-04T17:19:25+00:00\",\"mainEntityOfPage\":{\"@id\":\"https:\/\/blogdobispo.com.br\/?p=5527\"},\"wordCount\":256,\"commentCount\":0,\"publisher\":{\"@id\":\"https:\/\/blogdobispo.com.br\/#organization\"},\"image\":{\"@id\":\"https:\/\/blogdobispo.com.br\/?p=5527#primaryimage\"},\"thumbnailUrl\":\"https:\/\/blogdobispo.com.br\/wp-content\/uploads\/2025\/06\/4c4538b5-451f-4f95-8d0e-ee3b8c056d59-1-1024x775.jpg\",\"articleSection\":[\"diversos\"],\"inLanguage\":\"pt-BR\",\"potentialAction\":[{\"@type\":\"CommentAction\",\"name\":\"Comment\",\"target\":[\"https:\/\/blogdobispo.com.br\/?p=5527#respond\"]}]},{\"@type\":\"WebPage\",\"@id\":\"https:\/\/blogdobispo.com.br\/?p=5527\",\"url\":\"https:\/\/blogdobispo.com.br\/?p=5527\",\"name\":\"Natal sanciona Pol\u00edtica Municipal de Sa\u00fade Bucal para Pessoas com Defici\u00eancia - Blog do Bispo\",\"isPartOf\":{\"@id\":\"https:\/\/blogdobispo.com.br\/#website\"},\"primaryImageOfPage\":{\"@id\":\"https:\/\/blogdobispo.com.br\/?p=5527#primaryimage\"},\"image\":{\"@id\":\"https:\/\/blogdobispo.com.br\/?p=5527#primaryimage\"},\"thumbnailUrl\":\"https:\/\/blogdobispo.com.br\/wp-content\/uploads\/2025\/06\/4c4538b5-451f-4f95-8d0e-ee3b8c056d59-1-1024x775.jpg\",\"datePublished\":\"2025-06-04T17:19:25+00:00\",\"breadcrumb\":{\"@id\":\"https:\/\/blogdobispo.com.br\/?p=5527#breadcrumb\"},\"inLanguage\":\"pt-BR\",\"potentialAction\":[{\"@type\":\"ReadAction\",\"target\":[\"https:\/\/blogdobispo.com.br\/?p=5527\"]}]},{\"@type\":\"ImageObject\",\"inLanguage\":\"pt-BR\",\"@id\":\"https:\/\/blogdobispo.com.br\/?p=5527#primaryimage\",\"url\":\"https:\/\/blogdobispo.com.br\/wp-content\/uploads\/2025\/06\/4c4538b5-451f-4f95-8d0e-ee3b8c056d59-1-1024x775.jpg\",\"contentUrl\":\"https:\/\/blogdobispo.com.br\/wp-content\/uploads\/2025\/06\/4c4538b5-451f-4f95-8d0e-ee3b8c056d59-1-1024x775.jpg\"},{\"@type\":\"BreadcrumbList\",\"@id\":\"https:\/\/blogdobispo.com.br\/?p=5527#breadcrumb\",\"itemListElement\":[{\"@type\":\"ListItem\",\"position\":1,\"name\":\"In\u00edcio\",\"item\":\"https:\/\/blogdobispo.com.br\/\"},{\"@type\":\"ListItem\",\"position\":2,\"name\":\"Natal sanciona Pol\u00edtica Municipal de Sa\u00fade Bucal para Pessoas com Defici\u00eancia\"}]},{\"@type\":\"WebSite\",\"@id\":\"https:\/\/blogdobispo.com.br\/#website\",\"url\":\"https:\/\/blogdobispo.com.br\/\",\"name\":\"Blog do Bispo\",\"description\":\"Comprometido apenas com o leitor\",\"publisher\":{\"@id\":\"https:\/\/blogdobispo.com.br\/#organization\"},\"potentialAction\":[{\"@type\":\"SearchAction\",\"target\":{\"@type\":\"EntryPoint\",\"urlTemplate\":\"https:\/\/blogdobispo.com.br\/?s={search_term_string}\"},\"query-input\":{\"@type\":\"PropertyValueSpecification\",\"valueRequired\":true,\"valueName\":\"search_term_string\"}}],\"inLanguage\":\"pt-BR\"},{\"@type\":\"Organization\",\"@id\":\"https:\/\/blogdobispo.com.br\/#organization\",\"name\":\"Blog do Bispo\",\"url\":\"https:\/\/blogdobispo.com.br\/\",\"logo\":{\"@type\":\"ImageObject\",\"inLanguage\":\"pt-BR\",\"@id\":\"https:\/\/blogdobispo.com.br\/#\/schema\/logo\/image\/\",\"url\":\"http:\/\/blogdobispo.com.br\/wp-content\/uploads\/2023\/05\/cropped-headear.png\",\"contentUrl\":\"http:\/\/blogdobispo.com.br\/wp-content\/uploads\/2023\/05\/cropped-headear.png\",\"width\":1500,\"height\":399,\"caption\":\"Blog do Bispo\"},\"image\":{\"@id\":\"https:\/\/blogdobispo.com.br\/#\/schema\/logo\/image\/\"}},{\"@type\":\"Person\",\"@id\":\"https:\/\/blogdobispo.com.br\/#\/schema\/person\/e2209cc0e6cea5c5233d033e997b373f\",\"name\":\"Jefferson Sterfeno\",\"image\":{\"@type\":\"ImageObject\",\"inLanguage\":\"pt-BR\",\"@id\":\"https:\/\/blogdobispo.com.br\/#\/schema\/person\/image\/\",\"url\":\"https:\/\/secure.gravatar.com\/avatar\/0534e84764641168a677026b6d57a3f51dc7ac4db0b4f6186d9cb330d4ee1160?s=96&d=mm&r=g\",\"contentUrl\":\"https:\/\/secure.gravatar.com\/avatar\/0534e84764641168a677026b6d57a3f51dc7ac4db0b4f6186d9cb330d4ee1160?s=96&d=mm&r=g\",\"caption\":\"Jefferson Sterfeno\"},\"sameAs\":[\"http:\/\/blogdobispo.com.br\"],\"url\":\"https:\/\/blogdobispo.com.br\/?author=1\"}]}<\/script>\n<!-- \/ Yoast SEO plugin. -->","yoast_head_json":{"title":"Natal sanciona Pol\u00edtica Municipal de Sa\u00fade Bucal para Pessoas com Defici\u00eancia - Blog do Bispo","robots":{"index":"index","follow":"follow","max-snippet":"max-snippet:-1","max-image-preview":"max-image-preview:large","max-video-preview":"max-video-preview:-1"},"canonical":"https:\/\/blogdobispo.com.br\/?p=5527","og_locale":"pt_BR","og_type":"article","og_title":"Natal sanciona Pol\u00edtica Municipal de Sa\u00fade Bucal para Pessoas com Defici\u00eancia - Blog do Bispo","og_description":"Foi sancionada e publicada no Di\u00e1rio Oficial do Munic\u00edpio de Natal a Lei n\u00ba 7.882, de 03 de junho de 2025, que institui a Pol\u00edtica Municipal de Prote\u00e7\u00e3o \u00e0 Sa\u00fade Bucal da Pessoa com Defici\u00eancia. A proposta, aprovada em segunda discuss\u00e3o pela C\u00e2mara Municipal no dia 13 de maio, \u00e9 de autoria do ex-vereador Dickson [&hellip;]","og_url":"https:\/\/blogdobispo.com.br\/?p=5527","og_site_name":"Blog do Bispo","article_published_time":"2025-06-04T17:19:25+00:00","og_image":[{"url":"https:\/\/blogdobispo.com.br\/wp-content\/uploads\/2025\/06\/4c4538b5-451f-4f95-8d0e-ee3b8c056d59-1-1024x775.jpg","type":"","width":"","height":""}],"author":"Jefferson Sterfeno","twitter_card":"summary_large_image","twitter_misc":{"Escrito por":"Jefferson Sterfeno","Est. tempo de leitura":"1 minuto"},"schema":{"@context":"https:\/\/schema.org","@graph":[{"@type":"Article","@id":"https:\/\/blogdobispo.com.br\/?p=5527#article","isPartOf":{"@id":"https:\/\/blogdobispo.com.br\/?p=5527"},"author":{"name":"Jefferson Sterfeno","@id":"https:\/\/blogdobispo.com.br\/#\/schema\/person\/e2209cc0e6cea5c5233d033e997b373f"},"headline":"Natal sanciona Pol\u00edtica Municipal de Sa\u00fade Bucal para Pessoas com Defici\u00eancia","datePublished":"2025-06-04T17:19:25+00:00","mainEntityOfPage":{"@id":"https:\/\/blogdobispo.com.br\/?p=5527"},"wordCount":256,"commentCount":0,"publisher":{"@id":"https:\/\/blogdobispo.com.br\/#organization"},"image":{"@id":"https:\/\/blogdobispo.com.br\/?p=5527#primaryimage"},"thumbnailUrl":"https:\/\/blogdobispo.com.br\/wp-content\/uploads\/2025\/06\/4c4538b5-451f-4f95-8d0e-ee3b8c056d59-1-1024x775.jpg","articleSection":["diversos"],"inLanguage":"pt-BR","potentialAction":[{"@type":"CommentAction","name":"Comment","target":["https:\/\/blogdobispo.com.br\/?p=5527#respond"]}]},{"@type":"WebPage","@id":"https:\/\/blogdobispo.com.br\/?p=5527","url":"https:\/\/blogdobispo.com.br\/?p=5527","name":"Natal sanciona Pol\u00edtica Municipal de Sa\u00fade Bucal para Pessoas com Defici\u00eancia - Blog do Bispo","isPartOf":{"@id":"https:\/\/blogdobispo.com.br\/#website"},"primaryImageOfPage":{"@id":"https:\/\/blogdobispo.com.br\/?p=5527#primaryimage"},"image":{"@id":"https:\/\/blogdobispo.com.br\/?p=5527#primaryimage"},"thumbnailUrl":"https:\/\/blogdobispo.com.br\/wp-content\/uploads\/2025\/06\/4c4538b5-451f-4f95-8d0e-ee3b8c056d59-1-1024x775.jpg","datePublished":"2025-06-04T17:19:25+00:00","breadcrumb":{"@id":"https:\/\/blogdobispo.com.br\/?p=5527#breadcrumb"},"inLanguage":"pt-BR","potentialAction":[{"@type":"ReadAction","target":["https:\/\/blogdobispo.com.br\/?p=5527"]}]},{"@type":"ImageObject","inLanguage":"pt-BR","@id":"https:\/\/blogdobispo.com.br\/?p=5527#primaryimage","url":"https:\/\/blogdobispo.com.br\/wp-content\/uploads\/2025\/06\/4c4538b5-451f-4f95-8d0e-ee3b8c056d59-1-1024x775.jpg","contentUrl":"https:\/\/blogdobispo.com.br\/wp-content\/uploads\/2025\/06\/4c4538b5-451f-4f95-8d0e-ee3b8c056d59-1-1024x775.jpg"},{"@type":"BreadcrumbList","@id":"https:\/\/blogdobispo.com.br\/?p=5527#breadcrumb","itemListElement":[{"@type":"ListItem","position":1,"name":"In\u00edcio","item":"https:\/\/blogdobispo.com.br\/"},{"@type":"ListItem","position":2,"name":"Natal sanciona Pol\u00edtica Municipal de Sa\u00fade Bucal para Pessoas com Defici\u00eancia"}]},{"@type":"WebSite","@id":"https:\/\/blogdobispo.com.br\/#website","url":"https:\/\/blogdobispo.com.br\/","name":"Blog do Bispo","description":"Comprometido apenas com o leitor","publisher":{"@id":"https:\/\/blogdobispo.com.br\/#organization"},"potentialAction":[{"@type":"SearchAction","target":{"@type":"EntryPoint","urlTemplate":"https:\/\/blogdobispo.com.br\/?s={search_term_string}"},"query-input":{"@type":"PropertyValueSpecification","valueRequired":true,"valueName":"search_term_string"}}],"inLanguage":"pt-BR"},{"@type":"Organization","@id":"https:\/\/blogdobispo.com.br\/#organization","name":"Blog do Bispo","url":"https:\/\/blogdobispo.com.br\/","logo":{"@type":"ImageObject","inLanguage":"pt-BR","@id":"https:\/\/blogdobispo.com.br\/#\/schema\/logo\/image\/","url":"http:\/\/blogdobispo.com.br\/wp-content\/uploads\/2023\/05\/cropped-headear.png","contentUrl":"http:\/\/blogdobispo.com.br\/wp-content\/uploads\/2023\/05\/cropped-headear.png","width":1500,"height":399,"caption":"Blog do Bispo"},"image":{"@id":"https:\/\/blogdobispo.com.br\/#\/schema\/logo\/image\/"}},{"@type":"Person","@id":"https:\/\/blogdobispo.com.br\/#\/schema\/person\/e2209cc0e6cea5c5233d033e997b373f","name":"Jefferson Sterfeno","image":{"@type":"ImageObject","inLanguage":"pt-BR","@id":"https:\/\/blogdobispo.com.br\/#\/schema\/person\/image\/","url":"https:\/\/secure.gravatar.com\/avatar\/0534e84764641168a677026b6d57a3f51dc7ac4db0b4f6186d9cb330d4ee1160?s=96&d=mm&r=g","contentUrl":"https:\/\/secure.gravatar.com\/avatar\/0534e84764641168a677026b6d57a3f51dc7ac4db0b4f6186d9cb330d4ee1160?s=96&d=mm&r=g","caption":"Jefferson Sterfeno"},"sameAs":["http:\/\/blogdobispo.com.br"],"url":"https:\/\/blogdobispo.com.br\/?author=1"}]}},"featured_image_urls":{"full":"","thumbnail":"","medium":"","medium_large":"","large":"","1536x1536":"","2048x2048":""},"author_info":{"display_name":"Jefferson Sterfeno","author_link":"https:\/\/blogdobispo.com.br\/?author=1"},"category_info":"<a href=\"https:\/\/blogdobispo.com.br\/?cat=1\" rel=\"category\">diversos<\/a>","tag_info":"diversos","comment_count":"0","jetpack_featured_media_url":"","jetpack_sharing_enabled":true,"_links":{"self":[{"href":"https:\/\/blogdobispo.com.br\/index.php?rest_route=\/wp\/v2\/posts\/5527","targetHints":{"allow":["GET"]}}],"collection":[{"href":"https:\/\/blogdobispo.com.br\/index.php?rest_route=\/wp\/v2\/posts"}],"about":[{"href":"https:\/\/blogdobispo.com.br\/index.php?rest_route=\/wp\/v2\/types\/post"}],"author":[{"embeddable":true,"href":"https:\/\/blogdobispo.com.br\/index.php?rest_route=\/wp\/v2\/users\/1"}],"replies":[{"embeddable":true,"href":"https:\/\/blogdobispo.com.br\/index.php?rest_route=%2Fwp%2Fv2%2Fcomments&post=5527"}],"version-history":[{"count":0,"href":"https:\/\/blogdobispo.com.br\/index.php?rest_route=\/wp\/v2\/posts\/5527\/revisions"}],"wp:attachment":[{"href":"https:\/\/blogdobispo.com.br\/index.php?rest_route=%2Fwp%2Fv2%2Fmedia&parent=5527"}],"wp:term":[{"taxonomy":"category","embeddable":true,"href":"https:\/\/blogdobispo.com.br\/index.php?rest_route=%2Fwp%2Fv2%2Fcategories&post=5527"},{"taxonomy":"post_tag","embeddable":true,"href":"https:\/\/blogdobispo.com.br\/index.php?rest_route=%2Fwp%2Fv2%2Ftags&post=5527"}],"curies":[{"name":"wp","href":"https:\/\/api.w.org\/{rel}","templated":true}]}}