{"id":5521,"date":"2025-06-04T13:26:25","date_gmt":"2025-06-04T13:26:25","guid":{"rendered":"https:\/\/blogdobispo.com.br\/?p=5521"},"modified":"2025-06-04T13:26:25","modified_gmt":"2025-06-04T13:26:25","slug":"luto-em-dix-sept-rosado-morre-albany-cosme-lider-comunitario-e-presidente-recem-eleito-do-conselho-comunitario","status":"publish","type":"post","link":"https:\/\/blogdobispo.com.br\/?p=5521","title":{"rendered":"Luto em Dix-Sept Rosado: Morre Albany Cosme, l\u00edder comunit\u00e1rio e presidente rec\u00e9m-eleito do Conselho Comunit\u00e1rio"},"content":{"rendered":"\n<figure class=\"wp-block-image size-large\"><img data-recalc-dims=\"1\" fetchpriority=\"high\" decoding=\"async\" width=\"800\" height=\"597\" src=\"https:\/\/i0.wp.com\/blogdobispo.com.br\/wp-content\/uploads\/2025\/06\/image-2.jpg?resize=800%2C597&#038;ssl=1\" class=\"wp-image-5520\" srcset=\"https:\/\/i0.wp.com\/blogdobispo.com.br\/wp-content\/uploads\/2025\/06\/image-2.jpg?w=871&amp;ssl=1 871w, https:\/\/i0.wp.com\/blogdobispo.com.br\/wp-content\/uploads\/2025\/06\/image-2.jpg?resize=300%2C224&amp;ssl=1 300w, https:\/\/i0.wp.com\/blogdobispo.com.br\/wp-content\/uploads\/2025\/06\/image-2.jpg?resize=768%2C573&amp;ssl=1 768w\" sizes=\"(max-width: 800px) 100vw, 800px\" \/><\/figure>\n\n\n\n<p class=\"p1\"><\/p>\n\n\n\n<p class=\"p1\">A comunidade de Dix-Sept Rosado amanheceu de luto nesta ter\u00e7a-feira com a triste not\u00edcia do falecimento de Albany Cosme, um dos mais atuantes l\u00edderes comunit\u00e1rios da regi\u00e3o. Albany havia sido recentemente eleito presidente do Conselho Comunit\u00e1rio local, com uma expressiva vit\u00f3ria \u2014 mais de 300 votos de diferen\u00e7a para o segundo colocado \u2014 demonstrando o reconhecimento e a confian\u00e7a que conquistou ao longo de sua trajet\u00f3ria.<\/p>\n\n\n\n<p class=\"p1\">A causa da morte foi relacionada a complica\u00e7\u00f5es provocadas por um quadro de diabetes, condi\u00e7\u00e3o com a qual Albany j\u00e1 convivia h\u00e1 algum tempo. Sua partida repentina chocou familiares, amigos e moradores da comunidade.<\/p>\n\n\n\n<p class=\"p1\">Estive com Albany na noite da \u00faltima segunda-feira, em um dos nossos encontros de rotina. Na ocasi\u00e3o, ele comentou abertamente que n\u00e3o teria permanecido politicamente ao lado do vereador Eribaldo, destacando sua independ\u00eancia de posicionamento mesmo ap\u00f3s a elei\u00e7\u00e3o. Com simplicidade e gentileza, fez quest\u00e3o de me agradecer pessoalmente pela cobertura que realizamos durante todo o processo eleitoral.<\/p>\n\n\n\n<p class=\"p1\">A not\u00edcia de sua morte me pegou de forma profunda e inesperada. Estou perplexo. Albany era mais que um l\u00edder comunit\u00e1rio \u2014 era uma voz firme, atuante e comprometida com o bem-estar coletivo. Seu legado certamente ser\u00e1 lembrado por muitos anos em Dix-Sept Rosado.<\/p>\n\n\n\n<p class=\"p1\">Neste momento de dor, me solidarizo com todos os familiares, amigos e moradores da comunidade que perdem n\u00e3o s\u00f3 um representante, mas tamb\u00e9m um amigo.<\/p>\n","protected":false},"excerpt":{"rendered":"<p>A comunidade de Dix-Sept Rosado amanheceu de luto nesta ter\u00e7a-feira com a triste not\u00edcia do falecimento de Albany Cosme, um dos mais atuantes l\u00edderes comunit\u00e1rios da regi\u00e3o. Albany havia sido recentemente eleito presidente do Conselho Comunit\u00e1rio local, com uma expressiva vit\u00f3ria \u2014 mais de 300 votos de diferen\u00e7a para o segundo colocado \u2014 demonstrando o [&hellip;]<\/p>\n","protected":false},"author":1,"featured_media":0,"comment_status":"open","ping_status":"open","sticky":false,"template":"","format":"standard","meta":{"cybocfi_hide_featured_image":"","_jetpack_memberships_contains_paid_content":false,"footnotes":""},"categories":[1],"tags":[],"class_list":["post-5521","post","type-post","status-publish","format-standard","hentry","category-diversos"],"yoast_head":"<!-- This site is optimized with the Yoast SEO plugin v25.6 - https:\/\/yoast.com\/wordpress\/plugins\/seo\/ -->\n<title>Luto em Dix-Sept Rosado: Morre Albany Cosme, l\u00edder comunit\u00e1rio e presidente rec\u00e9m-eleito do Conselho Comunit\u00e1rio - Blog do Bispo<\/title>\n<meta name=\"robots\" content=\"index, follow, max-snippet:-1, max-image-preview:large, max-video-preview:-1\" \/>\n<link rel=\"canonical\" href=\"https:\/\/blogdobispo.com.br\/?p=5521\" \/>\n<meta property=\"og:locale\" content=\"pt_BR\" \/>\n<meta property=\"og:type\" content=\"article\" \/>\n<meta property=\"og:title\" content=\"Luto em Dix-Sept Rosado: Morre Albany Cosme, l\u00edder comunit\u00e1rio e presidente rec\u00e9m-eleito do Conselho Comunit\u00e1rio - Blog do Bispo\" \/>\n<meta property=\"og:description\" content=\"A comunidade de Dix-Sept Rosado amanheceu de luto nesta ter\u00e7a-feira com a triste not\u00edcia do falecimento de Albany Cosme, um dos mais atuantes l\u00edderes comunit\u00e1rios da regi\u00e3o. Albany havia sido recentemente eleito presidente do Conselho Comunit\u00e1rio local, com uma expressiva vit\u00f3ria \u2014 mais de 300 votos de diferen\u00e7a para o segundo colocado \u2014 demonstrando o [&hellip;]\" \/>\n<meta property=\"og:url\" content=\"https:\/\/blogdobispo.com.br\/?p=5521\" \/>\n<meta property=\"og:site_name\" content=\"Blog do Bispo\" \/>\n<meta property=\"article:published_time\" content=\"2025-06-04T13:26:25+00:00\" \/>\n<meta property=\"og:image\" content=\"https:\/\/blogdobispo.com.br\/wp-content\/uploads\/2025\/06\/image-2.jpg\" \/>\n<meta name=\"author\" content=\"Jefferson Sterfeno\" \/>\n<meta name=\"twitter:card\" content=\"summary_large_image\" \/>\n<meta name=\"twitter:label1\" content=\"Escrito por\" \/>\n\t<meta name=\"twitter:data1\" content=\"Jefferson Sterfeno\" \/>\n\t<meta name=\"twitter:label2\" content=\"Est. tempo de leitura\" \/>\n\t<meta name=\"twitter:data2\" content=\"1 minuto\" \/>\n<script type=\"application\/ld+json\" class=\"yoast-schema-graph\">{\"@context\":\"https:\/\/schema.org\",\"@graph\":[{\"@type\":\"Article\",\"@id\":\"https:\/\/blogdobispo.com.br\/?p=5521#article\",\"isPartOf\":{\"@id\":\"https:\/\/blogdobispo.com.br\/?p=5521\"},\"author\":{\"name\":\"Jefferson Sterfeno\",\"@id\":\"https:\/\/blogdobispo.com.br\/#\/schema\/person\/e2209cc0e6cea5c5233d033e997b373f\"},\"headline\":\"Luto em Dix-Sept Rosado: Morre Albany Cosme, l\u00edder comunit\u00e1rio e presidente rec\u00e9m-eleito do Conselho Comunit\u00e1rio\",\"datePublished\":\"2025-06-04T13:26:25+00:00\",\"mainEntityOfPage\":{\"@id\":\"https:\/\/blogdobispo.com.br\/?p=5521\"},\"wordCount\":265,\"commentCount\":0,\"publisher\":{\"@id\":\"https:\/\/blogdobispo.com.br\/#organization\"},\"image\":{\"@id\":\"https:\/\/blogdobispo.com.br\/?p=5521#primaryimage\"},\"thumbnailUrl\":\"https:\/\/blogdobispo.com.br\/wp-content\/uploads\/2025\/06\/image-2.jpg\",\"articleSection\":[\"diversos\"],\"inLanguage\":\"pt-BR\",\"potentialAction\":[{\"@type\":\"CommentAction\",\"name\":\"Comment\",\"target\":[\"https:\/\/blogdobispo.com.br\/?p=5521#respond\"]}]},{\"@type\":\"WebPage\",\"@id\":\"https:\/\/blogdobispo.com.br\/?p=5521\",\"url\":\"https:\/\/blogdobispo.com.br\/?p=5521\",\"name\":\"Luto em Dix-Sept Rosado: Morre Albany Cosme, l\u00edder comunit\u00e1rio e presidente rec\u00e9m-eleito do Conselho Comunit\u00e1rio - Blog do Bispo\",\"isPartOf\":{\"@id\":\"https:\/\/blogdobispo.com.br\/#website\"},\"primaryImageOfPage\":{\"@id\":\"https:\/\/blogdobispo.com.br\/?p=5521#primaryimage\"},\"image\":{\"@id\":\"https:\/\/blogdobispo.com.br\/?p=5521#primaryimage\"},\"thumbnailUrl\":\"https:\/\/blogdobispo.com.br\/wp-content\/uploads\/2025\/06\/image-2.jpg\",\"datePublished\":\"2025-06-04T13:26:25+00:00\",\"breadcrumb\":{\"@id\":\"https:\/\/blogdobispo.com.br\/?p=5521#breadcrumb\"},\"inLanguage\":\"pt-BR\",\"potentialAction\":[{\"@type\":\"ReadAction\",\"target\":[\"https:\/\/blogdobispo.com.br\/?p=5521\"]}]},{\"@type\":\"ImageObject\",\"inLanguage\":\"pt-BR\",\"@id\":\"https:\/\/blogdobispo.com.br\/?p=5521#primaryimage\",\"url\":\"https:\/\/blogdobispo.com.br\/wp-content\/uploads\/2025\/06\/image-2.jpg\",\"contentUrl\":\"https:\/\/blogdobispo.com.br\/wp-content\/uploads\/2025\/06\/image-2.jpg\"},{\"@type\":\"BreadcrumbList\",\"@id\":\"https:\/\/blogdobispo.com.br\/?p=5521#breadcrumb\",\"itemListElement\":[{\"@type\":\"ListItem\",\"position\":1,\"name\":\"In\u00edcio\",\"item\":\"https:\/\/blogdobispo.com.br\/\"},{\"@type\":\"ListItem\",\"position\":2,\"name\":\"Luto em Dix-Sept Rosado: Morre Albany Cosme, l\u00edder comunit\u00e1rio e presidente rec\u00e9m-eleito do Conselho Comunit\u00e1rio\"}]},{\"@type\":\"WebSite\",\"@id\":\"https:\/\/blogdobispo.com.br\/#website\",\"url\":\"https:\/\/blogdobispo.com.br\/\",\"name\":\"Blog do Bispo\",\"description\":\"Comprometido apenas com o leitor\",\"publisher\":{\"@id\":\"https:\/\/blogdobispo.com.br\/#organization\"},\"potentialAction\":[{\"@type\":\"SearchAction\",\"target\":{\"@type\":\"EntryPoint\",\"urlTemplate\":\"https:\/\/blogdobispo.com.br\/?s={search_term_string}\"},\"query-input\":{\"@type\":\"PropertyValueSpecification\",\"valueRequired\":true,\"valueName\":\"search_term_string\"}}],\"inLanguage\":\"pt-BR\"},{\"@type\":\"Organization\",\"@id\":\"https:\/\/blogdobispo.com.br\/#organization\",\"name\":\"Blog do Bispo\",\"url\":\"https:\/\/blogdobispo.com.br\/\",\"logo\":{\"@type\":\"ImageObject\",\"inLanguage\":\"pt-BR\",\"@id\":\"https:\/\/blogdobispo.com.br\/#\/schema\/logo\/image\/\",\"url\":\"http:\/\/blogdobispo.com.br\/wp-content\/uploads\/2023\/05\/cropped-headear.png\",\"contentUrl\":\"http:\/\/blogdobispo.com.br\/wp-content\/uploads\/2023\/05\/cropped-headear.png\",\"width\":1500,\"height\":399,\"caption\":\"Blog do Bispo\"},\"image\":{\"@id\":\"https:\/\/blogdobispo.com.br\/#\/schema\/logo\/image\/\"}},{\"@type\":\"Person\",\"@id\":\"https:\/\/blogdobispo.com.br\/#\/schema\/person\/e2209cc0e6cea5c5233d033e997b373f\",\"name\":\"Jefferson Sterfeno\",\"image\":{\"@type\":\"ImageObject\",\"inLanguage\":\"pt-BR\",\"@id\":\"https:\/\/blogdobispo.com.br\/#\/schema\/person\/image\/\",\"url\":\"https:\/\/secure.gravatar.com\/avatar\/0534e84764641168a677026b6d57a3f51dc7ac4db0b4f6186d9cb330d4ee1160?s=96&d=mm&r=g\",\"contentUrl\":\"https:\/\/secure.gravatar.com\/avatar\/0534e84764641168a677026b6d57a3f51dc7ac4db0b4f6186d9cb330d4ee1160?s=96&d=mm&r=g\",\"caption\":\"Jefferson Sterfeno\"},\"sameAs\":[\"http:\/\/blogdobispo.com.br\"],\"url\":\"https:\/\/blogdobispo.com.br\/?author=1\"}]}<\/script>\n<!-- \/ Yoast SEO plugin. -->","yoast_head_json":{"title":"Luto em Dix-Sept Rosado: Morre Albany Cosme, l\u00edder comunit\u00e1rio e presidente rec\u00e9m-eleito do Conselho Comunit\u00e1rio - Blog do Bispo","robots":{"index":"index","follow":"follow","max-snippet":"max-snippet:-1","max-image-preview":"max-image-preview:large","max-video-preview":"max-video-preview:-1"},"canonical":"https:\/\/blogdobispo.com.br\/?p=5521","og_locale":"pt_BR","og_type":"article","og_title":"Luto em Dix-Sept Rosado: Morre Albany Cosme, l\u00edder comunit\u00e1rio e presidente rec\u00e9m-eleito do Conselho Comunit\u00e1rio - Blog do Bispo","og_description":"A comunidade de Dix-Sept Rosado amanheceu de luto nesta ter\u00e7a-feira com a triste not\u00edcia do falecimento de Albany Cosme, um dos mais atuantes l\u00edderes comunit\u00e1rios da regi\u00e3o. Albany havia sido recentemente eleito presidente do Conselho Comunit\u00e1rio local, com uma expressiva vit\u00f3ria \u2014 mais de 300 votos de diferen\u00e7a para o segundo colocado \u2014 demonstrando o [&hellip;]","og_url":"https:\/\/blogdobispo.com.br\/?p=5521","og_site_name":"Blog do Bispo","article_published_time":"2025-06-04T13:26:25+00:00","og_image":[{"url":"https:\/\/blogdobispo.com.br\/wp-content\/uploads\/2025\/06\/image-2.jpg","type":"","width":"","height":""}],"author":"Jefferson Sterfeno","twitter_card":"summary_large_image","twitter_misc":{"Escrito por":"Jefferson Sterfeno","Est. tempo de leitura":"1 minuto"},"schema":{"@context":"https:\/\/schema.org","@graph":[{"@type":"Article","@id":"https:\/\/blogdobispo.com.br\/?p=5521#article","isPartOf":{"@id":"https:\/\/blogdobispo.com.br\/?p=5521"},"author":{"name":"Jefferson Sterfeno","@id":"https:\/\/blogdobispo.com.br\/#\/schema\/person\/e2209cc0e6cea5c5233d033e997b373f"},"headline":"Luto em Dix-Sept Rosado: Morre Albany Cosme, l\u00edder comunit\u00e1rio e presidente rec\u00e9m-eleito do Conselho Comunit\u00e1rio","datePublished":"2025-06-04T13:26:25+00:00","mainEntityOfPage":{"@id":"https:\/\/blogdobispo.com.br\/?p=5521"},"wordCount":265,"commentCount":0,"publisher":{"@id":"https:\/\/blogdobispo.com.br\/#organization"},"image":{"@id":"https:\/\/blogdobispo.com.br\/?p=5521#primaryimage"},"thumbnailUrl":"https:\/\/blogdobispo.com.br\/wp-content\/uploads\/2025\/06\/image-2.jpg","articleSection":["diversos"],"inLanguage":"pt-BR","potentialAction":[{"@type":"CommentAction","name":"Comment","target":["https:\/\/blogdobispo.com.br\/?p=5521#respond"]}]},{"@type":"WebPage","@id":"https:\/\/blogdobispo.com.br\/?p=5521","url":"https:\/\/blogdobispo.com.br\/?p=5521","name":"Luto em Dix-Sept Rosado: Morre Albany Cosme, l\u00edder comunit\u00e1rio e presidente rec\u00e9m-eleito do Conselho Comunit\u00e1rio - Blog do Bispo","isPartOf":{"@id":"https:\/\/blogdobispo.com.br\/#website"},"primaryImageOfPage":{"@id":"https:\/\/blogdobispo.com.br\/?p=5521#primaryimage"},"image":{"@id":"https:\/\/blogdobispo.com.br\/?p=5521#primaryimage"},"thumbnailUrl":"https:\/\/blogdobispo.com.br\/wp-content\/uploads\/2025\/06\/image-2.jpg","datePublished":"2025-06-04T13:26:25+00:00","breadcrumb":{"@id":"https:\/\/blogdobispo.com.br\/?p=5521#breadcrumb"},"inLanguage":"pt-BR","potentialAction":[{"@type":"ReadAction","target":["https:\/\/blogdobispo.com.br\/?p=5521"]}]},{"@type":"ImageObject","inLanguage":"pt-BR","@id":"https:\/\/blogdobispo.com.br\/?p=5521#primaryimage","url":"https:\/\/blogdobispo.com.br\/wp-content\/uploads\/2025\/06\/image-2.jpg","contentUrl":"https:\/\/blogdobispo.com.br\/wp-content\/uploads\/2025\/06\/image-2.jpg"},{"@type":"BreadcrumbList","@id":"https:\/\/blogdobispo.com.br\/?p=5521#breadcrumb","itemListElement":[{"@type":"ListItem","position":1,"name":"In\u00edcio","item":"https:\/\/blogdobispo.com.br\/"},{"@type":"ListItem","position":2,"name":"Luto em Dix-Sept Rosado: Morre Albany Cosme, l\u00edder comunit\u00e1rio e presidente rec\u00e9m-eleito do Conselho Comunit\u00e1rio"}]},{"@type":"WebSite","@id":"https:\/\/blogdobispo.com.br\/#website","url":"https:\/\/blogdobispo.com.br\/","name":"Blog do Bispo","description":"Comprometido apenas com o leitor","publisher":{"@id":"https:\/\/blogdobispo.com.br\/#organization"},"potentialAction":[{"@type":"SearchAction","target":{"@type":"EntryPoint","urlTemplate":"https:\/\/blogdobispo.com.br\/?s={search_term_string}"},"query-input":{"@type":"PropertyValueSpecification","valueRequired":true,"valueName":"search_term_string"}}],"inLanguage":"pt-BR"},{"@type":"Organization","@id":"https:\/\/blogdobispo.com.br\/#organization","name":"Blog do Bispo","url":"https:\/\/blogdobispo.com.br\/","logo":{"@type":"ImageObject","inLanguage":"pt-BR","@id":"https:\/\/blogdobispo.com.br\/#\/schema\/logo\/image\/","url":"http:\/\/blogdobispo.com.br\/wp-content\/uploads\/2023\/05\/cropped-headear.png","contentUrl":"http:\/\/blogdobispo.com.br\/wp-content\/uploads\/2023\/05\/cropped-headear.png","width":1500,"height":399,"caption":"Blog do Bispo"},"image":{"@id":"https:\/\/blogdobispo.com.br\/#\/schema\/logo\/image\/"}},{"@type":"Person","@id":"https:\/\/blogdobispo.com.br\/#\/schema\/person\/e2209cc0e6cea5c5233d033e997b373f","name":"Jefferson Sterfeno","image":{"@type":"ImageObject","inLanguage":"pt-BR","@id":"https:\/\/blogdobispo.com.br\/#\/schema\/person\/image\/","url":"https:\/\/secure.gravatar.com\/avatar\/0534e84764641168a677026b6d57a3f51dc7ac4db0b4f6186d9cb330d4ee1160?s=96&d=mm&r=g","contentUrl":"https:\/\/secure.gravatar.com\/avatar\/0534e84764641168a677026b6d57a3f51dc7ac4db0b4f6186d9cb330d4ee1160?s=96&d=mm&r=g","caption":"Jefferson Sterfeno"},"sameAs":["http:\/\/blogdobispo.com.br"],"url":"https:\/\/blogdobispo.com.br\/?author=1"}]}},"featured_image_urls":{"full":"","thumbnail":"","medium":"","medium_large":"","large":"","1536x1536":"","2048x2048":""},"author_info":{"display_name":"Jefferson Sterfeno","author_link":"https:\/\/blogdobispo.com.br\/?author=1"},"category_info":"<a href=\"https:\/\/blogdobispo.com.br\/?cat=1\" rel=\"category\">diversos<\/a>","tag_info":"diversos","comment_count":"0","jetpack_featured_media_url":"","jetpack_sharing_enabled":true,"_links":{"self":[{"href":"https:\/\/blogdobispo.com.br\/index.php?rest_route=\/wp\/v2\/posts\/5521","targetHints":{"allow":["GET"]}}],"collection":[{"href":"https:\/\/blogdobispo.com.br\/index.php?rest_route=\/wp\/v2\/posts"}],"about":[{"href":"https:\/\/blogdobispo.com.br\/index.php?rest_route=\/wp\/v2\/types\/post"}],"author":[{"embeddable":true,"href":"https:\/\/blogdobispo.com.br\/index.php?rest_route=\/wp\/v2\/users\/1"}],"replies":[{"embeddable":true,"href":"https:\/\/blogdobispo.com.br\/index.php?rest_route=%2Fwp%2Fv2%2Fcomments&post=5521"}],"version-history":[{"count":0,"href":"https:\/\/blogdobispo.com.br\/index.php?rest_route=\/wp\/v2\/posts\/5521\/revisions"}],"wp:attachment":[{"href":"https:\/\/blogdobispo.com.br\/index.php?rest_route=%2Fwp%2Fv2%2Fmedia&parent=5521"}],"wp:term":[{"taxonomy":"category","embeddable":true,"href":"https:\/\/blogdobispo.com.br\/index.php?rest_route=%2Fwp%2Fv2%2Fcategories&post=5521"},{"taxonomy":"post_tag","embeddable":true,"href":"https:\/\/blogdobispo.com.br\/index.php?rest_route=%2Fwp%2Fv2%2Ftags&post=5521"}],"curies":[{"name":"wp","href":"https:\/\/api.w.org\/{rel}","templated":true}]}}