{"id":5516,"date":"2025-06-03T22:59:18","date_gmt":"2025-06-03T22:59:18","guid":{"rendered":"https:\/\/blogdobispo.com.br\/?p=5516"},"modified":"2025-06-03T22:59:18","modified_gmt":"2025-06-03T22:59:18","slug":"sttu-fiscaliza-cumprimento-de-frota-emergencial-durante-greve-dos-rodoviarios","status":"publish","type":"post","link":"https:\/\/blogdobispo.com.br\/?p=5516","title":{"rendered":"STTU fiscaliza cumprimento de frota emergencial durante greve dos rodovi\u00e1rios"},"content":{"rendered":"\n<figure class=\"wp-block-image size-large\"><img data-recalc-dims=\"1\" fetchpriority=\"high\" decoding=\"async\" width=\"800\" height=\"465\" src=\"https:\/\/i0.wp.com\/blogdobispo.com.br\/wp-content\/uploads\/2025\/06\/06fbf7ad-94f3-48c5-83c8-1f1f1634eb1a-1-1024x595.jpg?resize=800%2C465&#038;ssl=1\" class=\"wp-image-5515\" srcset=\"https:\/\/i0.wp.com\/blogdobispo.com.br\/wp-content\/uploads\/2025\/06\/06fbf7ad-94f3-48c5-83c8-1f1f1634eb1a-1.jpg?resize=1024%2C595&amp;ssl=1 1024w, https:\/\/i0.wp.com\/blogdobispo.com.br\/wp-content\/uploads\/2025\/06\/06fbf7ad-94f3-48c5-83c8-1f1f1634eb1a-1.jpg?resize=300%2C174&amp;ssl=1 300w, https:\/\/i0.wp.com\/blogdobispo.com.br\/wp-content\/uploads\/2025\/06\/06fbf7ad-94f3-48c5-83c8-1f1f1634eb1a-1.jpg?resize=768%2C447&amp;ssl=1 768w, https:\/\/i0.wp.com\/blogdobispo.com.br\/wp-content\/uploads\/2025\/06\/06fbf7ad-94f3-48c5-83c8-1f1f1634eb1a-1.jpg?w=1400&amp;ssl=1 1400w\" sizes=\"(max-width: 800px) 100vw, 800px\" \/><\/figure>\n\n\n\n<p><\/p>\n\n\n\n<p>A Prefeitura do Natal, por meio da Secretaria Municipal de Mobilidade Urbana (STTU), est\u00e1 acompanhando com aten\u00e7\u00e3o a paralisa\u00e7\u00e3o deflagrada pelos rodovi\u00e1rios, e j\u00e1 determinou as empresas como deve ser realizada a opera\u00e7\u00e3o durante o per\u00edodo do movimento paredista.<\/p>\n\n\n\n<p>O Tribunal Regional do Trabalho da 21\u00aa Regi\u00e3o determinou a opera\u00e7\u00e3o de 70% da frota e das viagens, que dever\u00e3o ser assim distribu\u00eddos:<\/p>\n\n\n\n<p>N-02 \u2013 Gramor\u00e9\/CRI, via Midway Mall: 4 ve\u00edculos, 22 viagens<br \/>N-04 \u2013 Amarante\/Mirassol, via Av. Nevaldo Rocha: 4 ve\u00edculos, 22 viagens<br \/>N-05 \u2013 Vale Dourado\/Ribeira, via Petr\u00f3polis: 4 ve\u00edculos, 22 viagens<br \/>N-07 \u2013 Alvorada IV\/Mirassol, via Av. Nevaldo Rocha: 8 ve\u00edculos, 40 viagens<br \/>N-08 \u2013 Redinha\/Mirassol, via Rodovi\u00e1ria: 9 ve\u00edculos, 47 viagens<br \/>N-15 \u2013 Paju\u00e7ara\/Ribeira, via Petr\u00f3polis: 4 ve\u00edculos, 27 viagens<br \/>O-21 \u2013 Felipe Camar\u00e3o\/Areia Preta: 5 ve\u00edculos, 33 viagens<br \/>O-22 \u2013 Felipe Camar\u00e3o\/Ribeira, via Bom Pastor: 5 ve\u00edculos, 33 viagens<br \/>O-24 \u2013 Planalto\/Ribeira, via Av. Prudente de Morais: 4 ve\u00edculos, 26 viagens<br \/>N-25 \u2013 Redinha\/Bairro Nordeste, via Alecrim: 2 ve\u00edculos, 14 viagens<br \/>N-27 \u2013 Alvorada IV\/Ribeira, via Av. Deodoro da Fonseca: 4 ve\u00edculos, 20 viagens<br \/>N-29 \u2013 Nova Natal\/Nova Descoberta, via Mirassol: 6 ve\u00edculos, 36 viagens<br \/>O-30 \u2013 Felipe Camar\u00e3o\/Mirassol, via Candel\u00e1ria: 4 ve\u00edculos, 24 viagens<br \/>O-33 \u2013 Planalto\/Praia do Meio, via BR-101\/Av. Prudente de Morais: 8 ve\u00edculos, 45 viagens<br \/>O-33A \u2013 Planalto\/Ribeira, via Candel\u00e1ria\/Av. Hermes da Fonseca: 4 ve\u00edculos, 22 viagens<br \/>N-35 \u2013 Soledade\/Candel\u00e1ria, via Av. Prudente de Morais: 7 ve\u00edculos, 33 viagens<br \/>L-37 \u2013 Rocas\/Cidade Sat\u00e9lite, via Pra\u00e7a: 4 ve\u00edculos, 24 viagens<br \/>O-38 \u2013 Planalto\/Praia do Meio, via Av. 06: 16 ve\u00edculos, 68 viagens<br \/>O-39 \u2013 Cidade Nova\/Ribeira, via Tirol: 6 ve\u00edculos, 40 viagens<br \/>O-40 \u2013 Planalto\/M\u00e3e Lu\u00edza, via Rua dos Potiguares: 8 ve\u00edculos, 26 viagens<br \/>O-41A \u2013 Leningrado\/Ribeira, via Av. Prudente de Morais: 6 ve\u00edculos, 31 viagens<br \/>N-43 \u2013 Nova Natal\/Morro Branco, via Alecrim: 6 ve\u00edculos, 31 viagens<br \/>L-46 \u2013 Rocas\/Ponta Negra, via Pra\u00e7a: 7 ve\u00edculos, 40 viagens<br \/>S-50 \u2013 Serrambi\/Santa Catarina, via Av. Nevaldo Rocha: 10 ve\u00edculos, 52 viagens<br \/>L-51 \u2013 Rocas\/Pirangi, via Pra\u00e7a: 3 ve\u00edculos, 24 viagens<br \/>L-52 \u2013 Rocas\/Pirangi, via Alecrim: 3 ve\u00edculos, 22 viagens<br \/>L-54 \u2013 Rocas\/Ponta Negra, via Alecrim: 2 ve\u00edculos, 14 viagens<br \/>L-56 \u2013 Rocas\/Ponta Negra, via Via Costeira: 2 ve\u00edculos, 14 viagens;<br \/>O-59 \u2013 Guarapes\/Praia do Meio, via Bom Pastor: 3 ve\u00edculos, 20 viagens<br \/>N-60 \u2013 Paju\u00e7ara\/Mirassol, via Av. Nevaldo Rocha: 5 ve\u00edculos, 33 viagens<br \/>O-63 \u2013 Felipe Camar\u00e3o\/Mirassol, via Av. Nevaldo Rocha: 5 ve\u00edculos, 33 viagens<br \/>N-64 \u2013 Nova Natal\/Ribeira, via Petr\u00f3polis: 5 ve\u00edculos, 30 viagens<br \/>N-70 \u2013 Parque dos Coqueiros\/Ribeira, via Petr\u00f3polis: 4 ve\u00edculos, 24 viagens<br \/>N-72 \u2013 Vale Dourado\/Mirassol, via Av. Nevaldo Rocha: 4 ve\u00edculos, 26 viagens<br \/>N-73 \u2013 Santar\u00e9m\/Ponta Negra, via Av. Nevaldo Rocha: 16 ve\u00edculos, 84 viagens<br \/>N-75 \u2013 Parque das Dunas\/Alecrim, via Petr\u00f3polis: 4 ve\u00edculos, 26 viagens<br \/>N-77 \u2013 Parque dos Coqueiros\/Mirassol, via Av. Nevaldo Rocha: 12 ve\u00edculos, 64 viagens<br \/>N-78 \u2013 Santar\u00e9m\/Nova Descoberta, via Av. Hermes da Fonseca: 3 ve\u00edculos, 18 viagens<br \/>N-79 \u2013 Parque das Dunas\/Mirassol, via Av. Nevaldo Rocha: 6 ve\u00edculos, 36 viagens<br \/>O-83 \u2013 Felipe Camar\u00e3o\/Ponta Negra, via Cidade Sat\u00e9lite: 4 ve\u00edculos, 20 viagens<br \/>N-84 \u2013 Soledade\/Petr\u00f3polis, via Av. Moema T. C. Lima: 5 ve\u00edculos, 33 viagens<br \/>581 \u2013 Vila Verde\/Santa Catarina: 1 ve\u00edculo, 10 viagens<br \/>587 \u2013 Guarapes\/Village de Prata, via Planalto: 1 ve\u00edculo, 14 viagens<br \/>588 \u2013 Circular UFRN: 3 ve\u00edculos, 72,5 viagens<br \/>593 \u2013 Circular Residencial Redinha: 1 ve\u00edculo, 10 viagens<br \/>599 \u2013 Guarapes\/Mirassol, via Av. Cap.-Mor Gouveia: 3 ve\u00edculos, 20 viagens<br \/>Coruj\u00e3o A \u2013 Rocas\/Cidade Alta\/Petr\u00f3polis\/Zona Norte: 1 ve\u00edculo, 2 viagens<br \/>Coruj\u00e3o E \u2013 Felipe Camar\u00e3o\/Ponta Negra, via Av. Nevaldo Rocha: 1 ve\u00edculo, 2 viagens<\/p>\n\n\n\n<p>N\u00e3o ter\u00e3o opera\u00e7\u00e3o as linhas N-26 (Soledade\/Ponta Negra, via Av. Nevaldo Rocha), N-61 (Soledade\/Ribeira, via Petr\u00f3polis), O-33B (Encanto Verde\/Lagoa Nova, via Rua dos Pintassilgos), O-76 (Felipe Camar\u00e3o\/Parque das Dunas), 585 (Terminal Planalto\/Village do Prata) e 589 (Felipe Camar\u00e3o\/Nova Cidade, via Rodovi\u00e1ria\/Jardim Am\u00e9rica).<\/p>\n\n\n\n<p>De acordo com a decis\u00e3o judicial, o sistema dever\u00e1 funcionar no hor\u00e1rio regular de funcionamento e deve ser garantido o acesso as garagens, bem como a n\u00e3o reten\u00e7\u00e3o dos ve\u00edculos em via p\u00fablica.<\/p>\n\n\n\n<p>O \u00f3rg\u00e3o informa ainda que vai fiscalizar o cumprimento da determina\u00e7\u00e3o judicial, elaborando relat\u00f3rios t\u00e9cnicos que, em caso de descumprimento, ser\u00e3o encaminhados \u00e0s autoridades competentes para a aplica\u00e7\u00e3o das san\u00e7\u00f5es previstas.<\/p>\n\n\n\n<p>A STTU reafirma seu compromisso institucional com a ordem p\u00fablica, o cumprimento das decis\u00f5es judiciais e, sobretudo, com a garantia dos direitos da popula\u00e7\u00e3o usu\u00e1ria do transporte coletivo urbano. Agentes de mobilidade urbana acompanhar\u00e3o a movimenta\u00e7\u00e3o durante todo o dia.<\/p>\n","protected":false},"excerpt":{"rendered":"<p>A Prefeitura do Natal, por meio da Secretaria Municipal de Mobilidade Urbana (STTU), est\u00e1 acompanhando com aten\u00e7\u00e3o a paralisa\u00e7\u00e3o deflagrada pelos rodovi\u00e1rios, e j\u00e1 determinou as empresas como deve ser realizada a opera\u00e7\u00e3o durante o per\u00edodo do movimento paredista. O Tribunal Regional do Trabalho da 21\u00aa Regi\u00e3o determinou a opera\u00e7\u00e3o de 70% da frota e [&hellip;]<\/p>\n","protected":false},"author":1,"featured_media":0,"comment_status":"open","ping_status":"open","sticky":false,"template":"","format":"standard","meta":{"cybocfi_hide_featured_image":"","_jetpack_memberships_contains_paid_content":false,"footnotes":""},"categories":[1],"tags":[],"class_list":["post-5516","post","type-post","status-publish","format-standard","hentry","category-diversos"],"yoast_head":"<!-- This site is optimized with the Yoast SEO plugin v25.6 - https:\/\/yoast.com\/wordpress\/plugins\/seo\/ -->\n<title>STTU fiscaliza cumprimento de frota emergencial durante greve dos rodovi\u00e1rios - Blog do Bispo<\/title>\n<meta name=\"robots\" content=\"index, follow, max-snippet:-1, max-image-preview:large, max-video-preview:-1\" \/>\n<link rel=\"canonical\" href=\"https:\/\/blogdobispo.com.br\/?p=5516\" \/>\n<meta property=\"og:locale\" content=\"pt_BR\" \/>\n<meta property=\"og:type\" content=\"article\" \/>\n<meta property=\"og:title\" content=\"STTU fiscaliza cumprimento de frota emergencial durante greve dos rodovi\u00e1rios - Blog do Bispo\" \/>\n<meta property=\"og:description\" content=\"A Prefeitura do Natal, por meio da Secretaria Municipal de Mobilidade Urbana (STTU), est\u00e1 acompanhando com aten\u00e7\u00e3o a paralisa\u00e7\u00e3o deflagrada pelos rodovi\u00e1rios, e j\u00e1 determinou as empresas como deve ser realizada a opera\u00e7\u00e3o durante o per\u00edodo do movimento paredista. O Tribunal Regional do Trabalho da 21\u00aa Regi\u00e3o determinou a opera\u00e7\u00e3o de 70% da frota e [&hellip;]\" \/>\n<meta property=\"og:url\" content=\"https:\/\/blogdobispo.com.br\/?p=5516\" \/>\n<meta property=\"og:site_name\" content=\"Blog do Bispo\" \/>\n<meta property=\"article:published_time\" content=\"2025-06-03T22:59:18+00:00\" \/>\n<meta property=\"og:image\" content=\"https:\/\/blogdobispo.com.br\/wp-content\/uploads\/2025\/06\/06fbf7ad-94f3-48c5-83c8-1f1f1634eb1a-1-1024x595.jpg\" \/>\n<meta name=\"author\" content=\"Jefferson Sterfeno\" \/>\n<meta name=\"twitter:card\" content=\"summary_large_image\" \/>\n<meta name=\"twitter:label1\" content=\"Escrito por\" \/>\n\t<meta name=\"twitter:data1\" content=\"Jefferson Sterfeno\" \/>\n\t<meta name=\"twitter:label2\" content=\"Est. tempo de leitura\" \/>\n\t<meta name=\"twitter:data2\" content=\"4 minutos\" \/>\n<script type=\"application\/ld+json\" class=\"yoast-schema-graph\">{\"@context\":\"https:\/\/schema.org\",\"@graph\":[{\"@type\":\"Article\",\"@id\":\"https:\/\/blogdobispo.com.br\/?p=5516#article\",\"isPartOf\":{\"@id\":\"https:\/\/blogdobispo.com.br\/?p=5516\"},\"author\":{\"name\":\"Jefferson Sterfeno\",\"@id\":\"https:\/\/blogdobispo.com.br\/#\/schema\/person\/e2209cc0e6cea5c5233d033e997b373f\"},\"headline\":\"STTU fiscaliza cumprimento de frota emergencial durante greve dos rodovi\u00e1rios\",\"datePublished\":\"2025-06-03T22:59:18+00:00\",\"mainEntityOfPage\":{\"@id\":\"https:\/\/blogdobispo.com.br\/?p=5516\"},\"wordCount\":729,\"commentCount\":0,\"publisher\":{\"@id\":\"https:\/\/blogdobispo.com.br\/#organization\"},\"image\":{\"@id\":\"https:\/\/blogdobispo.com.br\/?p=5516#primaryimage\"},\"thumbnailUrl\":\"https:\/\/blogdobispo.com.br\/wp-content\/uploads\/2025\/06\/06fbf7ad-94f3-48c5-83c8-1f1f1634eb1a-1-1024x595.jpg\",\"articleSection\":[\"diversos\"],\"inLanguage\":\"pt-BR\",\"potentialAction\":[{\"@type\":\"CommentAction\",\"name\":\"Comment\",\"target\":[\"https:\/\/blogdobispo.com.br\/?p=5516#respond\"]}]},{\"@type\":\"WebPage\",\"@id\":\"https:\/\/blogdobispo.com.br\/?p=5516\",\"url\":\"https:\/\/blogdobispo.com.br\/?p=5516\",\"name\":\"STTU fiscaliza cumprimento de frota emergencial durante greve dos rodovi\u00e1rios - Blog do Bispo\",\"isPartOf\":{\"@id\":\"https:\/\/blogdobispo.com.br\/#website\"},\"primaryImageOfPage\":{\"@id\":\"https:\/\/blogdobispo.com.br\/?p=5516#primaryimage\"},\"image\":{\"@id\":\"https:\/\/blogdobispo.com.br\/?p=5516#primaryimage\"},\"thumbnailUrl\":\"https:\/\/blogdobispo.com.br\/wp-content\/uploads\/2025\/06\/06fbf7ad-94f3-48c5-83c8-1f1f1634eb1a-1-1024x595.jpg\",\"datePublished\":\"2025-06-03T22:59:18+00:00\",\"breadcrumb\":{\"@id\":\"https:\/\/blogdobispo.com.br\/?p=5516#breadcrumb\"},\"inLanguage\":\"pt-BR\",\"potentialAction\":[{\"@type\":\"ReadAction\",\"target\":[\"https:\/\/blogdobispo.com.br\/?p=5516\"]}]},{\"@type\":\"ImageObject\",\"inLanguage\":\"pt-BR\",\"@id\":\"https:\/\/blogdobispo.com.br\/?p=5516#primaryimage\",\"url\":\"https:\/\/blogdobispo.com.br\/wp-content\/uploads\/2025\/06\/06fbf7ad-94f3-48c5-83c8-1f1f1634eb1a-1-1024x595.jpg\",\"contentUrl\":\"https:\/\/blogdobispo.com.br\/wp-content\/uploads\/2025\/06\/06fbf7ad-94f3-48c5-83c8-1f1f1634eb1a-1-1024x595.jpg\"},{\"@type\":\"BreadcrumbList\",\"@id\":\"https:\/\/blogdobispo.com.br\/?p=5516#breadcrumb\",\"itemListElement\":[{\"@type\":\"ListItem\",\"position\":1,\"name\":\"In\u00edcio\",\"item\":\"https:\/\/blogdobispo.com.br\/\"},{\"@type\":\"ListItem\",\"position\":2,\"name\":\"STTU fiscaliza cumprimento de frota emergencial durante greve dos rodovi\u00e1rios\"}]},{\"@type\":\"WebSite\",\"@id\":\"https:\/\/blogdobispo.com.br\/#website\",\"url\":\"https:\/\/blogdobispo.com.br\/\",\"name\":\"Blog do Bispo\",\"description\":\"Comprometido apenas com o leitor\",\"publisher\":{\"@id\":\"https:\/\/blogdobispo.com.br\/#organization\"},\"potentialAction\":[{\"@type\":\"SearchAction\",\"target\":{\"@type\":\"EntryPoint\",\"urlTemplate\":\"https:\/\/blogdobispo.com.br\/?s={search_term_string}\"},\"query-input\":{\"@type\":\"PropertyValueSpecification\",\"valueRequired\":true,\"valueName\":\"search_term_string\"}}],\"inLanguage\":\"pt-BR\"},{\"@type\":\"Organization\",\"@id\":\"https:\/\/blogdobispo.com.br\/#organization\",\"name\":\"Blog do Bispo\",\"url\":\"https:\/\/blogdobispo.com.br\/\",\"logo\":{\"@type\":\"ImageObject\",\"inLanguage\":\"pt-BR\",\"@id\":\"https:\/\/blogdobispo.com.br\/#\/schema\/logo\/image\/\",\"url\":\"http:\/\/blogdobispo.com.br\/wp-content\/uploads\/2023\/05\/cropped-headear.png\",\"contentUrl\":\"http:\/\/blogdobispo.com.br\/wp-content\/uploads\/2023\/05\/cropped-headear.png\",\"width\":1500,\"height\":399,\"caption\":\"Blog do Bispo\"},\"image\":{\"@id\":\"https:\/\/blogdobispo.com.br\/#\/schema\/logo\/image\/\"}},{\"@type\":\"Person\",\"@id\":\"https:\/\/blogdobispo.com.br\/#\/schema\/person\/e2209cc0e6cea5c5233d033e997b373f\",\"name\":\"Jefferson Sterfeno\",\"image\":{\"@type\":\"ImageObject\",\"inLanguage\":\"pt-BR\",\"@id\":\"https:\/\/blogdobispo.com.br\/#\/schema\/person\/image\/\",\"url\":\"https:\/\/secure.gravatar.com\/avatar\/0534e84764641168a677026b6d57a3f51dc7ac4db0b4f6186d9cb330d4ee1160?s=96&d=mm&r=g\",\"contentUrl\":\"https:\/\/secure.gravatar.com\/avatar\/0534e84764641168a677026b6d57a3f51dc7ac4db0b4f6186d9cb330d4ee1160?s=96&d=mm&r=g\",\"caption\":\"Jefferson Sterfeno\"},\"sameAs\":[\"http:\/\/blogdobispo.com.br\"],\"url\":\"https:\/\/blogdobispo.com.br\/?author=1\"}]}<\/script>\n<!-- \/ Yoast SEO plugin. -->","yoast_head_json":{"title":"STTU fiscaliza cumprimento de frota emergencial durante greve dos rodovi\u00e1rios - Blog do Bispo","robots":{"index":"index","follow":"follow","max-snippet":"max-snippet:-1","max-image-preview":"max-image-preview:large","max-video-preview":"max-video-preview:-1"},"canonical":"https:\/\/blogdobispo.com.br\/?p=5516","og_locale":"pt_BR","og_type":"article","og_title":"STTU fiscaliza cumprimento de frota emergencial durante greve dos rodovi\u00e1rios - Blog do Bispo","og_description":"A Prefeitura do Natal, por meio da Secretaria Municipal de Mobilidade Urbana (STTU), est\u00e1 acompanhando com aten\u00e7\u00e3o a paralisa\u00e7\u00e3o deflagrada pelos rodovi\u00e1rios, e j\u00e1 determinou as empresas como deve ser realizada a opera\u00e7\u00e3o durante o per\u00edodo do movimento paredista. O Tribunal Regional do Trabalho da 21\u00aa Regi\u00e3o determinou a opera\u00e7\u00e3o de 70% da frota e [&hellip;]","og_url":"https:\/\/blogdobispo.com.br\/?p=5516","og_site_name":"Blog do Bispo","article_published_time":"2025-06-03T22:59:18+00:00","og_image":[{"url":"https:\/\/blogdobispo.com.br\/wp-content\/uploads\/2025\/06\/06fbf7ad-94f3-48c5-83c8-1f1f1634eb1a-1-1024x595.jpg","type":"","width":"","height":""}],"author":"Jefferson Sterfeno","twitter_card":"summary_large_image","twitter_misc":{"Escrito por":"Jefferson Sterfeno","Est. tempo de leitura":"4 minutos"},"schema":{"@context":"https:\/\/schema.org","@graph":[{"@type":"Article","@id":"https:\/\/blogdobispo.com.br\/?p=5516#article","isPartOf":{"@id":"https:\/\/blogdobispo.com.br\/?p=5516"},"author":{"name":"Jefferson Sterfeno","@id":"https:\/\/blogdobispo.com.br\/#\/schema\/person\/e2209cc0e6cea5c5233d033e997b373f"},"headline":"STTU fiscaliza cumprimento de frota emergencial durante greve dos rodovi\u00e1rios","datePublished":"2025-06-03T22:59:18+00:00","mainEntityOfPage":{"@id":"https:\/\/blogdobispo.com.br\/?p=5516"},"wordCount":729,"commentCount":0,"publisher":{"@id":"https:\/\/blogdobispo.com.br\/#organization"},"image":{"@id":"https:\/\/blogdobispo.com.br\/?p=5516#primaryimage"},"thumbnailUrl":"https:\/\/blogdobispo.com.br\/wp-content\/uploads\/2025\/06\/06fbf7ad-94f3-48c5-83c8-1f1f1634eb1a-1-1024x595.jpg","articleSection":["diversos"],"inLanguage":"pt-BR","potentialAction":[{"@type":"CommentAction","name":"Comment","target":["https:\/\/blogdobispo.com.br\/?p=5516#respond"]}]},{"@type":"WebPage","@id":"https:\/\/blogdobispo.com.br\/?p=5516","url":"https:\/\/blogdobispo.com.br\/?p=5516","name":"STTU fiscaliza cumprimento de frota emergencial durante greve dos rodovi\u00e1rios - Blog do Bispo","isPartOf":{"@id":"https:\/\/blogdobispo.com.br\/#website"},"primaryImageOfPage":{"@id":"https:\/\/blogdobispo.com.br\/?p=5516#primaryimage"},"image":{"@id":"https:\/\/blogdobispo.com.br\/?p=5516#primaryimage"},"thumbnailUrl":"https:\/\/blogdobispo.com.br\/wp-content\/uploads\/2025\/06\/06fbf7ad-94f3-48c5-83c8-1f1f1634eb1a-1-1024x595.jpg","datePublished":"2025-06-03T22:59:18+00:00","breadcrumb":{"@id":"https:\/\/blogdobispo.com.br\/?p=5516#breadcrumb"},"inLanguage":"pt-BR","potentialAction":[{"@type":"ReadAction","target":["https:\/\/blogdobispo.com.br\/?p=5516"]}]},{"@type":"ImageObject","inLanguage":"pt-BR","@id":"https:\/\/blogdobispo.com.br\/?p=5516#primaryimage","url":"https:\/\/blogdobispo.com.br\/wp-content\/uploads\/2025\/06\/06fbf7ad-94f3-48c5-83c8-1f1f1634eb1a-1-1024x595.jpg","contentUrl":"https:\/\/blogdobispo.com.br\/wp-content\/uploads\/2025\/06\/06fbf7ad-94f3-48c5-83c8-1f1f1634eb1a-1-1024x595.jpg"},{"@type":"BreadcrumbList","@id":"https:\/\/blogdobispo.com.br\/?p=5516#breadcrumb","itemListElement":[{"@type":"ListItem","position":1,"name":"In\u00edcio","item":"https:\/\/blogdobispo.com.br\/"},{"@type":"ListItem","position":2,"name":"STTU fiscaliza cumprimento de frota emergencial durante greve dos rodovi\u00e1rios"}]},{"@type":"WebSite","@id":"https:\/\/blogdobispo.com.br\/#website","url":"https:\/\/blogdobispo.com.br\/","name":"Blog do Bispo","description":"Comprometido apenas com o leitor","publisher":{"@id":"https:\/\/blogdobispo.com.br\/#organization"},"potentialAction":[{"@type":"SearchAction","target":{"@type":"EntryPoint","urlTemplate":"https:\/\/blogdobispo.com.br\/?s={search_term_string}"},"query-input":{"@type":"PropertyValueSpecification","valueRequired":true,"valueName":"search_term_string"}}],"inLanguage":"pt-BR"},{"@type":"Organization","@id":"https:\/\/blogdobispo.com.br\/#organization","name":"Blog do Bispo","url":"https:\/\/blogdobispo.com.br\/","logo":{"@type":"ImageObject","inLanguage":"pt-BR","@id":"https:\/\/blogdobispo.com.br\/#\/schema\/logo\/image\/","url":"http:\/\/blogdobispo.com.br\/wp-content\/uploads\/2023\/05\/cropped-headear.png","contentUrl":"http:\/\/blogdobispo.com.br\/wp-content\/uploads\/2023\/05\/cropped-headear.png","width":1500,"height":399,"caption":"Blog do Bispo"},"image":{"@id":"https:\/\/blogdobispo.com.br\/#\/schema\/logo\/image\/"}},{"@type":"Person","@id":"https:\/\/blogdobispo.com.br\/#\/schema\/person\/e2209cc0e6cea5c5233d033e997b373f","name":"Jefferson Sterfeno","image":{"@type":"ImageObject","inLanguage":"pt-BR","@id":"https:\/\/blogdobispo.com.br\/#\/schema\/person\/image\/","url":"https:\/\/secure.gravatar.com\/avatar\/0534e84764641168a677026b6d57a3f51dc7ac4db0b4f6186d9cb330d4ee1160?s=96&d=mm&r=g","contentUrl":"https:\/\/secure.gravatar.com\/avatar\/0534e84764641168a677026b6d57a3f51dc7ac4db0b4f6186d9cb330d4ee1160?s=96&d=mm&r=g","caption":"Jefferson Sterfeno"},"sameAs":["http:\/\/blogdobispo.com.br"],"url":"https:\/\/blogdobispo.com.br\/?author=1"}]}},"featured_image_urls":{"full":"","thumbnail":"","medium":"","medium_large":"","large":"","1536x1536":"","2048x2048":""},"author_info":{"display_name":"Jefferson Sterfeno","author_link":"https:\/\/blogdobispo.com.br\/?author=1"},"category_info":"<a href=\"https:\/\/blogdobispo.com.br\/?cat=1\" rel=\"category\">diversos<\/a>","tag_info":"diversos","comment_count":"0","jetpack_featured_media_url":"","jetpack_sharing_enabled":true,"_links":{"self":[{"href":"https:\/\/blogdobispo.com.br\/index.php?rest_route=\/wp\/v2\/posts\/5516","targetHints":{"allow":["GET"]}}],"collection":[{"href":"https:\/\/blogdobispo.com.br\/index.php?rest_route=\/wp\/v2\/posts"}],"about":[{"href":"https:\/\/blogdobispo.com.br\/index.php?rest_route=\/wp\/v2\/types\/post"}],"author":[{"embeddable":true,"href":"https:\/\/blogdobispo.com.br\/index.php?rest_route=\/wp\/v2\/users\/1"}],"replies":[{"embeddable":true,"href":"https:\/\/blogdobispo.com.br\/index.php?rest_route=%2Fwp%2Fv2%2Fcomments&post=5516"}],"version-history":[{"count":0,"href":"https:\/\/blogdobispo.com.br\/index.php?rest_route=\/wp\/v2\/posts\/5516\/revisions"}],"wp:attachment":[{"href":"https:\/\/blogdobispo.com.br\/index.php?rest_route=%2Fwp%2Fv2%2Fmedia&parent=5516"}],"wp:term":[{"taxonomy":"category","embeddable":true,"href":"https:\/\/blogdobispo.com.br\/index.php?rest_route=%2Fwp%2Fv2%2Fcategories&post=5516"},{"taxonomy":"post_tag","embeddable":true,"href":"https:\/\/blogdobispo.com.br\/index.php?rest_route=%2Fwp%2Fv2%2Ftags&post=5516"}],"curies":[{"name":"wp","href":"https:\/\/api.w.org\/{rel}","templated":true}]}}