{"id":5514,"date":"2025-06-03T18:37:34","date_gmt":"2025-06-03T18:37:34","guid":{"rendered":"https:\/\/blogdobispo.com.br\/?p=5514"},"modified":"2025-06-03T18:37:34","modified_gmt":"2025-06-03T18:37:34","slug":"vereador-pedro-henrique-defende-uniao-na-camara-e-critica-uso-excessivo-de-discurso-ideologico-em-natal","status":"publish","type":"post","link":"https:\/\/blogdobispo.com.br\/?p=5514","title":{"rendered":"Vereador Pedro Henrique defende uni\u00e3o na C\u00e2mara e critica uso excessivo de discurso ideol\u00f3gico em Natal"},"content":{"rendered":"\n<p class=\"p1\"><\/p>\n\n\n\n<p class=\"p3\">Natal (RN) \u2013 Em sess\u00e3o hoje na C\u00e2mara Municipal de Natal, o vereador Pedro Henrique fez um apelo direto aos colegas parlamentares pela supera\u00e7\u00e3o de disputas ideol\u00f3gicas e maior foco em pautas que atendam diretamente \u00e0s necessidades da popula\u00e7\u00e3o da capital potiguar.<\/p>\n\n\n\n<figure class=\"wp-block-image size-large\"><img data-recalc-dims=\"1\" fetchpriority=\"high\" decoding=\"async\" width=\"473\" height=\"470\" src=\"https:\/\/i0.wp.com\/blogdobispo.com.br\/wp-content\/uploads\/2025\/06\/image-1-1.jpg?resize=473%2C470&#038;ssl=1\" class=\"wp-image-5513\" srcset=\"https:\/\/i0.wp.com\/blogdobispo.com.br\/wp-content\/uploads\/2025\/06\/image-1-1.jpg?w=473&amp;ssl=1 473w, https:\/\/i0.wp.com\/blogdobispo.com.br\/wp-content\/uploads\/2025\/06\/image-1-1.jpg?resize=300%2C298&amp;ssl=1 300w, https:\/\/i0.wp.com\/blogdobispo.com.br\/wp-content\/uploads\/2025\/06\/image-1-1.jpg?resize=150%2C150&amp;ssl=1 150w\" sizes=\"(max-width: 473px) 100vw, 473px\" \/><\/figure>\n\n\n\n<p class=\"p3\">Durante seu pronunciamento no plen\u00e1rio, Pedro Henrique destacou que o momento exige responsabilidade pol\u00edtica e maturidade institucional. Segundo ele, o embate pol\u00edtico precisa ceder espa\u00e7o para o di\u00e1logo construtivo e a\u00e7\u00f5es concretas voltadas para \u00e1reas como sa\u00fade, educa\u00e7\u00e3o, mobilidade urbana e seguran\u00e7a.<\/p>\n\n\n\n<blockquote class=\"wp-block-quote is-layout-flow wp-block-quote-is-layout-flow\">\n<p>\u201cA popula\u00e7\u00e3o est\u00e1 cansada de discursos inflamados que n\u00e3o resolvem os problemas do dia a dia. Precisamos de uni\u00e3o, de compromisso coletivo, e de foco no que realmente importa para o povo de Natal\u201d, afirmou o vereador.<\/p>\n<\/blockquote>\n\n\n\n<p class=\"p3\">O parlamentar tamb\u00e9m criticou o uso recorrente de narrativas ideol\u00f3gicas como forma de travar o andamento de projetos importantes, refor\u00e7ando que o papel da C\u00e2mara \u00e9 oferecer solu\u00e7\u00f5es pr\u00e1ticas e respeitar a pluralidade de pensamentos sem paralisar os trabalhos legislativos.<\/p>\n\n\n\n<p class=\"p3\">A fala repercutiu entre outros vereadores, que, mesmo com diverg\u00eancias, concordaram com a necessidade de fortalecer o di\u00e1logo e acelerar o andamento de mat\u00e9rias priorit\u00e1rias para a cidade.<\/p>\n\n\n\n<p class=\"p3\">Pedro Henrique tem se posicionado como uma voz de equil\u00edbrio dentro da Casa Legislativa, buscando media\u00e7\u00e3o entre blocos com posicionamentos distintos. Ele defende que, apesar das diferen\u00e7as, o compromisso com Natal deve prevalecer.<\/p>\n","protected":false},"excerpt":{"rendered":"<p>Natal (RN) \u2013 Em sess\u00e3o hoje na C\u00e2mara Municipal de Natal, o vereador Pedro Henrique fez um apelo direto aos colegas parlamentares pela supera\u00e7\u00e3o de disputas ideol\u00f3gicas e maior foco em pautas que atendam diretamente \u00e0s necessidades da popula\u00e7\u00e3o da capital potiguar. Durante seu pronunciamento no plen\u00e1rio, Pedro Henrique destacou que o momento exige responsabilidade [&hellip;]<\/p>\n","protected":false},"author":1,"featured_media":0,"comment_status":"open","ping_status":"open","sticky":false,"template":"","format":"standard","meta":{"cybocfi_hide_featured_image":"","_jetpack_memberships_contains_paid_content":false,"footnotes":""},"categories":[1],"tags":[],"class_list":["post-5514","post","type-post","status-publish","format-standard","hentry","category-diversos"],"yoast_head":"<!-- This site is optimized with the Yoast SEO plugin v25.6 - https:\/\/yoast.com\/wordpress\/plugins\/seo\/ -->\n<title>Vereador Pedro Henrique defende uni\u00e3o na C\u00e2mara e critica uso excessivo de discurso ideol\u00f3gico em Natal - Blog do Bispo<\/title>\n<meta name=\"robots\" content=\"index, follow, max-snippet:-1, max-image-preview:large, max-video-preview:-1\" \/>\n<link rel=\"canonical\" href=\"https:\/\/blogdobispo.com.br\/?p=5514\" \/>\n<meta property=\"og:locale\" content=\"pt_BR\" \/>\n<meta property=\"og:type\" content=\"article\" \/>\n<meta property=\"og:title\" content=\"Vereador Pedro Henrique defende uni\u00e3o na C\u00e2mara e critica uso excessivo de discurso ideol\u00f3gico em Natal - Blog do Bispo\" \/>\n<meta property=\"og:description\" content=\"Natal (RN) \u2013 Em sess\u00e3o hoje na C\u00e2mara Municipal de Natal, o vereador Pedro Henrique fez um apelo direto aos colegas parlamentares pela supera\u00e7\u00e3o de disputas ideol\u00f3gicas e maior foco em pautas que atendam diretamente \u00e0s necessidades da popula\u00e7\u00e3o da capital potiguar. Durante seu pronunciamento no plen\u00e1rio, Pedro Henrique destacou que o momento exige responsabilidade [&hellip;]\" \/>\n<meta property=\"og:url\" content=\"https:\/\/blogdobispo.com.br\/?p=5514\" \/>\n<meta property=\"og:site_name\" content=\"Blog do Bispo\" \/>\n<meta property=\"article:published_time\" content=\"2025-06-03T18:37:34+00:00\" \/>\n<meta property=\"og:image\" content=\"https:\/\/blogdobispo.com.br\/wp-content\/uploads\/2025\/06\/image-1-1.jpg\" \/>\n<meta name=\"author\" content=\"Jefferson Sterfeno\" \/>\n<meta name=\"twitter:card\" content=\"summary_large_image\" \/>\n<meta name=\"twitter:label1\" content=\"Escrito por\" \/>\n\t<meta name=\"twitter:data1\" content=\"Jefferson Sterfeno\" \/>\n\t<meta name=\"twitter:label2\" content=\"Est. tempo de leitura\" \/>\n\t<meta name=\"twitter:data2\" content=\"1 minuto\" \/>\n<script type=\"application\/ld+json\" class=\"yoast-schema-graph\">{\"@context\":\"https:\/\/schema.org\",\"@graph\":[{\"@type\":\"Article\",\"@id\":\"https:\/\/blogdobispo.com.br\/?p=5514#article\",\"isPartOf\":{\"@id\":\"https:\/\/blogdobispo.com.br\/?p=5514\"},\"author\":{\"name\":\"Jefferson Sterfeno\",\"@id\":\"https:\/\/blogdobispo.com.br\/#\/schema\/person\/e2209cc0e6cea5c5233d033e997b373f\"},\"headline\":\"Vereador Pedro Henrique defende uni\u00e3o na C\u00e2mara e critica uso excessivo de discurso ideol\u00f3gico em Natal\",\"datePublished\":\"2025-06-03T18:37:34+00:00\",\"mainEntityOfPage\":{\"@id\":\"https:\/\/blogdobispo.com.br\/?p=5514\"},\"wordCount\":269,\"commentCount\":0,\"publisher\":{\"@id\":\"https:\/\/blogdobispo.com.br\/#organization\"},\"image\":{\"@id\":\"https:\/\/blogdobispo.com.br\/?p=5514#primaryimage\"},\"thumbnailUrl\":\"https:\/\/blogdobispo.com.br\/wp-content\/uploads\/2025\/06\/image-1-1.jpg\",\"articleSection\":[\"diversos\"],\"inLanguage\":\"pt-BR\",\"potentialAction\":[{\"@type\":\"CommentAction\",\"name\":\"Comment\",\"target\":[\"https:\/\/blogdobispo.com.br\/?p=5514#respond\"]}]},{\"@type\":\"WebPage\",\"@id\":\"https:\/\/blogdobispo.com.br\/?p=5514\",\"url\":\"https:\/\/blogdobispo.com.br\/?p=5514\",\"name\":\"Vereador Pedro Henrique defende uni\u00e3o na C\u00e2mara e critica uso excessivo de discurso ideol\u00f3gico em Natal - Blog do Bispo\",\"isPartOf\":{\"@id\":\"https:\/\/blogdobispo.com.br\/#website\"},\"primaryImageOfPage\":{\"@id\":\"https:\/\/blogdobispo.com.br\/?p=5514#primaryimage\"},\"image\":{\"@id\":\"https:\/\/blogdobispo.com.br\/?p=5514#primaryimage\"},\"thumbnailUrl\":\"https:\/\/blogdobispo.com.br\/wp-content\/uploads\/2025\/06\/image-1-1.jpg\",\"datePublished\":\"2025-06-03T18:37:34+00:00\",\"breadcrumb\":{\"@id\":\"https:\/\/blogdobispo.com.br\/?p=5514#breadcrumb\"},\"inLanguage\":\"pt-BR\",\"potentialAction\":[{\"@type\":\"ReadAction\",\"target\":[\"https:\/\/blogdobispo.com.br\/?p=5514\"]}]},{\"@type\":\"ImageObject\",\"inLanguage\":\"pt-BR\",\"@id\":\"https:\/\/blogdobispo.com.br\/?p=5514#primaryimage\",\"url\":\"https:\/\/blogdobispo.com.br\/wp-content\/uploads\/2025\/06\/image-1-1.jpg\",\"contentUrl\":\"https:\/\/blogdobispo.com.br\/wp-content\/uploads\/2025\/06\/image-1-1.jpg\"},{\"@type\":\"BreadcrumbList\",\"@id\":\"https:\/\/blogdobispo.com.br\/?p=5514#breadcrumb\",\"itemListElement\":[{\"@type\":\"ListItem\",\"position\":1,\"name\":\"In\u00edcio\",\"item\":\"https:\/\/blogdobispo.com.br\/\"},{\"@type\":\"ListItem\",\"position\":2,\"name\":\"Vereador Pedro Henrique defende uni\u00e3o na C\u00e2mara e critica uso excessivo de discurso ideol\u00f3gico em Natal\"}]},{\"@type\":\"WebSite\",\"@id\":\"https:\/\/blogdobispo.com.br\/#website\",\"url\":\"https:\/\/blogdobispo.com.br\/\",\"name\":\"Blog do Bispo\",\"description\":\"Comprometido apenas com o leitor\",\"publisher\":{\"@id\":\"https:\/\/blogdobispo.com.br\/#organization\"},\"potentialAction\":[{\"@type\":\"SearchAction\",\"target\":{\"@type\":\"EntryPoint\",\"urlTemplate\":\"https:\/\/blogdobispo.com.br\/?s={search_term_string}\"},\"query-input\":{\"@type\":\"PropertyValueSpecification\",\"valueRequired\":true,\"valueName\":\"search_term_string\"}}],\"inLanguage\":\"pt-BR\"},{\"@type\":\"Organization\",\"@id\":\"https:\/\/blogdobispo.com.br\/#organization\",\"name\":\"Blog do Bispo\",\"url\":\"https:\/\/blogdobispo.com.br\/\",\"logo\":{\"@type\":\"ImageObject\",\"inLanguage\":\"pt-BR\",\"@id\":\"https:\/\/blogdobispo.com.br\/#\/schema\/logo\/image\/\",\"url\":\"http:\/\/blogdobispo.com.br\/wp-content\/uploads\/2023\/05\/cropped-headear.png\",\"contentUrl\":\"http:\/\/blogdobispo.com.br\/wp-content\/uploads\/2023\/05\/cropped-headear.png\",\"width\":1500,\"height\":399,\"caption\":\"Blog do Bispo\"},\"image\":{\"@id\":\"https:\/\/blogdobispo.com.br\/#\/schema\/logo\/image\/\"}},{\"@type\":\"Person\",\"@id\":\"https:\/\/blogdobispo.com.br\/#\/schema\/person\/e2209cc0e6cea5c5233d033e997b373f\",\"name\":\"Jefferson Sterfeno\",\"image\":{\"@type\":\"ImageObject\",\"inLanguage\":\"pt-BR\",\"@id\":\"https:\/\/blogdobispo.com.br\/#\/schema\/person\/image\/\",\"url\":\"https:\/\/secure.gravatar.com\/avatar\/0534e84764641168a677026b6d57a3f51dc7ac4db0b4f6186d9cb330d4ee1160?s=96&d=mm&r=g\",\"contentUrl\":\"https:\/\/secure.gravatar.com\/avatar\/0534e84764641168a677026b6d57a3f51dc7ac4db0b4f6186d9cb330d4ee1160?s=96&d=mm&r=g\",\"caption\":\"Jefferson Sterfeno\"},\"sameAs\":[\"http:\/\/blogdobispo.com.br\"],\"url\":\"https:\/\/blogdobispo.com.br\/?author=1\"}]}<\/script>\n<!-- \/ Yoast SEO plugin. -->","yoast_head_json":{"title":"Vereador Pedro Henrique defende uni\u00e3o na C\u00e2mara e critica uso excessivo de discurso ideol\u00f3gico em Natal - Blog do Bispo","robots":{"index":"index","follow":"follow","max-snippet":"max-snippet:-1","max-image-preview":"max-image-preview:large","max-video-preview":"max-video-preview:-1"},"canonical":"https:\/\/blogdobispo.com.br\/?p=5514","og_locale":"pt_BR","og_type":"article","og_title":"Vereador Pedro Henrique defende uni\u00e3o na C\u00e2mara e critica uso excessivo de discurso ideol\u00f3gico em Natal - Blog do Bispo","og_description":"Natal (RN) \u2013 Em sess\u00e3o hoje na C\u00e2mara Municipal de Natal, o vereador Pedro Henrique fez um apelo direto aos colegas parlamentares pela supera\u00e7\u00e3o de disputas ideol\u00f3gicas e maior foco em pautas que atendam diretamente \u00e0s necessidades da popula\u00e7\u00e3o da capital potiguar. Durante seu pronunciamento no plen\u00e1rio, Pedro Henrique destacou que o momento exige responsabilidade [&hellip;]","og_url":"https:\/\/blogdobispo.com.br\/?p=5514","og_site_name":"Blog do Bispo","article_published_time":"2025-06-03T18:37:34+00:00","og_image":[{"url":"https:\/\/blogdobispo.com.br\/wp-content\/uploads\/2025\/06\/image-1-1.jpg","type":"","width":"","height":""}],"author":"Jefferson Sterfeno","twitter_card":"summary_large_image","twitter_misc":{"Escrito por":"Jefferson Sterfeno","Est. tempo de leitura":"1 minuto"},"schema":{"@context":"https:\/\/schema.org","@graph":[{"@type":"Article","@id":"https:\/\/blogdobispo.com.br\/?p=5514#article","isPartOf":{"@id":"https:\/\/blogdobispo.com.br\/?p=5514"},"author":{"name":"Jefferson Sterfeno","@id":"https:\/\/blogdobispo.com.br\/#\/schema\/person\/e2209cc0e6cea5c5233d033e997b373f"},"headline":"Vereador Pedro Henrique defende uni\u00e3o na C\u00e2mara e critica uso excessivo de discurso ideol\u00f3gico em Natal","datePublished":"2025-06-03T18:37:34+00:00","mainEntityOfPage":{"@id":"https:\/\/blogdobispo.com.br\/?p=5514"},"wordCount":269,"commentCount":0,"publisher":{"@id":"https:\/\/blogdobispo.com.br\/#organization"},"image":{"@id":"https:\/\/blogdobispo.com.br\/?p=5514#primaryimage"},"thumbnailUrl":"https:\/\/blogdobispo.com.br\/wp-content\/uploads\/2025\/06\/image-1-1.jpg","articleSection":["diversos"],"inLanguage":"pt-BR","potentialAction":[{"@type":"CommentAction","name":"Comment","target":["https:\/\/blogdobispo.com.br\/?p=5514#respond"]}]},{"@type":"WebPage","@id":"https:\/\/blogdobispo.com.br\/?p=5514","url":"https:\/\/blogdobispo.com.br\/?p=5514","name":"Vereador Pedro Henrique defende uni\u00e3o na C\u00e2mara e critica uso excessivo de discurso ideol\u00f3gico em Natal - Blog do Bispo","isPartOf":{"@id":"https:\/\/blogdobispo.com.br\/#website"},"primaryImageOfPage":{"@id":"https:\/\/blogdobispo.com.br\/?p=5514#primaryimage"},"image":{"@id":"https:\/\/blogdobispo.com.br\/?p=5514#primaryimage"},"thumbnailUrl":"https:\/\/blogdobispo.com.br\/wp-content\/uploads\/2025\/06\/image-1-1.jpg","datePublished":"2025-06-03T18:37:34+00:00","breadcrumb":{"@id":"https:\/\/blogdobispo.com.br\/?p=5514#breadcrumb"},"inLanguage":"pt-BR","potentialAction":[{"@type":"ReadAction","target":["https:\/\/blogdobispo.com.br\/?p=5514"]}]},{"@type":"ImageObject","inLanguage":"pt-BR","@id":"https:\/\/blogdobispo.com.br\/?p=5514#primaryimage","url":"https:\/\/blogdobispo.com.br\/wp-content\/uploads\/2025\/06\/image-1-1.jpg","contentUrl":"https:\/\/blogdobispo.com.br\/wp-content\/uploads\/2025\/06\/image-1-1.jpg"},{"@type":"BreadcrumbList","@id":"https:\/\/blogdobispo.com.br\/?p=5514#breadcrumb","itemListElement":[{"@type":"ListItem","position":1,"name":"In\u00edcio","item":"https:\/\/blogdobispo.com.br\/"},{"@type":"ListItem","position":2,"name":"Vereador Pedro Henrique defende uni\u00e3o na C\u00e2mara e critica uso excessivo de discurso ideol\u00f3gico em Natal"}]},{"@type":"WebSite","@id":"https:\/\/blogdobispo.com.br\/#website","url":"https:\/\/blogdobispo.com.br\/","name":"Blog do Bispo","description":"Comprometido apenas com o leitor","publisher":{"@id":"https:\/\/blogdobispo.com.br\/#organization"},"potentialAction":[{"@type":"SearchAction","target":{"@type":"EntryPoint","urlTemplate":"https:\/\/blogdobispo.com.br\/?s={search_term_string}"},"query-input":{"@type":"PropertyValueSpecification","valueRequired":true,"valueName":"search_term_string"}}],"inLanguage":"pt-BR"},{"@type":"Organization","@id":"https:\/\/blogdobispo.com.br\/#organization","name":"Blog do Bispo","url":"https:\/\/blogdobispo.com.br\/","logo":{"@type":"ImageObject","inLanguage":"pt-BR","@id":"https:\/\/blogdobispo.com.br\/#\/schema\/logo\/image\/","url":"http:\/\/blogdobispo.com.br\/wp-content\/uploads\/2023\/05\/cropped-headear.png","contentUrl":"http:\/\/blogdobispo.com.br\/wp-content\/uploads\/2023\/05\/cropped-headear.png","width":1500,"height":399,"caption":"Blog do Bispo"},"image":{"@id":"https:\/\/blogdobispo.com.br\/#\/schema\/logo\/image\/"}},{"@type":"Person","@id":"https:\/\/blogdobispo.com.br\/#\/schema\/person\/e2209cc0e6cea5c5233d033e997b373f","name":"Jefferson Sterfeno","image":{"@type":"ImageObject","inLanguage":"pt-BR","@id":"https:\/\/blogdobispo.com.br\/#\/schema\/person\/image\/","url":"https:\/\/secure.gravatar.com\/avatar\/0534e84764641168a677026b6d57a3f51dc7ac4db0b4f6186d9cb330d4ee1160?s=96&d=mm&r=g","contentUrl":"https:\/\/secure.gravatar.com\/avatar\/0534e84764641168a677026b6d57a3f51dc7ac4db0b4f6186d9cb330d4ee1160?s=96&d=mm&r=g","caption":"Jefferson Sterfeno"},"sameAs":["http:\/\/blogdobispo.com.br"],"url":"https:\/\/blogdobispo.com.br\/?author=1"}]}},"featured_image_urls":{"full":"","thumbnail":"","medium":"","medium_large":"","large":"","1536x1536":"","2048x2048":""},"author_info":{"display_name":"Jefferson Sterfeno","author_link":"https:\/\/blogdobispo.com.br\/?author=1"},"category_info":"<a href=\"https:\/\/blogdobispo.com.br\/?cat=1\" rel=\"category\">diversos<\/a>","tag_info":"diversos","comment_count":"0","jetpack_featured_media_url":"","jetpack_sharing_enabled":true,"_links":{"self":[{"href":"https:\/\/blogdobispo.com.br\/index.php?rest_route=\/wp\/v2\/posts\/5514","targetHints":{"allow":["GET"]}}],"collection":[{"href":"https:\/\/blogdobispo.com.br\/index.php?rest_route=\/wp\/v2\/posts"}],"about":[{"href":"https:\/\/blogdobispo.com.br\/index.php?rest_route=\/wp\/v2\/types\/post"}],"author":[{"embeddable":true,"href":"https:\/\/blogdobispo.com.br\/index.php?rest_route=\/wp\/v2\/users\/1"}],"replies":[{"embeddable":true,"href":"https:\/\/blogdobispo.com.br\/index.php?rest_route=%2Fwp%2Fv2%2Fcomments&post=5514"}],"version-history":[{"count":0,"href":"https:\/\/blogdobispo.com.br\/index.php?rest_route=\/wp\/v2\/posts\/5514\/revisions"}],"wp:attachment":[{"href":"https:\/\/blogdobispo.com.br\/index.php?rest_route=%2Fwp%2Fv2%2Fmedia&parent=5514"}],"wp:term":[{"taxonomy":"category","embeddable":true,"href":"https:\/\/blogdobispo.com.br\/index.php?rest_route=%2Fwp%2Fv2%2Fcategories&post=5514"},{"taxonomy":"post_tag","embeddable":true,"href":"https:\/\/blogdobispo.com.br\/index.php?rest_route=%2Fwp%2Fv2%2Ftags&post=5514"}],"curies":[{"name":"wp","href":"https:\/\/api.w.org\/{rel}","templated":true}]}}