{"id":5510,"date":"2025-06-03T14:30:47","date_gmt":"2025-06-03T14:30:47","guid":{"rendered":"https:\/\/blogdobispo.com.br\/?p=5510"},"modified":"2025-06-03T14:30:47","modified_gmt":"2025-06-03T14:30:47","slug":"joanna-guerra-pode-disputar-vaga-a-camara-federal-nas-eleicoes-de-2026","status":"publish","type":"post","link":"https:\/\/blogdobispo.com.br\/?p=5510","title":{"rendered":"Joanna Guerra pode disputar vaga \u00e0 C\u00e2mara Federal nas elei\u00e7\u00f5es de 2026"},"content":{"rendered":"\n<figure class=\"wp-block-image size-large\"><img data-recalc-dims=\"1\" fetchpriority=\"high\" decoding=\"async\" width=\"661\" height=\"464\" src=\"https:\/\/i0.wp.com\/blogdobispo.com.br\/wp-content\/uploads\/2025\/06\/img_4760-1.jpg?resize=661%2C464&#038;ssl=1\" class=\"wp-image-5509\" srcset=\"https:\/\/i0.wp.com\/blogdobispo.com.br\/wp-content\/uploads\/2025\/06\/img_4760-1.jpg?w=661&amp;ssl=1 661w, https:\/\/i0.wp.com\/blogdobispo.com.br\/wp-content\/uploads\/2025\/06\/img_4760-1.jpg?resize=300%2C211&amp;ssl=1 300w\" sizes=\"(max-width: 661px) 100vw, 661px\" \/><\/figure>\n\n\n\n<p class=\"p1\"><\/p>\n\n\n\n<p class=\"p3\">Natal (RN) \u2013 O nome de Joanna Guerra come\u00e7a a ganhar for\u00e7a nos bastidores da pol\u00edtica potiguar como poss\u00edvel candidata a deputada federal nas elei\u00e7\u00f5es de 2026. Atuante em causas sociais e com crescente engajamento em debates p\u00fablicos sobre pol\u00edticas urbanas e direitos civis, Joanna \u00e9 vista como um novo rosto promissor na disputa pela renova\u00e7\u00e3o da bancada do Rio Grande do Norte no Congresso Nacional.<\/p>\n\n\n\n<p class=\"p3\">Embora ainda n\u00e3o tenha feito um an\u00fancio oficial, aliados pr\u00f3ximos afirmam que as conversas com lideran\u00e7as partid\u00e1rias j\u00e1 est\u00e3o em est\u00e1gio avan\u00e7ado. O nome de Joanna agrada tanto setores progressistas quanto figuras do centro pol\u00edtico, o que pode facilitar alian\u00e7as estrat\u00e9gicas durante a campanha.<\/p>\n\n\n\n<p class=\"p3\">\u201cJoanna representa uma nova postura: firme, comprometida com o social e com forte conex\u00e3o com a juventude e os movimentos de base\u201d, comenta uma lideran\u00e7a comunit\u00e1ria da zona Oeste de Natal.<\/p>\n\n\n\n<p class=\"p3\">Al\u00e9m do capital pol\u00edtico crescente, Joanna Guerra tamb\u00e9m vem ampliando sua presen\u00e7a nas redes sociais, dialogando diretamente com temas como mobilidade urbana, educa\u00e7\u00e3o p\u00fablica e seguran\u00e7a para mulheres \u2014 pautas que t\u00eam resson\u00e2ncia com o eleitorado jovem e urbano da capital.<\/p>\n\n\n\n<p class=\"p3\">Caso confirme a candidatura, ela dever\u00e1 disputar a elei\u00e7\u00e3o por um partido com estrutura competitiva, o que pode coloc\u00e1-la em posi\u00e7\u00e3o de destaque no pleito de 2026.<\/p>\n","protected":false},"excerpt":{"rendered":"<p>Natal (RN) \u2013 O nome de Joanna Guerra come\u00e7a a ganhar for\u00e7a nos bastidores da pol\u00edtica potiguar como poss\u00edvel candidata a deputada federal nas elei\u00e7\u00f5es de 2026. Atuante em causas sociais e com crescente engajamento em debates p\u00fablicos sobre pol\u00edticas urbanas e direitos civis, Joanna \u00e9 vista como um novo rosto promissor na disputa pela [&hellip;]<\/p>\n","protected":false},"author":1,"featured_media":0,"comment_status":"open","ping_status":"open","sticky":false,"template":"","format":"standard","meta":{"cybocfi_hide_featured_image":"","_jetpack_memberships_contains_paid_content":false,"footnotes":""},"categories":[1],"tags":[],"class_list":["post-5510","post","type-post","status-publish","format-standard","hentry","category-diversos"],"yoast_head":"<!-- This site is optimized with the Yoast SEO plugin v25.6 - https:\/\/yoast.com\/wordpress\/plugins\/seo\/ -->\n<title>Joanna Guerra pode disputar vaga \u00e0 C\u00e2mara Federal nas elei\u00e7\u00f5es de 2026 - Blog do Bispo<\/title>\n<meta name=\"robots\" content=\"index, follow, max-snippet:-1, max-image-preview:large, max-video-preview:-1\" \/>\n<link rel=\"canonical\" href=\"https:\/\/blogdobispo.com.br\/?p=5510\" \/>\n<meta property=\"og:locale\" content=\"pt_BR\" \/>\n<meta property=\"og:type\" content=\"article\" \/>\n<meta property=\"og:title\" content=\"Joanna Guerra pode disputar vaga \u00e0 C\u00e2mara Federal nas elei\u00e7\u00f5es de 2026 - Blog do Bispo\" \/>\n<meta property=\"og:description\" content=\"Natal (RN) \u2013 O nome de Joanna Guerra come\u00e7a a ganhar for\u00e7a nos bastidores da pol\u00edtica potiguar como poss\u00edvel candidata a deputada federal nas elei\u00e7\u00f5es de 2026. Atuante em causas sociais e com crescente engajamento em debates p\u00fablicos sobre pol\u00edticas urbanas e direitos civis, Joanna \u00e9 vista como um novo rosto promissor na disputa pela [&hellip;]\" \/>\n<meta property=\"og:url\" content=\"https:\/\/blogdobispo.com.br\/?p=5510\" \/>\n<meta property=\"og:site_name\" content=\"Blog do Bispo\" \/>\n<meta property=\"article:published_time\" content=\"2025-06-03T14:30:47+00:00\" \/>\n<meta property=\"og:image\" content=\"https:\/\/blogdobispo.com.br\/wp-content\/uploads\/2025\/06\/img_4760-1.jpg\" \/>\n<meta name=\"author\" content=\"Jefferson Sterfeno\" \/>\n<meta name=\"twitter:card\" content=\"summary_large_image\" \/>\n<meta name=\"twitter:label1\" content=\"Escrito por\" \/>\n\t<meta name=\"twitter:data1\" content=\"Jefferson Sterfeno\" \/>\n\t<meta name=\"twitter:label2\" content=\"Est. tempo de leitura\" \/>\n\t<meta name=\"twitter:data2\" content=\"1 minuto\" \/>\n<script type=\"application\/ld+json\" class=\"yoast-schema-graph\">{\"@context\":\"https:\/\/schema.org\",\"@graph\":[{\"@type\":\"Article\",\"@id\":\"https:\/\/blogdobispo.com.br\/?p=5510#article\",\"isPartOf\":{\"@id\":\"https:\/\/blogdobispo.com.br\/?p=5510\"},\"author\":{\"name\":\"Jefferson Sterfeno\",\"@id\":\"https:\/\/blogdobispo.com.br\/#\/schema\/person\/e2209cc0e6cea5c5233d033e997b373f\"},\"headline\":\"Joanna Guerra pode disputar vaga \u00e0 C\u00e2mara Federal nas elei\u00e7\u00f5es de 2026\",\"datePublished\":\"2025-06-03T14:30:47+00:00\",\"mainEntityOfPage\":{\"@id\":\"https:\/\/blogdobispo.com.br\/?p=5510\"},\"wordCount\":250,\"commentCount\":0,\"publisher\":{\"@id\":\"https:\/\/blogdobispo.com.br\/#organization\"},\"image\":{\"@id\":\"https:\/\/blogdobispo.com.br\/?p=5510#primaryimage\"},\"thumbnailUrl\":\"https:\/\/blogdobispo.com.br\/wp-content\/uploads\/2025\/06\/img_4760-1.jpg\",\"articleSection\":[\"diversos\"],\"inLanguage\":\"pt-BR\",\"potentialAction\":[{\"@type\":\"CommentAction\",\"name\":\"Comment\",\"target\":[\"https:\/\/blogdobispo.com.br\/?p=5510#respond\"]}]},{\"@type\":\"WebPage\",\"@id\":\"https:\/\/blogdobispo.com.br\/?p=5510\",\"url\":\"https:\/\/blogdobispo.com.br\/?p=5510\",\"name\":\"Joanna Guerra pode disputar vaga \u00e0 C\u00e2mara Federal nas elei\u00e7\u00f5es de 2026 - Blog do Bispo\",\"isPartOf\":{\"@id\":\"https:\/\/blogdobispo.com.br\/#website\"},\"primaryImageOfPage\":{\"@id\":\"https:\/\/blogdobispo.com.br\/?p=5510#primaryimage\"},\"image\":{\"@id\":\"https:\/\/blogdobispo.com.br\/?p=5510#primaryimage\"},\"thumbnailUrl\":\"https:\/\/blogdobispo.com.br\/wp-content\/uploads\/2025\/06\/img_4760-1.jpg\",\"datePublished\":\"2025-06-03T14:30:47+00:00\",\"breadcrumb\":{\"@id\":\"https:\/\/blogdobispo.com.br\/?p=5510#breadcrumb\"},\"inLanguage\":\"pt-BR\",\"potentialAction\":[{\"@type\":\"ReadAction\",\"target\":[\"https:\/\/blogdobispo.com.br\/?p=5510\"]}]},{\"@type\":\"ImageObject\",\"inLanguage\":\"pt-BR\",\"@id\":\"https:\/\/blogdobispo.com.br\/?p=5510#primaryimage\",\"url\":\"https:\/\/blogdobispo.com.br\/wp-content\/uploads\/2025\/06\/img_4760-1.jpg\",\"contentUrl\":\"https:\/\/blogdobispo.com.br\/wp-content\/uploads\/2025\/06\/img_4760-1.jpg\"},{\"@type\":\"BreadcrumbList\",\"@id\":\"https:\/\/blogdobispo.com.br\/?p=5510#breadcrumb\",\"itemListElement\":[{\"@type\":\"ListItem\",\"position\":1,\"name\":\"In\u00edcio\",\"item\":\"https:\/\/blogdobispo.com.br\/\"},{\"@type\":\"ListItem\",\"position\":2,\"name\":\"Joanna Guerra pode disputar vaga \u00e0 C\u00e2mara Federal nas elei\u00e7\u00f5es de 2026\"}]},{\"@type\":\"WebSite\",\"@id\":\"https:\/\/blogdobispo.com.br\/#website\",\"url\":\"https:\/\/blogdobispo.com.br\/\",\"name\":\"Blog do Bispo\",\"description\":\"Comprometido apenas com o leitor\",\"publisher\":{\"@id\":\"https:\/\/blogdobispo.com.br\/#organization\"},\"potentialAction\":[{\"@type\":\"SearchAction\",\"target\":{\"@type\":\"EntryPoint\",\"urlTemplate\":\"https:\/\/blogdobispo.com.br\/?s={search_term_string}\"},\"query-input\":{\"@type\":\"PropertyValueSpecification\",\"valueRequired\":true,\"valueName\":\"search_term_string\"}}],\"inLanguage\":\"pt-BR\"},{\"@type\":\"Organization\",\"@id\":\"https:\/\/blogdobispo.com.br\/#organization\",\"name\":\"Blog do Bispo\",\"url\":\"https:\/\/blogdobispo.com.br\/\",\"logo\":{\"@type\":\"ImageObject\",\"inLanguage\":\"pt-BR\",\"@id\":\"https:\/\/blogdobispo.com.br\/#\/schema\/logo\/image\/\",\"url\":\"http:\/\/blogdobispo.com.br\/wp-content\/uploads\/2023\/05\/cropped-headear.png\",\"contentUrl\":\"http:\/\/blogdobispo.com.br\/wp-content\/uploads\/2023\/05\/cropped-headear.png\",\"width\":1500,\"height\":399,\"caption\":\"Blog do Bispo\"},\"image\":{\"@id\":\"https:\/\/blogdobispo.com.br\/#\/schema\/logo\/image\/\"}},{\"@type\":\"Person\",\"@id\":\"https:\/\/blogdobispo.com.br\/#\/schema\/person\/e2209cc0e6cea5c5233d033e997b373f\",\"name\":\"Jefferson Sterfeno\",\"image\":{\"@type\":\"ImageObject\",\"inLanguage\":\"pt-BR\",\"@id\":\"https:\/\/blogdobispo.com.br\/#\/schema\/person\/image\/\",\"url\":\"https:\/\/secure.gravatar.com\/avatar\/0534e84764641168a677026b6d57a3f51dc7ac4db0b4f6186d9cb330d4ee1160?s=96&d=mm&r=g\",\"contentUrl\":\"https:\/\/secure.gravatar.com\/avatar\/0534e84764641168a677026b6d57a3f51dc7ac4db0b4f6186d9cb330d4ee1160?s=96&d=mm&r=g\",\"caption\":\"Jefferson Sterfeno\"},\"sameAs\":[\"http:\/\/blogdobispo.com.br\"],\"url\":\"https:\/\/blogdobispo.com.br\/?author=1\"}]}<\/script>\n<!-- \/ Yoast SEO plugin. -->","yoast_head_json":{"title":"Joanna Guerra pode disputar vaga \u00e0 C\u00e2mara Federal nas elei\u00e7\u00f5es de 2026 - Blog do Bispo","robots":{"index":"index","follow":"follow","max-snippet":"max-snippet:-1","max-image-preview":"max-image-preview:large","max-video-preview":"max-video-preview:-1"},"canonical":"https:\/\/blogdobispo.com.br\/?p=5510","og_locale":"pt_BR","og_type":"article","og_title":"Joanna Guerra pode disputar vaga \u00e0 C\u00e2mara Federal nas elei\u00e7\u00f5es de 2026 - Blog do Bispo","og_description":"Natal (RN) \u2013 O nome de Joanna Guerra come\u00e7a a ganhar for\u00e7a nos bastidores da pol\u00edtica potiguar como poss\u00edvel candidata a deputada federal nas elei\u00e7\u00f5es de 2026. Atuante em causas sociais e com crescente engajamento em debates p\u00fablicos sobre pol\u00edticas urbanas e direitos civis, Joanna \u00e9 vista como um novo rosto promissor na disputa pela [&hellip;]","og_url":"https:\/\/blogdobispo.com.br\/?p=5510","og_site_name":"Blog do Bispo","article_published_time":"2025-06-03T14:30:47+00:00","og_image":[{"url":"https:\/\/blogdobispo.com.br\/wp-content\/uploads\/2025\/06\/img_4760-1.jpg","type":"","width":"","height":""}],"author":"Jefferson Sterfeno","twitter_card":"summary_large_image","twitter_misc":{"Escrito por":"Jefferson Sterfeno","Est. tempo de leitura":"1 minuto"},"schema":{"@context":"https:\/\/schema.org","@graph":[{"@type":"Article","@id":"https:\/\/blogdobispo.com.br\/?p=5510#article","isPartOf":{"@id":"https:\/\/blogdobispo.com.br\/?p=5510"},"author":{"name":"Jefferson Sterfeno","@id":"https:\/\/blogdobispo.com.br\/#\/schema\/person\/e2209cc0e6cea5c5233d033e997b373f"},"headline":"Joanna Guerra pode disputar vaga \u00e0 C\u00e2mara Federal nas elei\u00e7\u00f5es de 2026","datePublished":"2025-06-03T14:30:47+00:00","mainEntityOfPage":{"@id":"https:\/\/blogdobispo.com.br\/?p=5510"},"wordCount":250,"commentCount":0,"publisher":{"@id":"https:\/\/blogdobispo.com.br\/#organization"},"image":{"@id":"https:\/\/blogdobispo.com.br\/?p=5510#primaryimage"},"thumbnailUrl":"https:\/\/blogdobispo.com.br\/wp-content\/uploads\/2025\/06\/img_4760-1.jpg","articleSection":["diversos"],"inLanguage":"pt-BR","potentialAction":[{"@type":"CommentAction","name":"Comment","target":["https:\/\/blogdobispo.com.br\/?p=5510#respond"]}]},{"@type":"WebPage","@id":"https:\/\/blogdobispo.com.br\/?p=5510","url":"https:\/\/blogdobispo.com.br\/?p=5510","name":"Joanna Guerra pode disputar vaga \u00e0 C\u00e2mara Federal nas elei\u00e7\u00f5es de 2026 - Blog do Bispo","isPartOf":{"@id":"https:\/\/blogdobispo.com.br\/#website"},"primaryImageOfPage":{"@id":"https:\/\/blogdobispo.com.br\/?p=5510#primaryimage"},"image":{"@id":"https:\/\/blogdobispo.com.br\/?p=5510#primaryimage"},"thumbnailUrl":"https:\/\/blogdobispo.com.br\/wp-content\/uploads\/2025\/06\/img_4760-1.jpg","datePublished":"2025-06-03T14:30:47+00:00","breadcrumb":{"@id":"https:\/\/blogdobispo.com.br\/?p=5510#breadcrumb"},"inLanguage":"pt-BR","potentialAction":[{"@type":"ReadAction","target":["https:\/\/blogdobispo.com.br\/?p=5510"]}]},{"@type":"ImageObject","inLanguage":"pt-BR","@id":"https:\/\/blogdobispo.com.br\/?p=5510#primaryimage","url":"https:\/\/blogdobispo.com.br\/wp-content\/uploads\/2025\/06\/img_4760-1.jpg","contentUrl":"https:\/\/blogdobispo.com.br\/wp-content\/uploads\/2025\/06\/img_4760-1.jpg"},{"@type":"BreadcrumbList","@id":"https:\/\/blogdobispo.com.br\/?p=5510#breadcrumb","itemListElement":[{"@type":"ListItem","position":1,"name":"In\u00edcio","item":"https:\/\/blogdobispo.com.br\/"},{"@type":"ListItem","position":2,"name":"Joanna Guerra pode disputar vaga \u00e0 C\u00e2mara Federal nas elei\u00e7\u00f5es de 2026"}]},{"@type":"WebSite","@id":"https:\/\/blogdobispo.com.br\/#website","url":"https:\/\/blogdobispo.com.br\/","name":"Blog do Bispo","description":"Comprometido apenas com o leitor","publisher":{"@id":"https:\/\/blogdobispo.com.br\/#organization"},"potentialAction":[{"@type":"SearchAction","target":{"@type":"EntryPoint","urlTemplate":"https:\/\/blogdobispo.com.br\/?s={search_term_string}"},"query-input":{"@type":"PropertyValueSpecification","valueRequired":true,"valueName":"search_term_string"}}],"inLanguage":"pt-BR"},{"@type":"Organization","@id":"https:\/\/blogdobispo.com.br\/#organization","name":"Blog do Bispo","url":"https:\/\/blogdobispo.com.br\/","logo":{"@type":"ImageObject","inLanguage":"pt-BR","@id":"https:\/\/blogdobispo.com.br\/#\/schema\/logo\/image\/","url":"http:\/\/blogdobispo.com.br\/wp-content\/uploads\/2023\/05\/cropped-headear.png","contentUrl":"http:\/\/blogdobispo.com.br\/wp-content\/uploads\/2023\/05\/cropped-headear.png","width":1500,"height":399,"caption":"Blog do Bispo"},"image":{"@id":"https:\/\/blogdobispo.com.br\/#\/schema\/logo\/image\/"}},{"@type":"Person","@id":"https:\/\/blogdobispo.com.br\/#\/schema\/person\/e2209cc0e6cea5c5233d033e997b373f","name":"Jefferson Sterfeno","image":{"@type":"ImageObject","inLanguage":"pt-BR","@id":"https:\/\/blogdobispo.com.br\/#\/schema\/person\/image\/","url":"https:\/\/secure.gravatar.com\/avatar\/0534e84764641168a677026b6d57a3f51dc7ac4db0b4f6186d9cb330d4ee1160?s=96&d=mm&r=g","contentUrl":"https:\/\/secure.gravatar.com\/avatar\/0534e84764641168a677026b6d57a3f51dc7ac4db0b4f6186d9cb330d4ee1160?s=96&d=mm&r=g","caption":"Jefferson Sterfeno"},"sameAs":["http:\/\/blogdobispo.com.br"],"url":"https:\/\/blogdobispo.com.br\/?author=1"}]}},"featured_image_urls":{"full":"","thumbnail":"","medium":"","medium_large":"","large":"","1536x1536":"","2048x2048":""},"author_info":{"display_name":"Jefferson Sterfeno","author_link":"https:\/\/blogdobispo.com.br\/?author=1"},"category_info":"<a href=\"https:\/\/blogdobispo.com.br\/?cat=1\" rel=\"category\">diversos<\/a>","tag_info":"diversos","comment_count":"0","jetpack_featured_media_url":"","jetpack_sharing_enabled":true,"_links":{"self":[{"href":"https:\/\/blogdobispo.com.br\/index.php?rest_route=\/wp\/v2\/posts\/5510","targetHints":{"allow":["GET"]}}],"collection":[{"href":"https:\/\/blogdobispo.com.br\/index.php?rest_route=\/wp\/v2\/posts"}],"about":[{"href":"https:\/\/blogdobispo.com.br\/index.php?rest_route=\/wp\/v2\/types\/post"}],"author":[{"embeddable":true,"href":"https:\/\/blogdobispo.com.br\/index.php?rest_route=\/wp\/v2\/users\/1"}],"replies":[{"embeddable":true,"href":"https:\/\/blogdobispo.com.br\/index.php?rest_route=%2Fwp%2Fv2%2Fcomments&post=5510"}],"version-history":[{"count":0,"href":"https:\/\/blogdobispo.com.br\/index.php?rest_route=\/wp\/v2\/posts\/5510\/revisions"}],"wp:attachment":[{"href":"https:\/\/blogdobispo.com.br\/index.php?rest_route=%2Fwp%2Fv2%2Fmedia&parent=5510"}],"wp:term":[{"taxonomy":"category","embeddable":true,"href":"https:\/\/blogdobispo.com.br\/index.php?rest_route=%2Fwp%2Fv2%2Fcategories&post=5510"},{"taxonomy":"post_tag","embeddable":true,"href":"https:\/\/blogdobispo.com.br\/index.php?rest_route=%2Fwp%2Fv2%2Ftags&post=5510"}],"curies":[{"name":"wp","href":"https:\/\/api.w.org\/{rel}","templated":true}]}}