{"id":5508,"date":"2025-06-03T14:17:43","date_gmt":"2025-06-03T14:17:43","guid":{"rendered":"https:\/\/blogdobispo.com.br\/?p=5508"},"modified":"2025-07-28T16:54:03","modified_gmt":"2025-07-28T16:54:03","slug":"prefeitura-de-macaiba-lanca-semana-do-meio-ambiente","status":"publish","type":"post","link":"https:\/\/blogdobispo.com.br\/?p=5508","title":{"rendered":"C\u00e2mara aprova projeto denomina Pra\u00e7a de Eventos Cl\u00e1udio Porpino em Ponta Negra"},"content":{"rendered":"\n<figure class=\"wp-block-image size-large\"><img data-recalc-dims=\"1\" fetchpriority=\"high\" decoding=\"async\" width=\"800\" height=\"595\" src=\"https:\/\/i0.wp.com\/blogdobispo.com.br\/wp-content\/uploads\/2025\/06\/f5b2b7dbb4bb21394639a98c4a0b50d3.jpeg?resize=800%2C595\" alt=\"\" class=\"wp-image-6154\" srcset=\"https:\/\/i0.wp.com\/blogdobispo.com.br\/wp-content\/uploads\/2025\/06\/f5b2b7dbb4bb21394639a98c4a0b50d3.jpeg?resize=1024%2C761&amp;ssl=1 1024w, https:\/\/i0.wp.com\/blogdobispo.com.br\/wp-content\/uploads\/2025\/06\/f5b2b7dbb4bb21394639a98c4a0b50d3.jpeg?resize=300%2C223&amp;ssl=1 300w, https:\/\/i0.wp.com\/blogdobispo.com.br\/wp-content\/uploads\/2025\/06\/f5b2b7dbb4bb21394639a98c4a0b50d3.jpeg?resize=768%2C571&amp;ssl=1 768w, https:\/\/i0.wp.com\/blogdobispo.com.br\/wp-content\/uploads\/2025\/06\/f5b2b7dbb4bb21394639a98c4a0b50d3.jpeg?resize=1536%2C1141&amp;ssl=1 1536w, https:\/\/i0.wp.com\/blogdobispo.com.br\/wp-content\/uploads\/2025\/06\/f5b2b7dbb4bb21394639a98c4a0b50d3.jpeg?w=1600&amp;ssl=1 1600w\" sizes=\"(max-width: 800px) 100vw, 800px\" \/><\/figure>\n\n\n\n<p class=\"p1\">Durante a Sess\u00e3o Ordin\u00e1ria desta quinta-feira (5), os vereadores da C\u00e2mara Municipal de Natal aprovaram quatro vetos e quatro projetos de lei em segunda discuss\u00e3o. Um dos principais destaques foi a aprova\u00e7\u00e3o, em regime de urg\u00eancia, do Projeto de Lei n\u00ba 424\/2025, de autoria do vereador Eriko J\u00e1come (PP), que denomina oficialmente como Pra\u00e7a de Eventos Cl\u00e1udio Porpino a atual Pra\u00e7a Ecol\u00f3gica de Ponta Negra, conhecida popularmente como Pra\u00e7a dos Gringos.<\/p>\n\n\n\n<p>\u201cO projeto representa um gesto de reconhecimento e valoriza\u00e7\u00e3o de um espa\u00e7o t\u00e3o simb\u00f3lico para Natal. Com essa iniciativa, eternizamos o nome de Cl\u00e1udio Porpino, figura querida e que dedicou sua vida \u00e0 cultura popular, ao turismo e ao desenvolvimento do bairro de Ponta Negra. A aprova\u00e7\u00e3o por unanimidade mostra que nossa cidade reconhece aqueles que contribu\u00edram de forma marcante com sua hist\u00f3ria\u201d, destacou o vereador Eriko J\u00e1come.<\/p>\n\n\n\n<p>Tamb\u00e9m foi aprovado em segunda discuss\u00e3o o Projeto de Lei n\u00ba 232\/2024, do vereador Robson Carvalho (Uni\u00e3o Brasil), que determina a veicula\u00e7\u00e3o de mensagens educativas sobre prote\u00e7\u00e3o animal nos \u00f4nibus do transporte p\u00fablico da capital.<\/p>\n\n\n\n<p>\u201cA proposta busca conscientizar a popula\u00e7\u00e3o sobre o bem-estar animal e combater os maus-tratos, al\u00e9m de refor\u00e7ar que cuidar da causa animal \u00e9 tamb\u00e9m cuidar da sa\u00fade p\u00fablica\u201d, explicou o parlamentar.<\/p>\n\n\n\n<p>Outro projeto aprovado foi o de n\u00ba 221\/2025, do vereador Fulvio Saulo (SD), que reconhece como de utilidade p\u00fablica a Associa\u00e7\u00e3o de Profissionais da Engenharia Ambiental do Rio Grande do Norte (APEA).<\/p>\n\n\n\n<p>\u201cA aprova\u00e7\u00e3o deste projeto, justamente no Dia Mundial do Meio Ambiente, \u00e9 um reconhecimento ao trabalho t\u00e9cnico e relevante que essa entidade desenvolve em prol da preserva\u00e7\u00e3o e do desenvolvimento sustent\u00e1vel em nosso estado\u201d, afirmou Fulvio.<\/p>\n\n\n\n<p>Durante a sess\u00e3o, tamb\u00e9m foi lido o requerimento de cria\u00e7\u00e3o da Frente Parlamentar do Mercado Imobili\u00e1rio. O autor da proposta, vereador Kleber Fernandes (Republicanos), defendeu a iniciativa como forma de promover o di\u00e1logo entre o setor produtivo e o poder p\u00fablico, especialmente ap\u00f3s a aprova\u00e7\u00e3o de legisla\u00e7\u00f5es urban\u00edsticas recentes, como o novo Plano Diretor.<\/p>\n\n\n\n<p class=\"p1\">\u201cA Frente Parlamentar ser\u00e1 um espa\u00e7o permanente de debate com construtoras, sindicatos, entidades do com\u00e9rcio e secretarias, acompanhando os desdobramentos das leis e propondo inova\u00e7\u00f5es legislativas que contribuam com o crescimento urban\u00edstico e econ\u00f4mico da cidade\u201d, explicou Kleber.<\/p>\n","protected":false},"excerpt":{"rendered":"<p>Durante a Sess\u00e3o Ordin\u00e1ria desta quinta-feira (5), os vereadores da C\u00e2mara Municipal de Natal aprovaram quatro vetos e quatro projetos de lei em segunda discuss\u00e3o. Um dos principais destaques foi a aprova\u00e7\u00e3o, em regime de urg\u00eancia, do Projeto de Lei n\u00ba 424\/2025, de autoria do vereador Eriko J\u00e1come (PP), que denomina oficialmente como Pra\u00e7a de [&hellip;]<\/p>\n","protected":false},"author":1,"featured_media":0,"comment_status":"open","ping_status":"open","sticky":false,"template":"","format":"standard","meta":{"cybocfi_hide_featured_image":"","_jetpack_memberships_contains_paid_content":false,"footnotes":""},"categories":[1],"tags":[],"class_list":["post-5508","post","type-post","status-publish","format-standard","hentry","category-diversos"],"yoast_head":"<!-- This site is optimized with the Yoast SEO plugin v25.6 - https:\/\/yoast.com\/wordpress\/plugins\/seo\/ -->\n<title>C\u00e2mara aprova projeto denomina Pra\u00e7a de Eventos Cl\u00e1udio Porpino em Ponta Negra - Blog do Bispo<\/title>\n<meta name=\"robots\" content=\"index, follow, max-snippet:-1, max-image-preview:large, max-video-preview:-1\" \/>\n<link rel=\"canonical\" href=\"https:\/\/blogdobispo.com.br\/?p=5508\" \/>\n<meta property=\"og:locale\" content=\"pt_BR\" \/>\n<meta property=\"og:type\" content=\"article\" \/>\n<meta property=\"og:title\" content=\"C\u00e2mara aprova projeto denomina Pra\u00e7a de Eventos Cl\u00e1udio Porpino em Ponta Negra - Blog do Bispo\" \/>\n<meta property=\"og:description\" content=\"Durante a Sess\u00e3o Ordin\u00e1ria desta quinta-feira (5), os vereadores da C\u00e2mara Municipal de Natal aprovaram quatro vetos e quatro projetos de lei em segunda discuss\u00e3o. Um dos principais destaques foi a aprova\u00e7\u00e3o, em regime de urg\u00eancia, do Projeto de Lei n\u00ba 424\/2025, de autoria do vereador Eriko J\u00e1come (PP), que denomina oficialmente como Pra\u00e7a de [&hellip;]\" \/>\n<meta property=\"og:url\" content=\"https:\/\/blogdobispo.com.br\/?p=5508\" \/>\n<meta property=\"og:site_name\" content=\"Blog do Bispo\" \/>\n<meta property=\"article:published_time\" content=\"2025-06-03T14:17:43+00:00\" \/>\n<meta property=\"article:modified_time\" content=\"2025-07-28T16:54:03+00:00\" \/>\n<meta property=\"og:image\" content=\"http:\/\/blogdobispo.com.br\/wp-content\/uploads\/2025\/06\/f5b2b7dbb4bb21394639a98c4a0b50d3-1024x761.jpeg\" \/>\n<meta name=\"author\" content=\"Jefferson Sterfeno\" \/>\n<meta name=\"twitter:card\" content=\"summary_large_image\" \/>\n<meta name=\"twitter:label1\" content=\"Escrito por\" \/>\n\t<meta name=\"twitter:data1\" content=\"Jefferson Sterfeno\" \/>\n\t<meta name=\"twitter:label2\" content=\"Est. tempo de leitura\" \/>\n\t<meta name=\"twitter:data2\" content=\"3 minutos\" \/>\n<script type=\"application\/ld+json\" class=\"yoast-schema-graph\">{\"@context\":\"https:\/\/schema.org\",\"@graph\":[{\"@type\":\"Article\",\"@id\":\"https:\/\/blogdobispo.com.br\/?p=5508#article\",\"isPartOf\":{\"@id\":\"https:\/\/blogdobispo.com.br\/?p=5508\"},\"author\":{\"name\":\"Jefferson Sterfeno\",\"@id\":\"https:\/\/blogdobispo.com.br\/#\/schema\/person\/e2209cc0e6cea5c5233d033e997b373f\"},\"headline\":\"C\u00e2mara aprova projeto denomina Pra\u00e7a de Eventos Cl\u00e1udio Porpino em Ponta Negra\",\"datePublished\":\"2025-06-03T14:17:43+00:00\",\"dateModified\":\"2025-07-28T16:54:03+00:00\",\"mainEntityOfPage\":{\"@id\":\"https:\/\/blogdobispo.com.br\/?p=5508\"},\"wordCount\":427,\"commentCount\":0,\"publisher\":{\"@id\":\"https:\/\/blogdobispo.com.br\/#organization\"},\"image\":{\"@id\":\"https:\/\/blogdobispo.com.br\/?p=5508#primaryimage\"},\"thumbnailUrl\":\"http:\/\/blogdobispo.com.br\/wp-content\/uploads\/2025\/06\/f5b2b7dbb4bb21394639a98c4a0b50d3-1024x761.jpeg\",\"articleSection\":[\"diversos\"],\"inLanguage\":\"pt-BR\",\"potentialAction\":[{\"@type\":\"CommentAction\",\"name\":\"Comment\",\"target\":[\"https:\/\/blogdobispo.com.br\/?p=5508#respond\"]}]},{\"@type\":\"WebPage\",\"@id\":\"https:\/\/blogdobispo.com.br\/?p=5508\",\"url\":\"https:\/\/blogdobispo.com.br\/?p=5508\",\"name\":\"C\u00e2mara aprova projeto denomina Pra\u00e7a de Eventos Cl\u00e1udio Porpino em Ponta Negra - Blog do Bispo\",\"isPartOf\":{\"@id\":\"https:\/\/blogdobispo.com.br\/#website\"},\"primaryImageOfPage\":{\"@id\":\"https:\/\/blogdobispo.com.br\/?p=5508#primaryimage\"},\"image\":{\"@id\":\"https:\/\/blogdobispo.com.br\/?p=5508#primaryimage\"},\"thumbnailUrl\":\"http:\/\/blogdobispo.com.br\/wp-content\/uploads\/2025\/06\/f5b2b7dbb4bb21394639a98c4a0b50d3-1024x761.jpeg\",\"datePublished\":\"2025-06-03T14:17:43+00:00\",\"dateModified\":\"2025-07-28T16:54:03+00:00\",\"breadcrumb\":{\"@id\":\"https:\/\/blogdobispo.com.br\/?p=5508#breadcrumb\"},\"inLanguage\":\"pt-BR\",\"potentialAction\":[{\"@type\":\"ReadAction\",\"target\":[\"https:\/\/blogdobispo.com.br\/?p=5508\"]}]},{\"@type\":\"ImageObject\",\"inLanguage\":\"pt-BR\",\"@id\":\"https:\/\/blogdobispo.com.br\/?p=5508#primaryimage\",\"url\":\"http:\/\/blogdobispo.com.br\/wp-content\/uploads\/2025\/06\/f5b2b7dbb4bb21394639a98c4a0b50d3-1024x761.jpeg\",\"contentUrl\":\"http:\/\/blogdobispo.com.br\/wp-content\/uploads\/2025\/06\/f5b2b7dbb4bb21394639a98c4a0b50d3-1024x761.jpeg\"},{\"@type\":\"BreadcrumbList\",\"@id\":\"https:\/\/blogdobispo.com.br\/?p=5508#breadcrumb\",\"itemListElement\":[{\"@type\":\"ListItem\",\"position\":1,\"name\":\"In\u00edcio\",\"item\":\"https:\/\/blogdobispo.com.br\/\"},{\"@type\":\"ListItem\",\"position\":2,\"name\":\"C\u00e2mara aprova projeto denomina Pra\u00e7a de Eventos Cl\u00e1udio Porpino em Ponta Negra\"}]},{\"@type\":\"WebSite\",\"@id\":\"https:\/\/blogdobispo.com.br\/#website\",\"url\":\"https:\/\/blogdobispo.com.br\/\",\"name\":\"Blog do Bispo\",\"description\":\"Comprometido apenas com o leitor\",\"publisher\":{\"@id\":\"https:\/\/blogdobispo.com.br\/#organization\"},\"potentialAction\":[{\"@type\":\"SearchAction\",\"target\":{\"@type\":\"EntryPoint\",\"urlTemplate\":\"https:\/\/blogdobispo.com.br\/?s={search_term_string}\"},\"query-input\":{\"@type\":\"PropertyValueSpecification\",\"valueRequired\":true,\"valueName\":\"search_term_string\"}}],\"inLanguage\":\"pt-BR\"},{\"@type\":\"Organization\",\"@id\":\"https:\/\/blogdobispo.com.br\/#organization\",\"name\":\"Blog do Bispo\",\"url\":\"https:\/\/blogdobispo.com.br\/\",\"logo\":{\"@type\":\"ImageObject\",\"inLanguage\":\"pt-BR\",\"@id\":\"https:\/\/blogdobispo.com.br\/#\/schema\/logo\/image\/\",\"url\":\"http:\/\/blogdobispo.com.br\/wp-content\/uploads\/2023\/05\/cropped-headear.png\",\"contentUrl\":\"http:\/\/blogdobispo.com.br\/wp-content\/uploads\/2023\/05\/cropped-headear.png\",\"width\":1500,\"height\":399,\"caption\":\"Blog do Bispo\"},\"image\":{\"@id\":\"https:\/\/blogdobispo.com.br\/#\/schema\/logo\/image\/\"}},{\"@type\":\"Person\",\"@id\":\"https:\/\/blogdobispo.com.br\/#\/schema\/person\/e2209cc0e6cea5c5233d033e997b373f\",\"name\":\"Jefferson Sterfeno\",\"image\":{\"@type\":\"ImageObject\",\"inLanguage\":\"pt-BR\",\"@id\":\"https:\/\/blogdobispo.com.br\/#\/schema\/person\/image\/\",\"url\":\"https:\/\/secure.gravatar.com\/avatar\/0534e84764641168a677026b6d57a3f51dc7ac4db0b4f6186d9cb330d4ee1160?s=96&d=mm&r=g\",\"contentUrl\":\"https:\/\/secure.gravatar.com\/avatar\/0534e84764641168a677026b6d57a3f51dc7ac4db0b4f6186d9cb330d4ee1160?s=96&d=mm&r=g\",\"caption\":\"Jefferson Sterfeno\"},\"sameAs\":[\"http:\/\/blogdobispo.com.br\"],\"url\":\"https:\/\/blogdobispo.com.br\/?author=1\"}]}<\/script>\n<!-- \/ Yoast SEO plugin. -->","yoast_head_json":{"title":"C\u00e2mara aprova projeto denomina Pra\u00e7a de Eventos Cl\u00e1udio Porpino em Ponta Negra - Blog do Bispo","robots":{"index":"index","follow":"follow","max-snippet":"max-snippet:-1","max-image-preview":"max-image-preview:large","max-video-preview":"max-video-preview:-1"},"canonical":"https:\/\/blogdobispo.com.br\/?p=5508","og_locale":"pt_BR","og_type":"article","og_title":"C\u00e2mara aprova projeto denomina Pra\u00e7a de Eventos Cl\u00e1udio Porpino em Ponta Negra - Blog do Bispo","og_description":"Durante a Sess\u00e3o Ordin\u00e1ria desta quinta-feira (5), os vereadores da C\u00e2mara Municipal de Natal aprovaram quatro vetos e quatro projetos de lei em segunda discuss\u00e3o. Um dos principais destaques foi a aprova\u00e7\u00e3o, em regime de urg\u00eancia, do Projeto de Lei n\u00ba 424\/2025, de autoria do vereador Eriko J\u00e1come (PP), que denomina oficialmente como Pra\u00e7a de [&hellip;]","og_url":"https:\/\/blogdobispo.com.br\/?p=5508","og_site_name":"Blog do Bispo","article_published_time":"2025-06-03T14:17:43+00:00","article_modified_time":"2025-07-28T16:54:03+00:00","og_image":[{"url":"http:\/\/blogdobispo.com.br\/wp-content\/uploads\/2025\/06\/f5b2b7dbb4bb21394639a98c4a0b50d3-1024x761.jpeg","type":"","width":"","height":""}],"author":"Jefferson Sterfeno","twitter_card":"summary_large_image","twitter_misc":{"Escrito por":"Jefferson Sterfeno","Est. tempo de leitura":"3 minutos"},"schema":{"@context":"https:\/\/schema.org","@graph":[{"@type":"Article","@id":"https:\/\/blogdobispo.com.br\/?p=5508#article","isPartOf":{"@id":"https:\/\/blogdobispo.com.br\/?p=5508"},"author":{"name":"Jefferson Sterfeno","@id":"https:\/\/blogdobispo.com.br\/#\/schema\/person\/e2209cc0e6cea5c5233d033e997b373f"},"headline":"C\u00e2mara aprova projeto denomina Pra\u00e7a de Eventos Cl\u00e1udio Porpino em Ponta Negra","datePublished":"2025-06-03T14:17:43+00:00","dateModified":"2025-07-28T16:54:03+00:00","mainEntityOfPage":{"@id":"https:\/\/blogdobispo.com.br\/?p=5508"},"wordCount":427,"commentCount":0,"publisher":{"@id":"https:\/\/blogdobispo.com.br\/#organization"},"image":{"@id":"https:\/\/blogdobispo.com.br\/?p=5508#primaryimage"},"thumbnailUrl":"http:\/\/blogdobispo.com.br\/wp-content\/uploads\/2025\/06\/f5b2b7dbb4bb21394639a98c4a0b50d3-1024x761.jpeg","articleSection":["diversos"],"inLanguage":"pt-BR","potentialAction":[{"@type":"CommentAction","name":"Comment","target":["https:\/\/blogdobispo.com.br\/?p=5508#respond"]}]},{"@type":"WebPage","@id":"https:\/\/blogdobispo.com.br\/?p=5508","url":"https:\/\/blogdobispo.com.br\/?p=5508","name":"C\u00e2mara aprova projeto denomina Pra\u00e7a de Eventos Cl\u00e1udio Porpino em Ponta Negra - Blog do Bispo","isPartOf":{"@id":"https:\/\/blogdobispo.com.br\/#website"},"primaryImageOfPage":{"@id":"https:\/\/blogdobispo.com.br\/?p=5508#primaryimage"},"image":{"@id":"https:\/\/blogdobispo.com.br\/?p=5508#primaryimage"},"thumbnailUrl":"http:\/\/blogdobispo.com.br\/wp-content\/uploads\/2025\/06\/f5b2b7dbb4bb21394639a98c4a0b50d3-1024x761.jpeg","datePublished":"2025-06-03T14:17:43+00:00","dateModified":"2025-07-28T16:54:03+00:00","breadcrumb":{"@id":"https:\/\/blogdobispo.com.br\/?p=5508#breadcrumb"},"inLanguage":"pt-BR","potentialAction":[{"@type":"ReadAction","target":["https:\/\/blogdobispo.com.br\/?p=5508"]}]},{"@type":"ImageObject","inLanguage":"pt-BR","@id":"https:\/\/blogdobispo.com.br\/?p=5508#primaryimage","url":"http:\/\/blogdobispo.com.br\/wp-content\/uploads\/2025\/06\/f5b2b7dbb4bb21394639a98c4a0b50d3-1024x761.jpeg","contentUrl":"http:\/\/blogdobispo.com.br\/wp-content\/uploads\/2025\/06\/f5b2b7dbb4bb21394639a98c4a0b50d3-1024x761.jpeg"},{"@type":"BreadcrumbList","@id":"https:\/\/blogdobispo.com.br\/?p=5508#breadcrumb","itemListElement":[{"@type":"ListItem","position":1,"name":"In\u00edcio","item":"https:\/\/blogdobispo.com.br\/"},{"@type":"ListItem","position":2,"name":"C\u00e2mara aprova projeto denomina Pra\u00e7a de Eventos Cl\u00e1udio Porpino em Ponta Negra"}]},{"@type":"WebSite","@id":"https:\/\/blogdobispo.com.br\/#website","url":"https:\/\/blogdobispo.com.br\/","name":"Blog do Bispo","description":"Comprometido apenas com o leitor","publisher":{"@id":"https:\/\/blogdobispo.com.br\/#organization"},"potentialAction":[{"@type":"SearchAction","target":{"@type":"EntryPoint","urlTemplate":"https:\/\/blogdobispo.com.br\/?s={search_term_string}"},"query-input":{"@type":"PropertyValueSpecification","valueRequired":true,"valueName":"search_term_string"}}],"inLanguage":"pt-BR"},{"@type":"Organization","@id":"https:\/\/blogdobispo.com.br\/#organization","name":"Blog do Bispo","url":"https:\/\/blogdobispo.com.br\/","logo":{"@type":"ImageObject","inLanguage":"pt-BR","@id":"https:\/\/blogdobispo.com.br\/#\/schema\/logo\/image\/","url":"http:\/\/blogdobispo.com.br\/wp-content\/uploads\/2023\/05\/cropped-headear.png","contentUrl":"http:\/\/blogdobispo.com.br\/wp-content\/uploads\/2023\/05\/cropped-headear.png","width":1500,"height":399,"caption":"Blog do Bispo"},"image":{"@id":"https:\/\/blogdobispo.com.br\/#\/schema\/logo\/image\/"}},{"@type":"Person","@id":"https:\/\/blogdobispo.com.br\/#\/schema\/person\/e2209cc0e6cea5c5233d033e997b373f","name":"Jefferson Sterfeno","image":{"@type":"ImageObject","inLanguage":"pt-BR","@id":"https:\/\/blogdobispo.com.br\/#\/schema\/person\/image\/","url":"https:\/\/secure.gravatar.com\/avatar\/0534e84764641168a677026b6d57a3f51dc7ac4db0b4f6186d9cb330d4ee1160?s=96&d=mm&r=g","contentUrl":"https:\/\/secure.gravatar.com\/avatar\/0534e84764641168a677026b6d57a3f51dc7ac4db0b4f6186d9cb330d4ee1160?s=96&d=mm&r=g","caption":"Jefferson Sterfeno"},"sameAs":["http:\/\/blogdobispo.com.br"],"url":"https:\/\/blogdobispo.com.br\/?author=1"}]}},"featured_image_urls":{"full":"","thumbnail":"","medium":"","medium_large":"","large":"","1536x1536":"","2048x2048":""},"author_info":{"display_name":"Jefferson Sterfeno","author_link":"https:\/\/blogdobispo.com.br\/?author=1"},"category_info":"<a href=\"https:\/\/blogdobispo.com.br\/?cat=1\" rel=\"category\">diversos<\/a>","tag_info":"diversos","comment_count":"0","jetpack_featured_media_url":"","jetpack_sharing_enabled":true,"_links":{"self":[{"href":"https:\/\/blogdobispo.com.br\/index.php?rest_route=\/wp\/v2\/posts\/5508","targetHints":{"allow":["GET"]}}],"collection":[{"href":"https:\/\/blogdobispo.com.br\/index.php?rest_route=\/wp\/v2\/posts"}],"about":[{"href":"https:\/\/blogdobispo.com.br\/index.php?rest_route=\/wp\/v2\/types\/post"}],"author":[{"embeddable":true,"href":"https:\/\/blogdobispo.com.br\/index.php?rest_route=\/wp\/v2\/users\/1"}],"replies":[{"embeddable":true,"href":"https:\/\/blogdobispo.com.br\/index.php?rest_route=%2Fwp%2Fv2%2Fcomments&post=5508"}],"version-history":[{"count":1,"href":"https:\/\/blogdobispo.com.br\/index.php?rest_route=\/wp\/v2\/posts\/5508\/revisions"}],"predecessor-version":[{"id":6155,"href":"https:\/\/blogdobispo.com.br\/index.php?rest_route=\/wp\/v2\/posts\/5508\/revisions\/6155"}],"wp:attachment":[{"href":"https:\/\/blogdobispo.com.br\/index.php?rest_route=%2Fwp%2Fv2%2Fmedia&parent=5508"}],"wp:term":[{"taxonomy":"category","embeddable":true,"href":"https:\/\/blogdobispo.com.br\/index.php?rest_route=%2Fwp%2Fv2%2Fcategories&post=5508"},{"taxonomy":"post_tag","embeddable":true,"href":"https:\/\/blogdobispo.com.br\/index.php?rest_route=%2Fwp%2Fv2%2Ftags&post=5508"}],"curies":[{"name":"wp","href":"https:\/\/api.w.org\/{rel}","templated":true}]}}