{"id":5503,"date":"2025-06-03T13:44:51","date_gmt":"2025-06-03T13:44:51","guid":{"rendered":"https:\/\/blogdobispo.com.br\/?p=5503"},"modified":"2025-06-03T13:44:52","modified_gmt":"2025-06-03T13:44:52","slug":"situacao-da-populacao-em-tratamento-oncologico-e-debatida-em-audiencia-na-cmn","status":"publish","type":"post","link":"https:\/\/blogdobispo.com.br\/?p=5503","title":{"rendered":"Situa\u00e7\u00e3o da popula\u00e7\u00e3o em tratamento oncol\u00f3gico \u00e9 debatida em audi\u00eancia na CMN"},"content":{"rendered":"\n<p>A situa\u00e7\u00e3o da popula\u00e7\u00e3o em tratamento oncol\u00f3gico na capital potiguar foi tema de uma audi\u00eancia p\u00fablica promovida pela Comiss\u00e3o de Sa\u00fade da C\u00e2mara Municipal de Natal nesta segunda-feira (02). Entidades que prestam assist\u00eancia aos pacientes oncol\u00f3gicos estiveram presentes ao debate. Segundo a presidente da comiss\u00e3o, vereadora Camila Ara\u00fajo (Uni\u00e3o Brasil), \u00e9 preciso mais aten\u00e7\u00e3o \u00e0s necessidades dos pacientes com c\u00e2ncer.<\/p>\n\n\n\n<p>&#8220;Essa audi\u00eancia aconteceu por causa do crescente n\u00famero de casos de c\u00e2ncer em Natal e no Rio Grande do Norte. Sabemos que o estado \u00e9 quem homologa a Programa\u00e7\u00e3o Pactuada e Integrada com os munic\u00edpios, e Natal oferta os servi\u00e7os de sa\u00fade na \u00e1rea de consultas m\u00e9dicas e exames de m\u00e9dia e alta complexidade pactuados com o estado. Por\u00e9m, n\u00e3o existe um fluxograma disso, nem um sistema integrado que una todos os atores dessa rede de enfrentamento ao c\u00e2ncer aqui no munic\u00edpio&#8221;, disse Camila Ara\u00fajo.<\/p>\n\n\n\n<p>&#8220;H\u00e1 necessidade de uma comunica\u00e7\u00e3o integrada entre os entes federativos. Ent\u00e3o, sa\u00edmos daqui encaminhando a forma\u00e7\u00e3o de um grupo de trabalho com a participa\u00e7\u00e3o da Prefeitura de Natal, entidades empenhadas na luta contra o c\u00e2ncer e sociedade civil. J\u00e1 adianto que vamos convidar o Governo do Estado para fazer parte. A gente quer entender o funcionamento do sistema de regula\u00e7\u00e3o que foi feito com apoio do Laborat\u00f3rio de Inova\u00e7\u00e3o Tecnol\u00f3gica em Sa\u00fade, da UFRN, e aplicar em nosso munic\u00edpio para oferecer celeridade ao processo. Porque o que ocorre \u00e9, literalmente, uma peregrina\u00e7\u00e3o dos pacientes para conseguir atendimento&#8221;, informou.&nbsp;<\/p>\n\n\n\n<p>Ana Tereza, presidente do Grupo Reviver, que realiza cerca de 1.300 mamografias gratuitas mensalmente em Natal, afirmou que \u00e9 necess\u00e1rio fortalecer o SUS para ampliar os atendimentos \u00e0s pessoas com c\u00e2ncer. &#8220;Ningu\u00e9m pode tratar sa\u00fade sem ter uma estrutura financeira por tr\u00e1s. A tabela do SUS, h\u00e1 21 anos, n\u00e3o \u00e9 atualizada pelo Governo Federal. Precisa acontecer uma mobiliza\u00e7\u00e3o de todo o Congresso para que ela seja atualizada, pelo menos nos procedimentos b\u00e1sicos. Os outros procedimentos ficariam a cargo de cada associa\u00e7\u00e3o e entidade reivindicar. Mas para a oncologia \u00e9 b\u00e1sico voc\u00ea ter exames que levam a um diagn\u00f3stico precoce, que \u00e9 o in\u00edcio do tratamento&#8221;.<\/p>\n\n\n\n<p>Por sua vez, a Liga Contra o C\u00e2ncer \u00e9 respons\u00e1vel por 67% dos atendimentos oncol\u00f3gicos no estado. Para J\u00fanior Gomes, gerente do N\u00facleo de Regula\u00e7\u00e3o da institui\u00e7\u00e3o, \u00e9 preciso investir na preven\u00e7\u00e3o e no diagn\u00f3stico precoce, haja vista que muitos pacientes chegam ao hospital com c\u00e2ncer em estado avan\u00e7ado. &#8220;Registramos aumento do \u00edndice de pacientes com a doen\u00e7a avan\u00e7ada, em est\u00e1gio 3 ou 4. Chamo aten\u00e7\u00e3o tamb\u00e9m para o avan\u00e7o do c\u00e2ncer entre pessoas mais jovens, ou seja, abaixo dos 40 anos. Ent\u00e3o, quanto mais cedo acontecer o diagn\u00f3stico, maiores ser\u00e3o as possibilidades de cura&#8221;, pontuou.<\/p>\n\n\n\n<p>A gerente do N\u00facleo de Regula\u00e7\u00e3o da Secretaria Municipal de Sa\u00fade, Ludmila Oliveira, garantiu que a pessoa com c\u00e2ncer tem prioridade no acesso a exames, consultas e outros procedimentos. &#8220;A rede municipal de sa\u00fade oferece todos os exames necess\u00e1rios para o tratamento dessa doen\u00e7a e os pacientes oncol\u00f3gicos t\u00eam garantido por lei a prioridade nas filas de regula\u00e7\u00e3o. Inicialmente, esse paciente vai \u00e0s unidades b\u00e1sicas de sa\u00fade, onde \u00e9 consultado pelo cl\u00ednico para pegar uma ficha de refer\u00eancia. Temos vagas para a Liga Contra o C\u00e2ncer, Hospital do Cora\u00e7\u00e3o e Onofre Lopes, que s\u00e3o nossos prestadores de servi\u00e7o&#8221;.<\/p>\n\n\n\n<p><strong>Comiss\u00e3o aprova tr\u00eas projetos de lei<\/strong><\/p>\n\n\n\n<p>A Comiss\u00e3o de Sa\u00fade ainda deu parecer favor\u00e1vel a tr\u00eas projetos: PL 17\/2025, da vereadora Thabatta Pimenta (PSOL), que institui a Campanha de Conscientiza\u00e7\u00e3o sobre as Doen\u00e7as Ocultas e sobre a utiliza\u00e7\u00e3o do Cord\u00e3o de Girassol, PL 5\/2025, do vereador T\u00e9rcio Tinoco (Uni\u00e3o Brasil), que institui o Censo da Pessoa com Fibromialgia em Natal, e o PL 40\/2024, do vereador Kleber Fernandes (Republicanos), sobre responsabilidade do agressor pelo ressarcimento dos custos relacionados aos servi\u00e7os de sa\u00fade prestados pelo SUS \u00e0s v\u00edtimas de viol\u00eancia dom\u00e9sticas e familiar.&nbsp;<\/p>\n\n\n\n<p>Os vereadores Luciano Nascimento (PSD), Cleiton da Policl\u00ednica (PSDB), Herbert Sena (PV) e Cl\u00e1udio Cust\u00f3dio (PP) tamb\u00e9m participaram do encontro.<\/p>\n\n\n\n<p><em><strong>Texto: Junior Martins<br>Fotos: Elp\u00eddio J\u00fanior<\/strong><\/em><\/p>\n\n\n\n\n\n\n\n\n\n<figure class=\"wp-block-image\"><img data-recalc-dims=\"1\" fetchpriority=\"high\" decoding=\"async\" width=\"800\" height=\"533\" src=\"https:\/\/i0.wp.com\/blogdobispo.com.br\/wp-content\/uploads\/2025\/06\/a0413329fd028987ed9f179456021c20.jpeg?resize=800%2C533\" alt=\"\" class=\"wp-image-5504\" srcset=\"https:\/\/i0.wp.com\/blogdobispo.com.br\/wp-content\/uploads\/2025\/06\/a0413329fd028987ed9f179456021c20.jpeg?w=1600&amp;ssl=1 1600w, https:\/\/i0.wp.com\/blogdobispo.com.br\/wp-content\/uploads\/2025\/06\/a0413329fd028987ed9f179456021c20.jpeg?resize=300%2C200&amp;ssl=1 300w, https:\/\/i0.wp.com\/blogdobispo.com.br\/wp-content\/uploads\/2025\/06\/a0413329fd028987ed9f179456021c20.jpeg?resize=1024%2C682&amp;ssl=1 1024w, https:\/\/i0.wp.com\/blogdobispo.com.br\/wp-content\/uploads\/2025\/06\/a0413329fd028987ed9f179456021c20.jpeg?resize=768%2C512&amp;ssl=1 768w, https:\/\/i0.wp.com\/blogdobispo.com.br\/wp-content\/uploads\/2025\/06\/a0413329fd028987ed9f179456021c20.jpeg?resize=1536%2C1023&amp;ssl=1 1536w\" sizes=\"(max-width: 800px) 100vw, 800px\" \/><\/figure>\n","protected":false},"excerpt":{"rendered":"<p>A situa\u00e7\u00e3o da popula\u00e7\u00e3o em tratamento oncol\u00f3gico na capital potiguar foi tema de uma audi\u00eancia p\u00fablica promovida pela Comiss\u00e3o de Sa\u00fade da C\u00e2mara Municipal de Natal nesta segunda-feira (02). Entidades que prestam assist\u00eancia aos pacientes oncol\u00f3gicos estiveram presentes ao debate. Segundo a presidente da comiss\u00e3o, vereadora Camila Ara\u00fajo (Uni\u00e3o Brasil), \u00e9 preciso mais aten\u00e7\u00e3o \u00e0s [&hellip;]<\/p>\n","protected":false},"author":1,"featured_media":0,"comment_status":"open","ping_status":"open","sticky":false,"template":"","format":"standard","meta":{"cybocfi_hide_featured_image":"","_jetpack_memberships_contains_paid_content":false,"footnotes":""},"categories":[1],"tags":[],"class_list":["post-5503","post","type-post","status-publish","format-standard","hentry","category-diversos"],"yoast_head":"<!-- This site is optimized with the Yoast SEO plugin v25.6 - https:\/\/yoast.com\/wordpress\/plugins\/seo\/ -->\n<title>Situa\u00e7\u00e3o da popula\u00e7\u00e3o em tratamento oncol\u00f3gico \u00e9 debatida em audi\u00eancia na CMN - Blog do Bispo<\/title>\n<meta name=\"robots\" content=\"index, follow, max-snippet:-1, max-image-preview:large, max-video-preview:-1\" \/>\n<link rel=\"canonical\" href=\"https:\/\/blogdobispo.com.br\/?p=5503\" \/>\n<meta property=\"og:locale\" content=\"pt_BR\" \/>\n<meta property=\"og:type\" content=\"article\" \/>\n<meta property=\"og:title\" content=\"Situa\u00e7\u00e3o da popula\u00e7\u00e3o em tratamento oncol\u00f3gico \u00e9 debatida em audi\u00eancia na CMN - Blog do Bispo\" \/>\n<meta property=\"og:description\" content=\"A situa\u00e7\u00e3o da popula\u00e7\u00e3o em tratamento oncol\u00f3gico na capital potiguar foi tema de uma audi\u00eancia p\u00fablica promovida pela Comiss\u00e3o de Sa\u00fade da C\u00e2mara Municipal de Natal nesta segunda-feira (02). Entidades que prestam assist\u00eancia aos pacientes oncol\u00f3gicos estiveram presentes ao debate. Segundo a presidente da comiss\u00e3o, vereadora Camila Ara\u00fajo (Uni\u00e3o Brasil), \u00e9 preciso mais aten\u00e7\u00e3o \u00e0s [&hellip;]\" \/>\n<meta property=\"og:url\" content=\"https:\/\/blogdobispo.com.br\/?p=5503\" \/>\n<meta property=\"og:site_name\" content=\"Blog do Bispo\" \/>\n<meta property=\"article:published_time\" content=\"2025-06-03T13:44:51+00:00\" \/>\n<meta property=\"article:modified_time\" content=\"2025-06-03T13:44:52+00:00\" \/>\n<meta property=\"og:image\" content=\"http:\/\/blogdobispo.com.br\/wp-content\/uploads\/2025\/06\/a0413329fd028987ed9f179456021c20.jpeg\" \/>\n<meta name=\"author\" content=\"Jefferson Sterfeno\" \/>\n<meta name=\"twitter:card\" content=\"summary_large_image\" \/>\n<meta name=\"twitter:label1\" content=\"Escrito por\" \/>\n\t<meta name=\"twitter:data1\" content=\"Jefferson Sterfeno\" \/>\n\t<meta name=\"twitter:label2\" content=\"Est. tempo de leitura\" \/>\n\t<meta name=\"twitter:data2\" content=\"5 minutos\" \/>\n<script type=\"application\/ld+json\" class=\"yoast-schema-graph\">{\"@context\":\"https:\/\/schema.org\",\"@graph\":[{\"@type\":\"Article\",\"@id\":\"https:\/\/blogdobispo.com.br\/?p=5503#article\",\"isPartOf\":{\"@id\":\"https:\/\/blogdobispo.com.br\/?p=5503\"},\"author\":{\"name\":\"Jefferson Sterfeno\",\"@id\":\"https:\/\/blogdobispo.com.br\/#\/schema\/person\/e2209cc0e6cea5c5233d033e997b373f\"},\"headline\":\"Situa\u00e7\u00e3o da popula\u00e7\u00e3o em tratamento oncol\u00f3gico \u00e9 debatida em audi\u00eancia na CMN\",\"datePublished\":\"2025-06-03T13:44:51+00:00\",\"dateModified\":\"2025-06-03T13:44:52+00:00\",\"mainEntityOfPage\":{\"@id\":\"https:\/\/blogdobispo.com.br\/?p=5503\"},\"wordCount\":773,\"commentCount\":0,\"publisher\":{\"@id\":\"https:\/\/blogdobispo.com.br\/#organization\"},\"image\":{\"@id\":\"https:\/\/blogdobispo.com.br\/?p=5503#primaryimage\"},\"thumbnailUrl\":\"http:\/\/blogdobispo.com.br\/wp-content\/uploads\/2025\/06\/a0413329fd028987ed9f179456021c20.jpeg\",\"articleSection\":[\"diversos\"],\"inLanguage\":\"pt-BR\",\"potentialAction\":[{\"@type\":\"CommentAction\",\"name\":\"Comment\",\"target\":[\"https:\/\/blogdobispo.com.br\/?p=5503#respond\"]}]},{\"@type\":\"WebPage\",\"@id\":\"https:\/\/blogdobispo.com.br\/?p=5503\",\"url\":\"https:\/\/blogdobispo.com.br\/?p=5503\",\"name\":\"Situa\u00e7\u00e3o da popula\u00e7\u00e3o em tratamento oncol\u00f3gico \u00e9 debatida em audi\u00eancia na CMN - Blog do Bispo\",\"isPartOf\":{\"@id\":\"https:\/\/blogdobispo.com.br\/#website\"},\"primaryImageOfPage\":{\"@id\":\"https:\/\/blogdobispo.com.br\/?p=5503#primaryimage\"},\"image\":{\"@id\":\"https:\/\/blogdobispo.com.br\/?p=5503#primaryimage\"},\"thumbnailUrl\":\"http:\/\/blogdobispo.com.br\/wp-content\/uploads\/2025\/06\/a0413329fd028987ed9f179456021c20.jpeg\",\"datePublished\":\"2025-06-03T13:44:51+00:00\",\"dateModified\":\"2025-06-03T13:44:52+00:00\",\"breadcrumb\":{\"@id\":\"https:\/\/blogdobispo.com.br\/?p=5503#breadcrumb\"},\"inLanguage\":\"pt-BR\",\"potentialAction\":[{\"@type\":\"ReadAction\",\"target\":[\"https:\/\/blogdobispo.com.br\/?p=5503\"]}]},{\"@type\":\"ImageObject\",\"inLanguage\":\"pt-BR\",\"@id\":\"https:\/\/blogdobispo.com.br\/?p=5503#primaryimage\",\"url\":\"http:\/\/blogdobispo.com.br\/wp-content\/uploads\/2025\/06\/a0413329fd028987ed9f179456021c20.jpeg\",\"contentUrl\":\"http:\/\/blogdobispo.com.br\/wp-content\/uploads\/2025\/06\/a0413329fd028987ed9f179456021c20.jpeg\"},{\"@type\":\"BreadcrumbList\",\"@id\":\"https:\/\/blogdobispo.com.br\/?p=5503#breadcrumb\",\"itemListElement\":[{\"@type\":\"ListItem\",\"position\":1,\"name\":\"In\u00edcio\",\"item\":\"https:\/\/blogdobispo.com.br\/\"},{\"@type\":\"ListItem\",\"position\":2,\"name\":\"Situa\u00e7\u00e3o da popula\u00e7\u00e3o em tratamento oncol\u00f3gico \u00e9 debatida em audi\u00eancia na CMN\"}]},{\"@type\":\"WebSite\",\"@id\":\"https:\/\/blogdobispo.com.br\/#website\",\"url\":\"https:\/\/blogdobispo.com.br\/\",\"name\":\"Blog do Bispo\",\"description\":\"Comprometido apenas com o leitor\",\"publisher\":{\"@id\":\"https:\/\/blogdobispo.com.br\/#organization\"},\"potentialAction\":[{\"@type\":\"SearchAction\",\"target\":{\"@type\":\"EntryPoint\",\"urlTemplate\":\"https:\/\/blogdobispo.com.br\/?s={search_term_string}\"},\"query-input\":{\"@type\":\"PropertyValueSpecification\",\"valueRequired\":true,\"valueName\":\"search_term_string\"}}],\"inLanguage\":\"pt-BR\"},{\"@type\":\"Organization\",\"@id\":\"https:\/\/blogdobispo.com.br\/#organization\",\"name\":\"Blog do Bispo\",\"url\":\"https:\/\/blogdobispo.com.br\/\",\"logo\":{\"@type\":\"ImageObject\",\"inLanguage\":\"pt-BR\",\"@id\":\"https:\/\/blogdobispo.com.br\/#\/schema\/logo\/image\/\",\"url\":\"http:\/\/blogdobispo.com.br\/wp-content\/uploads\/2023\/05\/cropped-headear.png\",\"contentUrl\":\"http:\/\/blogdobispo.com.br\/wp-content\/uploads\/2023\/05\/cropped-headear.png\",\"width\":1500,\"height\":399,\"caption\":\"Blog do Bispo\"},\"image\":{\"@id\":\"https:\/\/blogdobispo.com.br\/#\/schema\/logo\/image\/\"}},{\"@type\":\"Person\",\"@id\":\"https:\/\/blogdobispo.com.br\/#\/schema\/person\/e2209cc0e6cea5c5233d033e997b373f\",\"name\":\"Jefferson Sterfeno\",\"image\":{\"@type\":\"ImageObject\",\"inLanguage\":\"pt-BR\",\"@id\":\"https:\/\/blogdobispo.com.br\/#\/schema\/person\/image\/\",\"url\":\"https:\/\/secure.gravatar.com\/avatar\/0534e84764641168a677026b6d57a3f51dc7ac4db0b4f6186d9cb330d4ee1160?s=96&d=mm&r=g\",\"contentUrl\":\"https:\/\/secure.gravatar.com\/avatar\/0534e84764641168a677026b6d57a3f51dc7ac4db0b4f6186d9cb330d4ee1160?s=96&d=mm&r=g\",\"caption\":\"Jefferson Sterfeno\"},\"sameAs\":[\"http:\/\/blogdobispo.com.br\"],\"url\":\"https:\/\/blogdobispo.com.br\/?author=1\"}]}<\/script>\n<!-- \/ Yoast SEO plugin. -->","yoast_head_json":{"title":"Situa\u00e7\u00e3o da popula\u00e7\u00e3o em tratamento oncol\u00f3gico \u00e9 debatida em audi\u00eancia na CMN - Blog do Bispo","robots":{"index":"index","follow":"follow","max-snippet":"max-snippet:-1","max-image-preview":"max-image-preview:large","max-video-preview":"max-video-preview:-1"},"canonical":"https:\/\/blogdobispo.com.br\/?p=5503","og_locale":"pt_BR","og_type":"article","og_title":"Situa\u00e7\u00e3o da popula\u00e7\u00e3o em tratamento oncol\u00f3gico \u00e9 debatida em audi\u00eancia na CMN - Blog do Bispo","og_description":"A situa\u00e7\u00e3o da popula\u00e7\u00e3o em tratamento oncol\u00f3gico na capital potiguar foi tema de uma audi\u00eancia p\u00fablica promovida pela Comiss\u00e3o de Sa\u00fade da C\u00e2mara Municipal de Natal nesta segunda-feira (02). Entidades que prestam assist\u00eancia aos pacientes oncol\u00f3gicos estiveram presentes ao debate. Segundo a presidente da comiss\u00e3o, vereadora Camila Ara\u00fajo (Uni\u00e3o Brasil), \u00e9 preciso mais aten\u00e7\u00e3o \u00e0s [&hellip;]","og_url":"https:\/\/blogdobispo.com.br\/?p=5503","og_site_name":"Blog do Bispo","article_published_time":"2025-06-03T13:44:51+00:00","article_modified_time":"2025-06-03T13:44:52+00:00","og_image":[{"url":"http:\/\/blogdobispo.com.br\/wp-content\/uploads\/2025\/06\/a0413329fd028987ed9f179456021c20.jpeg","type":"","width":"","height":""}],"author":"Jefferson Sterfeno","twitter_card":"summary_large_image","twitter_misc":{"Escrito por":"Jefferson Sterfeno","Est. tempo de leitura":"5 minutos"},"schema":{"@context":"https:\/\/schema.org","@graph":[{"@type":"Article","@id":"https:\/\/blogdobispo.com.br\/?p=5503#article","isPartOf":{"@id":"https:\/\/blogdobispo.com.br\/?p=5503"},"author":{"name":"Jefferson Sterfeno","@id":"https:\/\/blogdobispo.com.br\/#\/schema\/person\/e2209cc0e6cea5c5233d033e997b373f"},"headline":"Situa\u00e7\u00e3o da popula\u00e7\u00e3o em tratamento oncol\u00f3gico \u00e9 debatida em audi\u00eancia na CMN","datePublished":"2025-06-03T13:44:51+00:00","dateModified":"2025-06-03T13:44:52+00:00","mainEntityOfPage":{"@id":"https:\/\/blogdobispo.com.br\/?p=5503"},"wordCount":773,"commentCount":0,"publisher":{"@id":"https:\/\/blogdobispo.com.br\/#organization"},"image":{"@id":"https:\/\/blogdobispo.com.br\/?p=5503#primaryimage"},"thumbnailUrl":"http:\/\/blogdobispo.com.br\/wp-content\/uploads\/2025\/06\/a0413329fd028987ed9f179456021c20.jpeg","articleSection":["diversos"],"inLanguage":"pt-BR","potentialAction":[{"@type":"CommentAction","name":"Comment","target":["https:\/\/blogdobispo.com.br\/?p=5503#respond"]}]},{"@type":"WebPage","@id":"https:\/\/blogdobispo.com.br\/?p=5503","url":"https:\/\/blogdobispo.com.br\/?p=5503","name":"Situa\u00e7\u00e3o da popula\u00e7\u00e3o em tratamento oncol\u00f3gico \u00e9 debatida em audi\u00eancia na CMN - Blog do Bispo","isPartOf":{"@id":"https:\/\/blogdobispo.com.br\/#website"},"primaryImageOfPage":{"@id":"https:\/\/blogdobispo.com.br\/?p=5503#primaryimage"},"image":{"@id":"https:\/\/blogdobispo.com.br\/?p=5503#primaryimage"},"thumbnailUrl":"http:\/\/blogdobispo.com.br\/wp-content\/uploads\/2025\/06\/a0413329fd028987ed9f179456021c20.jpeg","datePublished":"2025-06-03T13:44:51+00:00","dateModified":"2025-06-03T13:44:52+00:00","breadcrumb":{"@id":"https:\/\/blogdobispo.com.br\/?p=5503#breadcrumb"},"inLanguage":"pt-BR","potentialAction":[{"@type":"ReadAction","target":["https:\/\/blogdobispo.com.br\/?p=5503"]}]},{"@type":"ImageObject","inLanguage":"pt-BR","@id":"https:\/\/blogdobispo.com.br\/?p=5503#primaryimage","url":"http:\/\/blogdobispo.com.br\/wp-content\/uploads\/2025\/06\/a0413329fd028987ed9f179456021c20.jpeg","contentUrl":"http:\/\/blogdobispo.com.br\/wp-content\/uploads\/2025\/06\/a0413329fd028987ed9f179456021c20.jpeg"},{"@type":"BreadcrumbList","@id":"https:\/\/blogdobispo.com.br\/?p=5503#breadcrumb","itemListElement":[{"@type":"ListItem","position":1,"name":"In\u00edcio","item":"https:\/\/blogdobispo.com.br\/"},{"@type":"ListItem","position":2,"name":"Situa\u00e7\u00e3o da popula\u00e7\u00e3o em tratamento oncol\u00f3gico \u00e9 debatida em audi\u00eancia na CMN"}]},{"@type":"WebSite","@id":"https:\/\/blogdobispo.com.br\/#website","url":"https:\/\/blogdobispo.com.br\/","name":"Blog do Bispo","description":"Comprometido apenas com o leitor","publisher":{"@id":"https:\/\/blogdobispo.com.br\/#organization"},"potentialAction":[{"@type":"SearchAction","target":{"@type":"EntryPoint","urlTemplate":"https:\/\/blogdobispo.com.br\/?s={search_term_string}"},"query-input":{"@type":"PropertyValueSpecification","valueRequired":true,"valueName":"search_term_string"}}],"inLanguage":"pt-BR"},{"@type":"Organization","@id":"https:\/\/blogdobispo.com.br\/#organization","name":"Blog do Bispo","url":"https:\/\/blogdobispo.com.br\/","logo":{"@type":"ImageObject","inLanguage":"pt-BR","@id":"https:\/\/blogdobispo.com.br\/#\/schema\/logo\/image\/","url":"http:\/\/blogdobispo.com.br\/wp-content\/uploads\/2023\/05\/cropped-headear.png","contentUrl":"http:\/\/blogdobispo.com.br\/wp-content\/uploads\/2023\/05\/cropped-headear.png","width":1500,"height":399,"caption":"Blog do Bispo"},"image":{"@id":"https:\/\/blogdobispo.com.br\/#\/schema\/logo\/image\/"}},{"@type":"Person","@id":"https:\/\/blogdobispo.com.br\/#\/schema\/person\/e2209cc0e6cea5c5233d033e997b373f","name":"Jefferson Sterfeno","image":{"@type":"ImageObject","inLanguage":"pt-BR","@id":"https:\/\/blogdobispo.com.br\/#\/schema\/person\/image\/","url":"https:\/\/secure.gravatar.com\/avatar\/0534e84764641168a677026b6d57a3f51dc7ac4db0b4f6186d9cb330d4ee1160?s=96&d=mm&r=g","contentUrl":"https:\/\/secure.gravatar.com\/avatar\/0534e84764641168a677026b6d57a3f51dc7ac4db0b4f6186d9cb330d4ee1160?s=96&d=mm&r=g","caption":"Jefferson Sterfeno"},"sameAs":["http:\/\/blogdobispo.com.br"],"url":"https:\/\/blogdobispo.com.br\/?author=1"}]}},"featured_image_urls":{"full":"","thumbnail":"","medium":"","medium_large":"","large":"","1536x1536":"","2048x2048":""},"author_info":{"display_name":"Jefferson Sterfeno","author_link":"https:\/\/blogdobispo.com.br\/?author=1"},"category_info":"<a href=\"https:\/\/blogdobispo.com.br\/?cat=1\" rel=\"category\">diversos<\/a>","tag_info":"diversos","comment_count":"0","jetpack_featured_media_url":"","jetpack_sharing_enabled":true,"_links":{"self":[{"href":"https:\/\/blogdobispo.com.br\/index.php?rest_route=\/wp\/v2\/posts\/5503","targetHints":{"allow":["GET"]}}],"collection":[{"href":"https:\/\/blogdobispo.com.br\/index.php?rest_route=\/wp\/v2\/posts"}],"about":[{"href":"https:\/\/blogdobispo.com.br\/index.php?rest_route=\/wp\/v2\/types\/post"}],"author":[{"embeddable":true,"href":"https:\/\/blogdobispo.com.br\/index.php?rest_route=\/wp\/v2\/users\/1"}],"replies":[{"embeddable":true,"href":"https:\/\/blogdobispo.com.br\/index.php?rest_route=%2Fwp%2Fv2%2Fcomments&post=5503"}],"version-history":[{"count":1,"href":"https:\/\/blogdobispo.com.br\/index.php?rest_route=\/wp\/v2\/posts\/5503\/revisions"}],"predecessor-version":[{"id":5505,"href":"https:\/\/blogdobispo.com.br\/index.php?rest_route=\/wp\/v2\/posts\/5503\/revisions\/5505"}],"wp:attachment":[{"href":"https:\/\/blogdobispo.com.br\/index.php?rest_route=%2Fwp%2Fv2%2Fmedia&parent=5503"}],"wp:term":[{"taxonomy":"category","embeddable":true,"href":"https:\/\/blogdobispo.com.br\/index.php?rest_route=%2Fwp%2Fv2%2Fcategories&post=5503"},{"taxonomy":"post_tag","embeddable":true,"href":"https:\/\/blogdobispo.com.br\/index.php?rest_route=%2Fwp%2Fv2%2Ftags&post=5503"}],"curies":[{"name":"wp","href":"https:\/\/api.w.org\/{rel}","templated":true}]}}