{"id":5500,"date":"2025-06-03T13:29:44","date_gmt":"2025-06-03T13:29:44","guid":{"rendered":"https:\/\/blogdobispo.com.br\/?p=5500"},"modified":"2025-06-03T13:29:44","modified_gmt":"2025-06-03T13:29:44","slug":"governo-quer-antecipar-dinheiro-do-pre-sal-para-cobrir-rombo-nas-contas","status":"publish","type":"post","link":"https:\/\/blogdobispo.com.br\/?p=5500","title":{"rendered":"Governo quer antecipar dinheiro do pr\u00e9-sal para cobrir rombo nas contas"},"content":{"rendered":"\n<p>Pressionado a reduzir o d\u00e9ficit fiscal, o governo Lula quer antecipar a venda da sua parte da produ\u00e7\u00e3o de petr\u00f3leo nas \u00e1reas do pr\u00e9-sal que ainda n\u00e3o t\u00eam contratos de explora\u00e7\u00e3o. A not\u00edcia \u00e9 da&nbsp;<em>Gazeta do Povo.<\/em><\/p>\n\n\n\n<p>Um projeto de lei enviado ao Congresso em regime de urg\u00eancia na sexta-feira (30) autoriza a Pr\u00e9-Sal Petr\u00f3leo (PPSA) \u2014 estatal criada em 2010 exclusivamente para fazer a venda p\u00fablica da parcela da Uni\u00e3o nas \u00e1reas em regime de partilha \u2014 a leiloar esses volumes. A estimativa do governo \u00e9 arrecadar entre R$ 15 bilh\u00f5es e R$ 37 bilh\u00f5es.<\/p>\n\n\n\n<p>O PL 2632\/2025, assinado pelos ministros Alexandre Silveira (Minas e Energia) e Fernando Haddad (Fazenda), abre caminho para que a Uni\u00e3o transforme imediatamente em dinheiro a produ\u00e7\u00e3o futura das jazidas.<\/p>\n\n\n\n<p>\u201cA urg\u00eancia e a relev\u00e2ncia da medida decorrem da necessidade de criar alternativa de comercializa\u00e7\u00e3o do \u00f3leo destinado \u00e0 Uni\u00e3o que esteja alinhada \u00e0 consolida\u00e7\u00e3o fiscal em curso\u201d, admitiu Silveira, na justificativa do projeto.<\/p>\n\n\n\n<p><strong>Ideia \u00e9 elevar a produ\u00e7\u00e3o em \u00e1reas adjacentes do pr\u00e9-sal<\/strong><\/p>\n\n\n\n<p>As \u00e1reas a serem leiloadas s\u00e3o compartilhadas e adjacentes ao pol\u00edgono do pr\u00e9-sal. S\u00e3o as chamadas \u201cjazidas unitizadas\u201d, que ocorrem quando um mesmo reservat\u00f3rio ultrapassa os limites de um contrato j\u00e1 existente.<\/p>\n\n\n\n<p>Nesses casos, s\u00e3o firmados acordos de individualiza\u00e7\u00e3o da produ\u00e7\u00e3o (AIPs), que definem como o volume de petr\u00f3leo ser\u00e1 dividido entre a Uni\u00e3o e as empresas operadoras.<\/p>\n\n\n\n<p>O projeto tem como alvo principal volumes de tr\u00eas grandes campos na Bacia de Santos: Mero, Atapu e Tupi. Segundo relat\u00f3rio da PPSA, a parcela total de petr\u00f3leo da Uni\u00e3o nos AIPs foi de 11,63 mil barris por dia em mar\u00e7o. O contrato de Mero foi respons\u00e1vel por 65% desse total.<\/p>\n\n\n\n<p>A explora\u00e7\u00e3o das \u00e1reas adjacentes pode elevar a produ\u00e7\u00e3o da Uni\u00e3o para cerca de 30 mil barris de \u00f3leo equivalente por dia at\u00e9 2026, segundo dados de relat\u00f3rio da XP. A expectativa da consultoria \u00e9 que esse patamar se mantenha at\u00e9 o fim da d\u00e9cada, antes de come\u00e7ar um processo natural de decl\u00ednio.<\/p>\n\n\n\n<p><strong>Leil\u00e3o pode n\u00e3o atrair compradores, diz especialista<\/strong><\/p>\n\n\n\n<p>Para o economista e consultor na \u00e1rea de energia Adriano Pires, do Centro Brasileiro de Infraestrutura, os principais interessados nos leil\u00f5es s\u00e3o os s\u00f3cios dos campos onde h\u00e1 AIPs com a Uni\u00e3o, por meio da PPSA.<\/p>\n\n\n\n<p>\u201cNessas \u00e1reas que s\u00e3o unitizadas, quem j\u00e1 est\u00e1 no campo, quem ganhou o leil\u00e3o, seria o candidato preferencial\u201d, afirma. \u201cO que o governo est\u00e1 dizendo agora \u00e9 o seguinte: voc\u00ea [s\u00f3cio] tem determinados blocos de petr\u00f3leo dos quais sobrou um peda\u00e7o, que pode ser unitizado, ou seja, integrado \u00e0 \u00e1rea j\u00e1 leiloada. Isso \u00e9 interessante para a empresa que j\u00e1 est\u00e1 l\u00e1.\u201d<\/p>\n\n\n\n<p>Mesmo assim, o consultor adverte que n\u00e3o h\u00e1 garantia de interesse por parte dos cons\u00f3rcios, nem quanto ao valor a ser arrecadado. \u201cOs R$ 37 bilh\u00f5es pretendidos n\u00e3o s\u00e3o \u2018favas contadas\u2019\u201d, diz.<\/p>\n\n\n\n<p>Sobretudo porque o governo pretende estipular o pre\u00e7o inicial das \u00e1reas com base em um crit\u00e9rio de curva de produ\u00e7\u00e3o \u2014 uma proje\u00e7\u00e3o que mostra como ser\u00e1 a extra\u00e7\u00e3o de petr\u00f3leo ao longo do tempo em um campo, indicando quando a produ\u00e7\u00e3o atinge o pico e quando come\u00e7a a cair.<\/p>\n\n\n\n<p>\u201cEssa curva \u00e9 fornecida pela pr\u00f3pria ANP [Ag\u00eancia Nacional do Petr\u00f3leo], que tem seus pr\u00f3prios c\u00e1lculos\u201d, explica Pires. \u201cMas ela pode estar subestimada ou superestimada. O maior risco \u00e9 o governo errar essa avalia\u00e7\u00e3o das \u00e1reas unitizadas. Se estipular um pre\u00e7o alto demais, n\u00e3o aparece ningu\u00e9m interessado.\u201d<\/p>\n\n\n\n<p><strong>Tentativa de antecipar dinheiro do pr\u00e9-sal traduz desespero fiscal do governo<\/strong><\/p>\n\n\n\n<p>Certames desse tipo j\u00e1 fracassaram antes. No leil\u00e3o dos volumes excedentes da cess\u00e3o onerosa, em 2019, algumas \u00e1reas n\u00e3o receberam propostas. A cess\u00e3o onerosa foi um contrato firmado em 2010 em que a Uni\u00e3o transferiu \u00e0 Petrobras o direito de explorar at\u00e9 5 bilh\u00f5es de barris em \u00e1reas espec\u00edficas do pr\u00e9-sal, mediante pagamento fixo.<\/p>\n\n\n\n<p>No primeiro leil\u00e3o do regime de partilha, em 2013, no campo de Libra, na Bacia de Santos, tamb\u00e9m houve baixa concorr\u00eancia: apenas um cons\u00f3rcio apresentou proposta, liderado pela Petrobras, junto com Shell, Total, CNPC e CNOOC. As duas \u00faltimas s\u00e3o estatais chinesas e est\u00e3o entre as maiores empresas de petr\u00f3leo do mundo.<\/p>\n\n\n\n<p>\u201cO mercado \u00e9 assim\u201d, diz Pires. \u201cDependendo dos valores que o governo colocar, o leil\u00e3o pode fracassar.\u201d<\/p>\n\n\n\n<p>Para ele, o melhor caminho seria realizar um leil\u00e3o no modelo tradicional de partilha, como j\u00e1 \u00e9 feito pela ANP. Nesse caso, o petr\u00f3leo extra\u00eddo pertence \u00e0 Uni\u00e3o, e as empresas recebem apenas o suficiente para cobrir custos. Uma parte do lucro excedente da produ\u00e7\u00e3o \u00e9 dividido entre a Uni\u00e3o e as empresas, conforme o percentual ofertado no leil\u00e3o. Quem oferecer o maior percentual \u00e0 Uni\u00e3o arremata a \u00e1rea.<\/p>\n\n\n\n<p>\u201cMas, como o governo est\u00e1 com pressa e precisa de dinheiro imediato por conta do d\u00e9ficit fiscal, quer fazer um leil\u00e3o no qual o interessado j\u00e1 pague \u00e0 vista, baseado num crit\u00e9rio que ele mesmo vai determinar\u201d, afirma. \u201cIsso traduz o desespero fiscal do governo.\u201d<\/p>\n\n\n\n<p><strong>Governo Lula se inspira em Paulo Guedes<\/strong><\/p>\n\n\n\n<p>A proposta remete a uma ideia j\u00e1 defendida pelo governo anterior, de Jair Bolsonaro (PL), que, na \u00e9poca, sofreu forte resist\u00eancia do partido do presidente Lula.<\/p>\n\n\n\n<p>Em junho de 2022, por iniciativa do ent\u00e3o ministro da Economia, Paulo Guedes, Bolsonaro enviou ao Congresso um projeto de lei similar que, de forma ampla e ambiciosa, autorizava a venda antecipada da parcela de petr\u00f3leo e g\u00e1s natural pertencente \u00e0 Uni\u00e3o em todos os contratos de partilha do pr\u00e9-sal.<\/p>\n\n\n\n<p>\u201cO que, na \u00e9poca, o Paulo Guedes falava ia um pouco al\u00e9m\u201d, lembra Pires. \u201cEle queria vender o peda\u00e7o que, nos leil\u00f5es de partilha, ficou com a PPSA em \u00e1reas que j\u00e1 foram leiloadas. Avaliar esses campos, trazer isso a valor presente e vender.\u201d<\/p>\n\n\n\n<p>O projeto de Guedes tamb\u00e9m previa a desvincula\u00e7\u00e3o dos recursos do Fundo Social do Pr\u00e9-Sal, que at\u00e9 ent\u00e3o eram destinados prioritariamente \u00e0s \u00e1reas de educa\u00e7\u00e3o e sa\u00fade, para serem usados conforme as necessidades do Or\u00e7amento.<\/p>\n\n\n\n<p>Era uma proposta coerente com a orienta\u00e7\u00e3o liberal do governo, alinhada a outras medidas que buscavam reduzir o tamanho do Estado. No fim de maio de 2022, um decreto do governo Bolsonaro j\u00e1 havia inclu\u00eddo a PPSA na lista de estudos para uma poss\u00edvel privatiza\u00e7\u00e3o, uma das prioridades do ent\u00e3o ministro de Minas e Energia, Adolfo Sachsida, junto com a da Petrobras.<\/p>\n\n\n\n<p>Parlamentares e lideran\u00e7as do PT criticaram duramente o projeto na \u00e9poca, argumentando que ele comprometeria a soberania energ\u00e9tica do pa\u00eds e retiraria recursos essenciais das \u00e1reas sociais. Organiza\u00e7\u00f5es ligadas ao partido, como a Federa\u00e7\u00e3o \u00danica dos Petroleiros (FUP), tamb\u00e9m se manifestaram contra a proposta.<\/p>\n\n\n\n<p>Para Adriano Pires, embora o projeto atual se restrinja a \u00e1reas ainda n\u00e3o leiloadas e \u00e0s adjac\u00eancias, o artigo 4.\u00ba do PL do governo Lula abre uma brecha para que a Uni\u00e3o, por meio da PPSA, venda sua participa\u00e7\u00e3o nos campos que j\u00e1 foram leiloados.<\/p>\n\n\n\n<p>\u201c\u00c9 bem parecido com o que Guedes pretendia fazer\u201d, afirma. \u201cE n\u00e3o h\u00e1 problema em querer antecipar receita. Particularmente, acho que o governo pode gastar como quiser. O problema \u00e9 a forma apressada como isso vem sendo conduzido\u201d, diz.<\/p>\n\n\n\n<p>Ele destaca, no entanto, a incoer\u00eancia do governo e do PT, que, na \u00e9poca, acusavam o governo Bolsonaro de estar \u201centregando o patrim\u00f4nio p\u00fablico para empresas privadas\u201d.<\/p>\n\n\n\n<p>\u201cO pessoal da oposi\u00e7\u00e3o falava: \u2018O governo est\u00e1 vendendo barato, fazendo leil\u00e3o, n\u00e3o sei o qu\u00ea\u2019. Mas e agora? Agora leiloar n\u00e3o \u00e9 mais entregar o patrim\u00f4nio? Se fossem coerentes, estariam fazendo as mesmas cr\u00edticas ao governo Lula.\u201d<\/p>\n\n\n\n<p>96 FM<\/p>\n\n\n\n<figure class=\"wp-block-image size-large\"><img data-recalc-dims=\"1\" fetchpriority=\"high\" decoding=\"async\" width=\"800\" height=\"450\" src=\"https:\/\/i0.wp.com\/blogdobispo.com.br\/wp-content\/uploads\/2025\/06\/img_4757-1-1024x576.jpg?resize=800%2C450&#038;ssl=1\" class=\"wp-image-5499\" srcset=\"https:\/\/i0.wp.com\/blogdobispo.com.br\/wp-content\/uploads\/2025\/06\/img_4757-1.jpg?resize=1024%2C576&amp;ssl=1 1024w, https:\/\/i0.wp.com\/blogdobispo.com.br\/wp-content\/uploads\/2025\/06\/img_4757-1.jpg?resize=300%2C169&amp;ssl=1 300w, https:\/\/i0.wp.com\/blogdobispo.com.br\/wp-content\/uploads\/2025\/06\/img_4757-1.jpg?resize=768%2C432&amp;ssl=1 768w, https:\/\/i0.wp.com\/blogdobispo.com.br\/wp-content\/uploads\/2025\/06\/img_4757-1.jpg?w=1280&amp;ssl=1 1280w\" sizes=\"(max-width: 800px) 100vw, 800px\" \/><\/figure>\n","protected":false},"excerpt":{"rendered":"<p>Pressionado a reduzir o d\u00e9ficit fiscal, o governo Lula quer antecipar a venda da sua parte da produ\u00e7\u00e3o de petr\u00f3leo nas \u00e1reas do pr\u00e9-sal que ainda n\u00e3o t\u00eam contratos de explora\u00e7\u00e3o. A not\u00edcia \u00e9 da&nbsp;Gazeta do Povo. Um projeto de lei enviado ao Congresso em regime de urg\u00eancia na sexta-feira (30) autoriza a Pr\u00e9-Sal Petr\u00f3leo [&hellip;]<\/p>\n","protected":false},"author":1,"featured_media":0,"comment_status":"open","ping_status":"open","sticky":false,"template":"","format":"standard","meta":{"cybocfi_hide_featured_image":"","_jetpack_memberships_contains_paid_content":false,"footnotes":""},"categories":[1],"tags":[],"class_list":["post-5500","post","type-post","status-publish","format-standard","hentry","category-diversos"],"yoast_head":"<!-- This site is optimized with the Yoast SEO plugin v25.6 - https:\/\/yoast.com\/wordpress\/plugins\/seo\/ -->\n<title>Governo quer antecipar dinheiro do pr\u00e9-sal para cobrir rombo nas contas - Blog do Bispo<\/title>\n<meta name=\"robots\" content=\"index, follow, max-snippet:-1, max-image-preview:large, max-video-preview:-1\" \/>\n<link rel=\"canonical\" href=\"https:\/\/blogdobispo.com.br\/?p=5500\" \/>\n<meta property=\"og:locale\" content=\"pt_BR\" \/>\n<meta property=\"og:type\" content=\"article\" \/>\n<meta property=\"og:title\" content=\"Governo quer antecipar dinheiro do pr\u00e9-sal para cobrir rombo nas contas - Blog do Bispo\" \/>\n<meta property=\"og:description\" content=\"Pressionado a reduzir o d\u00e9ficit fiscal, o governo Lula quer antecipar a venda da sua parte da produ\u00e7\u00e3o de petr\u00f3leo nas \u00e1reas do pr\u00e9-sal que ainda n\u00e3o t\u00eam contratos de explora\u00e7\u00e3o. A not\u00edcia \u00e9 da&nbsp;Gazeta do Povo. Um projeto de lei enviado ao Congresso em regime de urg\u00eancia na sexta-feira (30) autoriza a Pr\u00e9-Sal Petr\u00f3leo [&hellip;]\" \/>\n<meta property=\"og:url\" content=\"https:\/\/blogdobispo.com.br\/?p=5500\" \/>\n<meta property=\"og:site_name\" content=\"Blog do Bispo\" \/>\n<meta property=\"article:published_time\" content=\"2025-06-03T13:29:44+00:00\" \/>\n<meta property=\"og:image\" content=\"https:\/\/blogdobispo.com.br\/wp-content\/uploads\/2025\/06\/img_4757-1-1024x576.jpg\" \/>\n<meta name=\"author\" content=\"Jefferson Sterfeno\" \/>\n<meta name=\"twitter:card\" content=\"summary_large_image\" \/>\n<meta name=\"twitter:label1\" content=\"Escrito por\" \/>\n\t<meta name=\"twitter:data1\" content=\"Jefferson Sterfeno\" \/>\n\t<meta name=\"twitter:label2\" content=\"Est. tempo de leitura\" \/>\n\t<meta name=\"twitter:data2\" content=\"7 minutos\" \/>\n<script type=\"application\/ld+json\" class=\"yoast-schema-graph\">{\"@context\":\"https:\/\/schema.org\",\"@graph\":[{\"@type\":\"Article\",\"@id\":\"https:\/\/blogdobispo.com.br\/?p=5500#article\",\"isPartOf\":{\"@id\":\"https:\/\/blogdobispo.com.br\/?p=5500\"},\"author\":{\"name\":\"Jefferson Sterfeno\",\"@id\":\"https:\/\/blogdobispo.com.br\/#\/schema\/person\/e2209cc0e6cea5c5233d033e997b373f\"},\"headline\":\"Governo quer antecipar dinheiro do pr\u00e9-sal para cobrir rombo nas contas\",\"datePublished\":\"2025-06-03T13:29:44+00:00\",\"mainEntityOfPage\":{\"@id\":\"https:\/\/blogdobispo.com.br\/?p=5500\"},\"wordCount\":1353,\"commentCount\":0,\"publisher\":{\"@id\":\"https:\/\/blogdobispo.com.br\/#organization\"},\"image\":{\"@id\":\"https:\/\/blogdobispo.com.br\/?p=5500#primaryimage\"},\"thumbnailUrl\":\"https:\/\/blogdobispo.com.br\/wp-content\/uploads\/2025\/06\/img_4757-1-1024x576.jpg\",\"articleSection\":[\"diversos\"],\"inLanguage\":\"pt-BR\",\"potentialAction\":[{\"@type\":\"CommentAction\",\"name\":\"Comment\",\"target\":[\"https:\/\/blogdobispo.com.br\/?p=5500#respond\"]}]},{\"@type\":\"WebPage\",\"@id\":\"https:\/\/blogdobispo.com.br\/?p=5500\",\"url\":\"https:\/\/blogdobispo.com.br\/?p=5500\",\"name\":\"Governo quer antecipar dinheiro do pr\u00e9-sal para cobrir rombo nas contas - Blog do Bispo\",\"isPartOf\":{\"@id\":\"https:\/\/blogdobispo.com.br\/#website\"},\"primaryImageOfPage\":{\"@id\":\"https:\/\/blogdobispo.com.br\/?p=5500#primaryimage\"},\"image\":{\"@id\":\"https:\/\/blogdobispo.com.br\/?p=5500#primaryimage\"},\"thumbnailUrl\":\"https:\/\/blogdobispo.com.br\/wp-content\/uploads\/2025\/06\/img_4757-1-1024x576.jpg\",\"datePublished\":\"2025-06-03T13:29:44+00:00\",\"breadcrumb\":{\"@id\":\"https:\/\/blogdobispo.com.br\/?p=5500#breadcrumb\"},\"inLanguage\":\"pt-BR\",\"potentialAction\":[{\"@type\":\"ReadAction\",\"target\":[\"https:\/\/blogdobispo.com.br\/?p=5500\"]}]},{\"@type\":\"ImageObject\",\"inLanguage\":\"pt-BR\",\"@id\":\"https:\/\/blogdobispo.com.br\/?p=5500#primaryimage\",\"url\":\"https:\/\/blogdobispo.com.br\/wp-content\/uploads\/2025\/06\/img_4757-1-1024x576.jpg\",\"contentUrl\":\"https:\/\/blogdobispo.com.br\/wp-content\/uploads\/2025\/06\/img_4757-1-1024x576.jpg\"},{\"@type\":\"BreadcrumbList\",\"@id\":\"https:\/\/blogdobispo.com.br\/?p=5500#breadcrumb\",\"itemListElement\":[{\"@type\":\"ListItem\",\"position\":1,\"name\":\"In\u00edcio\",\"item\":\"https:\/\/blogdobispo.com.br\/\"},{\"@type\":\"ListItem\",\"position\":2,\"name\":\"Governo quer antecipar dinheiro do pr\u00e9-sal para cobrir rombo nas contas\"}]},{\"@type\":\"WebSite\",\"@id\":\"https:\/\/blogdobispo.com.br\/#website\",\"url\":\"https:\/\/blogdobispo.com.br\/\",\"name\":\"Blog do Bispo\",\"description\":\"Comprometido apenas com o leitor\",\"publisher\":{\"@id\":\"https:\/\/blogdobispo.com.br\/#organization\"},\"potentialAction\":[{\"@type\":\"SearchAction\",\"target\":{\"@type\":\"EntryPoint\",\"urlTemplate\":\"https:\/\/blogdobispo.com.br\/?s={search_term_string}\"},\"query-input\":{\"@type\":\"PropertyValueSpecification\",\"valueRequired\":true,\"valueName\":\"search_term_string\"}}],\"inLanguage\":\"pt-BR\"},{\"@type\":\"Organization\",\"@id\":\"https:\/\/blogdobispo.com.br\/#organization\",\"name\":\"Blog do Bispo\",\"url\":\"https:\/\/blogdobispo.com.br\/\",\"logo\":{\"@type\":\"ImageObject\",\"inLanguage\":\"pt-BR\",\"@id\":\"https:\/\/blogdobispo.com.br\/#\/schema\/logo\/image\/\",\"url\":\"http:\/\/blogdobispo.com.br\/wp-content\/uploads\/2023\/05\/cropped-headear.png\",\"contentUrl\":\"http:\/\/blogdobispo.com.br\/wp-content\/uploads\/2023\/05\/cropped-headear.png\",\"width\":1500,\"height\":399,\"caption\":\"Blog do Bispo\"},\"image\":{\"@id\":\"https:\/\/blogdobispo.com.br\/#\/schema\/logo\/image\/\"}},{\"@type\":\"Person\",\"@id\":\"https:\/\/blogdobispo.com.br\/#\/schema\/person\/e2209cc0e6cea5c5233d033e997b373f\",\"name\":\"Jefferson Sterfeno\",\"image\":{\"@type\":\"ImageObject\",\"inLanguage\":\"pt-BR\",\"@id\":\"https:\/\/blogdobispo.com.br\/#\/schema\/person\/image\/\",\"url\":\"https:\/\/secure.gravatar.com\/avatar\/0534e84764641168a677026b6d57a3f51dc7ac4db0b4f6186d9cb330d4ee1160?s=96&d=mm&r=g\",\"contentUrl\":\"https:\/\/secure.gravatar.com\/avatar\/0534e84764641168a677026b6d57a3f51dc7ac4db0b4f6186d9cb330d4ee1160?s=96&d=mm&r=g\",\"caption\":\"Jefferson Sterfeno\"},\"sameAs\":[\"http:\/\/blogdobispo.com.br\"],\"url\":\"https:\/\/blogdobispo.com.br\/?author=1\"}]}<\/script>\n<!-- \/ Yoast SEO plugin. -->","yoast_head_json":{"title":"Governo quer antecipar dinheiro do pr\u00e9-sal para cobrir rombo nas contas - Blog do Bispo","robots":{"index":"index","follow":"follow","max-snippet":"max-snippet:-1","max-image-preview":"max-image-preview:large","max-video-preview":"max-video-preview:-1"},"canonical":"https:\/\/blogdobispo.com.br\/?p=5500","og_locale":"pt_BR","og_type":"article","og_title":"Governo quer antecipar dinheiro do pr\u00e9-sal para cobrir rombo nas contas - Blog do Bispo","og_description":"Pressionado a reduzir o d\u00e9ficit fiscal, o governo Lula quer antecipar a venda da sua parte da produ\u00e7\u00e3o de petr\u00f3leo nas \u00e1reas do pr\u00e9-sal que ainda n\u00e3o t\u00eam contratos de explora\u00e7\u00e3o. A not\u00edcia \u00e9 da&nbsp;Gazeta do Povo. Um projeto de lei enviado ao Congresso em regime de urg\u00eancia na sexta-feira (30) autoriza a Pr\u00e9-Sal Petr\u00f3leo [&hellip;]","og_url":"https:\/\/blogdobispo.com.br\/?p=5500","og_site_name":"Blog do Bispo","article_published_time":"2025-06-03T13:29:44+00:00","og_image":[{"url":"https:\/\/blogdobispo.com.br\/wp-content\/uploads\/2025\/06\/img_4757-1-1024x576.jpg","type":"","width":"","height":""}],"author":"Jefferson Sterfeno","twitter_card":"summary_large_image","twitter_misc":{"Escrito por":"Jefferson Sterfeno","Est. tempo de leitura":"7 minutos"},"schema":{"@context":"https:\/\/schema.org","@graph":[{"@type":"Article","@id":"https:\/\/blogdobispo.com.br\/?p=5500#article","isPartOf":{"@id":"https:\/\/blogdobispo.com.br\/?p=5500"},"author":{"name":"Jefferson Sterfeno","@id":"https:\/\/blogdobispo.com.br\/#\/schema\/person\/e2209cc0e6cea5c5233d033e997b373f"},"headline":"Governo quer antecipar dinheiro do pr\u00e9-sal para cobrir rombo nas contas","datePublished":"2025-06-03T13:29:44+00:00","mainEntityOfPage":{"@id":"https:\/\/blogdobispo.com.br\/?p=5500"},"wordCount":1353,"commentCount":0,"publisher":{"@id":"https:\/\/blogdobispo.com.br\/#organization"},"image":{"@id":"https:\/\/blogdobispo.com.br\/?p=5500#primaryimage"},"thumbnailUrl":"https:\/\/blogdobispo.com.br\/wp-content\/uploads\/2025\/06\/img_4757-1-1024x576.jpg","articleSection":["diversos"],"inLanguage":"pt-BR","potentialAction":[{"@type":"CommentAction","name":"Comment","target":["https:\/\/blogdobispo.com.br\/?p=5500#respond"]}]},{"@type":"WebPage","@id":"https:\/\/blogdobispo.com.br\/?p=5500","url":"https:\/\/blogdobispo.com.br\/?p=5500","name":"Governo quer antecipar dinheiro do pr\u00e9-sal para cobrir rombo nas contas - Blog do Bispo","isPartOf":{"@id":"https:\/\/blogdobispo.com.br\/#website"},"primaryImageOfPage":{"@id":"https:\/\/blogdobispo.com.br\/?p=5500#primaryimage"},"image":{"@id":"https:\/\/blogdobispo.com.br\/?p=5500#primaryimage"},"thumbnailUrl":"https:\/\/blogdobispo.com.br\/wp-content\/uploads\/2025\/06\/img_4757-1-1024x576.jpg","datePublished":"2025-06-03T13:29:44+00:00","breadcrumb":{"@id":"https:\/\/blogdobispo.com.br\/?p=5500#breadcrumb"},"inLanguage":"pt-BR","potentialAction":[{"@type":"ReadAction","target":["https:\/\/blogdobispo.com.br\/?p=5500"]}]},{"@type":"ImageObject","inLanguage":"pt-BR","@id":"https:\/\/blogdobispo.com.br\/?p=5500#primaryimage","url":"https:\/\/blogdobispo.com.br\/wp-content\/uploads\/2025\/06\/img_4757-1-1024x576.jpg","contentUrl":"https:\/\/blogdobispo.com.br\/wp-content\/uploads\/2025\/06\/img_4757-1-1024x576.jpg"},{"@type":"BreadcrumbList","@id":"https:\/\/blogdobispo.com.br\/?p=5500#breadcrumb","itemListElement":[{"@type":"ListItem","position":1,"name":"In\u00edcio","item":"https:\/\/blogdobispo.com.br\/"},{"@type":"ListItem","position":2,"name":"Governo quer antecipar dinheiro do pr\u00e9-sal para cobrir rombo nas contas"}]},{"@type":"WebSite","@id":"https:\/\/blogdobispo.com.br\/#website","url":"https:\/\/blogdobispo.com.br\/","name":"Blog do Bispo","description":"Comprometido apenas com o leitor","publisher":{"@id":"https:\/\/blogdobispo.com.br\/#organization"},"potentialAction":[{"@type":"SearchAction","target":{"@type":"EntryPoint","urlTemplate":"https:\/\/blogdobispo.com.br\/?s={search_term_string}"},"query-input":{"@type":"PropertyValueSpecification","valueRequired":true,"valueName":"search_term_string"}}],"inLanguage":"pt-BR"},{"@type":"Organization","@id":"https:\/\/blogdobispo.com.br\/#organization","name":"Blog do Bispo","url":"https:\/\/blogdobispo.com.br\/","logo":{"@type":"ImageObject","inLanguage":"pt-BR","@id":"https:\/\/blogdobispo.com.br\/#\/schema\/logo\/image\/","url":"http:\/\/blogdobispo.com.br\/wp-content\/uploads\/2023\/05\/cropped-headear.png","contentUrl":"http:\/\/blogdobispo.com.br\/wp-content\/uploads\/2023\/05\/cropped-headear.png","width":1500,"height":399,"caption":"Blog do Bispo"},"image":{"@id":"https:\/\/blogdobispo.com.br\/#\/schema\/logo\/image\/"}},{"@type":"Person","@id":"https:\/\/blogdobispo.com.br\/#\/schema\/person\/e2209cc0e6cea5c5233d033e997b373f","name":"Jefferson Sterfeno","image":{"@type":"ImageObject","inLanguage":"pt-BR","@id":"https:\/\/blogdobispo.com.br\/#\/schema\/person\/image\/","url":"https:\/\/secure.gravatar.com\/avatar\/0534e84764641168a677026b6d57a3f51dc7ac4db0b4f6186d9cb330d4ee1160?s=96&d=mm&r=g","contentUrl":"https:\/\/secure.gravatar.com\/avatar\/0534e84764641168a677026b6d57a3f51dc7ac4db0b4f6186d9cb330d4ee1160?s=96&d=mm&r=g","caption":"Jefferson Sterfeno"},"sameAs":["http:\/\/blogdobispo.com.br"],"url":"https:\/\/blogdobispo.com.br\/?author=1"}]}},"featured_image_urls":{"full":"","thumbnail":"","medium":"","medium_large":"","large":"","1536x1536":"","2048x2048":""},"author_info":{"display_name":"Jefferson Sterfeno","author_link":"https:\/\/blogdobispo.com.br\/?author=1"},"category_info":"<a href=\"https:\/\/blogdobispo.com.br\/?cat=1\" rel=\"category\">diversos<\/a>","tag_info":"diversos","comment_count":"0","jetpack_featured_media_url":"","jetpack_sharing_enabled":true,"_links":{"self":[{"href":"https:\/\/blogdobispo.com.br\/index.php?rest_route=\/wp\/v2\/posts\/5500","targetHints":{"allow":["GET"]}}],"collection":[{"href":"https:\/\/blogdobispo.com.br\/index.php?rest_route=\/wp\/v2\/posts"}],"about":[{"href":"https:\/\/blogdobispo.com.br\/index.php?rest_route=\/wp\/v2\/types\/post"}],"author":[{"embeddable":true,"href":"https:\/\/blogdobispo.com.br\/index.php?rest_route=\/wp\/v2\/users\/1"}],"replies":[{"embeddable":true,"href":"https:\/\/blogdobispo.com.br\/index.php?rest_route=%2Fwp%2Fv2%2Fcomments&post=5500"}],"version-history":[{"count":0,"href":"https:\/\/blogdobispo.com.br\/index.php?rest_route=\/wp\/v2\/posts\/5500\/revisions"}],"wp:attachment":[{"href":"https:\/\/blogdobispo.com.br\/index.php?rest_route=%2Fwp%2Fv2%2Fmedia&parent=5500"}],"wp:term":[{"taxonomy":"category","embeddable":true,"href":"https:\/\/blogdobispo.com.br\/index.php?rest_route=%2Fwp%2Fv2%2Fcategories&post=5500"},{"taxonomy":"post_tag","embeddable":true,"href":"https:\/\/blogdobispo.com.br\/index.php?rest_route=%2Fwp%2Fv2%2Ftags&post=5500"}],"curies":[{"name":"wp","href":"https:\/\/api.w.org\/{rel}","templated":true}]}}