{"id":5496,"date":"2025-06-03T02:05:46","date_gmt":"2025-06-03T02:05:46","guid":{"rendered":"https:\/\/blogdobispo.com.br\/?p=5496"},"modified":"2025-06-03T02:05:46","modified_gmt":"2025-06-03T02:05:46","slug":"a-unanimidade-porpino","status":"publish","type":"post","link":"https:\/\/blogdobispo.com.br\/?p=5496","title":{"rendered":"A unanimidade Porpino"},"content":{"rendered":"\n<figure class=\"wp-block-image size-large\"><img data-recalc-dims=\"1\" fetchpriority=\"high\" decoding=\"async\" width=\"599\" height=\"512\" src=\"https:\/\/i0.wp.com\/blogdobispo.com.br\/wp-content\/uploads\/2025\/06\/img_4753-1.jpg?resize=599%2C512&#038;ssl=1\" class=\"wp-image-5495\" srcset=\"https:\/\/i0.wp.com\/blogdobispo.com.br\/wp-content\/uploads\/2025\/06\/img_4753-1.jpg?w=599&amp;ssl=1 599w, https:\/\/i0.wp.com\/blogdobispo.com.br\/wp-content\/uploads\/2025\/06\/img_4753-1.jpg?resize=300%2C256&amp;ssl=1 300w\" sizes=\"(max-width: 599px) 100vw, 599px\" \/><\/figure>\n\n\n\n<p class=\"p1\">Desde as primeiras horas da tarde desta segunda-feira, ap\u00f3s o an\u00fancio da morte de Cl\u00e1udio Porpino, as redes sociais foram tomadas por homenagens. Amigos, familiares, autoridades e admiradores manifestaram pesar e deixaram mensagens de carinho e reconhecimento.<\/p>\n\n\n\n<p class=\"p1\">Deputado estadual em 2003, ex-secret\u00e1rio da Urbana, diretor de bloco no Carnatal e tamb\u00e9m diretor do ABC Futebol Clube, Cl\u00e1udio construiu uma trajet\u00f3ria marcada pelo servi\u00e7o p\u00fablico, pela cultura e pelo esporte do Rio Grande do Norte.<\/p>\n\n\n\n<p class=\"p1\">Tinha uma forte liga\u00e7\u00e3o com a ex-governadora Wilma de Faria, com quem compartilhou projetos e afinidades pol\u00edticas ao longo de muitos anos. Era conhecido por sua lealdade, postura firme e clareza em suas convic\u00e7\u00f5es \u2014 todos sabiam de que lado ele estava.<\/p>\n\n\n\n<p class=\"p1\">Ainda assim, Cl\u00e1udio era uma unanimidade entre os que o conheciam. Com uma personalidade afetuosa, generosa e respeitosa, conquistava o carinho e a admira\u00e7\u00e3o at\u00e9 mesmo daqueles com opini\u00f5es divergentes. As homenagens que tomam as redes sociais refletem o legado de um homem de di\u00e1logo, compromisso e paix\u00e3o pela vida p\u00fablica.<\/p>\n\n\n\n<p class=\"p1\">Conheci Cl\u00e1udio Porpino na campanha eleitoral de 2002, quando ele disputava e conquistaria, no ano seguinte, uma cadeira na Assembleia Legislativa. Desde ent\u00e3o, pude testemunhar de perto sua forma apaixonada de viver a pol\u00edtica, sempre com firmeza, mas tamb\u00e9m com um cora\u00e7\u00e3o generoso e aberto ao di\u00e1logo.<\/p>\n\n\n\n<p class=\"p1\">Nossos caminhos se cruzaram novamente quando atuei no ABC Futebol Clube, onde Cl\u00e1udio tamb\u00e9m deixou sua marca como diretor, sempre comprometido com o clube e respeitado por todos, o caf\u00e9 do domingo no Frasqueir\u00e3o era sagrado.<\/p>\n\n\n\n<p class=\"p1\">Mais recentemente, estivemos juntos na campanha vitoriosa de Paulinho e \u00c9riko, e ali reencontrei o mesmo Cl\u00e1udio de sempre: combativo, leal, afetuoso e inteiramente dedicado \u00e0s causas que abra\u00e7ava.<\/p>\n\n\n\n<p class=\"p1\">A partida de Cl\u00e1udio deixa um vazio dif\u00edcil de preencher, mas seu legado segue vivo nas hist\u00f3rias que protagonizou, nas amizades que cultivou e no exemplo de quem soube viver com intensidade, amor e compromisso com o povo do Rio Grande do Norte.<\/p>\n","protected":false},"excerpt":{"rendered":"<p>Desde as primeiras horas da tarde desta segunda-feira, ap\u00f3s o an\u00fancio da morte de Cl\u00e1udio Porpino, as redes sociais foram tomadas por homenagens. Amigos, familiares, autoridades e admiradores manifestaram pesar e deixaram mensagens de carinho e reconhecimento. Deputado estadual em 2003, ex-secret\u00e1rio da Urbana, diretor de bloco no Carnatal e tamb\u00e9m diretor do ABC Futebol [&hellip;]<\/p>\n","protected":false},"author":1,"featured_media":0,"comment_status":"open","ping_status":"open","sticky":false,"template":"","format":"standard","meta":{"cybocfi_hide_featured_image":"","_jetpack_memberships_contains_paid_content":false,"footnotes":""},"categories":[1],"tags":[],"class_list":["post-5496","post","type-post","status-publish","format-standard","hentry","category-diversos"],"yoast_head":"<!-- This site is optimized with the Yoast SEO plugin v25.6 - https:\/\/yoast.com\/wordpress\/plugins\/seo\/ -->\n<title>A unanimidade Porpino - Blog do Bispo<\/title>\n<meta name=\"robots\" content=\"index, follow, max-snippet:-1, max-image-preview:large, max-video-preview:-1\" \/>\n<link rel=\"canonical\" href=\"https:\/\/blogdobispo.com.br\/?p=5496\" \/>\n<meta property=\"og:locale\" content=\"pt_BR\" \/>\n<meta property=\"og:type\" content=\"article\" \/>\n<meta property=\"og:title\" content=\"A unanimidade Porpino - Blog do Bispo\" \/>\n<meta property=\"og:description\" content=\"Desde as primeiras horas da tarde desta segunda-feira, ap\u00f3s o an\u00fancio da morte de Cl\u00e1udio Porpino, as redes sociais foram tomadas por homenagens. Amigos, familiares, autoridades e admiradores manifestaram pesar e deixaram mensagens de carinho e reconhecimento. Deputado estadual em 2003, ex-secret\u00e1rio da Urbana, diretor de bloco no Carnatal e tamb\u00e9m diretor do ABC Futebol [&hellip;]\" \/>\n<meta property=\"og:url\" content=\"https:\/\/blogdobispo.com.br\/?p=5496\" \/>\n<meta property=\"og:site_name\" content=\"Blog do Bispo\" \/>\n<meta property=\"article:published_time\" content=\"2025-06-03T02:05:46+00:00\" \/>\n<meta property=\"og:image\" content=\"https:\/\/blogdobispo.com.br\/wp-content\/uploads\/2025\/06\/img_4753-1.jpg\" \/>\n<meta name=\"author\" content=\"Jefferson Sterfeno\" \/>\n<meta name=\"twitter:card\" content=\"summary_large_image\" \/>\n<meta name=\"twitter:label1\" content=\"Escrito por\" \/>\n\t<meta name=\"twitter:data1\" content=\"Jefferson Sterfeno\" \/>\n\t<meta name=\"twitter:label2\" content=\"Est. tempo de leitura\" \/>\n\t<meta name=\"twitter:data2\" content=\"2 minutos\" \/>\n<script type=\"application\/ld+json\" class=\"yoast-schema-graph\">{\"@context\":\"https:\/\/schema.org\",\"@graph\":[{\"@type\":\"Article\",\"@id\":\"https:\/\/blogdobispo.com.br\/?p=5496#article\",\"isPartOf\":{\"@id\":\"https:\/\/blogdobispo.com.br\/?p=5496\"},\"author\":{\"name\":\"Jefferson Sterfeno\",\"@id\":\"https:\/\/blogdobispo.com.br\/#\/schema\/person\/e2209cc0e6cea5c5233d033e997b373f\"},\"headline\":\"A unanimidade Porpino\",\"datePublished\":\"2025-06-03T02:05:46+00:00\",\"mainEntityOfPage\":{\"@id\":\"https:\/\/blogdobispo.com.br\/?p=5496\"},\"wordCount\":354,\"commentCount\":0,\"publisher\":{\"@id\":\"https:\/\/blogdobispo.com.br\/#organization\"},\"image\":{\"@id\":\"https:\/\/blogdobispo.com.br\/?p=5496#primaryimage\"},\"thumbnailUrl\":\"https:\/\/blogdobispo.com.br\/wp-content\/uploads\/2025\/06\/img_4753-1.jpg\",\"articleSection\":[\"diversos\"],\"inLanguage\":\"pt-BR\",\"potentialAction\":[{\"@type\":\"CommentAction\",\"name\":\"Comment\",\"target\":[\"https:\/\/blogdobispo.com.br\/?p=5496#respond\"]}]},{\"@type\":\"WebPage\",\"@id\":\"https:\/\/blogdobispo.com.br\/?p=5496\",\"url\":\"https:\/\/blogdobispo.com.br\/?p=5496\",\"name\":\"A unanimidade Porpino - Blog do Bispo\",\"isPartOf\":{\"@id\":\"https:\/\/blogdobispo.com.br\/#website\"},\"primaryImageOfPage\":{\"@id\":\"https:\/\/blogdobispo.com.br\/?p=5496#primaryimage\"},\"image\":{\"@id\":\"https:\/\/blogdobispo.com.br\/?p=5496#primaryimage\"},\"thumbnailUrl\":\"https:\/\/blogdobispo.com.br\/wp-content\/uploads\/2025\/06\/img_4753-1.jpg\",\"datePublished\":\"2025-06-03T02:05:46+00:00\",\"breadcrumb\":{\"@id\":\"https:\/\/blogdobispo.com.br\/?p=5496#breadcrumb\"},\"inLanguage\":\"pt-BR\",\"potentialAction\":[{\"@type\":\"ReadAction\",\"target\":[\"https:\/\/blogdobispo.com.br\/?p=5496\"]}]},{\"@type\":\"ImageObject\",\"inLanguage\":\"pt-BR\",\"@id\":\"https:\/\/blogdobispo.com.br\/?p=5496#primaryimage\",\"url\":\"https:\/\/blogdobispo.com.br\/wp-content\/uploads\/2025\/06\/img_4753-1.jpg\",\"contentUrl\":\"https:\/\/blogdobispo.com.br\/wp-content\/uploads\/2025\/06\/img_4753-1.jpg\"},{\"@type\":\"BreadcrumbList\",\"@id\":\"https:\/\/blogdobispo.com.br\/?p=5496#breadcrumb\",\"itemListElement\":[{\"@type\":\"ListItem\",\"position\":1,\"name\":\"In\u00edcio\",\"item\":\"https:\/\/blogdobispo.com.br\/\"},{\"@type\":\"ListItem\",\"position\":2,\"name\":\"A unanimidade Porpino\"}]},{\"@type\":\"WebSite\",\"@id\":\"https:\/\/blogdobispo.com.br\/#website\",\"url\":\"https:\/\/blogdobispo.com.br\/\",\"name\":\"Blog do Bispo\",\"description\":\"Comprometido apenas com o leitor\",\"publisher\":{\"@id\":\"https:\/\/blogdobispo.com.br\/#organization\"},\"potentialAction\":[{\"@type\":\"SearchAction\",\"target\":{\"@type\":\"EntryPoint\",\"urlTemplate\":\"https:\/\/blogdobispo.com.br\/?s={search_term_string}\"},\"query-input\":{\"@type\":\"PropertyValueSpecification\",\"valueRequired\":true,\"valueName\":\"search_term_string\"}}],\"inLanguage\":\"pt-BR\"},{\"@type\":\"Organization\",\"@id\":\"https:\/\/blogdobispo.com.br\/#organization\",\"name\":\"Blog do Bispo\",\"url\":\"https:\/\/blogdobispo.com.br\/\",\"logo\":{\"@type\":\"ImageObject\",\"inLanguage\":\"pt-BR\",\"@id\":\"https:\/\/blogdobispo.com.br\/#\/schema\/logo\/image\/\",\"url\":\"http:\/\/blogdobispo.com.br\/wp-content\/uploads\/2023\/05\/cropped-headear.png\",\"contentUrl\":\"http:\/\/blogdobispo.com.br\/wp-content\/uploads\/2023\/05\/cropped-headear.png\",\"width\":1500,\"height\":399,\"caption\":\"Blog do Bispo\"},\"image\":{\"@id\":\"https:\/\/blogdobispo.com.br\/#\/schema\/logo\/image\/\"}},{\"@type\":\"Person\",\"@id\":\"https:\/\/blogdobispo.com.br\/#\/schema\/person\/e2209cc0e6cea5c5233d033e997b373f\",\"name\":\"Jefferson Sterfeno\",\"image\":{\"@type\":\"ImageObject\",\"inLanguage\":\"pt-BR\",\"@id\":\"https:\/\/blogdobispo.com.br\/#\/schema\/person\/image\/\",\"url\":\"https:\/\/secure.gravatar.com\/avatar\/0534e84764641168a677026b6d57a3f51dc7ac4db0b4f6186d9cb330d4ee1160?s=96&d=mm&r=g\",\"contentUrl\":\"https:\/\/secure.gravatar.com\/avatar\/0534e84764641168a677026b6d57a3f51dc7ac4db0b4f6186d9cb330d4ee1160?s=96&d=mm&r=g\",\"caption\":\"Jefferson Sterfeno\"},\"sameAs\":[\"http:\/\/blogdobispo.com.br\"],\"url\":\"https:\/\/blogdobispo.com.br\/?author=1\"}]}<\/script>\n<!-- \/ Yoast SEO plugin. -->","yoast_head_json":{"title":"A unanimidade Porpino - Blog do Bispo","robots":{"index":"index","follow":"follow","max-snippet":"max-snippet:-1","max-image-preview":"max-image-preview:large","max-video-preview":"max-video-preview:-1"},"canonical":"https:\/\/blogdobispo.com.br\/?p=5496","og_locale":"pt_BR","og_type":"article","og_title":"A unanimidade Porpino - Blog do Bispo","og_description":"Desde as primeiras horas da tarde desta segunda-feira, ap\u00f3s o an\u00fancio da morte de Cl\u00e1udio Porpino, as redes sociais foram tomadas por homenagens. Amigos, familiares, autoridades e admiradores manifestaram pesar e deixaram mensagens de carinho e reconhecimento. Deputado estadual em 2003, ex-secret\u00e1rio da Urbana, diretor de bloco no Carnatal e tamb\u00e9m diretor do ABC Futebol [&hellip;]","og_url":"https:\/\/blogdobispo.com.br\/?p=5496","og_site_name":"Blog do Bispo","article_published_time":"2025-06-03T02:05:46+00:00","og_image":[{"url":"https:\/\/blogdobispo.com.br\/wp-content\/uploads\/2025\/06\/img_4753-1.jpg","type":"","width":"","height":""}],"author":"Jefferson Sterfeno","twitter_card":"summary_large_image","twitter_misc":{"Escrito por":"Jefferson Sterfeno","Est. tempo de leitura":"2 minutos"},"schema":{"@context":"https:\/\/schema.org","@graph":[{"@type":"Article","@id":"https:\/\/blogdobispo.com.br\/?p=5496#article","isPartOf":{"@id":"https:\/\/blogdobispo.com.br\/?p=5496"},"author":{"name":"Jefferson Sterfeno","@id":"https:\/\/blogdobispo.com.br\/#\/schema\/person\/e2209cc0e6cea5c5233d033e997b373f"},"headline":"A unanimidade Porpino","datePublished":"2025-06-03T02:05:46+00:00","mainEntityOfPage":{"@id":"https:\/\/blogdobispo.com.br\/?p=5496"},"wordCount":354,"commentCount":0,"publisher":{"@id":"https:\/\/blogdobispo.com.br\/#organization"},"image":{"@id":"https:\/\/blogdobispo.com.br\/?p=5496#primaryimage"},"thumbnailUrl":"https:\/\/blogdobispo.com.br\/wp-content\/uploads\/2025\/06\/img_4753-1.jpg","articleSection":["diversos"],"inLanguage":"pt-BR","potentialAction":[{"@type":"CommentAction","name":"Comment","target":["https:\/\/blogdobispo.com.br\/?p=5496#respond"]}]},{"@type":"WebPage","@id":"https:\/\/blogdobispo.com.br\/?p=5496","url":"https:\/\/blogdobispo.com.br\/?p=5496","name":"A unanimidade Porpino - Blog do Bispo","isPartOf":{"@id":"https:\/\/blogdobispo.com.br\/#website"},"primaryImageOfPage":{"@id":"https:\/\/blogdobispo.com.br\/?p=5496#primaryimage"},"image":{"@id":"https:\/\/blogdobispo.com.br\/?p=5496#primaryimage"},"thumbnailUrl":"https:\/\/blogdobispo.com.br\/wp-content\/uploads\/2025\/06\/img_4753-1.jpg","datePublished":"2025-06-03T02:05:46+00:00","breadcrumb":{"@id":"https:\/\/blogdobispo.com.br\/?p=5496#breadcrumb"},"inLanguage":"pt-BR","potentialAction":[{"@type":"ReadAction","target":["https:\/\/blogdobispo.com.br\/?p=5496"]}]},{"@type":"ImageObject","inLanguage":"pt-BR","@id":"https:\/\/blogdobispo.com.br\/?p=5496#primaryimage","url":"https:\/\/blogdobispo.com.br\/wp-content\/uploads\/2025\/06\/img_4753-1.jpg","contentUrl":"https:\/\/blogdobispo.com.br\/wp-content\/uploads\/2025\/06\/img_4753-1.jpg"},{"@type":"BreadcrumbList","@id":"https:\/\/blogdobispo.com.br\/?p=5496#breadcrumb","itemListElement":[{"@type":"ListItem","position":1,"name":"In\u00edcio","item":"https:\/\/blogdobispo.com.br\/"},{"@type":"ListItem","position":2,"name":"A unanimidade Porpino"}]},{"@type":"WebSite","@id":"https:\/\/blogdobispo.com.br\/#website","url":"https:\/\/blogdobispo.com.br\/","name":"Blog do Bispo","description":"Comprometido apenas com o leitor","publisher":{"@id":"https:\/\/blogdobispo.com.br\/#organization"},"potentialAction":[{"@type":"SearchAction","target":{"@type":"EntryPoint","urlTemplate":"https:\/\/blogdobispo.com.br\/?s={search_term_string}"},"query-input":{"@type":"PropertyValueSpecification","valueRequired":true,"valueName":"search_term_string"}}],"inLanguage":"pt-BR"},{"@type":"Organization","@id":"https:\/\/blogdobispo.com.br\/#organization","name":"Blog do Bispo","url":"https:\/\/blogdobispo.com.br\/","logo":{"@type":"ImageObject","inLanguage":"pt-BR","@id":"https:\/\/blogdobispo.com.br\/#\/schema\/logo\/image\/","url":"http:\/\/blogdobispo.com.br\/wp-content\/uploads\/2023\/05\/cropped-headear.png","contentUrl":"http:\/\/blogdobispo.com.br\/wp-content\/uploads\/2023\/05\/cropped-headear.png","width":1500,"height":399,"caption":"Blog do Bispo"},"image":{"@id":"https:\/\/blogdobispo.com.br\/#\/schema\/logo\/image\/"}},{"@type":"Person","@id":"https:\/\/blogdobispo.com.br\/#\/schema\/person\/e2209cc0e6cea5c5233d033e997b373f","name":"Jefferson Sterfeno","image":{"@type":"ImageObject","inLanguage":"pt-BR","@id":"https:\/\/blogdobispo.com.br\/#\/schema\/person\/image\/","url":"https:\/\/secure.gravatar.com\/avatar\/0534e84764641168a677026b6d57a3f51dc7ac4db0b4f6186d9cb330d4ee1160?s=96&d=mm&r=g","contentUrl":"https:\/\/secure.gravatar.com\/avatar\/0534e84764641168a677026b6d57a3f51dc7ac4db0b4f6186d9cb330d4ee1160?s=96&d=mm&r=g","caption":"Jefferson Sterfeno"},"sameAs":["http:\/\/blogdobispo.com.br"],"url":"https:\/\/blogdobispo.com.br\/?author=1"}]}},"featured_image_urls":{"full":"","thumbnail":"","medium":"","medium_large":"","large":"","1536x1536":"","2048x2048":""},"author_info":{"display_name":"Jefferson Sterfeno","author_link":"https:\/\/blogdobispo.com.br\/?author=1"},"category_info":"<a href=\"https:\/\/blogdobispo.com.br\/?cat=1\" rel=\"category\">diversos<\/a>","tag_info":"diversos","comment_count":"0","jetpack_featured_media_url":"","jetpack_sharing_enabled":true,"_links":{"self":[{"href":"https:\/\/blogdobispo.com.br\/index.php?rest_route=\/wp\/v2\/posts\/5496","targetHints":{"allow":["GET"]}}],"collection":[{"href":"https:\/\/blogdobispo.com.br\/index.php?rest_route=\/wp\/v2\/posts"}],"about":[{"href":"https:\/\/blogdobispo.com.br\/index.php?rest_route=\/wp\/v2\/types\/post"}],"author":[{"embeddable":true,"href":"https:\/\/blogdobispo.com.br\/index.php?rest_route=\/wp\/v2\/users\/1"}],"replies":[{"embeddable":true,"href":"https:\/\/blogdobispo.com.br\/index.php?rest_route=%2Fwp%2Fv2%2Fcomments&post=5496"}],"version-history":[{"count":0,"href":"https:\/\/blogdobispo.com.br\/index.php?rest_route=\/wp\/v2\/posts\/5496\/revisions"}],"wp:attachment":[{"href":"https:\/\/blogdobispo.com.br\/index.php?rest_route=%2Fwp%2Fv2%2Fmedia&parent=5496"}],"wp:term":[{"taxonomy":"category","embeddable":true,"href":"https:\/\/blogdobispo.com.br\/index.php?rest_route=%2Fwp%2Fv2%2Fcategories&post=5496"},{"taxonomy":"post_tag","embeddable":true,"href":"https:\/\/blogdobispo.com.br\/index.php?rest_route=%2Fwp%2Fv2%2Ftags&post=5496"}],"curies":[{"name":"wp","href":"https:\/\/api.w.org\/{rel}","templated":true}]}}