{"id":5483,"date":"2025-06-02T00:21:48","date_gmt":"2025-06-02T00:21:48","guid":{"rendered":"https:\/\/blogdobispo.com.br\/?p=5483"},"modified":"2025-06-02T00:21:48","modified_gmt":"2025-06-02T00:21:48","slug":"rafaela-de-nilda-participa-da-marcha-para-jesus-e-demonstra-atencao-especial-aos-ambulantes","status":"publish","type":"post","link":"https:\/\/blogdobispo.com.br\/?p=5483","title":{"rendered":"Rafaela de Nilda participa da Marcha para Jesus e demonstra aten\u00e7\u00e3o especial aos ambulantes"},"content":{"rendered":"\n<figure class=\"wp-block-image size-large\"><img data-recalc-dims=\"1\" fetchpriority=\"high\" decoding=\"async\" width=\"472\" height=\"1024\" src=\"https:\/\/i0.wp.com\/blogdobispo.com.br\/wp-content\/uploads\/2025\/06\/e20eb5f1-19d3-4b92-a931-657b3279ccd1-1-472x1024.jpg?resize=472%2C1024&#038;ssl=1\" class=\"wp-image-5482\" srcset=\"https:\/\/i0.wp.com\/blogdobispo.com.br\/wp-content\/uploads\/2025\/06\/e20eb5f1-19d3-4b92-a931-657b3279ccd1-1.jpg?resize=472%2C1024&amp;ssl=1 472w, https:\/\/i0.wp.com\/blogdobispo.com.br\/wp-content\/uploads\/2025\/06\/e20eb5f1-19d3-4b92-a931-657b3279ccd1-1.jpg?resize=138%2C300&amp;ssl=1 138w, https:\/\/i0.wp.com\/blogdobispo.com.br\/wp-content\/uploads\/2025\/06\/e20eb5f1-19d3-4b92-a931-657b3279ccd1-1.jpg?resize=708%2C1536&amp;ssl=1 708w, https:\/\/i0.wp.com\/blogdobispo.com.br\/wp-content\/uploads\/2025\/06\/e20eb5f1-19d3-4b92-a931-657b3279ccd1-1.jpg?w=738&amp;ssl=1 738w\" sizes=\"(max-width: 472px) 100vw, 472px\" \/><\/figure>\n\n\n\n<p><\/p>\n\n\n\n<p>A vereadora Rafaela de Nilda marcou presen\u00e7a na Marcha para Jesus, realizada neste domingo (30), em Parnamirim, participando ativamente de um dos eventos mais marcantes do calend\u00e1rio crist\u00e3o da cidade. Com o cora\u00e7\u00e3o cheio de f\u00e9 e empatia, Rafaela se destacou pelo gesto de carinho ao cumprimentar todos os ambulantes que estavam trabalhando no local, desejando boas vendas e sucesso em seus neg\u00f3cios.<\/p>\n\n\n\n<p>O evento, que reuniu milhares de pessoas em momentos de ora\u00e7\u00e3o, louvor e adora\u00e7\u00e3o, foi um verdadeiro sucesso de organiza\u00e7\u00e3o e participa\u00e7\u00e3o popular. Rafaela destacou a import\u00e2ncia da Marcha como s\u00edmbolo de unidade, f\u00e9 e paz para Parnamirim.<\/p>\n\n\n\n<p>\u201cA Marcha para Jesus \u00e9 um momento de renova\u00e7\u00e3o espiritual, mas tamb\u00e9m de conex\u00e3o com o povo. Fiz quest\u00e3o de conversar com os ambulantes, olhar nos olhos e desejar que suas vendas fossem aben\u00e7oadas. \u00c9 ali, no meio do povo, que a gente entende de verdade o sentido do servir\u201d, afirmou a vereadora.<\/p>\n\n\n\n<p>Durante a Marcha, Rafaela caminhou ao lado de lideran\u00e7as religiosas, fam\u00edlias e jovens, refor\u00e7ando seu compromisso com a comunidade evang\u00e9lica e com as a\u00e7\u00f5es que promovem f\u00e9, cidadania e inclus\u00e3o.<\/p>\n\n\n\n<p>O evento tamb\u00e9m contou com atra\u00e7\u00f5es musicais e manifesta\u00e7\u00f5es culturais, refor\u00e7ando o clima de celebra\u00e7\u00e3o e esperan\u00e7a.<\/p>\n","protected":false},"excerpt":{"rendered":"<p>A vereadora Rafaela de Nilda marcou presen\u00e7a na Marcha para Jesus, realizada neste domingo (30), em Parnamirim, participando ativamente de um dos eventos mais marcantes do calend\u00e1rio crist\u00e3o da cidade. Com o cora\u00e7\u00e3o cheio de f\u00e9 e empatia, Rafaela se destacou pelo gesto de carinho ao cumprimentar todos os ambulantes que estavam trabalhando no local, [&hellip;]<\/p>\n","protected":false},"author":1,"featured_media":0,"comment_status":"open","ping_status":"open","sticky":false,"template":"","format":"standard","meta":{"cybocfi_hide_featured_image":"","_jetpack_memberships_contains_paid_content":false,"footnotes":""},"categories":[1],"tags":[],"class_list":["post-5483","post","type-post","status-publish","format-standard","hentry","category-diversos"],"yoast_head":"<!-- This site is optimized with the Yoast SEO plugin v25.6 - https:\/\/yoast.com\/wordpress\/plugins\/seo\/ -->\n<title>Rafaela de Nilda participa da Marcha para Jesus e demonstra aten\u00e7\u00e3o especial aos ambulantes - Blog do Bispo<\/title>\n<meta name=\"robots\" content=\"index, follow, max-snippet:-1, max-image-preview:large, max-video-preview:-1\" \/>\n<link rel=\"canonical\" href=\"https:\/\/blogdobispo.com.br\/?p=5483\" \/>\n<meta property=\"og:locale\" content=\"pt_BR\" \/>\n<meta property=\"og:type\" content=\"article\" \/>\n<meta property=\"og:title\" content=\"Rafaela de Nilda participa da Marcha para Jesus e demonstra aten\u00e7\u00e3o especial aos ambulantes - Blog do Bispo\" \/>\n<meta property=\"og:description\" content=\"A vereadora Rafaela de Nilda marcou presen\u00e7a na Marcha para Jesus, realizada neste domingo (30), em Parnamirim, participando ativamente de um dos eventos mais marcantes do calend\u00e1rio crist\u00e3o da cidade. Com o cora\u00e7\u00e3o cheio de f\u00e9 e empatia, Rafaela se destacou pelo gesto de carinho ao cumprimentar todos os ambulantes que estavam trabalhando no local, [&hellip;]\" \/>\n<meta property=\"og:url\" content=\"https:\/\/blogdobispo.com.br\/?p=5483\" \/>\n<meta property=\"og:site_name\" content=\"Blog do Bispo\" \/>\n<meta property=\"article:published_time\" content=\"2025-06-02T00:21:48+00:00\" \/>\n<meta property=\"og:image\" content=\"https:\/\/blogdobispo.com.br\/wp-content\/uploads\/2025\/06\/e20eb5f1-19d3-4b92-a931-657b3279ccd1-1-472x1024.jpg\" \/>\n<meta name=\"author\" content=\"Jefferson Sterfeno\" \/>\n<meta name=\"twitter:card\" content=\"summary_large_image\" \/>\n<meta name=\"twitter:label1\" content=\"Escrito por\" \/>\n\t<meta name=\"twitter:data1\" content=\"Jefferson Sterfeno\" \/>\n\t<meta name=\"twitter:label2\" content=\"Est. tempo de leitura\" \/>\n\t<meta name=\"twitter:data2\" content=\"1 minuto\" \/>\n<script type=\"application\/ld+json\" class=\"yoast-schema-graph\">{\"@context\":\"https:\/\/schema.org\",\"@graph\":[{\"@type\":\"Article\",\"@id\":\"https:\/\/blogdobispo.com.br\/?p=5483#article\",\"isPartOf\":{\"@id\":\"https:\/\/blogdobispo.com.br\/?p=5483\"},\"author\":{\"name\":\"Jefferson Sterfeno\",\"@id\":\"https:\/\/blogdobispo.com.br\/#\/schema\/person\/e2209cc0e6cea5c5233d033e997b373f\"},\"headline\":\"Rafaela de Nilda participa da Marcha para Jesus e demonstra aten\u00e7\u00e3o especial aos ambulantes\",\"datePublished\":\"2025-06-02T00:21:48+00:00\",\"mainEntityOfPage\":{\"@id\":\"https:\/\/blogdobispo.com.br\/?p=5483\"},\"wordCount\":241,\"commentCount\":0,\"publisher\":{\"@id\":\"https:\/\/blogdobispo.com.br\/#organization\"},\"image\":{\"@id\":\"https:\/\/blogdobispo.com.br\/?p=5483#primaryimage\"},\"thumbnailUrl\":\"https:\/\/blogdobispo.com.br\/wp-content\/uploads\/2025\/06\/e20eb5f1-19d3-4b92-a931-657b3279ccd1-1-472x1024.jpg\",\"articleSection\":[\"diversos\"],\"inLanguage\":\"pt-BR\",\"potentialAction\":[{\"@type\":\"CommentAction\",\"name\":\"Comment\",\"target\":[\"https:\/\/blogdobispo.com.br\/?p=5483#respond\"]}]},{\"@type\":\"WebPage\",\"@id\":\"https:\/\/blogdobispo.com.br\/?p=5483\",\"url\":\"https:\/\/blogdobispo.com.br\/?p=5483\",\"name\":\"Rafaela de Nilda participa da Marcha para Jesus e demonstra aten\u00e7\u00e3o especial aos ambulantes - Blog do Bispo\",\"isPartOf\":{\"@id\":\"https:\/\/blogdobispo.com.br\/#website\"},\"primaryImageOfPage\":{\"@id\":\"https:\/\/blogdobispo.com.br\/?p=5483#primaryimage\"},\"image\":{\"@id\":\"https:\/\/blogdobispo.com.br\/?p=5483#primaryimage\"},\"thumbnailUrl\":\"https:\/\/blogdobispo.com.br\/wp-content\/uploads\/2025\/06\/e20eb5f1-19d3-4b92-a931-657b3279ccd1-1-472x1024.jpg\",\"datePublished\":\"2025-06-02T00:21:48+00:00\",\"breadcrumb\":{\"@id\":\"https:\/\/blogdobispo.com.br\/?p=5483#breadcrumb\"},\"inLanguage\":\"pt-BR\",\"potentialAction\":[{\"@type\":\"ReadAction\",\"target\":[\"https:\/\/blogdobispo.com.br\/?p=5483\"]}]},{\"@type\":\"ImageObject\",\"inLanguage\":\"pt-BR\",\"@id\":\"https:\/\/blogdobispo.com.br\/?p=5483#primaryimage\",\"url\":\"https:\/\/blogdobispo.com.br\/wp-content\/uploads\/2025\/06\/e20eb5f1-19d3-4b92-a931-657b3279ccd1-1-472x1024.jpg\",\"contentUrl\":\"https:\/\/blogdobispo.com.br\/wp-content\/uploads\/2025\/06\/e20eb5f1-19d3-4b92-a931-657b3279ccd1-1-472x1024.jpg\"},{\"@type\":\"BreadcrumbList\",\"@id\":\"https:\/\/blogdobispo.com.br\/?p=5483#breadcrumb\",\"itemListElement\":[{\"@type\":\"ListItem\",\"position\":1,\"name\":\"In\u00edcio\",\"item\":\"https:\/\/blogdobispo.com.br\/\"},{\"@type\":\"ListItem\",\"position\":2,\"name\":\"Rafaela de Nilda participa da Marcha para Jesus e demonstra aten\u00e7\u00e3o especial aos ambulantes\"}]},{\"@type\":\"WebSite\",\"@id\":\"https:\/\/blogdobispo.com.br\/#website\",\"url\":\"https:\/\/blogdobispo.com.br\/\",\"name\":\"Blog do Bispo\",\"description\":\"Comprometido apenas com o leitor\",\"publisher\":{\"@id\":\"https:\/\/blogdobispo.com.br\/#organization\"},\"potentialAction\":[{\"@type\":\"SearchAction\",\"target\":{\"@type\":\"EntryPoint\",\"urlTemplate\":\"https:\/\/blogdobispo.com.br\/?s={search_term_string}\"},\"query-input\":{\"@type\":\"PropertyValueSpecification\",\"valueRequired\":true,\"valueName\":\"search_term_string\"}}],\"inLanguage\":\"pt-BR\"},{\"@type\":\"Organization\",\"@id\":\"https:\/\/blogdobispo.com.br\/#organization\",\"name\":\"Blog do Bispo\",\"url\":\"https:\/\/blogdobispo.com.br\/\",\"logo\":{\"@type\":\"ImageObject\",\"inLanguage\":\"pt-BR\",\"@id\":\"https:\/\/blogdobispo.com.br\/#\/schema\/logo\/image\/\",\"url\":\"http:\/\/blogdobispo.com.br\/wp-content\/uploads\/2023\/05\/cropped-headear.png\",\"contentUrl\":\"http:\/\/blogdobispo.com.br\/wp-content\/uploads\/2023\/05\/cropped-headear.png\",\"width\":1500,\"height\":399,\"caption\":\"Blog do Bispo\"},\"image\":{\"@id\":\"https:\/\/blogdobispo.com.br\/#\/schema\/logo\/image\/\"}},{\"@type\":\"Person\",\"@id\":\"https:\/\/blogdobispo.com.br\/#\/schema\/person\/e2209cc0e6cea5c5233d033e997b373f\",\"name\":\"Jefferson Sterfeno\",\"image\":{\"@type\":\"ImageObject\",\"inLanguage\":\"pt-BR\",\"@id\":\"https:\/\/blogdobispo.com.br\/#\/schema\/person\/image\/\",\"url\":\"https:\/\/secure.gravatar.com\/avatar\/0534e84764641168a677026b6d57a3f51dc7ac4db0b4f6186d9cb330d4ee1160?s=96&d=mm&r=g\",\"contentUrl\":\"https:\/\/secure.gravatar.com\/avatar\/0534e84764641168a677026b6d57a3f51dc7ac4db0b4f6186d9cb330d4ee1160?s=96&d=mm&r=g\",\"caption\":\"Jefferson Sterfeno\"},\"sameAs\":[\"http:\/\/blogdobispo.com.br\"],\"url\":\"https:\/\/blogdobispo.com.br\/?author=1\"}]}<\/script>\n<!-- \/ Yoast SEO plugin. -->","yoast_head_json":{"title":"Rafaela de Nilda participa da Marcha para Jesus e demonstra aten\u00e7\u00e3o especial aos ambulantes - Blog do Bispo","robots":{"index":"index","follow":"follow","max-snippet":"max-snippet:-1","max-image-preview":"max-image-preview:large","max-video-preview":"max-video-preview:-1"},"canonical":"https:\/\/blogdobispo.com.br\/?p=5483","og_locale":"pt_BR","og_type":"article","og_title":"Rafaela de Nilda participa da Marcha para Jesus e demonstra aten\u00e7\u00e3o especial aos ambulantes - Blog do Bispo","og_description":"A vereadora Rafaela de Nilda marcou presen\u00e7a na Marcha para Jesus, realizada neste domingo (30), em Parnamirim, participando ativamente de um dos eventos mais marcantes do calend\u00e1rio crist\u00e3o da cidade. Com o cora\u00e7\u00e3o cheio de f\u00e9 e empatia, Rafaela se destacou pelo gesto de carinho ao cumprimentar todos os ambulantes que estavam trabalhando no local, [&hellip;]","og_url":"https:\/\/blogdobispo.com.br\/?p=5483","og_site_name":"Blog do Bispo","article_published_time":"2025-06-02T00:21:48+00:00","og_image":[{"url":"https:\/\/blogdobispo.com.br\/wp-content\/uploads\/2025\/06\/e20eb5f1-19d3-4b92-a931-657b3279ccd1-1-472x1024.jpg","type":"","width":"","height":""}],"author":"Jefferson Sterfeno","twitter_card":"summary_large_image","twitter_misc":{"Escrito por":"Jefferson Sterfeno","Est. tempo de leitura":"1 minuto"},"schema":{"@context":"https:\/\/schema.org","@graph":[{"@type":"Article","@id":"https:\/\/blogdobispo.com.br\/?p=5483#article","isPartOf":{"@id":"https:\/\/blogdobispo.com.br\/?p=5483"},"author":{"name":"Jefferson Sterfeno","@id":"https:\/\/blogdobispo.com.br\/#\/schema\/person\/e2209cc0e6cea5c5233d033e997b373f"},"headline":"Rafaela de Nilda participa da Marcha para Jesus e demonstra aten\u00e7\u00e3o especial aos ambulantes","datePublished":"2025-06-02T00:21:48+00:00","mainEntityOfPage":{"@id":"https:\/\/blogdobispo.com.br\/?p=5483"},"wordCount":241,"commentCount":0,"publisher":{"@id":"https:\/\/blogdobispo.com.br\/#organization"},"image":{"@id":"https:\/\/blogdobispo.com.br\/?p=5483#primaryimage"},"thumbnailUrl":"https:\/\/blogdobispo.com.br\/wp-content\/uploads\/2025\/06\/e20eb5f1-19d3-4b92-a931-657b3279ccd1-1-472x1024.jpg","articleSection":["diversos"],"inLanguage":"pt-BR","potentialAction":[{"@type":"CommentAction","name":"Comment","target":["https:\/\/blogdobispo.com.br\/?p=5483#respond"]}]},{"@type":"WebPage","@id":"https:\/\/blogdobispo.com.br\/?p=5483","url":"https:\/\/blogdobispo.com.br\/?p=5483","name":"Rafaela de Nilda participa da Marcha para Jesus e demonstra aten\u00e7\u00e3o especial aos ambulantes - Blog do Bispo","isPartOf":{"@id":"https:\/\/blogdobispo.com.br\/#website"},"primaryImageOfPage":{"@id":"https:\/\/blogdobispo.com.br\/?p=5483#primaryimage"},"image":{"@id":"https:\/\/blogdobispo.com.br\/?p=5483#primaryimage"},"thumbnailUrl":"https:\/\/blogdobispo.com.br\/wp-content\/uploads\/2025\/06\/e20eb5f1-19d3-4b92-a931-657b3279ccd1-1-472x1024.jpg","datePublished":"2025-06-02T00:21:48+00:00","breadcrumb":{"@id":"https:\/\/blogdobispo.com.br\/?p=5483#breadcrumb"},"inLanguage":"pt-BR","potentialAction":[{"@type":"ReadAction","target":["https:\/\/blogdobispo.com.br\/?p=5483"]}]},{"@type":"ImageObject","inLanguage":"pt-BR","@id":"https:\/\/blogdobispo.com.br\/?p=5483#primaryimage","url":"https:\/\/blogdobispo.com.br\/wp-content\/uploads\/2025\/06\/e20eb5f1-19d3-4b92-a931-657b3279ccd1-1-472x1024.jpg","contentUrl":"https:\/\/blogdobispo.com.br\/wp-content\/uploads\/2025\/06\/e20eb5f1-19d3-4b92-a931-657b3279ccd1-1-472x1024.jpg"},{"@type":"BreadcrumbList","@id":"https:\/\/blogdobispo.com.br\/?p=5483#breadcrumb","itemListElement":[{"@type":"ListItem","position":1,"name":"In\u00edcio","item":"https:\/\/blogdobispo.com.br\/"},{"@type":"ListItem","position":2,"name":"Rafaela de Nilda participa da Marcha para Jesus e demonstra aten\u00e7\u00e3o especial aos ambulantes"}]},{"@type":"WebSite","@id":"https:\/\/blogdobispo.com.br\/#website","url":"https:\/\/blogdobispo.com.br\/","name":"Blog do Bispo","description":"Comprometido apenas com o leitor","publisher":{"@id":"https:\/\/blogdobispo.com.br\/#organization"},"potentialAction":[{"@type":"SearchAction","target":{"@type":"EntryPoint","urlTemplate":"https:\/\/blogdobispo.com.br\/?s={search_term_string}"},"query-input":{"@type":"PropertyValueSpecification","valueRequired":true,"valueName":"search_term_string"}}],"inLanguage":"pt-BR"},{"@type":"Organization","@id":"https:\/\/blogdobispo.com.br\/#organization","name":"Blog do Bispo","url":"https:\/\/blogdobispo.com.br\/","logo":{"@type":"ImageObject","inLanguage":"pt-BR","@id":"https:\/\/blogdobispo.com.br\/#\/schema\/logo\/image\/","url":"http:\/\/blogdobispo.com.br\/wp-content\/uploads\/2023\/05\/cropped-headear.png","contentUrl":"http:\/\/blogdobispo.com.br\/wp-content\/uploads\/2023\/05\/cropped-headear.png","width":1500,"height":399,"caption":"Blog do Bispo"},"image":{"@id":"https:\/\/blogdobispo.com.br\/#\/schema\/logo\/image\/"}},{"@type":"Person","@id":"https:\/\/blogdobispo.com.br\/#\/schema\/person\/e2209cc0e6cea5c5233d033e997b373f","name":"Jefferson Sterfeno","image":{"@type":"ImageObject","inLanguage":"pt-BR","@id":"https:\/\/blogdobispo.com.br\/#\/schema\/person\/image\/","url":"https:\/\/secure.gravatar.com\/avatar\/0534e84764641168a677026b6d57a3f51dc7ac4db0b4f6186d9cb330d4ee1160?s=96&d=mm&r=g","contentUrl":"https:\/\/secure.gravatar.com\/avatar\/0534e84764641168a677026b6d57a3f51dc7ac4db0b4f6186d9cb330d4ee1160?s=96&d=mm&r=g","caption":"Jefferson Sterfeno"},"sameAs":["http:\/\/blogdobispo.com.br"],"url":"https:\/\/blogdobispo.com.br\/?author=1"}]}},"featured_image_urls":{"full":"","thumbnail":"","medium":"","medium_large":"","large":"","1536x1536":"","2048x2048":""},"author_info":{"display_name":"Jefferson Sterfeno","author_link":"https:\/\/blogdobispo.com.br\/?author=1"},"category_info":"<a href=\"https:\/\/blogdobispo.com.br\/?cat=1\" rel=\"category\">diversos<\/a>","tag_info":"diversos","comment_count":"0","jetpack_featured_media_url":"","jetpack_sharing_enabled":true,"_links":{"self":[{"href":"https:\/\/blogdobispo.com.br\/index.php?rest_route=\/wp\/v2\/posts\/5483","targetHints":{"allow":["GET"]}}],"collection":[{"href":"https:\/\/blogdobispo.com.br\/index.php?rest_route=\/wp\/v2\/posts"}],"about":[{"href":"https:\/\/blogdobispo.com.br\/index.php?rest_route=\/wp\/v2\/types\/post"}],"author":[{"embeddable":true,"href":"https:\/\/blogdobispo.com.br\/index.php?rest_route=\/wp\/v2\/users\/1"}],"replies":[{"embeddable":true,"href":"https:\/\/blogdobispo.com.br\/index.php?rest_route=%2Fwp%2Fv2%2Fcomments&post=5483"}],"version-history":[{"count":0,"href":"https:\/\/blogdobispo.com.br\/index.php?rest_route=\/wp\/v2\/posts\/5483\/revisions"}],"wp:attachment":[{"href":"https:\/\/blogdobispo.com.br\/index.php?rest_route=%2Fwp%2Fv2%2Fmedia&parent=5483"}],"wp:term":[{"taxonomy":"category","embeddable":true,"href":"https:\/\/blogdobispo.com.br\/index.php?rest_route=%2Fwp%2Fv2%2Fcategories&post=5483"},{"taxonomy":"post_tag","embeddable":true,"href":"https:\/\/blogdobispo.com.br\/index.php?rest_route=%2Fwp%2Fv2%2Ftags&post=5483"}],"curies":[{"name":"wp","href":"https:\/\/api.w.org\/{rel}","templated":true}]}}