{"id":5477,"date":"2025-06-01T00:33:11","date_gmt":"2025-06-01T00:33:11","guid":{"rendered":"https:\/\/blogdobispo.com.br\/?p=5477"},"modified":"2025-06-01T00:33:11","modified_gmt":"2025-06-01T00:33:11","slug":"audiencia-publica-debate-situacao-das-lagoas-de-captacao-em-natal","status":"publish","type":"post","link":"https:\/\/blogdobispo.com.br\/?p=5477","title":{"rendered":"Audi\u00eancia p\u00fablica debate situa\u00e7\u00e3o das lagoas de capta\u00e7\u00e3o em Natal"},"content":{"rendered":"\n<figure class=\"wp-block-image foto-noticia\"><img data-recalc-dims=\"1\" decoding=\"async\" src=\"https:\/\/i0.wp.com\/www.cmnat.rn.gov.br\/_ups\/noticias\/2025\/05\/30\/a25b7e40d7cc075437a832da854d5265.jpg?w=800&#038;ssl=1\" alt=\"\"\/><\/figure>\n\n\n\n<p>A C\u00e2mara Municipal de Natal realizou, nesta sexta-feira (30), uma audi\u00eancia p\u00fablica para discutir os problemas enfrentados pelas lagoas de capta\u00e7\u00e3o da capital potiguar e propor solu\u00e7\u00f5es para garantir seu funcionamento adequado.<\/p>\n\n\n\n<p>A iniciativa foi da vereadora Anne Lagartixa (PL). \u201cEssa audi\u00eancia nasceu da necessidade que os moradores de diversos bairros de Natal t\u00eam apresentado quanto a esgoto a c\u00e9u aberto, obras inacabadas, mau cheiro e agora, para nossa preocupa\u00e7\u00e3o, o risco grave de contamina\u00e7\u00e3o das \u00e1guas das capta\u00e7\u00f5es por esgoto sanit\u00e1rio\u201d, alertou Anne Lagartixa ao abrir os trabalhos.<\/p>\n\n\n\n<p>O encontro contou com a presen\u00e7a de representantes de secretarias e \u00f3rg\u00e3os municipais, moradores e os vereadores Matheus Faustino (Uni\u00e3o) e Herberth Sena (PV). O secret\u00e1rio municipal de Meio Ambiente e Urbanismo (Semurb), Thiago Mesquita, detalhou as a\u00e7\u00f5es que v\u00eam sendo adotadas, como o georreferenciamento das lagoas, uso de drones para monitoramento e classifica\u00e7\u00e3o das \u00e1reas de acordo com o risco de inunda\u00e7\u00f5es, al\u00e9m de fiscaliza\u00e7\u00e3o contra liga\u00e7\u00f5es clandestinas e despejo irregular de res\u00edduos s\u00f3lidos.<\/p>\n\n\n\n<p>\u201cAtrav\u00e9s da Semurb, notificamos tanto pessoas f\u00edsicas quanto jur\u00eddicas quando conseguimos identificar o lan\u00e7amento irregular, clandestino e criminoso de esgoto nas lagoas. J\u00e1 abrimos centenas de processos administrativos, inclusive contra a Companhia de \u00c1guas e Esgotos do RN (Caern), com aplica\u00e7\u00e3o de multas por extravasamento do sistema de esgotamento sanit\u00e1rio\u201d, explicou.<\/p>\n\n\n\n<p>Lucas Pinheiro, secret\u00e1rio adjunto de Infraestrutura (Seinfra), informou que Natal possui atualmente 82 lagoas de capta\u00e7\u00e3o catalogadas e que essas estruturas deveriam receber apenas \u00e1gua da chuva, mas sem sistema de esgotamento sanit\u00e1rio adequado, acabam funcionando como esgotos a c\u00e9u aberto.<\/p>\n","protected":false},"excerpt":{"rendered":"<p>A C\u00e2mara Municipal de Natal realizou, nesta sexta-feira (30), uma audi\u00eancia p\u00fablica para discutir os problemas enfrentados pelas lagoas de capta\u00e7\u00e3o da capital potiguar e propor solu\u00e7\u00f5es para garantir seu funcionamento adequado. A iniciativa foi da vereadora Anne Lagartixa (PL). \u201cEssa audi\u00eancia nasceu da necessidade que os moradores de diversos bairros de Natal t\u00eam apresentado [&hellip;]<\/p>\n","protected":false},"author":1,"featured_media":0,"comment_status":"open","ping_status":"open","sticky":false,"template":"","format":"standard","meta":{"cybocfi_hide_featured_image":"","_jetpack_memberships_contains_paid_content":false,"footnotes":""},"categories":[1],"tags":[],"class_list":["post-5477","post","type-post","status-publish","format-standard","hentry","category-diversos"],"yoast_head":"<!-- This site is optimized with the Yoast SEO plugin v25.6 - https:\/\/yoast.com\/wordpress\/plugins\/seo\/ -->\n<title>Audi\u00eancia p\u00fablica debate situa\u00e7\u00e3o das lagoas de capta\u00e7\u00e3o em Natal - Blog do Bispo<\/title>\n<meta name=\"robots\" content=\"index, follow, max-snippet:-1, max-image-preview:large, max-video-preview:-1\" \/>\n<link rel=\"canonical\" href=\"https:\/\/blogdobispo.com.br\/?p=5477\" \/>\n<meta property=\"og:locale\" content=\"pt_BR\" \/>\n<meta property=\"og:type\" content=\"article\" \/>\n<meta property=\"og:title\" content=\"Audi\u00eancia p\u00fablica debate situa\u00e7\u00e3o das lagoas de capta\u00e7\u00e3o em Natal - Blog do Bispo\" \/>\n<meta property=\"og:description\" content=\"A C\u00e2mara Municipal de Natal realizou, nesta sexta-feira (30), uma audi\u00eancia p\u00fablica para discutir os problemas enfrentados pelas lagoas de capta\u00e7\u00e3o da capital potiguar e propor solu\u00e7\u00f5es para garantir seu funcionamento adequado. A iniciativa foi da vereadora Anne Lagartixa (PL). \u201cEssa audi\u00eancia nasceu da necessidade que os moradores de diversos bairros de Natal t\u00eam apresentado [&hellip;]\" \/>\n<meta property=\"og:url\" content=\"https:\/\/blogdobispo.com.br\/?p=5477\" \/>\n<meta property=\"og:site_name\" content=\"Blog do Bispo\" \/>\n<meta property=\"article:published_time\" content=\"2025-06-01T00:33:11+00:00\" \/>\n<meta property=\"og:image\" content=\"https:\/\/www.cmnat.rn.gov.br\/_ups\/noticias\/2025\/05\/30\/a25b7e40d7cc075437a832da854d5265.jpg\" \/>\n<meta name=\"author\" content=\"Jefferson Sterfeno\" \/>\n<meta name=\"twitter:card\" content=\"summary_large_image\" \/>\n<meta name=\"twitter:label1\" content=\"Escrito por\" \/>\n\t<meta name=\"twitter:data1\" content=\"Jefferson Sterfeno\" \/>\n\t<meta name=\"twitter:label2\" content=\"Est. tempo de leitura\" \/>\n\t<meta name=\"twitter:data2\" content=\"1 minuto\" \/>\n<script type=\"application\/ld+json\" class=\"yoast-schema-graph\">{\"@context\":\"https:\/\/schema.org\",\"@graph\":[{\"@type\":\"Article\",\"@id\":\"https:\/\/blogdobispo.com.br\/?p=5477#article\",\"isPartOf\":{\"@id\":\"https:\/\/blogdobispo.com.br\/?p=5477\"},\"author\":{\"name\":\"Jefferson Sterfeno\",\"@id\":\"https:\/\/blogdobispo.com.br\/#\/schema\/person\/e2209cc0e6cea5c5233d033e997b373f\"},\"headline\":\"Audi\u00eancia p\u00fablica debate situa\u00e7\u00e3o das lagoas de capta\u00e7\u00e3o em Natal\",\"datePublished\":\"2025-06-01T00:33:11+00:00\",\"mainEntityOfPage\":{\"@id\":\"https:\/\/blogdobispo.com.br\/?p=5477\"},\"wordCount\":303,\"commentCount\":0,\"publisher\":{\"@id\":\"https:\/\/blogdobispo.com.br\/#organization\"},\"image\":{\"@id\":\"https:\/\/blogdobispo.com.br\/?p=5477#primaryimage\"},\"thumbnailUrl\":\"https:\/\/www.cmnat.rn.gov.br\/_ups\/noticias\/2025\/05\/30\/a25b7e40d7cc075437a832da854d5265.jpg\",\"articleSection\":[\"diversos\"],\"inLanguage\":\"pt-BR\",\"potentialAction\":[{\"@type\":\"CommentAction\",\"name\":\"Comment\",\"target\":[\"https:\/\/blogdobispo.com.br\/?p=5477#respond\"]}]},{\"@type\":\"WebPage\",\"@id\":\"https:\/\/blogdobispo.com.br\/?p=5477\",\"url\":\"https:\/\/blogdobispo.com.br\/?p=5477\",\"name\":\"Audi\u00eancia p\u00fablica debate situa\u00e7\u00e3o das lagoas de capta\u00e7\u00e3o em Natal - Blog do Bispo\",\"isPartOf\":{\"@id\":\"https:\/\/blogdobispo.com.br\/#website\"},\"primaryImageOfPage\":{\"@id\":\"https:\/\/blogdobispo.com.br\/?p=5477#primaryimage\"},\"image\":{\"@id\":\"https:\/\/blogdobispo.com.br\/?p=5477#primaryimage\"},\"thumbnailUrl\":\"https:\/\/www.cmnat.rn.gov.br\/_ups\/noticias\/2025\/05\/30\/a25b7e40d7cc075437a832da854d5265.jpg\",\"datePublished\":\"2025-06-01T00:33:11+00:00\",\"breadcrumb\":{\"@id\":\"https:\/\/blogdobispo.com.br\/?p=5477#breadcrumb\"},\"inLanguage\":\"pt-BR\",\"potentialAction\":[{\"@type\":\"ReadAction\",\"target\":[\"https:\/\/blogdobispo.com.br\/?p=5477\"]}]},{\"@type\":\"ImageObject\",\"inLanguage\":\"pt-BR\",\"@id\":\"https:\/\/blogdobispo.com.br\/?p=5477#primaryimage\",\"url\":\"https:\/\/www.cmnat.rn.gov.br\/_ups\/noticias\/2025\/05\/30\/a25b7e40d7cc075437a832da854d5265.jpg\",\"contentUrl\":\"https:\/\/www.cmnat.rn.gov.br\/_ups\/noticias\/2025\/05\/30\/a25b7e40d7cc075437a832da854d5265.jpg\"},{\"@type\":\"BreadcrumbList\",\"@id\":\"https:\/\/blogdobispo.com.br\/?p=5477#breadcrumb\",\"itemListElement\":[{\"@type\":\"ListItem\",\"position\":1,\"name\":\"In\u00edcio\",\"item\":\"https:\/\/blogdobispo.com.br\/\"},{\"@type\":\"ListItem\",\"position\":2,\"name\":\"Audi\u00eancia p\u00fablica debate situa\u00e7\u00e3o das lagoas de capta\u00e7\u00e3o em Natal\"}]},{\"@type\":\"WebSite\",\"@id\":\"https:\/\/blogdobispo.com.br\/#website\",\"url\":\"https:\/\/blogdobispo.com.br\/\",\"name\":\"Blog do Bispo\",\"description\":\"Comprometido apenas com o leitor\",\"publisher\":{\"@id\":\"https:\/\/blogdobispo.com.br\/#organization\"},\"potentialAction\":[{\"@type\":\"SearchAction\",\"target\":{\"@type\":\"EntryPoint\",\"urlTemplate\":\"https:\/\/blogdobispo.com.br\/?s={search_term_string}\"},\"query-input\":{\"@type\":\"PropertyValueSpecification\",\"valueRequired\":true,\"valueName\":\"search_term_string\"}}],\"inLanguage\":\"pt-BR\"},{\"@type\":\"Organization\",\"@id\":\"https:\/\/blogdobispo.com.br\/#organization\",\"name\":\"Blog do Bispo\",\"url\":\"https:\/\/blogdobispo.com.br\/\",\"logo\":{\"@type\":\"ImageObject\",\"inLanguage\":\"pt-BR\",\"@id\":\"https:\/\/blogdobispo.com.br\/#\/schema\/logo\/image\/\",\"url\":\"http:\/\/blogdobispo.com.br\/wp-content\/uploads\/2023\/05\/cropped-headear.png\",\"contentUrl\":\"http:\/\/blogdobispo.com.br\/wp-content\/uploads\/2023\/05\/cropped-headear.png\",\"width\":1500,\"height\":399,\"caption\":\"Blog do Bispo\"},\"image\":{\"@id\":\"https:\/\/blogdobispo.com.br\/#\/schema\/logo\/image\/\"}},{\"@type\":\"Person\",\"@id\":\"https:\/\/blogdobispo.com.br\/#\/schema\/person\/e2209cc0e6cea5c5233d033e997b373f\",\"name\":\"Jefferson Sterfeno\",\"image\":{\"@type\":\"ImageObject\",\"inLanguage\":\"pt-BR\",\"@id\":\"https:\/\/blogdobispo.com.br\/#\/schema\/person\/image\/\",\"url\":\"https:\/\/secure.gravatar.com\/avatar\/0534e84764641168a677026b6d57a3f51dc7ac4db0b4f6186d9cb330d4ee1160?s=96&d=mm&r=g\",\"contentUrl\":\"https:\/\/secure.gravatar.com\/avatar\/0534e84764641168a677026b6d57a3f51dc7ac4db0b4f6186d9cb330d4ee1160?s=96&d=mm&r=g\",\"caption\":\"Jefferson Sterfeno\"},\"sameAs\":[\"http:\/\/blogdobispo.com.br\"],\"url\":\"https:\/\/blogdobispo.com.br\/?author=1\"}]}<\/script>\n<!-- \/ Yoast SEO plugin. -->","yoast_head_json":{"title":"Audi\u00eancia p\u00fablica debate situa\u00e7\u00e3o das lagoas de capta\u00e7\u00e3o em Natal - Blog do Bispo","robots":{"index":"index","follow":"follow","max-snippet":"max-snippet:-1","max-image-preview":"max-image-preview:large","max-video-preview":"max-video-preview:-1"},"canonical":"https:\/\/blogdobispo.com.br\/?p=5477","og_locale":"pt_BR","og_type":"article","og_title":"Audi\u00eancia p\u00fablica debate situa\u00e7\u00e3o das lagoas de capta\u00e7\u00e3o em Natal - Blog do Bispo","og_description":"A C\u00e2mara Municipal de Natal realizou, nesta sexta-feira (30), uma audi\u00eancia p\u00fablica para discutir os problemas enfrentados pelas lagoas de capta\u00e7\u00e3o da capital potiguar e propor solu\u00e7\u00f5es para garantir seu funcionamento adequado. A iniciativa foi da vereadora Anne Lagartixa (PL). \u201cEssa audi\u00eancia nasceu da necessidade que os moradores de diversos bairros de Natal t\u00eam apresentado [&hellip;]","og_url":"https:\/\/blogdobispo.com.br\/?p=5477","og_site_name":"Blog do Bispo","article_published_time":"2025-06-01T00:33:11+00:00","og_image":[{"url":"https:\/\/www.cmnat.rn.gov.br\/_ups\/noticias\/2025\/05\/30\/a25b7e40d7cc075437a832da854d5265.jpg","type":"","width":"","height":""}],"author":"Jefferson Sterfeno","twitter_card":"summary_large_image","twitter_misc":{"Escrito por":"Jefferson Sterfeno","Est. tempo de leitura":"1 minuto"},"schema":{"@context":"https:\/\/schema.org","@graph":[{"@type":"Article","@id":"https:\/\/blogdobispo.com.br\/?p=5477#article","isPartOf":{"@id":"https:\/\/blogdobispo.com.br\/?p=5477"},"author":{"name":"Jefferson Sterfeno","@id":"https:\/\/blogdobispo.com.br\/#\/schema\/person\/e2209cc0e6cea5c5233d033e997b373f"},"headline":"Audi\u00eancia p\u00fablica debate situa\u00e7\u00e3o das lagoas de capta\u00e7\u00e3o em Natal","datePublished":"2025-06-01T00:33:11+00:00","mainEntityOfPage":{"@id":"https:\/\/blogdobispo.com.br\/?p=5477"},"wordCount":303,"commentCount":0,"publisher":{"@id":"https:\/\/blogdobispo.com.br\/#organization"},"image":{"@id":"https:\/\/blogdobispo.com.br\/?p=5477#primaryimage"},"thumbnailUrl":"https:\/\/www.cmnat.rn.gov.br\/_ups\/noticias\/2025\/05\/30\/a25b7e40d7cc075437a832da854d5265.jpg","articleSection":["diversos"],"inLanguage":"pt-BR","potentialAction":[{"@type":"CommentAction","name":"Comment","target":["https:\/\/blogdobispo.com.br\/?p=5477#respond"]}]},{"@type":"WebPage","@id":"https:\/\/blogdobispo.com.br\/?p=5477","url":"https:\/\/blogdobispo.com.br\/?p=5477","name":"Audi\u00eancia p\u00fablica debate situa\u00e7\u00e3o das lagoas de capta\u00e7\u00e3o em Natal - Blog do Bispo","isPartOf":{"@id":"https:\/\/blogdobispo.com.br\/#website"},"primaryImageOfPage":{"@id":"https:\/\/blogdobispo.com.br\/?p=5477#primaryimage"},"image":{"@id":"https:\/\/blogdobispo.com.br\/?p=5477#primaryimage"},"thumbnailUrl":"https:\/\/www.cmnat.rn.gov.br\/_ups\/noticias\/2025\/05\/30\/a25b7e40d7cc075437a832da854d5265.jpg","datePublished":"2025-06-01T00:33:11+00:00","breadcrumb":{"@id":"https:\/\/blogdobispo.com.br\/?p=5477#breadcrumb"},"inLanguage":"pt-BR","potentialAction":[{"@type":"ReadAction","target":["https:\/\/blogdobispo.com.br\/?p=5477"]}]},{"@type":"ImageObject","inLanguage":"pt-BR","@id":"https:\/\/blogdobispo.com.br\/?p=5477#primaryimage","url":"https:\/\/www.cmnat.rn.gov.br\/_ups\/noticias\/2025\/05\/30\/a25b7e40d7cc075437a832da854d5265.jpg","contentUrl":"https:\/\/www.cmnat.rn.gov.br\/_ups\/noticias\/2025\/05\/30\/a25b7e40d7cc075437a832da854d5265.jpg"},{"@type":"BreadcrumbList","@id":"https:\/\/blogdobispo.com.br\/?p=5477#breadcrumb","itemListElement":[{"@type":"ListItem","position":1,"name":"In\u00edcio","item":"https:\/\/blogdobispo.com.br\/"},{"@type":"ListItem","position":2,"name":"Audi\u00eancia p\u00fablica debate situa\u00e7\u00e3o das lagoas de capta\u00e7\u00e3o em Natal"}]},{"@type":"WebSite","@id":"https:\/\/blogdobispo.com.br\/#website","url":"https:\/\/blogdobispo.com.br\/","name":"Blog do Bispo","description":"Comprometido apenas com o leitor","publisher":{"@id":"https:\/\/blogdobispo.com.br\/#organization"},"potentialAction":[{"@type":"SearchAction","target":{"@type":"EntryPoint","urlTemplate":"https:\/\/blogdobispo.com.br\/?s={search_term_string}"},"query-input":{"@type":"PropertyValueSpecification","valueRequired":true,"valueName":"search_term_string"}}],"inLanguage":"pt-BR"},{"@type":"Organization","@id":"https:\/\/blogdobispo.com.br\/#organization","name":"Blog do Bispo","url":"https:\/\/blogdobispo.com.br\/","logo":{"@type":"ImageObject","inLanguage":"pt-BR","@id":"https:\/\/blogdobispo.com.br\/#\/schema\/logo\/image\/","url":"http:\/\/blogdobispo.com.br\/wp-content\/uploads\/2023\/05\/cropped-headear.png","contentUrl":"http:\/\/blogdobispo.com.br\/wp-content\/uploads\/2023\/05\/cropped-headear.png","width":1500,"height":399,"caption":"Blog do Bispo"},"image":{"@id":"https:\/\/blogdobispo.com.br\/#\/schema\/logo\/image\/"}},{"@type":"Person","@id":"https:\/\/blogdobispo.com.br\/#\/schema\/person\/e2209cc0e6cea5c5233d033e997b373f","name":"Jefferson Sterfeno","image":{"@type":"ImageObject","inLanguage":"pt-BR","@id":"https:\/\/blogdobispo.com.br\/#\/schema\/person\/image\/","url":"https:\/\/secure.gravatar.com\/avatar\/0534e84764641168a677026b6d57a3f51dc7ac4db0b4f6186d9cb330d4ee1160?s=96&d=mm&r=g","contentUrl":"https:\/\/secure.gravatar.com\/avatar\/0534e84764641168a677026b6d57a3f51dc7ac4db0b4f6186d9cb330d4ee1160?s=96&d=mm&r=g","caption":"Jefferson Sterfeno"},"sameAs":["http:\/\/blogdobispo.com.br"],"url":"https:\/\/blogdobispo.com.br\/?author=1"}]}},"featured_image_urls":{"full":"","thumbnail":"","medium":"","medium_large":"","large":"","1536x1536":"","2048x2048":""},"author_info":{"display_name":"Jefferson Sterfeno","author_link":"https:\/\/blogdobispo.com.br\/?author=1"},"category_info":"<a href=\"https:\/\/blogdobispo.com.br\/?cat=1\" rel=\"category\">diversos<\/a>","tag_info":"diversos","comment_count":"0","jetpack_featured_media_url":"","jetpack_sharing_enabled":true,"_links":{"self":[{"href":"https:\/\/blogdobispo.com.br\/index.php?rest_route=\/wp\/v2\/posts\/5477","targetHints":{"allow":["GET"]}}],"collection":[{"href":"https:\/\/blogdobispo.com.br\/index.php?rest_route=\/wp\/v2\/posts"}],"about":[{"href":"https:\/\/blogdobispo.com.br\/index.php?rest_route=\/wp\/v2\/types\/post"}],"author":[{"embeddable":true,"href":"https:\/\/blogdobispo.com.br\/index.php?rest_route=\/wp\/v2\/users\/1"}],"replies":[{"embeddable":true,"href":"https:\/\/blogdobispo.com.br\/index.php?rest_route=%2Fwp%2Fv2%2Fcomments&post=5477"}],"version-history":[{"count":0,"href":"https:\/\/blogdobispo.com.br\/index.php?rest_route=\/wp\/v2\/posts\/5477\/revisions"}],"wp:attachment":[{"href":"https:\/\/blogdobispo.com.br\/index.php?rest_route=%2Fwp%2Fv2%2Fmedia&parent=5477"}],"wp:term":[{"taxonomy":"category","embeddable":true,"href":"https:\/\/blogdobispo.com.br\/index.php?rest_route=%2Fwp%2Fv2%2Fcategories&post=5477"},{"taxonomy":"post_tag","embeddable":true,"href":"https:\/\/blogdobispo.com.br\/index.php?rest_route=%2Fwp%2Fv2%2Ftags&post=5477"}],"curies":[{"name":"wp","href":"https:\/\/api.w.org\/{rel}","templated":true}]}}