{"id":5472,"date":"2025-05-31T00:45:21","date_gmt":"2025-05-31T00:45:21","guid":{"rendered":"https:\/\/blogdobispo.com.br\/?p=5472"},"modified":"2025-05-31T00:45:21","modified_gmt":"2025-05-31T00:45:21","slug":"bolsonaro-retorna-ao-rn-em-junho-para-agenda-politica-e-eventos-publicos","status":"publish","type":"post","link":"https:\/\/blogdobispo.com.br\/?p=5472","title":{"rendered":"Bolsonaro retorna ao RN em junho para agenda pol\u00edtica e eventos p\u00fablicos"},"content":{"rendered":"\n<figure class=\"wp-block-image size-large\"><img data-recalc-dims=\"1\" fetchpriority=\"high\" decoding=\"async\" width=\"678\" height=\"452\" src=\"https:\/\/i0.wp.com\/blogdobispo.com.br\/wp-content\/uploads\/2025\/05\/img_4713-1.jpg?resize=678%2C452&#038;ssl=1\" class=\"wp-image-5471\" srcset=\"https:\/\/i0.wp.com\/blogdobispo.com.br\/wp-content\/uploads\/2025\/05\/img_4713-1.jpg?w=678&amp;ssl=1 678w, https:\/\/i0.wp.com\/blogdobispo.com.br\/wp-content\/uploads\/2025\/05\/img_4713-1.jpg?resize=300%2C200&amp;ssl=1 300w\" sizes=\"(max-width: 678px) 100vw, 678px\" \/><\/figure>\n\n\n\n<p class=\"p1\"><\/p>\n\n\n\n<p class=\"p3\">O ex-presidente Jair Bolsonaro (PL) retornar\u00e1 ao Rio Grande do Norte entre os dias 12 e 14 de junho para cumprir uma intensa agenda pol\u00edtica e participar de eventos p\u00fablicos. A visita foi confirmada pelo Partido Liberal e anunciada pelo senador Rog\u00e9rio Marinho (PL) durante o Semin\u00e1rio Central do Projeto Rota 2022, realizado em Natal.<\/p>\n\n\n\n<p class=\"p3\">Esta ser\u00e1 a segunda visita de Bolsonaro ao estado em 2024. Em abril, ele esteve em Natal, mas precisou ser hospitalizado ap\u00f3s um mal-estar. Agora, o retorno tem como foco a articula\u00e7\u00e3o pol\u00edtica, homenagens e encontros com apoiadores em diversas cidades potiguares.<\/p>\n\n\n\n<p class=\"p1\">Agenda em Natal<\/p>\n\n\n\n<p class=\"p3\">A programa\u00e7\u00e3o tem in\u00edcio na quarta-feira (12), com a chegada de Bolsonaro ao Aeroporto de S\u00e3o Gon\u00e7alo do Amarante \u00e0s 11h40. Em seguida, ele participa de um almo\u00e7o com influenciadores no \u00d4bar Restaurante, localizado na Praia do Meio. \u00c0s 15h30, est\u00e1 prevista a entrega de t\u00edtulos de cidadania na C\u00e2mara Municipal de Natal. Ainda na capital, o ex-presidente visitar\u00e1 a orla de Ponta Negra, pr\u00f3ximo ao Morro do Careca, \u00e0s 17h.<\/p>\n\n\n\n<p class=\"p1\">Viagem ao interior<\/p>\n\n\n\n<p class=\"p3\">Na quinta-feira (13), Bolsonaro segue para o interior do estado. A agenda come\u00e7a \u00e0s 8h com visita ao Hospital Rio Grande, no bairro Tirol (Natal), seguida de uma parada \u00e0s 10h30 na cidade de Tangar\u00e1, na Nova Pastelaria local. \u00c0s 11h30, estar\u00e1 em Santa Cruz, onde visitar\u00e1 o Hospital Municipal e o Santu\u00e1rio de Santa Rita.<\/p>\n\n\n\n<p class=\"p3\">Durante a tarde, \u00e0s 14h, participa de evento na cidade de Acari, conhecida como \u201cCidade da Moda\u201d, e \u00e0s 16h visita a Barragem de Oiticica, no munic\u00edpio de Jucurutu. O dia termina em Mossor\u00f3, com presen\u00e7a no evento \u201cMossor\u00f3 Cidade Junina\u201d, \u00e0s 20h.<\/p>\n\n\n\n<p class=\"p1\">Encerramento em Mossor\u00f3<\/p>\n\n\n\n<p class=\"p3\">Na sexta-feira (14), Bolsonaro inicia o dia \u00e0s 8h com visita ao Anel Vi\u00e1rio de Mossor\u00f3, onde tamb\u00e9m receber\u00e1 o t\u00edtulo de cidad\u00e3o mossoroense. \u00c0s 10h30, participa do Semin\u00e1rio Rota 22 no Garbos Trade Hotel. O retorno para Bras\u00edlia est\u00e1 previsto para as 14h30.<\/p>\n\n\n\n<p class=\"p3\">A agenda demonstra a inten\u00e7\u00e3o do ex-presidente de manter articula\u00e7\u00e3o direta com suas bases eleitorais no Nordeste, com foco em homenagens e fortalecimento da imagem pol\u00edtica no estado. A cobertura dos eventos ser\u00e1 feita por apoiadores, ve\u00edculos locais e redes sociais.<\/p>\n","protected":false},"excerpt":{"rendered":"<p>O ex-presidente Jair Bolsonaro (PL) retornar\u00e1 ao Rio Grande do Norte entre os dias 12 e 14 de junho para cumprir uma intensa agenda pol\u00edtica e participar de eventos p\u00fablicos. A visita foi confirmada pelo Partido Liberal e anunciada pelo senador Rog\u00e9rio Marinho (PL) durante o Semin\u00e1rio Central do Projeto Rota 2022, realizado em Natal. [&hellip;]<\/p>\n","protected":false},"author":1,"featured_media":0,"comment_status":"open","ping_status":"open","sticky":false,"template":"","format":"standard","meta":{"cybocfi_hide_featured_image":"","_jetpack_memberships_contains_paid_content":false,"footnotes":""},"categories":[1],"tags":[],"class_list":["post-5472","post","type-post","status-publish","format-standard","hentry","category-diversos"],"yoast_head":"<!-- This site is optimized with the Yoast SEO plugin v25.6 - https:\/\/yoast.com\/wordpress\/plugins\/seo\/ -->\n<title>Bolsonaro retorna ao RN em junho para agenda pol\u00edtica e eventos p\u00fablicos - Blog do Bispo<\/title>\n<meta name=\"robots\" content=\"index, follow, max-snippet:-1, max-image-preview:large, max-video-preview:-1\" \/>\n<link rel=\"canonical\" href=\"https:\/\/blogdobispo.com.br\/?p=5472\" \/>\n<meta property=\"og:locale\" content=\"pt_BR\" \/>\n<meta property=\"og:type\" content=\"article\" \/>\n<meta property=\"og:title\" content=\"Bolsonaro retorna ao RN em junho para agenda pol\u00edtica e eventos p\u00fablicos - Blog do Bispo\" \/>\n<meta property=\"og:description\" content=\"O ex-presidente Jair Bolsonaro (PL) retornar\u00e1 ao Rio Grande do Norte entre os dias 12 e 14 de junho para cumprir uma intensa agenda pol\u00edtica e participar de eventos p\u00fablicos. A visita foi confirmada pelo Partido Liberal e anunciada pelo senador Rog\u00e9rio Marinho (PL) durante o Semin\u00e1rio Central do Projeto Rota 2022, realizado em Natal. [&hellip;]\" \/>\n<meta property=\"og:url\" content=\"https:\/\/blogdobispo.com.br\/?p=5472\" \/>\n<meta property=\"og:site_name\" content=\"Blog do Bispo\" \/>\n<meta property=\"article:published_time\" content=\"2025-05-31T00:45:21+00:00\" \/>\n<meta property=\"og:image\" content=\"https:\/\/blogdobispo.com.br\/wp-content\/uploads\/2025\/05\/img_4713-1.jpg\" \/>\n<meta name=\"author\" content=\"Jefferson Sterfeno\" \/>\n<meta name=\"twitter:card\" content=\"summary_large_image\" \/>\n<meta name=\"twitter:label1\" content=\"Escrito por\" \/>\n\t<meta name=\"twitter:data1\" content=\"Jefferson Sterfeno\" \/>\n\t<meta name=\"twitter:label2\" content=\"Est. tempo de leitura\" \/>\n\t<meta name=\"twitter:data2\" content=\"2 minutos\" \/>\n<script type=\"application\/ld+json\" class=\"yoast-schema-graph\">{\"@context\":\"https:\/\/schema.org\",\"@graph\":[{\"@type\":\"Article\",\"@id\":\"https:\/\/blogdobispo.com.br\/?p=5472#article\",\"isPartOf\":{\"@id\":\"https:\/\/blogdobispo.com.br\/?p=5472\"},\"author\":{\"name\":\"Jefferson Sterfeno\",\"@id\":\"https:\/\/blogdobispo.com.br\/#\/schema\/person\/e2209cc0e6cea5c5233d033e997b373f\"},\"headline\":\"Bolsonaro retorna ao RN em junho para agenda pol\u00edtica e eventos p\u00fablicos\",\"datePublished\":\"2025-05-31T00:45:21+00:00\",\"mainEntityOfPage\":{\"@id\":\"https:\/\/blogdobispo.com.br\/?p=5472\"},\"wordCount\":396,\"commentCount\":0,\"publisher\":{\"@id\":\"https:\/\/blogdobispo.com.br\/#organization\"},\"image\":{\"@id\":\"https:\/\/blogdobispo.com.br\/?p=5472#primaryimage\"},\"thumbnailUrl\":\"https:\/\/blogdobispo.com.br\/wp-content\/uploads\/2025\/05\/img_4713-1.jpg\",\"articleSection\":[\"diversos\"],\"inLanguage\":\"pt-BR\",\"potentialAction\":[{\"@type\":\"CommentAction\",\"name\":\"Comment\",\"target\":[\"https:\/\/blogdobispo.com.br\/?p=5472#respond\"]}]},{\"@type\":\"WebPage\",\"@id\":\"https:\/\/blogdobispo.com.br\/?p=5472\",\"url\":\"https:\/\/blogdobispo.com.br\/?p=5472\",\"name\":\"Bolsonaro retorna ao RN em junho para agenda pol\u00edtica e eventos p\u00fablicos - Blog do Bispo\",\"isPartOf\":{\"@id\":\"https:\/\/blogdobispo.com.br\/#website\"},\"primaryImageOfPage\":{\"@id\":\"https:\/\/blogdobispo.com.br\/?p=5472#primaryimage\"},\"image\":{\"@id\":\"https:\/\/blogdobispo.com.br\/?p=5472#primaryimage\"},\"thumbnailUrl\":\"https:\/\/blogdobispo.com.br\/wp-content\/uploads\/2025\/05\/img_4713-1.jpg\",\"datePublished\":\"2025-05-31T00:45:21+00:00\",\"breadcrumb\":{\"@id\":\"https:\/\/blogdobispo.com.br\/?p=5472#breadcrumb\"},\"inLanguage\":\"pt-BR\",\"potentialAction\":[{\"@type\":\"ReadAction\",\"target\":[\"https:\/\/blogdobispo.com.br\/?p=5472\"]}]},{\"@type\":\"ImageObject\",\"inLanguage\":\"pt-BR\",\"@id\":\"https:\/\/blogdobispo.com.br\/?p=5472#primaryimage\",\"url\":\"https:\/\/blogdobispo.com.br\/wp-content\/uploads\/2025\/05\/img_4713-1.jpg\",\"contentUrl\":\"https:\/\/blogdobispo.com.br\/wp-content\/uploads\/2025\/05\/img_4713-1.jpg\"},{\"@type\":\"BreadcrumbList\",\"@id\":\"https:\/\/blogdobispo.com.br\/?p=5472#breadcrumb\",\"itemListElement\":[{\"@type\":\"ListItem\",\"position\":1,\"name\":\"In\u00edcio\",\"item\":\"https:\/\/blogdobispo.com.br\/\"},{\"@type\":\"ListItem\",\"position\":2,\"name\":\"Bolsonaro retorna ao RN em junho para agenda pol\u00edtica e eventos p\u00fablicos\"}]},{\"@type\":\"WebSite\",\"@id\":\"https:\/\/blogdobispo.com.br\/#website\",\"url\":\"https:\/\/blogdobispo.com.br\/\",\"name\":\"Blog do Bispo\",\"description\":\"Comprometido apenas com o leitor\",\"publisher\":{\"@id\":\"https:\/\/blogdobispo.com.br\/#organization\"},\"potentialAction\":[{\"@type\":\"SearchAction\",\"target\":{\"@type\":\"EntryPoint\",\"urlTemplate\":\"https:\/\/blogdobispo.com.br\/?s={search_term_string}\"},\"query-input\":{\"@type\":\"PropertyValueSpecification\",\"valueRequired\":true,\"valueName\":\"search_term_string\"}}],\"inLanguage\":\"pt-BR\"},{\"@type\":\"Organization\",\"@id\":\"https:\/\/blogdobispo.com.br\/#organization\",\"name\":\"Blog do Bispo\",\"url\":\"https:\/\/blogdobispo.com.br\/\",\"logo\":{\"@type\":\"ImageObject\",\"inLanguage\":\"pt-BR\",\"@id\":\"https:\/\/blogdobispo.com.br\/#\/schema\/logo\/image\/\",\"url\":\"http:\/\/blogdobispo.com.br\/wp-content\/uploads\/2023\/05\/cropped-headear.png\",\"contentUrl\":\"http:\/\/blogdobispo.com.br\/wp-content\/uploads\/2023\/05\/cropped-headear.png\",\"width\":1500,\"height\":399,\"caption\":\"Blog do Bispo\"},\"image\":{\"@id\":\"https:\/\/blogdobispo.com.br\/#\/schema\/logo\/image\/\"}},{\"@type\":\"Person\",\"@id\":\"https:\/\/blogdobispo.com.br\/#\/schema\/person\/e2209cc0e6cea5c5233d033e997b373f\",\"name\":\"Jefferson Sterfeno\",\"image\":{\"@type\":\"ImageObject\",\"inLanguage\":\"pt-BR\",\"@id\":\"https:\/\/blogdobispo.com.br\/#\/schema\/person\/image\/\",\"url\":\"https:\/\/secure.gravatar.com\/avatar\/0534e84764641168a677026b6d57a3f51dc7ac4db0b4f6186d9cb330d4ee1160?s=96&d=mm&r=g\",\"contentUrl\":\"https:\/\/secure.gravatar.com\/avatar\/0534e84764641168a677026b6d57a3f51dc7ac4db0b4f6186d9cb330d4ee1160?s=96&d=mm&r=g\",\"caption\":\"Jefferson Sterfeno\"},\"sameAs\":[\"http:\/\/blogdobispo.com.br\"],\"url\":\"https:\/\/blogdobispo.com.br\/?author=1\"}]}<\/script>\n<!-- \/ Yoast SEO plugin. -->","yoast_head_json":{"title":"Bolsonaro retorna ao RN em junho para agenda pol\u00edtica e eventos p\u00fablicos - Blog do Bispo","robots":{"index":"index","follow":"follow","max-snippet":"max-snippet:-1","max-image-preview":"max-image-preview:large","max-video-preview":"max-video-preview:-1"},"canonical":"https:\/\/blogdobispo.com.br\/?p=5472","og_locale":"pt_BR","og_type":"article","og_title":"Bolsonaro retorna ao RN em junho para agenda pol\u00edtica e eventos p\u00fablicos - Blog do Bispo","og_description":"O ex-presidente Jair Bolsonaro (PL) retornar\u00e1 ao Rio Grande do Norte entre os dias 12 e 14 de junho para cumprir uma intensa agenda pol\u00edtica e participar de eventos p\u00fablicos. A visita foi confirmada pelo Partido Liberal e anunciada pelo senador Rog\u00e9rio Marinho (PL) durante o Semin\u00e1rio Central do Projeto Rota 2022, realizado em Natal. [&hellip;]","og_url":"https:\/\/blogdobispo.com.br\/?p=5472","og_site_name":"Blog do Bispo","article_published_time":"2025-05-31T00:45:21+00:00","og_image":[{"url":"https:\/\/blogdobispo.com.br\/wp-content\/uploads\/2025\/05\/img_4713-1.jpg","type":"","width":"","height":""}],"author":"Jefferson Sterfeno","twitter_card":"summary_large_image","twitter_misc":{"Escrito por":"Jefferson Sterfeno","Est. tempo de leitura":"2 minutos"},"schema":{"@context":"https:\/\/schema.org","@graph":[{"@type":"Article","@id":"https:\/\/blogdobispo.com.br\/?p=5472#article","isPartOf":{"@id":"https:\/\/blogdobispo.com.br\/?p=5472"},"author":{"name":"Jefferson Sterfeno","@id":"https:\/\/blogdobispo.com.br\/#\/schema\/person\/e2209cc0e6cea5c5233d033e997b373f"},"headline":"Bolsonaro retorna ao RN em junho para agenda pol\u00edtica e eventos p\u00fablicos","datePublished":"2025-05-31T00:45:21+00:00","mainEntityOfPage":{"@id":"https:\/\/blogdobispo.com.br\/?p=5472"},"wordCount":396,"commentCount":0,"publisher":{"@id":"https:\/\/blogdobispo.com.br\/#organization"},"image":{"@id":"https:\/\/blogdobispo.com.br\/?p=5472#primaryimage"},"thumbnailUrl":"https:\/\/blogdobispo.com.br\/wp-content\/uploads\/2025\/05\/img_4713-1.jpg","articleSection":["diversos"],"inLanguage":"pt-BR","potentialAction":[{"@type":"CommentAction","name":"Comment","target":["https:\/\/blogdobispo.com.br\/?p=5472#respond"]}]},{"@type":"WebPage","@id":"https:\/\/blogdobispo.com.br\/?p=5472","url":"https:\/\/blogdobispo.com.br\/?p=5472","name":"Bolsonaro retorna ao RN em junho para agenda pol\u00edtica e eventos p\u00fablicos - Blog do Bispo","isPartOf":{"@id":"https:\/\/blogdobispo.com.br\/#website"},"primaryImageOfPage":{"@id":"https:\/\/blogdobispo.com.br\/?p=5472#primaryimage"},"image":{"@id":"https:\/\/blogdobispo.com.br\/?p=5472#primaryimage"},"thumbnailUrl":"https:\/\/blogdobispo.com.br\/wp-content\/uploads\/2025\/05\/img_4713-1.jpg","datePublished":"2025-05-31T00:45:21+00:00","breadcrumb":{"@id":"https:\/\/blogdobispo.com.br\/?p=5472#breadcrumb"},"inLanguage":"pt-BR","potentialAction":[{"@type":"ReadAction","target":["https:\/\/blogdobispo.com.br\/?p=5472"]}]},{"@type":"ImageObject","inLanguage":"pt-BR","@id":"https:\/\/blogdobispo.com.br\/?p=5472#primaryimage","url":"https:\/\/blogdobispo.com.br\/wp-content\/uploads\/2025\/05\/img_4713-1.jpg","contentUrl":"https:\/\/blogdobispo.com.br\/wp-content\/uploads\/2025\/05\/img_4713-1.jpg"},{"@type":"BreadcrumbList","@id":"https:\/\/blogdobispo.com.br\/?p=5472#breadcrumb","itemListElement":[{"@type":"ListItem","position":1,"name":"In\u00edcio","item":"https:\/\/blogdobispo.com.br\/"},{"@type":"ListItem","position":2,"name":"Bolsonaro retorna ao RN em junho para agenda pol\u00edtica e eventos p\u00fablicos"}]},{"@type":"WebSite","@id":"https:\/\/blogdobispo.com.br\/#website","url":"https:\/\/blogdobispo.com.br\/","name":"Blog do Bispo","description":"Comprometido apenas com o leitor","publisher":{"@id":"https:\/\/blogdobispo.com.br\/#organization"},"potentialAction":[{"@type":"SearchAction","target":{"@type":"EntryPoint","urlTemplate":"https:\/\/blogdobispo.com.br\/?s={search_term_string}"},"query-input":{"@type":"PropertyValueSpecification","valueRequired":true,"valueName":"search_term_string"}}],"inLanguage":"pt-BR"},{"@type":"Organization","@id":"https:\/\/blogdobispo.com.br\/#organization","name":"Blog do Bispo","url":"https:\/\/blogdobispo.com.br\/","logo":{"@type":"ImageObject","inLanguage":"pt-BR","@id":"https:\/\/blogdobispo.com.br\/#\/schema\/logo\/image\/","url":"http:\/\/blogdobispo.com.br\/wp-content\/uploads\/2023\/05\/cropped-headear.png","contentUrl":"http:\/\/blogdobispo.com.br\/wp-content\/uploads\/2023\/05\/cropped-headear.png","width":1500,"height":399,"caption":"Blog do Bispo"},"image":{"@id":"https:\/\/blogdobispo.com.br\/#\/schema\/logo\/image\/"}},{"@type":"Person","@id":"https:\/\/blogdobispo.com.br\/#\/schema\/person\/e2209cc0e6cea5c5233d033e997b373f","name":"Jefferson Sterfeno","image":{"@type":"ImageObject","inLanguage":"pt-BR","@id":"https:\/\/blogdobispo.com.br\/#\/schema\/person\/image\/","url":"https:\/\/secure.gravatar.com\/avatar\/0534e84764641168a677026b6d57a3f51dc7ac4db0b4f6186d9cb330d4ee1160?s=96&d=mm&r=g","contentUrl":"https:\/\/secure.gravatar.com\/avatar\/0534e84764641168a677026b6d57a3f51dc7ac4db0b4f6186d9cb330d4ee1160?s=96&d=mm&r=g","caption":"Jefferson Sterfeno"},"sameAs":["http:\/\/blogdobispo.com.br"],"url":"https:\/\/blogdobispo.com.br\/?author=1"}]}},"featured_image_urls":{"full":"","thumbnail":"","medium":"","medium_large":"","large":"","1536x1536":"","2048x2048":""},"author_info":{"display_name":"Jefferson Sterfeno","author_link":"https:\/\/blogdobispo.com.br\/?author=1"},"category_info":"<a href=\"https:\/\/blogdobispo.com.br\/?cat=1\" rel=\"category\">diversos<\/a>","tag_info":"diversos","comment_count":"0","jetpack_featured_media_url":"","jetpack_sharing_enabled":true,"_links":{"self":[{"href":"https:\/\/blogdobispo.com.br\/index.php?rest_route=\/wp\/v2\/posts\/5472","targetHints":{"allow":["GET"]}}],"collection":[{"href":"https:\/\/blogdobispo.com.br\/index.php?rest_route=\/wp\/v2\/posts"}],"about":[{"href":"https:\/\/blogdobispo.com.br\/index.php?rest_route=\/wp\/v2\/types\/post"}],"author":[{"embeddable":true,"href":"https:\/\/blogdobispo.com.br\/index.php?rest_route=\/wp\/v2\/users\/1"}],"replies":[{"embeddable":true,"href":"https:\/\/blogdobispo.com.br\/index.php?rest_route=%2Fwp%2Fv2%2Fcomments&post=5472"}],"version-history":[{"count":0,"href":"https:\/\/blogdobispo.com.br\/index.php?rest_route=\/wp\/v2\/posts\/5472\/revisions"}],"wp:attachment":[{"href":"https:\/\/blogdobispo.com.br\/index.php?rest_route=%2Fwp%2Fv2%2Fmedia&parent=5472"}],"wp:term":[{"taxonomy":"category","embeddable":true,"href":"https:\/\/blogdobispo.com.br\/index.php?rest_route=%2Fwp%2Fv2%2Fcategories&post=5472"},{"taxonomy":"post_tag","embeddable":true,"href":"https:\/\/blogdobispo.com.br\/index.php?rest_route=%2Fwp%2Fv2%2Ftags&post=5472"}],"curies":[{"name":"wp","href":"https:\/\/api.w.org\/{rel}","templated":true}]}}