{"id":5466,"date":"2025-05-30T02:47:15","date_gmt":"2025-05-30T02:47:15","guid":{"rendered":"https:\/\/blogdobispo.com.br\/?p=5466"},"modified":"2025-05-30T02:47:15","modified_gmt":"2025-05-30T02:47:15","slug":"ezequiel-no-comando-do-mdb-articulacao-politica-pode-redesenhar-forcas-no-rn","status":"publish","type":"post","link":"https:\/\/blogdobispo.com.br\/?p=5466","title":{"rendered":"Ezequiel no comando do MDB? Articula\u00e7\u00e3o pol\u00edtica pode redesenhar for\u00e7as no RN"},"content":{"rendered":"\n<figure class=\"wp-block-image\"><img data-recalc-dims=\"1\" fetchpriority=\"high\" decoding=\"async\" width=\"300\" height=\"297\" src=\"https:\/\/i0.wp.com\/blogdobispo.com.br\/wp-content\/uploads\/2025\/05\/f6827445-8d4b-446d-a615-3f136f0428dd-2019-0000006b878582ae_file-300x297.jpg?resize=300%2C297&#038;ssl=1\" alt=\"\" class=\"wp-image-5465\" srcset=\"https:\/\/i0.wp.com\/blogdobispo.com.br\/wp-content\/uploads\/2025\/05\/f6827445-8d4b-446d-a615-3f136f0428dd-2019-0000006b878582ae_file.jpg?resize=300%2C297&amp;ssl=1 300w, https:\/\/i0.wp.com\/blogdobispo.com.br\/wp-content\/uploads\/2025\/05\/f6827445-8d4b-446d-a615-3f136f0428dd-2019-0000006b878582ae_file.jpg?resize=150%2C150&amp;ssl=1 150w, https:\/\/i0.wp.com\/blogdobispo.com.br\/wp-content\/uploads\/2025\/05\/f6827445-8d4b-446d-a615-3f136f0428dd-2019-0000006b878582ae_file.jpg?w=557&amp;ssl=1 557w\" sizes=\"(max-width: 300px) 100vw, 300px\" \/><\/figure>\n\n\n\n<p class=\"p1\"><\/p>\n\n\n\n<p class=\"p3\">Natal (RN) \u2013 A cena pol\u00edtica potiguar pode estar prestes a viver uma reviravolta significativa. Informa\u00e7\u00f5es de bastidores indicam que o vice-governador Walter Alves estaria disposto a abrir m\u00e3o do comando estadual do MDB em favor do presidente da Assembleia Legislativa, Ezequiel Ferreira de Souza, atual l\u00edder do PSDB no estado. A movimenta\u00e7\u00e3o, embora ainda n\u00e3o oficial, tem gerado especula\u00e7\u00f5es sobre os impactos desse poss\u00edvel redesenho no tabuleiro pol\u00edtico do Rio Grande do Norte.<\/p>\n\n\n\n<p class=\"p3\">Fontes ligadas aos dois grupos pol\u00edticos revelam que conversas j\u00e1 ocorrem nos bastidores, com Walter avaliando positivamente a ideia de transferir a presid\u00eancia estadual do MDB para Ezequiel. O gesto seria parte de um acordo mais amplo visando as elei\u00e7\u00f5es de 2026 \u2014 e, segundo aliados, n\u00e3o seria apenas uma \u201centrega\u201d simb\u00f3lica, mas uma reestrutura\u00e7\u00e3o com objetivo de fortalecer a alian\u00e7a entre ambos.<\/p>\n\n\n\n<p class=\"p3\">A eventual filia\u00e7\u00e3o de Ezequiel ao MDB viria em um momento de incerteza sobre seu futuro no PSDB, especialmente ap\u00f3s a entrada do senador Styvenson Valentim no partido, o que pode alterar os rumos do comando tucano no estado. Perder a presid\u00eancia do PSDB seria um movimento arriscado para Ezequiel, que h\u00e1 anos comanda com m\u00e3o firme a legenda e a Assembleia Legislativa.<\/p>\n\n\n\n<p class=\"p3\">Para Walter, a sa\u00edda da presid\u00eancia estadual do MDB n\u00e3o significaria enfraquecimento. Pelo contr\u00e1rio: manteria sua influ\u00eancia na executiva nacional do partido, com liberdade para articular em Bras\u00edlia, ao mesmo tempo em que fortaleceria sua base local com a for\u00e7a pol\u00edtica e eleitoral de Ezequiel \u2014 cuja lideran\u00e7a no interior do RN \u00e9 indiscut\u00edvel.<\/p>\n\n\n\n<p class=\"p3\">Analistas avaliam que a fus\u00e3o entre PSDB e MDB, em discuss\u00e3o no plano nacional, pode ser o pano de fundo da movimenta\u00e7\u00e3o. Em um eventual partido unificado, a defini\u00e7\u00e3o sobre quem comanda a sigla no estado se tornaria inevit\u00e1vel \u2014 e Walter poderia se antecipar ao conflito ao ceder espa\u00e7o, em nome da alian\u00e7a.<\/p>\n\n\n\n<p class=\"p3\">Apesar das especula\u00e7\u00f5es, nenhum dos dois l\u00edderes confirmou oficialmente a mudan\u00e7a. No entanto, aliados pr\u00f3ximos garantem que o cen\u00e1rio est\u00e1 \u201cmaduro\u201d e que o an\u00fancio pode ser quest\u00e3o de tempo.<\/p>\n\n\n\n<p class=\"p3\">Enquanto isso, nos bastidores da pol\u00edtica potiguar, a pergunta que ecoa \u00e9: estar\u00e1 Ezequiel prestes a assumir o comando de mais uma legenda?<\/p>\n","protected":false},"excerpt":{"rendered":"<p>Natal (RN) \u2013 A cena pol\u00edtica potiguar pode estar prestes a viver uma reviravolta significativa. Informa\u00e7\u00f5es de bastidores indicam que o vice-governador Walter Alves estaria disposto a abrir m\u00e3o do comando estadual do MDB em favor do presidente da Assembleia Legislativa, Ezequiel Ferreira de Souza, atual l\u00edder do PSDB no estado. A movimenta\u00e7\u00e3o, embora ainda [&hellip;]<\/p>\n","protected":false},"author":1,"featured_media":0,"comment_status":"open","ping_status":"open","sticky":false,"template":"","format":"standard","meta":{"cybocfi_hide_featured_image":"","_jetpack_memberships_contains_paid_content":false,"footnotes":""},"categories":[1],"tags":[],"class_list":["post-5466","post","type-post","status-publish","format-standard","hentry","category-diversos"],"yoast_head":"<!-- This site is optimized with the Yoast SEO plugin v25.6 - https:\/\/yoast.com\/wordpress\/plugins\/seo\/ -->\n<title>Ezequiel no comando do MDB? Articula\u00e7\u00e3o pol\u00edtica pode redesenhar for\u00e7as no RN - Blog do Bispo<\/title>\n<meta name=\"robots\" content=\"index, follow, max-snippet:-1, max-image-preview:large, max-video-preview:-1\" \/>\n<link rel=\"canonical\" href=\"https:\/\/blogdobispo.com.br\/?p=5466\" \/>\n<meta property=\"og:locale\" content=\"pt_BR\" \/>\n<meta property=\"og:type\" content=\"article\" \/>\n<meta property=\"og:title\" content=\"Ezequiel no comando do MDB? Articula\u00e7\u00e3o pol\u00edtica pode redesenhar for\u00e7as no RN - Blog do Bispo\" \/>\n<meta property=\"og:description\" content=\"Natal (RN) \u2013 A cena pol\u00edtica potiguar pode estar prestes a viver uma reviravolta significativa. Informa\u00e7\u00f5es de bastidores indicam que o vice-governador Walter Alves estaria disposto a abrir m\u00e3o do comando estadual do MDB em favor do presidente da Assembleia Legislativa, Ezequiel Ferreira de Souza, atual l\u00edder do PSDB no estado. A movimenta\u00e7\u00e3o, embora ainda [&hellip;]\" \/>\n<meta property=\"og:url\" content=\"https:\/\/blogdobispo.com.br\/?p=5466\" \/>\n<meta property=\"og:site_name\" content=\"Blog do Bispo\" \/>\n<meta property=\"article:published_time\" content=\"2025-05-30T02:47:15+00:00\" \/>\n<meta property=\"og:image\" content=\"https:\/\/blogdobispo.com.br\/wp-content\/uploads\/2025\/05\/f6827445-8d4b-446d-a615-3f136f0428dd-2019-0000006b878582ae_file-300x297.jpg\" \/>\n<meta name=\"author\" content=\"Jefferson Sterfeno\" \/>\n<meta name=\"twitter:card\" content=\"summary_large_image\" \/>\n<meta name=\"twitter:label1\" content=\"Escrito por\" \/>\n\t<meta name=\"twitter:data1\" content=\"Jefferson Sterfeno\" \/>\n\t<meta name=\"twitter:label2\" content=\"Est. tempo de leitura\" \/>\n\t<meta name=\"twitter:data2\" content=\"2 minutos\" \/>\n<script type=\"application\/ld+json\" class=\"yoast-schema-graph\">{\"@context\":\"https:\/\/schema.org\",\"@graph\":[{\"@type\":\"Article\",\"@id\":\"https:\/\/blogdobispo.com.br\/?p=5466#article\",\"isPartOf\":{\"@id\":\"https:\/\/blogdobispo.com.br\/?p=5466\"},\"author\":{\"name\":\"Jefferson Sterfeno\",\"@id\":\"https:\/\/blogdobispo.com.br\/#\/schema\/person\/e2209cc0e6cea5c5233d033e997b373f\"},\"headline\":\"Ezequiel no comando do MDB? Articula\u00e7\u00e3o pol\u00edtica pode redesenhar for\u00e7as no RN\",\"datePublished\":\"2025-05-30T02:47:15+00:00\",\"mainEntityOfPage\":{\"@id\":\"https:\/\/blogdobispo.com.br\/?p=5466\"},\"wordCount\":414,\"commentCount\":0,\"publisher\":{\"@id\":\"https:\/\/blogdobispo.com.br\/#organization\"},\"image\":{\"@id\":\"https:\/\/blogdobispo.com.br\/?p=5466#primaryimage\"},\"thumbnailUrl\":\"https:\/\/blogdobispo.com.br\/wp-content\/uploads\/2025\/05\/f6827445-8d4b-446d-a615-3f136f0428dd-2019-0000006b878582ae_file-300x297.jpg\",\"articleSection\":[\"diversos\"],\"inLanguage\":\"pt-BR\",\"potentialAction\":[{\"@type\":\"CommentAction\",\"name\":\"Comment\",\"target\":[\"https:\/\/blogdobispo.com.br\/?p=5466#respond\"]}]},{\"@type\":\"WebPage\",\"@id\":\"https:\/\/blogdobispo.com.br\/?p=5466\",\"url\":\"https:\/\/blogdobispo.com.br\/?p=5466\",\"name\":\"Ezequiel no comando do MDB? Articula\u00e7\u00e3o pol\u00edtica pode redesenhar for\u00e7as no RN - Blog do Bispo\",\"isPartOf\":{\"@id\":\"https:\/\/blogdobispo.com.br\/#website\"},\"primaryImageOfPage\":{\"@id\":\"https:\/\/blogdobispo.com.br\/?p=5466#primaryimage\"},\"image\":{\"@id\":\"https:\/\/blogdobispo.com.br\/?p=5466#primaryimage\"},\"thumbnailUrl\":\"https:\/\/blogdobispo.com.br\/wp-content\/uploads\/2025\/05\/f6827445-8d4b-446d-a615-3f136f0428dd-2019-0000006b878582ae_file-300x297.jpg\",\"datePublished\":\"2025-05-30T02:47:15+00:00\",\"breadcrumb\":{\"@id\":\"https:\/\/blogdobispo.com.br\/?p=5466#breadcrumb\"},\"inLanguage\":\"pt-BR\",\"potentialAction\":[{\"@type\":\"ReadAction\",\"target\":[\"https:\/\/blogdobispo.com.br\/?p=5466\"]}]},{\"@type\":\"ImageObject\",\"inLanguage\":\"pt-BR\",\"@id\":\"https:\/\/blogdobispo.com.br\/?p=5466#primaryimage\",\"url\":\"https:\/\/blogdobispo.com.br\/wp-content\/uploads\/2025\/05\/f6827445-8d4b-446d-a615-3f136f0428dd-2019-0000006b878582ae_file-300x297.jpg\",\"contentUrl\":\"https:\/\/blogdobispo.com.br\/wp-content\/uploads\/2025\/05\/f6827445-8d4b-446d-a615-3f136f0428dd-2019-0000006b878582ae_file-300x297.jpg\"},{\"@type\":\"BreadcrumbList\",\"@id\":\"https:\/\/blogdobispo.com.br\/?p=5466#breadcrumb\",\"itemListElement\":[{\"@type\":\"ListItem\",\"position\":1,\"name\":\"In\u00edcio\",\"item\":\"https:\/\/blogdobispo.com.br\/\"},{\"@type\":\"ListItem\",\"position\":2,\"name\":\"Ezequiel no comando do MDB? Articula\u00e7\u00e3o pol\u00edtica pode redesenhar for\u00e7as no RN\"}]},{\"@type\":\"WebSite\",\"@id\":\"https:\/\/blogdobispo.com.br\/#website\",\"url\":\"https:\/\/blogdobispo.com.br\/\",\"name\":\"Blog do Bispo\",\"description\":\"Comprometido apenas com o leitor\",\"publisher\":{\"@id\":\"https:\/\/blogdobispo.com.br\/#organization\"},\"potentialAction\":[{\"@type\":\"SearchAction\",\"target\":{\"@type\":\"EntryPoint\",\"urlTemplate\":\"https:\/\/blogdobispo.com.br\/?s={search_term_string}\"},\"query-input\":{\"@type\":\"PropertyValueSpecification\",\"valueRequired\":true,\"valueName\":\"search_term_string\"}}],\"inLanguage\":\"pt-BR\"},{\"@type\":\"Organization\",\"@id\":\"https:\/\/blogdobispo.com.br\/#organization\",\"name\":\"Blog do Bispo\",\"url\":\"https:\/\/blogdobispo.com.br\/\",\"logo\":{\"@type\":\"ImageObject\",\"inLanguage\":\"pt-BR\",\"@id\":\"https:\/\/blogdobispo.com.br\/#\/schema\/logo\/image\/\",\"url\":\"http:\/\/blogdobispo.com.br\/wp-content\/uploads\/2023\/05\/cropped-headear.png\",\"contentUrl\":\"http:\/\/blogdobispo.com.br\/wp-content\/uploads\/2023\/05\/cropped-headear.png\",\"width\":1500,\"height\":399,\"caption\":\"Blog do Bispo\"},\"image\":{\"@id\":\"https:\/\/blogdobispo.com.br\/#\/schema\/logo\/image\/\"}},{\"@type\":\"Person\",\"@id\":\"https:\/\/blogdobispo.com.br\/#\/schema\/person\/e2209cc0e6cea5c5233d033e997b373f\",\"name\":\"Jefferson Sterfeno\",\"image\":{\"@type\":\"ImageObject\",\"inLanguage\":\"pt-BR\",\"@id\":\"https:\/\/blogdobispo.com.br\/#\/schema\/person\/image\/\",\"url\":\"https:\/\/secure.gravatar.com\/avatar\/0534e84764641168a677026b6d57a3f51dc7ac4db0b4f6186d9cb330d4ee1160?s=96&d=mm&r=g\",\"contentUrl\":\"https:\/\/secure.gravatar.com\/avatar\/0534e84764641168a677026b6d57a3f51dc7ac4db0b4f6186d9cb330d4ee1160?s=96&d=mm&r=g\",\"caption\":\"Jefferson Sterfeno\"},\"sameAs\":[\"http:\/\/blogdobispo.com.br\"],\"url\":\"https:\/\/blogdobispo.com.br\/?author=1\"}]}<\/script>\n<!-- \/ Yoast SEO plugin. -->","yoast_head_json":{"title":"Ezequiel no comando do MDB? Articula\u00e7\u00e3o pol\u00edtica pode redesenhar for\u00e7as no RN - Blog do Bispo","robots":{"index":"index","follow":"follow","max-snippet":"max-snippet:-1","max-image-preview":"max-image-preview:large","max-video-preview":"max-video-preview:-1"},"canonical":"https:\/\/blogdobispo.com.br\/?p=5466","og_locale":"pt_BR","og_type":"article","og_title":"Ezequiel no comando do MDB? Articula\u00e7\u00e3o pol\u00edtica pode redesenhar for\u00e7as no RN - Blog do Bispo","og_description":"Natal (RN) \u2013 A cena pol\u00edtica potiguar pode estar prestes a viver uma reviravolta significativa. Informa\u00e7\u00f5es de bastidores indicam que o vice-governador Walter Alves estaria disposto a abrir m\u00e3o do comando estadual do MDB em favor do presidente da Assembleia Legislativa, Ezequiel Ferreira de Souza, atual l\u00edder do PSDB no estado. A movimenta\u00e7\u00e3o, embora ainda [&hellip;]","og_url":"https:\/\/blogdobispo.com.br\/?p=5466","og_site_name":"Blog do Bispo","article_published_time":"2025-05-30T02:47:15+00:00","og_image":[{"url":"https:\/\/blogdobispo.com.br\/wp-content\/uploads\/2025\/05\/f6827445-8d4b-446d-a615-3f136f0428dd-2019-0000006b878582ae_file-300x297.jpg","type":"","width":"","height":""}],"author":"Jefferson Sterfeno","twitter_card":"summary_large_image","twitter_misc":{"Escrito por":"Jefferson Sterfeno","Est. tempo de leitura":"2 minutos"},"schema":{"@context":"https:\/\/schema.org","@graph":[{"@type":"Article","@id":"https:\/\/blogdobispo.com.br\/?p=5466#article","isPartOf":{"@id":"https:\/\/blogdobispo.com.br\/?p=5466"},"author":{"name":"Jefferson Sterfeno","@id":"https:\/\/blogdobispo.com.br\/#\/schema\/person\/e2209cc0e6cea5c5233d033e997b373f"},"headline":"Ezequiel no comando do MDB? Articula\u00e7\u00e3o pol\u00edtica pode redesenhar for\u00e7as no RN","datePublished":"2025-05-30T02:47:15+00:00","mainEntityOfPage":{"@id":"https:\/\/blogdobispo.com.br\/?p=5466"},"wordCount":414,"commentCount":0,"publisher":{"@id":"https:\/\/blogdobispo.com.br\/#organization"},"image":{"@id":"https:\/\/blogdobispo.com.br\/?p=5466#primaryimage"},"thumbnailUrl":"https:\/\/blogdobispo.com.br\/wp-content\/uploads\/2025\/05\/f6827445-8d4b-446d-a615-3f136f0428dd-2019-0000006b878582ae_file-300x297.jpg","articleSection":["diversos"],"inLanguage":"pt-BR","potentialAction":[{"@type":"CommentAction","name":"Comment","target":["https:\/\/blogdobispo.com.br\/?p=5466#respond"]}]},{"@type":"WebPage","@id":"https:\/\/blogdobispo.com.br\/?p=5466","url":"https:\/\/blogdobispo.com.br\/?p=5466","name":"Ezequiel no comando do MDB? Articula\u00e7\u00e3o pol\u00edtica pode redesenhar for\u00e7as no RN - Blog do Bispo","isPartOf":{"@id":"https:\/\/blogdobispo.com.br\/#website"},"primaryImageOfPage":{"@id":"https:\/\/blogdobispo.com.br\/?p=5466#primaryimage"},"image":{"@id":"https:\/\/blogdobispo.com.br\/?p=5466#primaryimage"},"thumbnailUrl":"https:\/\/blogdobispo.com.br\/wp-content\/uploads\/2025\/05\/f6827445-8d4b-446d-a615-3f136f0428dd-2019-0000006b878582ae_file-300x297.jpg","datePublished":"2025-05-30T02:47:15+00:00","breadcrumb":{"@id":"https:\/\/blogdobispo.com.br\/?p=5466#breadcrumb"},"inLanguage":"pt-BR","potentialAction":[{"@type":"ReadAction","target":["https:\/\/blogdobispo.com.br\/?p=5466"]}]},{"@type":"ImageObject","inLanguage":"pt-BR","@id":"https:\/\/blogdobispo.com.br\/?p=5466#primaryimage","url":"https:\/\/blogdobispo.com.br\/wp-content\/uploads\/2025\/05\/f6827445-8d4b-446d-a615-3f136f0428dd-2019-0000006b878582ae_file-300x297.jpg","contentUrl":"https:\/\/blogdobispo.com.br\/wp-content\/uploads\/2025\/05\/f6827445-8d4b-446d-a615-3f136f0428dd-2019-0000006b878582ae_file-300x297.jpg"},{"@type":"BreadcrumbList","@id":"https:\/\/blogdobispo.com.br\/?p=5466#breadcrumb","itemListElement":[{"@type":"ListItem","position":1,"name":"In\u00edcio","item":"https:\/\/blogdobispo.com.br\/"},{"@type":"ListItem","position":2,"name":"Ezequiel no comando do MDB? Articula\u00e7\u00e3o pol\u00edtica pode redesenhar for\u00e7as no RN"}]},{"@type":"WebSite","@id":"https:\/\/blogdobispo.com.br\/#website","url":"https:\/\/blogdobispo.com.br\/","name":"Blog do Bispo","description":"Comprometido apenas com o leitor","publisher":{"@id":"https:\/\/blogdobispo.com.br\/#organization"},"potentialAction":[{"@type":"SearchAction","target":{"@type":"EntryPoint","urlTemplate":"https:\/\/blogdobispo.com.br\/?s={search_term_string}"},"query-input":{"@type":"PropertyValueSpecification","valueRequired":true,"valueName":"search_term_string"}}],"inLanguage":"pt-BR"},{"@type":"Organization","@id":"https:\/\/blogdobispo.com.br\/#organization","name":"Blog do Bispo","url":"https:\/\/blogdobispo.com.br\/","logo":{"@type":"ImageObject","inLanguage":"pt-BR","@id":"https:\/\/blogdobispo.com.br\/#\/schema\/logo\/image\/","url":"http:\/\/blogdobispo.com.br\/wp-content\/uploads\/2023\/05\/cropped-headear.png","contentUrl":"http:\/\/blogdobispo.com.br\/wp-content\/uploads\/2023\/05\/cropped-headear.png","width":1500,"height":399,"caption":"Blog do Bispo"},"image":{"@id":"https:\/\/blogdobispo.com.br\/#\/schema\/logo\/image\/"}},{"@type":"Person","@id":"https:\/\/blogdobispo.com.br\/#\/schema\/person\/e2209cc0e6cea5c5233d033e997b373f","name":"Jefferson Sterfeno","image":{"@type":"ImageObject","inLanguage":"pt-BR","@id":"https:\/\/blogdobispo.com.br\/#\/schema\/person\/image\/","url":"https:\/\/secure.gravatar.com\/avatar\/0534e84764641168a677026b6d57a3f51dc7ac4db0b4f6186d9cb330d4ee1160?s=96&d=mm&r=g","contentUrl":"https:\/\/secure.gravatar.com\/avatar\/0534e84764641168a677026b6d57a3f51dc7ac4db0b4f6186d9cb330d4ee1160?s=96&d=mm&r=g","caption":"Jefferson Sterfeno"},"sameAs":["http:\/\/blogdobispo.com.br"],"url":"https:\/\/blogdobispo.com.br\/?author=1"}]}},"featured_image_urls":{"full":"","thumbnail":"","medium":"","medium_large":"","large":"","1536x1536":"","2048x2048":""},"author_info":{"display_name":"Jefferson Sterfeno","author_link":"https:\/\/blogdobispo.com.br\/?author=1"},"category_info":"<a href=\"https:\/\/blogdobispo.com.br\/?cat=1\" rel=\"category\">diversos<\/a>","tag_info":"diversos","comment_count":"0","jetpack_featured_media_url":"","jetpack_sharing_enabled":true,"_links":{"self":[{"href":"https:\/\/blogdobispo.com.br\/index.php?rest_route=\/wp\/v2\/posts\/5466","targetHints":{"allow":["GET"]}}],"collection":[{"href":"https:\/\/blogdobispo.com.br\/index.php?rest_route=\/wp\/v2\/posts"}],"about":[{"href":"https:\/\/blogdobispo.com.br\/index.php?rest_route=\/wp\/v2\/types\/post"}],"author":[{"embeddable":true,"href":"https:\/\/blogdobispo.com.br\/index.php?rest_route=\/wp\/v2\/users\/1"}],"replies":[{"embeddable":true,"href":"https:\/\/blogdobispo.com.br\/index.php?rest_route=%2Fwp%2Fv2%2Fcomments&post=5466"}],"version-history":[{"count":0,"href":"https:\/\/blogdobispo.com.br\/index.php?rest_route=\/wp\/v2\/posts\/5466\/revisions"}],"wp:attachment":[{"href":"https:\/\/blogdobispo.com.br\/index.php?rest_route=%2Fwp%2Fv2%2Fmedia&parent=5466"}],"wp:term":[{"taxonomy":"category","embeddable":true,"href":"https:\/\/blogdobispo.com.br\/index.php?rest_route=%2Fwp%2Fv2%2Fcategories&post=5466"},{"taxonomy":"post_tag","embeddable":true,"href":"https:\/\/blogdobispo.com.br\/index.php?rest_route=%2Fwp%2Fv2%2Ftags&post=5466"}],"curies":[{"name":"wp","href":"https:\/\/api.w.org\/{rel}","templated":true}]}}