{"id":5460,"date":"2025-05-29T21:06:27","date_gmt":"2025-05-29T21:06:27","guid":{"rendered":"https:\/\/blogdobispo.com.br\/?p=5460"},"modified":"2025-05-29T21:06:27","modified_gmt":"2025-05-29T21:06:27","slug":"sem-resposta-dos-planos-de-saude-camara-de-natal-abre-cei-para-investigar-abusos-contra-criancas-com-autismo","status":"publish","type":"post","link":"https:\/\/blogdobispo.com.br\/?p=5460","title":{"rendered":"Sem resposta dos planos de sa\u00fade, C\u00e2mara de Natal abre CEI para investigar abusos contra crian\u00e7as com autismo"},"content":{"rendered":"\n<figure class=\"wp-block-image size-large\"><img data-recalc-dims=\"1\" fetchpriority=\"high\" decoding=\"async\" width=\"800\" height=\"533\" src=\"https:\/\/i0.wp.com\/blogdobispo.com.br\/wp-content\/uploads\/2025\/05\/660a2cfd-c52e-4a2e-8d64-ea817b843ce2-1-1024x682.jpg?resize=800%2C533&#038;ssl=1\" class=\"wp-image-5459\" srcset=\"https:\/\/i0.wp.com\/blogdobispo.com.br\/wp-content\/uploads\/2025\/05\/660a2cfd-c52e-4a2e-8d64-ea817b843ce2-1.jpg?resize=1024%2C682&amp;ssl=1 1024w, https:\/\/i0.wp.com\/blogdobispo.com.br\/wp-content\/uploads\/2025\/05\/660a2cfd-c52e-4a2e-8d64-ea817b843ce2-1.jpg?resize=300%2C200&amp;ssl=1 300w, https:\/\/i0.wp.com\/blogdobispo.com.br\/wp-content\/uploads\/2025\/05\/660a2cfd-c52e-4a2e-8d64-ea817b843ce2-1.jpg?resize=768%2C512&amp;ssl=1 768w, https:\/\/i0.wp.com\/blogdobispo.com.br\/wp-content\/uploads\/2025\/05\/660a2cfd-c52e-4a2e-8d64-ea817b843ce2-1.jpg?resize=1536%2C1023&amp;ssl=1 1536w, https:\/\/i0.wp.com\/blogdobispo.com.br\/wp-content\/uploads\/2025\/05\/660a2cfd-c52e-4a2e-8d64-ea817b843ce2-1.jpg?w=1600&amp;ssl=1 1600w\" sizes=\"(max-width: 800px) 100vw, 800px\" \/><\/figure>\n\n\n\n<p><\/p>\n\n\n\n<p>Diante da aus\u00eancia dos representantes dos planos de sa\u00fade na audi\u00eancia p\u00fablica realizada nesta quinta-feira (29), na C\u00e2mara Municipal de Natal, os vereadores decidiram instaurar uma Comiss\u00e3o Especial de Inqu\u00e9rito (CEI) para investigar as pr\u00e1ticas abusivas cometidas por operadoras contra crian\u00e7as com Transtorno do Espectro Autista (TEA) na capital. A sugest\u00e3o foi do vereador Kleber Fernandes (Republicanos), presidente da Comiss\u00e3o de Defesa do Consumidor e autor da proposta da audi\u00eancia.<\/p>\n\n\n\n<p>O debate, promovido pela Comiss\u00e3o de Defesa do Consumidor, reuniu autoridades como representantes da Ordem dos Advogados do Brasil (OAB), Minist\u00e9rio P\u00fablico, Procuradoria Geral do Estado, Procon Natal e da Associa\u00e7\u00e3o dos Pais e Amigos dos Autistas do Rio Grande do Norte (APAARN). Todos foram un\u00e2nimes em denunciar as constantes negativas, restri\u00e7\u00f5es e cortes de terapias essenciais por parte dos planos de sa\u00fade.<\/p>\n\n\n\n<p>\u201cA aus\u00eancia das operadoras demonstra desprezo n\u00e3o apenas pelo poder legislativo, mas, principalmente, pelas fam\u00edlias que lutam diariamente para garantir os direitos de seus filhos. N\u00e3o podemos nos calar diante desse descaso. Por isso, sugiro a instala\u00e7\u00e3o de uma CEI\u201d, afirmou Kleber.<\/p>\n\n\n\n<p>Na oportunidade, o parlamentar explicou que a Comiss\u00e3o Especial de Inqu\u00e9rito ter\u00e1 como objetivo apurar den\u00fancias de pr\u00e1ticas abusivas, descumprimento de contratos e desrespeito \u00e0s legisla\u00e7\u00f5es que garantem o tratamento \u00e0s pessoas com autismo. A CEI poder\u00e1 convocar representantes das operadoras, requisitar documentos, ouvir depoimentos e encaminhar os resultados ao Minist\u00e9rio P\u00fablico e demais \u00f3rg\u00e3os de controle.<\/p>\n\n\n\n<p>Durante a audi\u00eancia, pais relataram situa\u00e7\u00f5es de verdadeiro desespero, com planos reduzindo drasticamente o n\u00famero de sess\u00f5es de terapias como psicologia, fonoaudiologia, terapia ocupacional e an\u00e1lise do comportamento (ABA). Em alguns casos, os contratos foram encerrados unilateralmente, deixando as crian\u00e7as sem acompanhamento.<\/p>\n\n\n\n<p>O representante do Minist\u00e9rio P\u00fablico, o promotor de Justi\u00e7a S\u00e9rgio Luiz de Sena, refor\u00e7ou que j\u00e1 existem procedimentos em curso para apurar as pr\u00e1ticas das operadoras no Estado, e que a atua\u00e7\u00e3o da C\u00e2mara, por meio da CEI, ser\u00e1 fundamental para fortalecer as medidas judiciais. \u201cQuanto mais a sociedade se mobiliza, maior a chance de acharmos uma solu\u00e7\u00e3o. Esse debate \u00e9 important\u00edssimo para buscarmos resolver esse problema que acontece em todo o Brasil\u201d, disse.<\/p>\n\n\n\n<p>A Procuradoria Geral do Estado e o Procon Natal tamb\u00e9m se colocaram \u00e0 disposi\u00e7\u00e3o para atuar conjuntamente na defesa dos consumidores e das fam\u00edlias impactadas. A expectativa \u00e9 que a CEI seja oficialmente instalada nos pr\u00f3ximos dias, com o recolhimento de pelo menos 10 assinaturas de vereadores da Casa. A Comiss\u00e3o tem um prazo inicial de 120 dias para conclus\u00e3o dos trabalhos, podendo ser prorrogada.<\/p>\n","protected":false},"excerpt":{"rendered":"<p>Diante da aus\u00eancia dos representantes dos planos de sa\u00fade na audi\u00eancia p\u00fablica realizada nesta quinta-feira (29), na C\u00e2mara Municipal de Natal, os vereadores decidiram instaurar uma Comiss\u00e3o Especial de Inqu\u00e9rito (CEI) para investigar as pr\u00e1ticas abusivas cometidas por operadoras contra crian\u00e7as com Transtorno do Espectro Autista (TEA) na capital. A sugest\u00e3o foi do vereador Kleber [&hellip;]<\/p>\n","protected":false},"author":1,"featured_media":0,"comment_status":"open","ping_status":"open","sticky":false,"template":"","format":"standard","meta":{"cybocfi_hide_featured_image":"","_jetpack_memberships_contains_paid_content":false,"footnotes":""},"categories":[1],"tags":[],"class_list":["post-5460","post","type-post","status-publish","format-standard","hentry","category-diversos"],"yoast_head":"<!-- This site is optimized with the Yoast SEO plugin v25.6 - https:\/\/yoast.com\/wordpress\/plugins\/seo\/ -->\n<title>Sem resposta dos planos de sa\u00fade, C\u00e2mara de Natal abre CEI para investigar abusos contra crian\u00e7as com autismo - Blog do Bispo<\/title>\n<meta name=\"robots\" content=\"index, follow, max-snippet:-1, max-image-preview:large, max-video-preview:-1\" \/>\n<link rel=\"canonical\" href=\"https:\/\/blogdobispo.com.br\/?p=5460\" \/>\n<meta property=\"og:locale\" content=\"pt_BR\" \/>\n<meta property=\"og:type\" content=\"article\" \/>\n<meta property=\"og:title\" content=\"Sem resposta dos planos de sa\u00fade, C\u00e2mara de Natal abre CEI para investigar abusos contra crian\u00e7as com autismo - Blog do Bispo\" \/>\n<meta property=\"og:description\" content=\"Diante da aus\u00eancia dos representantes dos planos de sa\u00fade na audi\u00eancia p\u00fablica realizada nesta quinta-feira (29), na C\u00e2mara Municipal de Natal, os vereadores decidiram instaurar uma Comiss\u00e3o Especial de Inqu\u00e9rito (CEI) para investigar as pr\u00e1ticas abusivas cometidas por operadoras contra crian\u00e7as com Transtorno do Espectro Autista (TEA) na capital. A sugest\u00e3o foi do vereador Kleber [&hellip;]\" \/>\n<meta property=\"og:url\" content=\"https:\/\/blogdobispo.com.br\/?p=5460\" \/>\n<meta property=\"og:site_name\" content=\"Blog do Bispo\" \/>\n<meta property=\"article:published_time\" content=\"2025-05-29T21:06:27+00:00\" \/>\n<meta property=\"og:image\" content=\"https:\/\/blogdobispo.com.br\/wp-content\/uploads\/2025\/05\/660a2cfd-c52e-4a2e-8d64-ea817b843ce2-1-1024x682.jpg\" \/>\n<meta name=\"author\" content=\"Jefferson Sterfeno\" \/>\n<meta name=\"twitter:card\" content=\"summary_large_image\" \/>\n<meta name=\"twitter:label1\" content=\"Escrito por\" \/>\n\t<meta name=\"twitter:data1\" content=\"Jefferson Sterfeno\" \/>\n\t<meta name=\"twitter:label2\" content=\"Est. tempo de leitura\" \/>\n\t<meta name=\"twitter:data2\" content=\"2 minutos\" \/>\n<script type=\"application\/ld+json\" class=\"yoast-schema-graph\">{\"@context\":\"https:\/\/schema.org\",\"@graph\":[{\"@type\":\"Article\",\"@id\":\"https:\/\/blogdobispo.com.br\/?p=5460#article\",\"isPartOf\":{\"@id\":\"https:\/\/blogdobispo.com.br\/?p=5460\"},\"author\":{\"name\":\"Jefferson Sterfeno\",\"@id\":\"https:\/\/blogdobispo.com.br\/#\/schema\/person\/e2209cc0e6cea5c5233d033e997b373f\"},\"headline\":\"Sem resposta dos planos de sa\u00fade, C\u00e2mara de Natal abre CEI para investigar abusos contra crian\u00e7as com autismo\",\"datePublished\":\"2025-05-29T21:06:27+00:00\",\"mainEntityOfPage\":{\"@id\":\"https:\/\/blogdobispo.com.br\/?p=5460\"},\"wordCount\":482,\"commentCount\":0,\"publisher\":{\"@id\":\"https:\/\/blogdobispo.com.br\/#organization\"},\"image\":{\"@id\":\"https:\/\/blogdobispo.com.br\/?p=5460#primaryimage\"},\"thumbnailUrl\":\"https:\/\/blogdobispo.com.br\/wp-content\/uploads\/2025\/05\/660a2cfd-c52e-4a2e-8d64-ea817b843ce2-1-1024x682.jpg\",\"articleSection\":[\"diversos\"],\"inLanguage\":\"pt-BR\",\"potentialAction\":[{\"@type\":\"CommentAction\",\"name\":\"Comment\",\"target\":[\"https:\/\/blogdobispo.com.br\/?p=5460#respond\"]}]},{\"@type\":\"WebPage\",\"@id\":\"https:\/\/blogdobispo.com.br\/?p=5460\",\"url\":\"https:\/\/blogdobispo.com.br\/?p=5460\",\"name\":\"Sem resposta dos planos de sa\u00fade, C\u00e2mara de Natal abre CEI para investigar abusos contra crian\u00e7as com autismo - Blog do Bispo\",\"isPartOf\":{\"@id\":\"https:\/\/blogdobispo.com.br\/#website\"},\"primaryImageOfPage\":{\"@id\":\"https:\/\/blogdobispo.com.br\/?p=5460#primaryimage\"},\"image\":{\"@id\":\"https:\/\/blogdobispo.com.br\/?p=5460#primaryimage\"},\"thumbnailUrl\":\"https:\/\/blogdobispo.com.br\/wp-content\/uploads\/2025\/05\/660a2cfd-c52e-4a2e-8d64-ea817b843ce2-1-1024x682.jpg\",\"datePublished\":\"2025-05-29T21:06:27+00:00\",\"breadcrumb\":{\"@id\":\"https:\/\/blogdobispo.com.br\/?p=5460#breadcrumb\"},\"inLanguage\":\"pt-BR\",\"potentialAction\":[{\"@type\":\"ReadAction\",\"target\":[\"https:\/\/blogdobispo.com.br\/?p=5460\"]}]},{\"@type\":\"ImageObject\",\"inLanguage\":\"pt-BR\",\"@id\":\"https:\/\/blogdobispo.com.br\/?p=5460#primaryimage\",\"url\":\"https:\/\/blogdobispo.com.br\/wp-content\/uploads\/2025\/05\/660a2cfd-c52e-4a2e-8d64-ea817b843ce2-1-1024x682.jpg\",\"contentUrl\":\"https:\/\/blogdobispo.com.br\/wp-content\/uploads\/2025\/05\/660a2cfd-c52e-4a2e-8d64-ea817b843ce2-1-1024x682.jpg\"},{\"@type\":\"BreadcrumbList\",\"@id\":\"https:\/\/blogdobispo.com.br\/?p=5460#breadcrumb\",\"itemListElement\":[{\"@type\":\"ListItem\",\"position\":1,\"name\":\"In\u00edcio\",\"item\":\"https:\/\/blogdobispo.com.br\/\"},{\"@type\":\"ListItem\",\"position\":2,\"name\":\"Sem resposta dos planos de sa\u00fade, C\u00e2mara de Natal abre CEI para investigar abusos contra crian\u00e7as com autismo\"}]},{\"@type\":\"WebSite\",\"@id\":\"https:\/\/blogdobispo.com.br\/#website\",\"url\":\"https:\/\/blogdobispo.com.br\/\",\"name\":\"Blog do Bispo\",\"description\":\"Comprometido apenas com o leitor\",\"publisher\":{\"@id\":\"https:\/\/blogdobispo.com.br\/#organization\"},\"potentialAction\":[{\"@type\":\"SearchAction\",\"target\":{\"@type\":\"EntryPoint\",\"urlTemplate\":\"https:\/\/blogdobispo.com.br\/?s={search_term_string}\"},\"query-input\":{\"@type\":\"PropertyValueSpecification\",\"valueRequired\":true,\"valueName\":\"search_term_string\"}}],\"inLanguage\":\"pt-BR\"},{\"@type\":\"Organization\",\"@id\":\"https:\/\/blogdobispo.com.br\/#organization\",\"name\":\"Blog do Bispo\",\"url\":\"https:\/\/blogdobispo.com.br\/\",\"logo\":{\"@type\":\"ImageObject\",\"inLanguage\":\"pt-BR\",\"@id\":\"https:\/\/blogdobispo.com.br\/#\/schema\/logo\/image\/\",\"url\":\"http:\/\/blogdobispo.com.br\/wp-content\/uploads\/2023\/05\/cropped-headear.png\",\"contentUrl\":\"http:\/\/blogdobispo.com.br\/wp-content\/uploads\/2023\/05\/cropped-headear.png\",\"width\":1500,\"height\":399,\"caption\":\"Blog do Bispo\"},\"image\":{\"@id\":\"https:\/\/blogdobispo.com.br\/#\/schema\/logo\/image\/\"}},{\"@type\":\"Person\",\"@id\":\"https:\/\/blogdobispo.com.br\/#\/schema\/person\/e2209cc0e6cea5c5233d033e997b373f\",\"name\":\"Jefferson Sterfeno\",\"image\":{\"@type\":\"ImageObject\",\"inLanguage\":\"pt-BR\",\"@id\":\"https:\/\/blogdobispo.com.br\/#\/schema\/person\/image\/\",\"url\":\"https:\/\/secure.gravatar.com\/avatar\/0534e84764641168a677026b6d57a3f51dc7ac4db0b4f6186d9cb330d4ee1160?s=96&d=mm&r=g\",\"contentUrl\":\"https:\/\/secure.gravatar.com\/avatar\/0534e84764641168a677026b6d57a3f51dc7ac4db0b4f6186d9cb330d4ee1160?s=96&d=mm&r=g\",\"caption\":\"Jefferson Sterfeno\"},\"sameAs\":[\"http:\/\/blogdobispo.com.br\"],\"url\":\"https:\/\/blogdobispo.com.br\/?author=1\"}]}<\/script>\n<!-- \/ Yoast SEO plugin. -->","yoast_head_json":{"title":"Sem resposta dos planos de sa\u00fade, C\u00e2mara de Natal abre CEI para investigar abusos contra crian\u00e7as com autismo - Blog do Bispo","robots":{"index":"index","follow":"follow","max-snippet":"max-snippet:-1","max-image-preview":"max-image-preview:large","max-video-preview":"max-video-preview:-1"},"canonical":"https:\/\/blogdobispo.com.br\/?p=5460","og_locale":"pt_BR","og_type":"article","og_title":"Sem resposta dos planos de sa\u00fade, C\u00e2mara de Natal abre CEI para investigar abusos contra crian\u00e7as com autismo - Blog do Bispo","og_description":"Diante da aus\u00eancia dos representantes dos planos de sa\u00fade na audi\u00eancia p\u00fablica realizada nesta quinta-feira (29), na C\u00e2mara Municipal de Natal, os vereadores decidiram instaurar uma Comiss\u00e3o Especial de Inqu\u00e9rito (CEI) para investigar as pr\u00e1ticas abusivas cometidas por operadoras contra crian\u00e7as com Transtorno do Espectro Autista (TEA) na capital. A sugest\u00e3o foi do vereador Kleber [&hellip;]","og_url":"https:\/\/blogdobispo.com.br\/?p=5460","og_site_name":"Blog do Bispo","article_published_time":"2025-05-29T21:06:27+00:00","og_image":[{"url":"https:\/\/blogdobispo.com.br\/wp-content\/uploads\/2025\/05\/660a2cfd-c52e-4a2e-8d64-ea817b843ce2-1-1024x682.jpg","type":"","width":"","height":""}],"author":"Jefferson Sterfeno","twitter_card":"summary_large_image","twitter_misc":{"Escrito por":"Jefferson Sterfeno","Est. tempo de leitura":"2 minutos"},"schema":{"@context":"https:\/\/schema.org","@graph":[{"@type":"Article","@id":"https:\/\/blogdobispo.com.br\/?p=5460#article","isPartOf":{"@id":"https:\/\/blogdobispo.com.br\/?p=5460"},"author":{"name":"Jefferson Sterfeno","@id":"https:\/\/blogdobispo.com.br\/#\/schema\/person\/e2209cc0e6cea5c5233d033e997b373f"},"headline":"Sem resposta dos planos de sa\u00fade, C\u00e2mara de Natal abre CEI para investigar abusos contra crian\u00e7as com autismo","datePublished":"2025-05-29T21:06:27+00:00","mainEntityOfPage":{"@id":"https:\/\/blogdobispo.com.br\/?p=5460"},"wordCount":482,"commentCount":0,"publisher":{"@id":"https:\/\/blogdobispo.com.br\/#organization"},"image":{"@id":"https:\/\/blogdobispo.com.br\/?p=5460#primaryimage"},"thumbnailUrl":"https:\/\/blogdobispo.com.br\/wp-content\/uploads\/2025\/05\/660a2cfd-c52e-4a2e-8d64-ea817b843ce2-1-1024x682.jpg","articleSection":["diversos"],"inLanguage":"pt-BR","potentialAction":[{"@type":"CommentAction","name":"Comment","target":["https:\/\/blogdobispo.com.br\/?p=5460#respond"]}]},{"@type":"WebPage","@id":"https:\/\/blogdobispo.com.br\/?p=5460","url":"https:\/\/blogdobispo.com.br\/?p=5460","name":"Sem resposta dos planos de sa\u00fade, C\u00e2mara de Natal abre CEI para investigar abusos contra crian\u00e7as com autismo - Blog do Bispo","isPartOf":{"@id":"https:\/\/blogdobispo.com.br\/#website"},"primaryImageOfPage":{"@id":"https:\/\/blogdobispo.com.br\/?p=5460#primaryimage"},"image":{"@id":"https:\/\/blogdobispo.com.br\/?p=5460#primaryimage"},"thumbnailUrl":"https:\/\/blogdobispo.com.br\/wp-content\/uploads\/2025\/05\/660a2cfd-c52e-4a2e-8d64-ea817b843ce2-1-1024x682.jpg","datePublished":"2025-05-29T21:06:27+00:00","breadcrumb":{"@id":"https:\/\/blogdobispo.com.br\/?p=5460#breadcrumb"},"inLanguage":"pt-BR","potentialAction":[{"@type":"ReadAction","target":["https:\/\/blogdobispo.com.br\/?p=5460"]}]},{"@type":"ImageObject","inLanguage":"pt-BR","@id":"https:\/\/blogdobispo.com.br\/?p=5460#primaryimage","url":"https:\/\/blogdobispo.com.br\/wp-content\/uploads\/2025\/05\/660a2cfd-c52e-4a2e-8d64-ea817b843ce2-1-1024x682.jpg","contentUrl":"https:\/\/blogdobispo.com.br\/wp-content\/uploads\/2025\/05\/660a2cfd-c52e-4a2e-8d64-ea817b843ce2-1-1024x682.jpg"},{"@type":"BreadcrumbList","@id":"https:\/\/blogdobispo.com.br\/?p=5460#breadcrumb","itemListElement":[{"@type":"ListItem","position":1,"name":"In\u00edcio","item":"https:\/\/blogdobispo.com.br\/"},{"@type":"ListItem","position":2,"name":"Sem resposta dos planos de sa\u00fade, C\u00e2mara de Natal abre CEI para investigar abusos contra crian\u00e7as com autismo"}]},{"@type":"WebSite","@id":"https:\/\/blogdobispo.com.br\/#website","url":"https:\/\/blogdobispo.com.br\/","name":"Blog do Bispo","description":"Comprometido apenas com o leitor","publisher":{"@id":"https:\/\/blogdobispo.com.br\/#organization"},"potentialAction":[{"@type":"SearchAction","target":{"@type":"EntryPoint","urlTemplate":"https:\/\/blogdobispo.com.br\/?s={search_term_string}"},"query-input":{"@type":"PropertyValueSpecification","valueRequired":true,"valueName":"search_term_string"}}],"inLanguage":"pt-BR"},{"@type":"Organization","@id":"https:\/\/blogdobispo.com.br\/#organization","name":"Blog do Bispo","url":"https:\/\/blogdobispo.com.br\/","logo":{"@type":"ImageObject","inLanguage":"pt-BR","@id":"https:\/\/blogdobispo.com.br\/#\/schema\/logo\/image\/","url":"http:\/\/blogdobispo.com.br\/wp-content\/uploads\/2023\/05\/cropped-headear.png","contentUrl":"http:\/\/blogdobispo.com.br\/wp-content\/uploads\/2023\/05\/cropped-headear.png","width":1500,"height":399,"caption":"Blog do Bispo"},"image":{"@id":"https:\/\/blogdobispo.com.br\/#\/schema\/logo\/image\/"}},{"@type":"Person","@id":"https:\/\/blogdobispo.com.br\/#\/schema\/person\/e2209cc0e6cea5c5233d033e997b373f","name":"Jefferson Sterfeno","image":{"@type":"ImageObject","inLanguage":"pt-BR","@id":"https:\/\/blogdobispo.com.br\/#\/schema\/person\/image\/","url":"https:\/\/secure.gravatar.com\/avatar\/0534e84764641168a677026b6d57a3f51dc7ac4db0b4f6186d9cb330d4ee1160?s=96&d=mm&r=g","contentUrl":"https:\/\/secure.gravatar.com\/avatar\/0534e84764641168a677026b6d57a3f51dc7ac4db0b4f6186d9cb330d4ee1160?s=96&d=mm&r=g","caption":"Jefferson Sterfeno"},"sameAs":["http:\/\/blogdobispo.com.br"],"url":"https:\/\/blogdobispo.com.br\/?author=1"}]}},"featured_image_urls":{"full":"","thumbnail":"","medium":"","medium_large":"","large":"","1536x1536":"","2048x2048":""},"author_info":{"display_name":"Jefferson Sterfeno","author_link":"https:\/\/blogdobispo.com.br\/?author=1"},"category_info":"<a href=\"https:\/\/blogdobispo.com.br\/?cat=1\" rel=\"category\">diversos<\/a>","tag_info":"diversos","comment_count":"0","jetpack_featured_media_url":"","jetpack_sharing_enabled":true,"_links":{"self":[{"href":"https:\/\/blogdobispo.com.br\/index.php?rest_route=\/wp\/v2\/posts\/5460","targetHints":{"allow":["GET"]}}],"collection":[{"href":"https:\/\/blogdobispo.com.br\/index.php?rest_route=\/wp\/v2\/posts"}],"about":[{"href":"https:\/\/blogdobispo.com.br\/index.php?rest_route=\/wp\/v2\/types\/post"}],"author":[{"embeddable":true,"href":"https:\/\/blogdobispo.com.br\/index.php?rest_route=\/wp\/v2\/users\/1"}],"replies":[{"embeddable":true,"href":"https:\/\/blogdobispo.com.br\/index.php?rest_route=%2Fwp%2Fv2%2Fcomments&post=5460"}],"version-history":[{"count":0,"href":"https:\/\/blogdobispo.com.br\/index.php?rest_route=\/wp\/v2\/posts\/5460\/revisions"}],"wp:attachment":[{"href":"https:\/\/blogdobispo.com.br\/index.php?rest_route=%2Fwp%2Fv2%2Fmedia&parent=5460"}],"wp:term":[{"taxonomy":"category","embeddable":true,"href":"https:\/\/blogdobispo.com.br\/index.php?rest_route=%2Fwp%2Fv2%2Fcategories&post=5460"},{"taxonomy":"post_tag","embeddable":true,"href":"https:\/\/blogdobispo.com.br\/index.php?rest_route=%2Fwp%2Fv2%2Ftags&post=5460"}],"curies":[{"name":"wp","href":"https:\/\/api.w.org\/{rel}","templated":true}]}}