{"id":5458,"date":"2025-05-28T12:56:52","date_gmt":"2025-05-28T12:56:52","guid":{"rendered":"https:\/\/blogdobispo.com.br\/?p=5458"},"modified":"2025-05-28T12:56:52","modified_gmt":"2025-05-28T12:56:52","slug":"planos-de-saude-na-mira-familias-de-autistas-debatem-relacao-de-consumo-com-empresas-nesta-quinta-29","status":"publish","type":"post","link":"https:\/\/blogdobispo.com.br\/?p=5458","title":{"rendered":"Planos de sa\u00fade na mira: fam\u00edlias de autistas debatem rela\u00e7\u00e3o de consumo com empresas nesta quinta (29)"},"content":{"rendered":"\n<figure class=\"wp-block-image size-large\"><img data-recalc-dims=\"1\" fetchpriority=\"high\" decoding=\"async\" width=\"800\" height=\"635\" src=\"https:\/\/i0.wp.com\/blogdobispo.com.br\/wp-content\/uploads\/2025\/05\/608c387f-40ab-446e-ab1e-a63bdc89c147-1-1024x813.jpg?resize=800%2C635&#038;ssl=1\" class=\"wp-image-5457\" srcset=\"https:\/\/i0.wp.com\/blogdobispo.com.br\/wp-content\/uploads\/2025\/05\/608c387f-40ab-446e-ab1e-a63bdc89c147-1.jpg?resize=1024%2C813&amp;ssl=1 1024w, https:\/\/i0.wp.com\/blogdobispo.com.br\/wp-content\/uploads\/2025\/05\/608c387f-40ab-446e-ab1e-a63bdc89c147-1.jpg?resize=300%2C238&amp;ssl=1 300w, https:\/\/i0.wp.com\/blogdobispo.com.br\/wp-content\/uploads\/2025\/05\/608c387f-40ab-446e-ab1e-a63bdc89c147-1.jpg?resize=768%2C610&amp;ssl=1 768w, https:\/\/i0.wp.com\/blogdobispo.com.br\/wp-content\/uploads\/2025\/05\/608c387f-40ab-446e-ab1e-a63bdc89c147-1.jpg?resize=1536%2C1220&amp;ssl=1 1536w, https:\/\/i0.wp.com\/blogdobispo.com.br\/wp-content\/uploads\/2025\/05\/608c387f-40ab-446e-ab1e-a63bdc89c147-1.jpg?w=1600&amp;ssl=1 1600w\" sizes=\"(max-width: 800px) 100vw, 800px\" \/><\/figure>\n\n\n\n<p><\/p>\n\n\n\n<p><\/p>\n\n\n\n<p>A luta por respeito e dignidade \u00e0s pessoas com autismo ganha mais um importante cap\u00edtulo na C\u00e2mara Municipal de Natal! Nesta quinta-feira, 29 de maio, \u00e0s 14h, ser\u00e1 realizada a audi\u00eancia p\u00fablica \u201cDireitos do consumidor com autismo nas rela\u00e7\u00f5es com os planos de sa\u00fade\u201d, que vai colocar as empresas na mira ao discutir os desafios enfrentados pelas fam\u00edlias at\u00edpicas.<\/p>\n\n\n\n<p>A iniciativa, proposta pelo vereador Daniel Santiago e acatada pela Comiss\u00e3o de Defesa do Consumidor, busca debater a garantia de direitos, as recorrentes negativas de cobertura, a morosidade no atendimento e outras dificuldades enfrentadas por fam\u00edlias e pessoas com Transtorno do Espectro Autista (TEA).<\/p>\n\n\n\n<p>&#8220;N\u00e3o podemos mais aceitar que planos de sa\u00fade ignorem direitos garantidos em lei. Vamos reunir especialistas, fam\u00edlias, associa\u00e7\u00f5es e representantes do setor para cobrar solu\u00e7\u00f5es reais e refor\u00e7ar a luta por um atendimento mais humano e eficiente&#8221;, afirma o vereador.<\/p>\n\n\n\n<p>A audi\u00eancia \u00e9 aberta ao p\u00fablico e contar\u00e1 com transmiss\u00e3o ao vivo pelos canais oficiais da C\u00e2mara. A Comiss\u00e3o de Defesa do Consumidor \u00e9 composta pelos vereadores Kleber Fernandes (presidente) e Camila Ara\u00fajo (vice-presidente).<\/p>\n\n\n\n<p>SERVI\u00c7O:<br>O qu\u00ea: Audi\u00eancia P\u00fablica \u2013 \u201cDireitos do consumidor com autismo nas rela\u00e7\u00f5es com os planos de sa\u00fade\u201d<br>Quando: Quinta-feira, 29 de maio, \u00e0s 14h<br>Onde: Plen\u00e1rio da C\u00e2mara Municipal de Natal<\/p>\n","protected":false},"excerpt":{"rendered":"<p>A luta por respeito e dignidade \u00e0s pessoas com autismo ganha mais um importante cap\u00edtulo na C\u00e2mara Municipal de Natal! Nesta quinta-feira, 29 de maio, \u00e0s 14h, ser\u00e1 realizada a audi\u00eancia p\u00fablica \u201cDireitos do consumidor com autismo nas rela\u00e7\u00f5es com os planos de sa\u00fade\u201d, que vai colocar as empresas na mira ao discutir os desafios [&hellip;]<\/p>\n","protected":false},"author":1,"featured_media":0,"comment_status":"open","ping_status":"open","sticky":false,"template":"","format":"standard","meta":{"cybocfi_hide_featured_image":"","_jetpack_memberships_contains_paid_content":false,"footnotes":""},"categories":[1],"tags":[],"class_list":["post-5458","post","type-post","status-publish","format-standard","hentry","category-diversos"],"yoast_head":"<!-- This site is optimized with the Yoast SEO plugin v25.6 - https:\/\/yoast.com\/wordpress\/plugins\/seo\/ -->\n<title>Planos de sa\u00fade na mira: fam\u00edlias de autistas debatem rela\u00e7\u00e3o de consumo com empresas nesta quinta (29) - Blog do Bispo<\/title>\n<meta name=\"robots\" content=\"index, follow, max-snippet:-1, max-image-preview:large, max-video-preview:-1\" \/>\n<link rel=\"canonical\" href=\"https:\/\/blogdobispo.com.br\/?p=5458\" \/>\n<meta property=\"og:locale\" content=\"pt_BR\" \/>\n<meta property=\"og:type\" content=\"article\" \/>\n<meta property=\"og:title\" content=\"Planos de sa\u00fade na mira: fam\u00edlias de autistas debatem rela\u00e7\u00e3o de consumo com empresas nesta quinta (29) - Blog do Bispo\" \/>\n<meta property=\"og:description\" content=\"A luta por respeito e dignidade \u00e0s pessoas com autismo ganha mais um importante cap\u00edtulo na C\u00e2mara Municipal de Natal! Nesta quinta-feira, 29 de maio, \u00e0s 14h, ser\u00e1 realizada a audi\u00eancia p\u00fablica \u201cDireitos do consumidor com autismo nas rela\u00e7\u00f5es com os planos de sa\u00fade\u201d, que vai colocar as empresas na mira ao discutir os desafios [&hellip;]\" \/>\n<meta property=\"og:url\" content=\"https:\/\/blogdobispo.com.br\/?p=5458\" \/>\n<meta property=\"og:site_name\" content=\"Blog do Bispo\" \/>\n<meta property=\"article:published_time\" content=\"2025-05-28T12:56:52+00:00\" \/>\n<meta property=\"og:image\" content=\"https:\/\/blogdobispo.com.br\/wp-content\/uploads\/2025\/05\/608c387f-40ab-446e-ab1e-a63bdc89c147-1-1024x813.jpg\" \/>\n<meta name=\"author\" content=\"Jefferson Sterfeno\" \/>\n<meta name=\"twitter:card\" content=\"summary_large_image\" \/>\n<meta name=\"twitter:label1\" content=\"Escrito por\" \/>\n\t<meta name=\"twitter:data1\" content=\"Jefferson Sterfeno\" \/>\n\t<meta name=\"twitter:label2\" content=\"Est. tempo de leitura\" \/>\n\t<meta name=\"twitter:data2\" content=\"1 minuto\" \/>\n<script type=\"application\/ld+json\" class=\"yoast-schema-graph\">{\"@context\":\"https:\/\/schema.org\",\"@graph\":[{\"@type\":\"Article\",\"@id\":\"https:\/\/blogdobispo.com.br\/?p=5458#article\",\"isPartOf\":{\"@id\":\"https:\/\/blogdobispo.com.br\/?p=5458\"},\"author\":{\"name\":\"Jefferson Sterfeno\",\"@id\":\"https:\/\/blogdobispo.com.br\/#\/schema\/person\/e2209cc0e6cea5c5233d033e997b373f\"},\"headline\":\"Planos de sa\u00fade na mira: fam\u00edlias de autistas debatem rela\u00e7\u00e3o de consumo com empresas nesta quinta (29)\",\"datePublished\":\"2025-05-28T12:56:52+00:00\",\"mainEntityOfPage\":{\"@id\":\"https:\/\/blogdobispo.com.br\/?p=5458\"},\"wordCount\":251,\"commentCount\":1,\"publisher\":{\"@id\":\"https:\/\/blogdobispo.com.br\/#organization\"},\"image\":{\"@id\":\"https:\/\/blogdobispo.com.br\/?p=5458#primaryimage\"},\"thumbnailUrl\":\"https:\/\/blogdobispo.com.br\/wp-content\/uploads\/2025\/05\/608c387f-40ab-446e-ab1e-a63bdc89c147-1-1024x813.jpg\",\"articleSection\":[\"diversos\"],\"inLanguage\":\"pt-BR\",\"potentialAction\":[{\"@type\":\"CommentAction\",\"name\":\"Comment\",\"target\":[\"https:\/\/blogdobispo.com.br\/?p=5458#respond\"]}]},{\"@type\":\"WebPage\",\"@id\":\"https:\/\/blogdobispo.com.br\/?p=5458\",\"url\":\"https:\/\/blogdobispo.com.br\/?p=5458\",\"name\":\"Planos de sa\u00fade na mira: fam\u00edlias de autistas debatem rela\u00e7\u00e3o de consumo com empresas nesta quinta (29) - Blog do Bispo\",\"isPartOf\":{\"@id\":\"https:\/\/blogdobispo.com.br\/#website\"},\"primaryImageOfPage\":{\"@id\":\"https:\/\/blogdobispo.com.br\/?p=5458#primaryimage\"},\"image\":{\"@id\":\"https:\/\/blogdobispo.com.br\/?p=5458#primaryimage\"},\"thumbnailUrl\":\"https:\/\/blogdobispo.com.br\/wp-content\/uploads\/2025\/05\/608c387f-40ab-446e-ab1e-a63bdc89c147-1-1024x813.jpg\",\"datePublished\":\"2025-05-28T12:56:52+00:00\",\"breadcrumb\":{\"@id\":\"https:\/\/blogdobispo.com.br\/?p=5458#breadcrumb\"},\"inLanguage\":\"pt-BR\",\"potentialAction\":[{\"@type\":\"ReadAction\",\"target\":[\"https:\/\/blogdobispo.com.br\/?p=5458\"]}]},{\"@type\":\"ImageObject\",\"inLanguage\":\"pt-BR\",\"@id\":\"https:\/\/blogdobispo.com.br\/?p=5458#primaryimage\",\"url\":\"https:\/\/blogdobispo.com.br\/wp-content\/uploads\/2025\/05\/608c387f-40ab-446e-ab1e-a63bdc89c147-1-1024x813.jpg\",\"contentUrl\":\"https:\/\/blogdobispo.com.br\/wp-content\/uploads\/2025\/05\/608c387f-40ab-446e-ab1e-a63bdc89c147-1-1024x813.jpg\"},{\"@type\":\"BreadcrumbList\",\"@id\":\"https:\/\/blogdobispo.com.br\/?p=5458#breadcrumb\",\"itemListElement\":[{\"@type\":\"ListItem\",\"position\":1,\"name\":\"In\u00edcio\",\"item\":\"https:\/\/blogdobispo.com.br\/\"},{\"@type\":\"ListItem\",\"position\":2,\"name\":\"Planos de sa\u00fade na mira: fam\u00edlias de autistas debatem rela\u00e7\u00e3o de consumo com empresas nesta quinta (29)\"}]},{\"@type\":\"WebSite\",\"@id\":\"https:\/\/blogdobispo.com.br\/#website\",\"url\":\"https:\/\/blogdobispo.com.br\/\",\"name\":\"Blog do Bispo\",\"description\":\"Comprometido apenas com o leitor\",\"publisher\":{\"@id\":\"https:\/\/blogdobispo.com.br\/#organization\"},\"potentialAction\":[{\"@type\":\"SearchAction\",\"target\":{\"@type\":\"EntryPoint\",\"urlTemplate\":\"https:\/\/blogdobispo.com.br\/?s={search_term_string}\"},\"query-input\":{\"@type\":\"PropertyValueSpecification\",\"valueRequired\":true,\"valueName\":\"search_term_string\"}}],\"inLanguage\":\"pt-BR\"},{\"@type\":\"Organization\",\"@id\":\"https:\/\/blogdobispo.com.br\/#organization\",\"name\":\"Blog do Bispo\",\"url\":\"https:\/\/blogdobispo.com.br\/\",\"logo\":{\"@type\":\"ImageObject\",\"inLanguage\":\"pt-BR\",\"@id\":\"https:\/\/blogdobispo.com.br\/#\/schema\/logo\/image\/\",\"url\":\"http:\/\/blogdobispo.com.br\/wp-content\/uploads\/2023\/05\/cropped-headear.png\",\"contentUrl\":\"http:\/\/blogdobispo.com.br\/wp-content\/uploads\/2023\/05\/cropped-headear.png\",\"width\":1500,\"height\":399,\"caption\":\"Blog do Bispo\"},\"image\":{\"@id\":\"https:\/\/blogdobispo.com.br\/#\/schema\/logo\/image\/\"}},{\"@type\":\"Person\",\"@id\":\"https:\/\/blogdobispo.com.br\/#\/schema\/person\/e2209cc0e6cea5c5233d033e997b373f\",\"name\":\"Jefferson Sterfeno\",\"image\":{\"@type\":\"ImageObject\",\"inLanguage\":\"pt-BR\",\"@id\":\"https:\/\/blogdobispo.com.br\/#\/schema\/person\/image\/\",\"url\":\"https:\/\/secure.gravatar.com\/avatar\/0534e84764641168a677026b6d57a3f51dc7ac4db0b4f6186d9cb330d4ee1160?s=96&d=mm&r=g\",\"contentUrl\":\"https:\/\/secure.gravatar.com\/avatar\/0534e84764641168a677026b6d57a3f51dc7ac4db0b4f6186d9cb330d4ee1160?s=96&d=mm&r=g\",\"caption\":\"Jefferson Sterfeno\"},\"sameAs\":[\"http:\/\/blogdobispo.com.br\"],\"url\":\"https:\/\/blogdobispo.com.br\/?author=1\"}]}<\/script>\n<!-- \/ Yoast SEO plugin. -->","yoast_head_json":{"title":"Planos de sa\u00fade na mira: fam\u00edlias de autistas debatem rela\u00e7\u00e3o de consumo com empresas nesta quinta (29) - Blog do Bispo","robots":{"index":"index","follow":"follow","max-snippet":"max-snippet:-1","max-image-preview":"max-image-preview:large","max-video-preview":"max-video-preview:-1"},"canonical":"https:\/\/blogdobispo.com.br\/?p=5458","og_locale":"pt_BR","og_type":"article","og_title":"Planos de sa\u00fade na mira: fam\u00edlias de autistas debatem rela\u00e7\u00e3o de consumo com empresas nesta quinta (29) - Blog do Bispo","og_description":"A luta por respeito e dignidade \u00e0s pessoas com autismo ganha mais um importante cap\u00edtulo na C\u00e2mara Municipal de Natal! Nesta quinta-feira, 29 de maio, \u00e0s 14h, ser\u00e1 realizada a audi\u00eancia p\u00fablica \u201cDireitos do consumidor com autismo nas rela\u00e7\u00f5es com os planos de sa\u00fade\u201d, que vai colocar as empresas na mira ao discutir os desafios [&hellip;]","og_url":"https:\/\/blogdobispo.com.br\/?p=5458","og_site_name":"Blog do Bispo","article_published_time":"2025-05-28T12:56:52+00:00","og_image":[{"url":"https:\/\/blogdobispo.com.br\/wp-content\/uploads\/2025\/05\/608c387f-40ab-446e-ab1e-a63bdc89c147-1-1024x813.jpg","type":"","width":"","height":""}],"author":"Jefferson Sterfeno","twitter_card":"summary_large_image","twitter_misc":{"Escrito por":"Jefferson Sterfeno","Est. tempo de leitura":"1 minuto"},"schema":{"@context":"https:\/\/schema.org","@graph":[{"@type":"Article","@id":"https:\/\/blogdobispo.com.br\/?p=5458#article","isPartOf":{"@id":"https:\/\/blogdobispo.com.br\/?p=5458"},"author":{"name":"Jefferson Sterfeno","@id":"https:\/\/blogdobispo.com.br\/#\/schema\/person\/e2209cc0e6cea5c5233d033e997b373f"},"headline":"Planos de sa\u00fade na mira: fam\u00edlias de autistas debatem rela\u00e7\u00e3o de consumo com empresas nesta quinta (29)","datePublished":"2025-05-28T12:56:52+00:00","mainEntityOfPage":{"@id":"https:\/\/blogdobispo.com.br\/?p=5458"},"wordCount":251,"commentCount":1,"publisher":{"@id":"https:\/\/blogdobispo.com.br\/#organization"},"image":{"@id":"https:\/\/blogdobispo.com.br\/?p=5458#primaryimage"},"thumbnailUrl":"https:\/\/blogdobispo.com.br\/wp-content\/uploads\/2025\/05\/608c387f-40ab-446e-ab1e-a63bdc89c147-1-1024x813.jpg","articleSection":["diversos"],"inLanguage":"pt-BR","potentialAction":[{"@type":"CommentAction","name":"Comment","target":["https:\/\/blogdobispo.com.br\/?p=5458#respond"]}]},{"@type":"WebPage","@id":"https:\/\/blogdobispo.com.br\/?p=5458","url":"https:\/\/blogdobispo.com.br\/?p=5458","name":"Planos de sa\u00fade na mira: fam\u00edlias de autistas debatem rela\u00e7\u00e3o de consumo com empresas nesta quinta (29) - Blog do Bispo","isPartOf":{"@id":"https:\/\/blogdobispo.com.br\/#website"},"primaryImageOfPage":{"@id":"https:\/\/blogdobispo.com.br\/?p=5458#primaryimage"},"image":{"@id":"https:\/\/blogdobispo.com.br\/?p=5458#primaryimage"},"thumbnailUrl":"https:\/\/blogdobispo.com.br\/wp-content\/uploads\/2025\/05\/608c387f-40ab-446e-ab1e-a63bdc89c147-1-1024x813.jpg","datePublished":"2025-05-28T12:56:52+00:00","breadcrumb":{"@id":"https:\/\/blogdobispo.com.br\/?p=5458#breadcrumb"},"inLanguage":"pt-BR","potentialAction":[{"@type":"ReadAction","target":["https:\/\/blogdobispo.com.br\/?p=5458"]}]},{"@type":"ImageObject","inLanguage":"pt-BR","@id":"https:\/\/blogdobispo.com.br\/?p=5458#primaryimage","url":"https:\/\/blogdobispo.com.br\/wp-content\/uploads\/2025\/05\/608c387f-40ab-446e-ab1e-a63bdc89c147-1-1024x813.jpg","contentUrl":"https:\/\/blogdobispo.com.br\/wp-content\/uploads\/2025\/05\/608c387f-40ab-446e-ab1e-a63bdc89c147-1-1024x813.jpg"},{"@type":"BreadcrumbList","@id":"https:\/\/blogdobispo.com.br\/?p=5458#breadcrumb","itemListElement":[{"@type":"ListItem","position":1,"name":"In\u00edcio","item":"https:\/\/blogdobispo.com.br\/"},{"@type":"ListItem","position":2,"name":"Planos de sa\u00fade na mira: fam\u00edlias de autistas debatem rela\u00e7\u00e3o de consumo com empresas nesta quinta (29)"}]},{"@type":"WebSite","@id":"https:\/\/blogdobispo.com.br\/#website","url":"https:\/\/blogdobispo.com.br\/","name":"Blog do Bispo","description":"Comprometido apenas com o leitor","publisher":{"@id":"https:\/\/blogdobispo.com.br\/#organization"},"potentialAction":[{"@type":"SearchAction","target":{"@type":"EntryPoint","urlTemplate":"https:\/\/blogdobispo.com.br\/?s={search_term_string}"},"query-input":{"@type":"PropertyValueSpecification","valueRequired":true,"valueName":"search_term_string"}}],"inLanguage":"pt-BR"},{"@type":"Organization","@id":"https:\/\/blogdobispo.com.br\/#organization","name":"Blog do Bispo","url":"https:\/\/blogdobispo.com.br\/","logo":{"@type":"ImageObject","inLanguage":"pt-BR","@id":"https:\/\/blogdobispo.com.br\/#\/schema\/logo\/image\/","url":"http:\/\/blogdobispo.com.br\/wp-content\/uploads\/2023\/05\/cropped-headear.png","contentUrl":"http:\/\/blogdobispo.com.br\/wp-content\/uploads\/2023\/05\/cropped-headear.png","width":1500,"height":399,"caption":"Blog do Bispo"},"image":{"@id":"https:\/\/blogdobispo.com.br\/#\/schema\/logo\/image\/"}},{"@type":"Person","@id":"https:\/\/blogdobispo.com.br\/#\/schema\/person\/e2209cc0e6cea5c5233d033e997b373f","name":"Jefferson Sterfeno","image":{"@type":"ImageObject","inLanguage":"pt-BR","@id":"https:\/\/blogdobispo.com.br\/#\/schema\/person\/image\/","url":"https:\/\/secure.gravatar.com\/avatar\/0534e84764641168a677026b6d57a3f51dc7ac4db0b4f6186d9cb330d4ee1160?s=96&d=mm&r=g","contentUrl":"https:\/\/secure.gravatar.com\/avatar\/0534e84764641168a677026b6d57a3f51dc7ac4db0b4f6186d9cb330d4ee1160?s=96&d=mm&r=g","caption":"Jefferson Sterfeno"},"sameAs":["http:\/\/blogdobispo.com.br"],"url":"https:\/\/blogdobispo.com.br\/?author=1"}]}},"featured_image_urls":{"full":"","thumbnail":"","medium":"","medium_large":"","large":"","1536x1536":"","2048x2048":""},"author_info":{"display_name":"Jefferson Sterfeno","author_link":"https:\/\/blogdobispo.com.br\/?author=1"},"category_info":"<a href=\"https:\/\/blogdobispo.com.br\/?cat=1\" rel=\"category\">diversos<\/a>","tag_info":"diversos","comment_count":"1","jetpack_featured_media_url":"","jetpack_sharing_enabled":true,"_links":{"self":[{"href":"https:\/\/blogdobispo.com.br\/index.php?rest_route=\/wp\/v2\/posts\/5458","targetHints":{"allow":["GET"]}}],"collection":[{"href":"https:\/\/blogdobispo.com.br\/index.php?rest_route=\/wp\/v2\/posts"}],"about":[{"href":"https:\/\/blogdobispo.com.br\/index.php?rest_route=\/wp\/v2\/types\/post"}],"author":[{"embeddable":true,"href":"https:\/\/blogdobispo.com.br\/index.php?rest_route=\/wp\/v2\/users\/1"}],"replies":[{"embeddable":true,"href":"https:\/\/blogdobispo.com.br\/index.php?rest_route=%2Fwp%2Fv2%2Fcomments&post=5458"}],"version-history":[{"count":0,"href":"https:\/\/blogdobispo.com.br\/index.php?rest_route=\/wp\/v2\/posts\/5458\/revisions"}],"wp:attachment":[{"href":"https:\/\/blogdobispo.com.br\/index.php?rest_route=%2Fwp%2Fv2%2Fmedia&parent=5458"}],"wp:term":[{"taxonomy":"category","embeddable":true,"href":"https:\/\/blogdobispo.com.br\/index.php?rest_route=%2Fwp%2Fv2%2Fcategories&post=5458"},{"taxonomy":"post_tag","embeddable":true,"href":"https:\/\/blogdobispo.com.br\/index.php?rest_route=%2Fwp%2Fv2%2Ftags&post=5458"}],"curies":[{"name":"wp","href":"https:\/\/api.w.org\/{rel}","templated":true}]}}