{"id":5454,"date":"2025-05-28T01:59:17","date_gmt":"2025-05-28T01:59:17","guid":{"rendered":"https:\/\/blogdobispo.com.br\/?p=5454"},"modified":"2025-05-28T01:59:17","modified_gmt":"2025-05-28T01:59:17","slug":"ezequiel-confirma-candidatura-a-deputado-estadual-e-diz-que-nao-leva-amigos-para-suicidio-politico","status":"publish","type":"post","link":"https:\/\/blogdobispo.com.br\/?p=5454","title":{"rendered":"Ezequiel confirma candidatura a deputado estadual e diz que n\u00e3o leva \u201camigos para suic\u00eddio pol\u00edtico"},"content":{"rendered":"\n<p>O presidente da&nbsp;<a href=\"https:\/\/www.al.rn.leg.br\/\" target=\"_blank\" rel=\"noreferrer noopener\">Assembleia Legislativa<\/a>&nbsp;do&nbsp;<a href=\"http:\/\/rn.gov.br\/\" target=\"_blank\" rel=\"noreferrer noopener\">Rio Grande do Norte<\/a>(ALRN), Ezequiel Ferreira (PSDB), confirmou que ser\u00e1 candidato a deputado estadual nas elei\u00e7\u00f5es de 2026. A declara\u00e7\u00e3o foi dada durante entrevista ao podcast Podpapo, em&nbsp;<a href=\"http:\/\/touros.rn.gov.br\/\" target=\"_blank\" rel=\"noreferrer noopener\">Touros<\/a>, onde cumpria agenda oficial.&nbsp;<a href=\"https:\/\/agorarn.com.br\/coluna\/ezequiel-ferreira-afirma-nao-descartar-a-possibilidade-de-ser-candidato-a-qualquer-cargo-em-2026\/\">Ezequiel n\u00e3o descartou completamente outras possibilidades<\/a>, mas afirmou que n\u00e3o arriscar\u00e1 o capital pol\u00edtico de aliados.<\/p>\n\n\n\n<p>\u201cHoje sou candidato a deputado estadual, mas n\u00e3o refugo desafios. Jamais colocaria amigos que me apoiam h\u00e1 anos em situa\u00e7\u00e3o dif\u00edcil. Voc\u00ea n\u00e3o leva amigo para suic\u00eddio, leva para vit\u00f3rias\u201d, disse. O tucano, que comanda a ALRN desde 2015, destacou que todas as suas conquistas pol\u00edticas vieram com o apoio dessas alian\u00e7as.<\/p>\n\n\n\n<p>A afirma\u00e7\u00e3o ocorre em um momento de especula\u00e7\u00f5es sobre poss\u00edveis candidaturas ao Senado ou ao governo do estado. Ferreira evitou fechar portas, mas deixou claro que qualquer mudan\u00e7a de planos depender\u00e1 de viabilidade eleitoral.<\/p>\n\n\n\n<p><a href=\"https:\/\/whatsapp.com\/channel\/0029VaCitkZ8V0teaTTBPL3X\" target=\"_blank\" rel=\"noreferrer noopener\">Siga o canal \u201cAgora RN\u201d no WhatsApp<\/a><\/p>\n\n\n\n<p>\u201cEstou pronto para qualquer desafio, mas com os p\u00e9s no ch\u00e3o. Minha decis\u00e3o ser\u00e1 junto aos grupos que constru\u00edram minha trajet\u00f3ria\u201d, completou.<\/p>\n\n\n\n<p>O presidente da Assembleia n\u00e3o v\u00ea problemas em concorrer ao legislativo estadual sem comandar a Casa. \u201cN\u00e3o tem como imposs\u00edvel permanecer deputado sem ser presidente\u201d, comentou, em refer\u00eancia ao mandato que se encerra em 2026. Ele evitou criticar aliados ou advers\u00e1rios, mantendo o foco na defesa de alian\u00e7as est\u00e1veis. \u201cS\u00f3 cheguei a todas as vit\u00f3rias porque tive esses amigos ao meu lado\u201d, resumiu.<\/p>\n\n\n\n<h3 class=\"wp-block-heading\"><strong>Ezequiel teve nome cotado para Governo do RN ou Senado<\/strong><\/h3>\n\n\n\n<p>No in\u00edcio de abril passado, o ex-senador e ex-governador&nbsp;<a href=\"https:\/\/agorarn.com.br\/ultimas\/garibaldi-ezequiel-candidato-governo\/\">Garibaldi Alves Filho (MDB) apontou o nome de Ezequiel Ferreira, como potencial candidato ao Governo do RN em 2026<\/a>. Gari sugeriu que, caso se concretize a alian\u00e7a entre seu filho Walter Alves (vice-governador) e Ezequiel, o tucano poderia liderar a chapa. \u201cSe for concretizada, seria com Ezequiel candidato a governador\u201d, afirmou.<\/p>\n\n\n\n<p>Garibaldi revelou ter cogitado recentemente um cen\u00e1rio em que Ezequiel assumiria o governo em 2026 ap\u00f3s eventuais ren\u00fancias de F\u00e1tima Bezerra (PT) e Walter Alves \u2013 situa\u00e7\u00e3o que colocaria o atual presidente da AL como 3\u00ba na linha sucess\u00f3ria. Nessa hip\u00f3tese, Ezequiel completaria o mandato e concorreria \u00e0 reelei\u00e7\u00e3o.<\/p>\n\n\n\n<h3 class=\"wp-block-heading\"><strong>F\u00e1tima: \u201cEzequiel j\u00e1 deixou claro que sua prioridade n\u00e3o \u00e9 o governo\u201d<\/strong><\/h3>\n\n\n\n<p>A governadora F\u00e1tima Bezerra (PT) declarou, no in\u00edcio de maio, que o partido est\u00e1 consolidado na pr\u00e9-candidatura do secret\u00e1rio de Fazenda, Cadu Xavier, ao governo do Rio Grande do Norte em 2026.&nbsp;<a href=\"https:\/\/agorarn.com.br\/ultimas\/base-esta-unida-em-torno-de-cadu\/\">Sobre as especula\u00e7\u00f5es envolvendo o presidente da Assembleia Legislativa, Ezequiel Ferreira, F\u00e1tima foi taxativa.<\/a><\/p>\n\n\n\n<p>\u201cEle j\u00e1 deixou claro que sua prioridade n\u00e3o \u00e9 o governo\u201d. A petista destacou que enxerga em Cadu Xavier \u201ccredenciais s\u00f3lidas\u201d para a sucess\u00e3o estadual, afirmando que a base governista est\u00e1 alinhada com o projeto.<\/p>\n\n\n\n<p>Agora RN <\/p>\n\n\n\n<figure class=\"wp-block-image size-large\"><img data-recalc-dims=\"1\" fetchpriority=\"high\" decoding=\"async\" width=\"800\" height=\"451\" src=\"https:\/\/i0.wp.com\/blogdobispo.com.br\/wp-content\/uploads\/2025\/05\/img_4655-1-1024x577.jpg?resize=800%2C451&#038;ssl=1\" class=\"wp-image-5453\" srcset=\"https:\/\/i0.wp.com\/blogdobispo.com.br\/wp-content\/uploads\/2025\/05\/img_4655-1.jpg?resize=1024%2C577&amp;ssl=1 1024w, https:\/\/i0.wp.com\/blogdobispo.com.br\/wp-content\/uploads\/2025\/05\/img_4655-1.jpg?resize=300%2C169&amp;ssl=1 300w, https:\/\/i0.wp.com\/blogdobispo.com.br\/wp-content\/uploads\/2025\/05\/img_4655-1.jpg?resize=768%2C433&amp;ssl=1 768w, https:\/\/i0.wp.com\/blogdobispo.com.br\/wp-content\/uploads\/2025\/05\/img_4655-1.jpg?w=1536&amp;ssl=1 1536w\" sizes=\"(max-width: 800px) 100vw, 800px\" \/><\/figure>\n","protected":false},"excerpt":{"rendered":"<p>O presidente da&nbsp;Assembleia Legislativa&nbsp;do&nbsp;Rio Grande do Norte(ALRN), Ezequiel Ferreira (PSDB), confirmou que ser\u00e1 candidato a deputado estadual nas elei\u00e7\u00f5es de 2026. A declara\u00e7\u00e3o foi dada durante entrevista ao podcast Podpapo, em&nbsp;Touros, onde cumpria agenda oficial.&nbsp;Ezequiel n\u00e3o descartou completamente outras possibilidades, mas afirmou que n\u00e3o arriscar\u00e1 o capital pol\u00edtico de aliados. \u201cHoje sou candidato a deputado [&hellip;]<\/p>\n","protected":false},"author":1,"featured_media":0,"comment_status":"open","ping_status":"open","sticky":false,"template":"","format":"standard","meta":{"cybocfi_hide_featured_image":"","_jetpack_memberships_contains_paid_content":false,"footnotes":""},"categories":[1],"tags":[],"class_list":["post-5454","post","type-post","status-publish","format-standard","hentry","category-diversos"],"yoast_head":"<!-- This site is optimized with the Yoast SEO plugin v25.6 - https:\/\/yoast.com\/wordpress\/plugins\/seo\/ -->\n<title>Ezequiel confirma candidatura a deputado estadual e diz que n\u00e3o leva \u201camigos para suic\u00eddio pol\u00edtico - Blog do Bispo<\/title>\n<meta name=\"robots\" content=\"index, follow, max-snippet:-1, max-image-preview:large, max-video-preview:-1\" \/>\n<link rel=\"canonical\" href=\"https:\/\/blogdobispo.com.br\/?p=5454\" \/>\n<meta property=\"og:locale\" content=\"pt_BR\" \/>\n<meta property=\"og:type\" content=\"article\" \/>\n<meta property=\"og:title\" content=\"Ezequiel confirma candidatura a deputado estadual e diz que n\u00e3o leva \u201camigos para suic\u00eddio pol\u00edtico - Blog do Bispo\" \/>\n<meta property=\"og:description\" content=\"O presidente da&nbsp;Assembleia Legislativa&nbsp;do&nbsp;Rio Grande do Norte(ALRN), Ezequiel Ferreira (PSDB), confirmou que ser\u00e1 candidato a deputado estadual nas elei\u00e7\u00f5es de 2026. A declara\u00e7\u00e3o foi dada durante entrevista ao podcast Podpapo, em&nbsp;Touros, onde cumpria agenda oficial.&nbsp;Ezequiel n\u00e3o descartou completamente outras possibilidades, mas afirmou que n\u00e3o arriscar\u00e1 o capital pol\u00edtico de aliados. \u201cHoje sou candidato a deputado [&hellip;]\" \/>\n<meta property=\"og:url\" content=\"https:\/\/blogdobispo.com.br\/?p=5454\" \/>\n<meta property=\"og:site_name\" content=\"Blog do Bispo\" \/>\n<meta property=\"article:published_time\" content=\"2025-05-28T01:59:17+00:00\" \/>\n<meta property=\"og:image\" content=\"https:\/\/blogdobispo.com.br\/wp-content\/uploads\/2025\/05\/img_4655-1-1024x577.jpg\" \/>\n<meta name=\"author\" content=\"Jefferson Sterfeno\" \/>\n<meta name=\"twitter:card\" content=\"summary_large_image\" \/>\n<meta name=\"twitter:label1\" content=\"Escrito por\" \/>\n\t<meta name=\"twitter:data1\" content=\"Jefferson Sterfeno\" \/>\n\t<meta name=\"twitter:label2\" content=\"Est. tempo de leitura\" \/>\n\t<meta name=\"twitter:data2\" content=\"2 minutos\" \/>\n<script type=\"application\/ld+json\" class=\"yoast-schema-graph\">{\"@context\":\"https:\/\/schema.org\",\"@graph\":[{\"@type\":\"Article\",\"@id\":\"https:\/\/blogdobispo.com.br\/?p=5454#article\",\"isPartOf\":{\"@id\":\"https:\/\/blogdobispo.com.br\/?p=5454\"},\"author\":{\"name\":\"Jefferson Sterfeno\",\"@id\":\"https:\/\/blogdobispo.com.br\/#\/schema\/person\/e2209cc0e6cea5c5233d033e997b373f\"},\"headline\":\"Ezequiel confirma candidatura a deputado estadual e diz que n\u00e3o leva \u201camigos para suic\u00eddio pol\u00edtico\",\"datePublished\":\"2025-05-28T01:59:17+00:00\",\"mainEntityOfPage\":{\"@id\":\"https:\/\/blogdobispo.com.br\/?p=5454\"},\"wordCount\":513,\"commentCount\":0,\"publisher\":{\"@id\":\"https:\/\/blogdobispo.com.br\/#organization\"},\"image\":{\"@id\":\"https:\/\/blogdobispo.com.br\/?p=5454#primaryimage\"},\"thumbnailUrl\":\"https:\/\/blogdobispo.com.br\/wp-content\/uploads\/2025\/05\/img_4655-1-1024x577.jpg\",\"articleSection\":[\"diversos\"],\"inLanguage\":\"pt-BR\",\"potentialAction\":[{\"@type\":\"CommentAction\",\"name\":\"Comment\",\"target\":[\"https:\/\/blogdobispo.com.br\/?p=5454#respond\"]}]},{\"@type\":\"WebPage\",\"@id\":\"https:\/\/blogdobispo.com.br\/?p=5454\",\"url\":\"https:\/\/blogdobispo.com.br\/?p=5454\",\"name\":\"Ezequiel confirma candidatura a deputado estadual e diz que n\u00e3o leva \u201camigos para suic\u00eddio pol\u00edtico - Blog do Bispo\",\"isPartOf\":{\"@id\":\"https:\/\/blogdobispo.com.br\/#website\"},\"primaryImageOfPage\":{\"@id\":\"https:\/\/blogdobispo.com.br\/?p=5454#primaryimage\"},\"image\":{\"@id\":\"https:\/\/blogdobispo.com.br\/?p=5454#primaryimage\"},\"thumbnailUrl\":\"https:\/\/blogdobispo.com.br\/wp-content\/uploads\/2025\/05\/img_4655-1-1024x577.jpg\",\"datePublished\":\"2025-05-28T01:59:17+00:00\",\"breadcrumb\":{\"@id\":\"https:\/\/blogdobispo.com.br\/?p=5454#breadcrumb\"},\"inLanguage\":\"pt-BR\",\"potentialAction\":[{\"@type\":\"ReadAction\",\"target\":[\"https:\/\/blogdobispo.com.br\/?p=5454\"]}]},{\"@type\":\"ImageObject\",\"inLanguage\":\"pt-BR\",\"@id\":\"https:\/\/blogdobispo.com.br\/?p=5454#primaryimage\",\"url\":\"https:\/\/blogdobispo.com.br\/wp-content\/uploads\/2025\/05\/img_4655-1-1024x577.jpg\",\"contentUrl\":\"https:\/\/blogdobispo.com.br\/wp-content\/uploads\/2025\/05\/img_4655-1-1024x577.jpg\"},{\"@type\":\"BreadcrumbList\",\"@id\":\"https:\/\/blogdobispo.com.br\/?p=5454#breadcrumb\",\"itemListElement\":[{\"@type\":\"ListItem\",\"position\":1,\"name\":\"In\u00edcio\",\"item\":\"https:\/\/blogdobispo.com.br\/\"},{\"@type\":\"ListItem\",\"position\":2,\"name\":\"Ezequiel confirma candidatura a deputado estadual e diz que n\u00e3o leva \u201camigos para suic\u00eddio pol\u00edtico\"}]},{\"@type\":\"WebSite\",\"@id\":\"https:\/\/blogdobispo.com.br\/#website\",\"url\":\"https:\/\/blogdobispo.com.br\/\",\"name\":\"Blog do Bispo\",\"description\":\"Comprometido apenas com o leitor\",\"publisher\":{\"@id\":\"https:\/\/blogdobispo.com.br\/#organization\"},\"potentialAction\":[{\"@type\":\"SearchAction\",\"target\":{\"@type\":\"EntryPoint\",\"urlTemplate\":\"https:\/\/blogdobispo.com.br\/?s={search_term_string}\"},\"query-input\":{\"@type\":\"PropertyValueSpecification\",\"valueRequired\":true,\"valueName\":\"search_term_string\"}}],\"inLanguage\":\"pt-BR\"},{\"@type\":\"Organization\",\"@id\":\"https:\/\/blogdobispo.com.br\/#organization\",\"name\":\"Blog do Bispo\",\"url\":\"https:\/\/blogdobispo.com.br\/\",\"logo\":{\"@type\":\"ImageObject\",\"inLanguage\":\"pt-BR\",\"@id\":\"https:\/\/blogdobispo.com.br\/#\/schema\/logo\/image\/\",\"url\":\"http:\/\/blogdobispo.com.br\/wp-content\/uploads\/2023\/05\/cropped-headear.png\",\"contentUrl\":\"http:\/\/blogdobispo.com.br\/wp-content\/uploads\/2023\/05\/cropped-headear.png\",\"width\":1500,\"height\":399,\"caption\":\"Blog do Bispo\"},\"image\":{\"@id\":\"https:\/\/blogdobispo.com.br\/#\/schema\/logo\/image\/\"}},{\"@type\":\"Person\",\"@id\":\"https:\/\/blogdobispo.com.br\/#\/schema\/person\/e2209cc0e6cea5c5233d033e997b373f\",\"name\":\"Jefferson Sterfeno\",\"image\":{\"@type\":\"ImageObject\",\"inLanguage\":\"pt-BR\",\"@id\":\"https:\/\/blogdobispo.com.br\/#\/schema\/person\/image\/\",\"url\":\"https:\/\/secure.gravatar.com\/avatar\/0534e84764641168a677026b6d57a3f51dc7ac4db0b4f6186d9cb330d4ee1160?s=96&d=mm&r=g\",\"contentUrl\":\"https:\/\/secure.gravatar.com\/avatar\/0534e84764641168a677026b6d57a3f51dc7ac4db0b4f6186d9cb330d4ee1160?s=96&d=mm&r=g\",\"caption\":\"Jefferson Sterfeno\"},\"sameAs\":[\"http:\/\/blogdobispo.com.br\"],\"url\":\"https:\/\/blogdobispo.com.br\/?author=1\"}]}<\/script>\n<!-- \/ Yoast SEO plugin. -->","yoast_head_json":{"title":"Ezequiel confirma candidatura a deputado estadual e diz que n\u00e3o leva \u201camigos para suic\u00eddio pol\u00edtico - Blog do Bispo","robots":{"index":"index","follow":"follow","max-snippet":"max-snippet:-1","max-image-preview":"max-image-preview:large","max-video-preview":"max-video-preview:-1"},"canonical":"https:\/\/blogdobispo.com.br\/?p=5454","og_locale":"pt_BR","og_type":"article","og_title":"Ezequiel confirma candidatura a deputado estadual e diz que n\u00e3o leva \u201camigos para suic\u00eddio pol\u00edtico - Blog do Bispo","og_description":"O presidente da&nbsp;Assembleia Legislativa&nbsp;do&nbsp;Rio Grande do Norte(ALRN), Ezequiel Ferreira (PSDB), confirmou que ser\u00e1 candidato a deputado estadual nas elei\u00e7\u00f5es de 2026. A declara\u00e7\u00e3o foi dada durante entrevista ao podcast Podpapo, em&nbsp;Touros, onde cumpria agenda oficial.&nbsp;Ezequiel n\u00e3o descartou completamente outras possibilidades, mas afirmou que n\u00e3o arriscar\u00e1 o capital pol\u00edtico de aliados. \u201cHoje sou candidato a deputado [&hellip;]","og_url":"https:\/\/blogdobispo.com.br\/?p=5454","og_site_name":"Blog do Bispo","article_published_time":"2025-05-28T01:59:17+00:00","og_image":[{"url":"https:\/\/blogdobispo.com.br\/wp-content\/uploads\/2025\/05\/img_4655-1-1024x577.jpg","type":"","width":"","height":""}],"author":"Jefferson Sterfeno","twitter_card":"summary_large_image","twitter_misc":{"Escrito por":"Jefferson Sterfeno","Est. tempo de leitura":"2 minutos"},"schema":{"@context":"https:\/\/schema.org","@graph":[{"@type":"Article","@id":"https:\/\/blogdobispo.com.br\/?p=5454#article","isPartOf":{"@id":"https:\/\/blogdobispo.com.br\/?p=5454"},"author":{"name":"Jefferson Sterfeno","@id":"https:\/\/blogdobispo.com.br\/#\/schema\/person\/e2209cc0e6cea5c5233d033e997b373f"},"headline":"Ezequiel confirma candidatura a deputado estadual e diz que n\u00e3o leva \u201camigos para suic\u00eddio pol\u00edtico","datePublished":"2025-05-28T01:59:17+00:00","mainEntityOfPage":{"@id":"https:\/\/blogdobispo.com.br\/?p=5454"},"wordCount":513,"commentCount":0,"publisher":{"@id":"https:\/\/blogdobispo.com.br\/#organization"},"image":{"@id":"https:\/\/blogdobispo.com.br\/?p=5454#primaryimage"},"thumbnailUrl":"https:\/\/blogdobispo.com.br\/wp-content\/uploads\/2025\/05\/img_4655-1-1024x577.jpg","articleSection":["diversos"],"inLanguage":"pt-BR","potentialAction":[{"@type":"CommentAction","name":"Comment","target":["https:\/\/blogdobispo.com.br\/?p=5454#respond"]}]},{"@type":"WebPage","@id":"https:\/\/blogdobispo.com.br\/?p=5454","url":"https:\/\/blogdobispo.com.br\/?p=5454","name":"Ezequiel confirma candidatura a deputado estadual e diz que n\u00e3o leva \u201camigos para suic\u00eddio pol\u00edtico - Blog do Bispo","isPartOf":{"@id":"https:\/\/blogdobispo.com.br\/#website"},"primaryImageOfPage":{"@id":"https:\/\/blogdobispo.com.br\/?p=5454#primaryimage"},"image":{"@id":"https:\/\/blogdobispo.com.br\/?p=5454#primaryimage"},"thumbnailUrl":"https:\/\/blogdobispo.com.br\/wp-content\/uploads\/2025\/05\/img_4655-1-1024x577.jpg","datePublished":"2025-05-28T01:59:17+00:00","breadcrumb":{"@id":"https:\/\/blogdobispo.com.br\/?p=5454#breadcrumb"},"inLanguage":"pt-BR","potentialAction":[{"@type":"ReadAction","target":["https:\/\/blogdobispo.com.br\/?p=5454"]}]},{"@type":"ImageObject","inLanguage":"pt-BR","@id":"https:\/\/blogdobispo.com.br\/?p=5454#primaryimage","url":"https:\/\/blogdobispo.com.br\/wp-content\/uploads\/2025\/05\/img_4655-1-1024x577.jpg","contentUrl":"https:\/\/blogdobispo.com.br\/wp-content\/uploads\/2025\/05\/img_4655-1-1024x577.jpg"},{"@type":"BreadcrumbList","@id":"https:\/\/blogdobispo.com.br\/?p=5454#breadcrumb","itemListElement":[{"@type":"ListItem","position":1,"name":"In\u00edcio","item":"https:\/\/blogdobispo.com.br\/"},{"@type":"ListItem","position":2,"name":"Ezequiel confirma candidatura a deputado estadual e diz que n\u00e3o leva \u201camigos para suic\u00eddio pol\u00edtico"}]},{"@type":"WebSite","@id":"https:\/\/blogdobispo.com.br\/#website","url":"https:\/\/blogdobispo.com.br\/","name":"Blog do Bispo","description":"Comprometido apenas com o leitor","publisher":{"@id":"https:\/\/blogdobispo.com.br\/#organization"},"potentialAction":[{"@type":"SearchAction","target":{"@type":"EntryPoint","urlTemplate":"https:\/\/blogdobispo.com.br\/?s={search_term_string}"},"query-input":{"@type":"PropertyValueSpecification","valueRequired":true,"valueName":"search_term_string"}}],"inLanguage":"pt-BR"},{"@type":"Organization","@id":"https:\/\/blogdobispo.com.br\/#organization","name":"Blog do Bispo","url":"https:\/\/blogdobispo.com.br\/","logo":{"@type":"ImageObject","inLanguage":"pt-BR","@id":"https:\/\/blogdobispo.com.br\/#\/schema\/logo\/image\/","url":"http:\/\/blogdobispo.com.br\/wp-content\/uploads\/2023\/05\/cropped-headear.png","contentUrl":"http:\/\/blogdobispo.com.br\/wp-content\/uploads\/2023\/05\/cropped-headear.png","width":1500,"height":399,"caption":"Blog do Bispo"},"image":{"@id":"https:\/\/blogdobispo.com.br\/#\/schema\/logo\/image\/"}},{"@type":"Person","@id":"https:\/\/blogdobispo.com.br\/#\/schema\/person\/e2209cc0e6cea5c5233d033e997b373f","name":"Jefferson Sterfeno","image":{"@type":"ImageObject","inLanguage":"pt-BR","@id":"https:\/\/blogdobispo.com.br\/#\/schema\/person\/image\/","url":"https:\/\/secure.gravatar.com\/avatar\/0534e84764641168a677026b6d57a3f51dc7ac4db0b4f6186d9cb330d4ee1160?s=96&d=mm&r=g","contentUrl":"https:\/\/secure.gravatar.com\/avatar\/0534e84764641168a677026b6d57a3f51dc7ac4db0b4f6186d9cb330d4ee1160?s=96&d=mm&r=g","caption":"Jefferson Sterfeno"},"sameAs":["http:\/\/blogdobispo.com.br"],"url":"https:\/\/blogdobispo.com.br\/?author=1"}]}},"featured_image_urls":{"full":"","thumbnail":"","medium":"","medium_large":"","large":"","1536x1536":"","2048x2048":""},"author_info":{"display_name":"Jefferson Sterfeno","author_link":"https:\/\/blogdobispo.com.br\/?author=1"},"category_info":"<a href=\"https:\/\/blogdobispo.com.br\/?cat=1\" rel=\"category\">diversos<\/a>","tag_info":"diversos","comment_count":"0","jetpack_featured_media_url":"","jetpack_sharing_enabled":true,"_links":{"self":[{"href":"https:\/\/blogdobispo.com.br\/index.php?rest_route=\/wp\/v2\/posts\/5454","targetHints":{"allow":["GET"]}}],"collection":[{"href":"https:\/\/blogdobispo.com.br\/index.php?rest_route=\/wp\/v2\/posts"}],"about":[{"href":"https:\/\/blogdobispo.com.br\/index.php?rest_route=\/wp\/v2\/types\/post"}],"author":[{"embeddable":true,"href":"https:\/\/blogdobispo.com.br\/index.php?rest_route=\/wp\/v2\/users\/1"}],"replies":[{"embeddable":true,"href":"https:\/\/blogdobispo.com.br\/index.php?rest_route=%2Fwp%2Fv2%2Fcomments&post=5454"}],"version-history":[{"count":0,"href":"https:\/\/blogdobispo.com.br\/index.php?rest_route=\/wp\/v2\/posts\/5454\/revisions"}],"wp:attachment":[{"href":"https:\/\/blogdobispo.com.br\/index.php?rest_route=%2Fwp%2Fv2%2Fmedia&parent=5454"}],"wp:term":[{"taxonomy":"category","embeddable":true,"href":"https:\/\/blogdobispo.com.br\/index.php?rest_route=%2Fwp%2Fv2%2Fcategories&post=5454"},{"taxonomy":"post_tag","embeddable":true,"href":"https:\/\/blogdobispo.com.br\/index.php?rest_route=%2Fwp%2Fv2%2Ftags&post=5454"}],"curies":[{"name":"wp","href":"https:\/\/api.w.org\/{rel}","templated":true}]}}