{"id":5446,"date":"2025-05-27T21:53:03","date_gmt":"2025-05-27T21:53:03","guid":{"rendered":"https:\/\/blogdobispo.com.br\/?p=5446"},"modified":"2025-05-27T21:53:03","modified_gmt":"2025-05-27T21:53:03","slug":"ccjr-aprova-projeto-de-ubaldo-fernandes-que-reconhece-pano-de-prato-de-jardim-de-piranhas-como-patrimonio-cultural-do-rn","status":"publish","type":"post","link":"https:\/\/blogdobispo.com.br\/?p=5446","title":{"rendered":"CCJR aprova projeto de Ubaldo Fernandes que reconhece pano de prato de Jardim de Piranhas como patrim\u00f4nio cultural do RN"},"content":{"rendered":"\n<figure class=\"wp-block-image size-large\"><img data-recalc-dims=\"1\" fetchpriority=\"high\" decoding=\"async\" width=\"800\" height=\"524\" src=\"https:\/\/i0.wp.com\/blogdobispo.com.br\/wp-content\/uploads\/2025\/05\/d760633e-84e9-47ba-bd05-ec79d86a7121-1-1024x671.jpg?resize=800%2C524&#038;ssl=1\" class=\"wp-image-5445\" srcset=\"https:\/\/i0.wp.com\/blogdobispo.com.br\/wp-content\/uploads\/2025\/05\/d760633e-84e9-47ba-bd05-ec79d86a7121-1.jpg?resize=1024%2C671&amp;ssl=1 1024w, https:\/\/i0.wp.com\/blogdobispo.com.br\/wp-content\/uploads\/2025\/05\/d760633e-84e9-47ba-bd05-ec79d86a7121-1.jpg?resize=300%2C197&amp;ssl=1 300w, https:\/\/i0.wp.com\/blogdobispo.com.br\/wp-content\/uploads\/2025\/05\/d760633e-84e9-47ba-bd05-ec79d86a7121-1.jpg?resize=768%2C503&amp;ssl=1 768w, https:\/\/i0.wp.com\/blogdobispo.com.br\/wp-content\/uploads\/2025\/05\/d760633e-84e9-47ba-bd05-ec79d86a7121-1.jpg?w=1189&amp;ssl=1 1189w\" sizes=\"(max-width: 800px) 100vw, 800px\" \/><\/figure>\n\n\n\n<p><\/p>\n\n\n\n<p>Nesta ter\u00e7a-feira, 27, a Comiss\u00e3o de Constitui\u00e7\u00e3o, Justi\u00e7a e Reda\u00e7\u00e3o (CCJR) da Assembleia Legislativa do Rio Grande do Norte aprovou o Projeto de Lei n\u00ba 212\/2025, de autoria do deputado estadual Ubaldo Fernandes, que reconhece o pano de prato da cidade de Jardim de Piranhas como patrim\u00f4nio material, cultural, art\u00edstico e econ\u00f4mico do estado. A mat\u00e9ria segue agora para as pr\u00f3ximas etapas de tramita\u00e7\u00e3o.<\/p>\n\n\n\n<p>A proposta destaca a relev\u00e2ncia da produ\u00e7\u00e3o artesanal t\u00eaxtil no munic\u00edpio, que se notabilizou pela confec\u00e7\u00e3o de redes de dormir, mantas, toalhas, tapetes e, principalmente, panos de prato, fabricados em teares manuais. Esses itens s\u00e3o comercializados em diversas regi\u00f5es do Brasil, especialmente entre os meses de fevereiro e julho, movimentando a economia local e fortalecendo a identidade cultural da cidade.<\/p>\n\n\n\n<p>A atividade \u00e9 desempenhada por artes\u00e3os e corretores, que mant\u00eam viva uma tradi\u00e7\u00e3o passada de gera\u00e7\u00e3o em gera\u00e7\u00e3o. O reconhecimento oficial busca valorizar essa express\u00e3o do saber popular e contribuir para sua preserva\u00e7\u00e3o como s\u00edmbolo da criatividade e da for\u00e7a econ\u00f4mica do Serid\u00f3.<\/p>\n\n\n\n<p>J\u00e1 durante a sess\u00e3o, os deputados aprovaram dois requerimentos apresentados por Ubaldo. O primeiro solicita a amplia\u00e7\u00e3o e constru\u00e7\u00e3o de uma quadra poliesportiva na Escola Estadual Joaquim Adelino de Medeiros, localizada no munic\u00edpio de S\u00e3o Vicente, com o objetivo de melhorar a estrutura da unidade escolar e fomentar a pr\u00e1tica de atividades esportivas entre os alunos.<\/p>\n\n\n\n<p>O segundo requerimento trata da disponibiliza\u00e7\u00e3o de abastecimento de \u00e1gua, por meio da Adutora Serid\u00f3 Norte, para as comunidades rurais Garganta, Patacor\u00f4a, Fechado e Dizimeiro, no munic\u00edpio de Flor\u00e2nia. A iniciativa visa atender a uma antiga demanda das fam\u00edlias que vivem nessas localidades, historicamente afetadas pela escassez h\u00eddrica, e garantir melhores condi\u00e7\u00f5es de vida para a popula\u00e7\u00e3o rural.<\/p>\n","protected":false},"excerpt":{"rendered":"<p>Nesta ter\u00e7a-feira, 27, a Comiss\u00e3o de Constitui\u00e7\u00e3o, Justi\u00e7a e Reda\u00e7\u00e3o (CCJR) da Assembleia Legislativa do Rio Grande do Norte aprovou o Projeto de Lei n\u00ba 212\/2025, de autoria do deputado estadual Ubaldo Fernandes, que reconhece o pano de prato da cidade de Jardim de Piranhas como patrim\u00f4nio material, cultural, art\u00edstico e econ\u00f4mico do estado. A [&hellip;]<\/p>\n","protected":false},"author":1,"featured_media":0,"comment_status":"open","ping_status":"open","sticky":false,"template":"","format":"standard","meta":{"cybocfi_hide_featured_image":"","_jetpack_memberships_contains_paid_content":false,"footnotes":""},"categories":[1],"tags":[],"class_list":["post-5446","post","type-post","status-publish","format-standard","hentry","category-diversos"],"yoast_head":"<!-- This site is optimized with the Yoast SEO plugin v25.6 - https:\/\/yoast.com\/wordpress\/plugins\/seo\/ -->\n<title>CCJR aprova projeto de Ubaldo Fernandes que reconhece pano de prato de Jardim de Piranhas como patrim\u00f4nio cultural do RN - Blog do Bispo<\/title>\n<meta name=\"robots\" content=\"index, follow, max-snippet:-1, max-image-preview:large, max-video-preview:-1\" \/>\n<link rel=\"canonical\" href=\"https:\/\/blogdobispo.com.br\/?p=5446\" \/>\n<meta property=\"og:locale\" content=\"pt_BR\" \/>\n<meta property=\"og:type\" content=\"article\" \/>\n<meta property=\"og:title\" content=\"CCJR aprova projeto de Ubaldo Fernandes que reconhece pano de prato de Jardim de Piranhas como patrim\u00f4nio cultural do RN - Blog do Bispo\" \/>\n<meta property=\"og:description\" content=\"Nesta ter\u00e7a-feira, 27, a Comiss\u00e3o de Constitui\u00e7\u00e3o, Justi\u00e7a e Reda\u00e7\u00e3o (CCJR) da Assembleia Legislativa do Rio Grande do Norte aprovou o Projeto de Lei n\u00ba 212\/2025, de autoria do deputado estadual Ubaldo Fernandes, que reconhece o pano de prato da cidade de Jardim de Piranhas como patrim\u00f4nio material, cultural, art\u00edstico e econ\u00f4mico do estado. A [&hellip;]\" \/>\n<meta property=\"og:url\" content=\"https:\/\/blogdobispo.com.br\/?p=5446\" \/>\n<meta property=\"og:site_name\" content=\"Blog do Bispo\" \/>\n<meta property=\"article:published_time\" content=\"2025-05-27T21:53:03+00:00\" \/>\n<meta property=\"og:image\" content=\"https:\/\/blogdobispo.com.br\/wp-content\/uploads\/2025\/05\/d760633e-84e9-47ba-bd05-ec79d86a7121-1-1024x671.jpg\" \/>\n<meta name=\"author\" content=\"Jefferson Sterfeno\" \/>\n<meta name=\"twitter:card\" content=\"summary_large_image\" \/>\n<meta name=\"twitter:label1\" content=\"Escrito por\" \/>\n\t<meta name=\"twitter:data1\" content=\"Jefferson Sterfeno\" \/>\n\t<meta name=\"twitter:label2\" content=\"Est. tempo de leitura\" \/>\n\t<meta name=\"twitter:data2\" content=\"2 minutos\" \/>\n<script type=\"application\/ld+json\" class=\"yoast-schema-graph\">{\"@context\":\"https:\/\/schema.org\",\"@graph\":[{\"@type\":\"Article\",\"@id\":\"https:\/\/blogdobispo.com.br\/?p=5446#article\",\"isPartOf\":{\"@id\":\"https:\/\/blogdobispo.com.br\/?p=5446\"},\"author\":{\"name\":\"Jefferson Sterfeno\",\"@id\":\"https:\/\/blogdobispo.com.br\/#\/schema\/person\/e2209cc0e6cea5c5233d033e997b373f\"},\"headline\":\"CCJR aprova projeto de Ubaldo Fernandes que reconhece pano de prato de Jardim de Piranhas como patrim\u00f4nio cultural do RN\",\"datePublished\":\"2025-05-27T21:53:03+00:00\",\"mainEntityOfPage\":{\"@id\":\"https:\/\/blogdobispo.com.br\/?p=5446\"},\"wordCount\":341,\"commentCount\":0,\"publisher\":{\"@id\":\"https:\/\/blogdobispo.com.br\/#organization\"},\"image\":{\"@id\":\"https:\/\/blogdobispo.com.br\/?p=5446#primaryimage\"},\"thumbnailUrl\":\"https:\/\/blogdobispo.com.br\/wp-content\/uploads\/2025\/05\/d760633e-84e9-47ba-bd05-ec79d86a7121-1-1024x671.jpg\",\"articleSection\":[\"diversos\"],\"inLanguage\":\"pt-BR\",\"potentialAction\":[{\"@type\":\"CommentAction\",\"name\":\"Comment\",\"target\":[\"https:\/\/blogdobispo.com.br\/?p=5446#respond\"]}]},{\"@type\":\"WebPage\",\"@id\":\"https:\/\/blogdobispo.com.br\/?p=5446\",\"url\":\"https:\/\/blogdobispo.com.br\/?p=5446\",\"name\":\"CCJR aprova projeto de Ubaldo Fernandes que reconhece pano de prato de Jardim de Piranhas como patrim\u00f4nio cultural do RN - Blog do Bispo\",\"isPartOf\":{\"@id\":\"https:\/\/blogdobispo.com.br\/#website\"},\"primaryImageOfPage\":{\"@id\":\"https:\/\/blogdobispo.com.br\/?p=5446#primaryimage\"},\"image\":{\"@id\":\"https:\/\/blogdobispo.com.br\/?p=5446#primaryimage\"},\"thumbnailUrl\":\"https:\/\/blogdobispo.com.br\/wp-content\/uploads\/2025\/05\/d760633e-84e9-47ba-bd05-ec79d86a7121-1-1024x671.jpg\",\"datePublished\":\"2025-05-27T21:53:03+00:00\",\"breadcrumb\":{\"@id\":\"https:\/\/blogdobispo.com.br\/?p=5446#breadcrumb\"},\"inLanguage\":\"pt-BR\",\"potentialAction\":[{\"@type\":\"ReadAction\",\"target\":[\"https:\/\/blogdobispo.com.br\/?p=5446\"]}]},{\"@type\":\"ImageObject\",\"inLanguage\":\"pt-BR\",\"@id\":\"https:\/\/blogdobispo.com.br\/?p=5446#primaryimage\",\"url\":\"https:\/\/blogdobispo.com.br\/wp-content\/uploads\/2025\/05\/d760633e-84e9-47ba-bd05-ec79d86a7121-1-1024x671.jpg\",\"contentUrl\":\"https:\/\/blogdobispo.com.br\/wp-content\/uploads\/2025\/05\/d760633e-84e9-47ba-bd05-ec79d86a7121-1-1024x671.jpg\"},{\"@type\":\"BreadcrumbList\",\"@id\":\"https:\/\/blogdobispo.com.br\/?p=5446#breadcrumb\",\"itemListElement\":[{\"@type\":\"ListItem\",\"position\":1,\"name\":\"In\u00edcio\",\"item\":\"https:\/\/blogdobispo.com.br\/\"},{\"@type\":\"ListItem\",\"position\":2,\"name\":\"CCJR aprova projeto de Ubaldo Fernandes que reconhece pano de prato de Jardim de Piranhas como patrim\u00f4nio cultural do RN\"}]},{\"@type\":\"WebSite\",\"@id\":\"https:\/\/blogdobispo.com.br\/#website\",\"url\":\"https:\/\/blogdobispo.com.br\/\",\"name\":\"Blog do Bispo\",\"description\":\"Comprometido apenas com o leitor\",\"publisher\":{\"@id\":\"https:\/\/blogdobispo.com.br\/#organization\"},\"potentialAction\":[{\"@type\":\"SearchAction\",\"target\":{\"@type\":\"EntryPoint\",\"urlTemplate\":\"https:\/\/blogdobispo.com.br\/?s={search_term_string}\"},\"query-input\":{\"@type\":\"PropertyValueSpecification\",\"valueRequired\":true,\"valueName\":\"search_term_string\"}}],\"inLanguage\":\"pt-BR\"},{\"@type\":\"Organization\",\"@id\":\"https:\/\/blogdobispo.com.br\/#organization\",\"name\":\"Blog do Bispo\",\"url\":\"https:\/\/blogdobispo.com.br\/\",\"logo\":{\"@type\":\"ImageObject\",\"inLanguage\":\"pt-BR\",\"@id\":\"https:\/\/blogdobispo.com.br\/#\/schema\/logo\/image\/\",\"url\":\"http:\/\/blogdobispo.com.br\/wp-content\/uploads\/2023\/05\/cropped-headear.png\",\"contentUrl\":\"http:\/\/blogdobispo.com.br\/wp-content\/uploads\/2023\/05\/cropped-headear.png\",\"width\":1500,\"height\":399,\"caption\":\"Blog do Bispo\"},\"image\":{\"@id\":\"https:\/\/blogdobispo.com.br\/#\/schema\/logo\/image\/\"}},{\"@type\":\"Person\",\"@id\":\"https:\/\/blogdobispo.com.br\/#\/schema\/person\/e2209cc0e6cea5c5233d033e997b373f\",\"name\":\"Jefferson Sterfeno\",\"image\":{\"@type\":\"ImageObject\",\"inLanguage\":\"pt-BR\",\"@id\":\"https:\/\/blogdobispo.com.br\/#\/schema\/person\/image\/\",\"url\":\"https:\/\/secure.gravatar.com\/avatar\/0534e84764641168a677026b6d57a3f51dc7ac4db0b4f6186d9cb330d4ee1160?s=96&d=mm&r=g\",\"contentUrl\":\"https:\/\/secure.gravatar.com\/avatar\/0534e84764641168a677026b6d57a3f51dc7ac4db0b4f6186d9cb330d4ee1160?s=96&d=mm&r=g\",\"caption\":\"Jefferson Sterfeno\"},\"sameAs\":[\"http:\/\/blogdobispo.com.br\"],\"url\":\"https:\/\/blogdobispo.com.br\/?author=1\"}]}<\/script>\n<!-- \/ Yoast SEO plugin. -->","yoast_head_json":{"title":"CCJR aprova projeto de Ubaldo Fernandes que reconhece pano de prato de Jardim de Piranhas como patrim\u00f4nio cultural do RN - Blog do Bispo","robots":{"index":"index","follow":"follow","max-snippet":"max-snippet:-1","max-image-preview":"max-image-preview:large","max-video-preview":"max-video-preview:-1"},"canonical":"https:\/\/blogdobispo.com.br\/?p=5446","og_locale":"pt_BR","og_type":"article","og_title":"CCJR aprova projeto de Ubaldo Fernandes que reconhece pano de prato de Jardim de Piranhas como patrim\u00f4nio cultural do RN - Blog do Bispo","og_description":"Nesta ter\u00e7a-feira, 27, a Comiss\u00e3o de Constitui\u00e7\u00e3o, Justi\u00e7a e Reda\u00e7\u00e3o (CCJR) da Assembleia Legislativa do Rio Grande do Norte aprovou o Projeto de Lei n\u00ba 212\/2025, de autoria do deputado estadual Ubaldo Fernandes, que reconhece o pano de prato da cidade de Jardim de Piranhas como patrim\u00f4nio material, cultural, art\u00edstico e econ\u00f4mico do estado. A [&hellip;]","og_url":"https:\/\/blogdobispo.com.br\/?p=5446","og_site_name":"Blog do Bispo","article_published_time":"2025-05-27T21:53:03+00:00","og_image":[{"url":"https:\/\/blogdobispo.com.br\/wp-content\/uploads\/2025\/05\/d760633e-84e9-47ba-bd05-ec79d86a7121-1-1024x671.jpg","type":"","width":"","height":""}],"author":"Jefferson Sterfeno","twitter_card":"summary_large_image","twitter_misc":{"Escrito por":"Jefferson Sterfeno","Est. tempo de leitura":"2 minutos"},"schema":{"@context":"https:\/\/schema.org","@graph":[{"@type":"Article","@id":"https:\/\/blogdobispo.com.br\/?p=5446#article","isPartOf":{"@id":"https:\/\/blogdobispo.com.br\/?p=5446"},"author":{"name":"Jefferson Sterfeno","@id":"https:\/\/blogdobispo.com.br\/#\/schema\/person\/e2209cc0e6cea5c5233d033e997b373f"},"headline":"CCJR aprova projeto de Ubaldo Fernandes que reconhece pano de prato de Jardim de Piranhas como patrim\u00f4nio cultural do RN","datePublished":"2025-05-27T21:53:03+00:00","mainEntityOfPage":{"@id":"https:\/\/blogdobispo.com.br\/?p=5446"},"wordCount":341,"commentCount":0,"publisher":{"@id":"https:\/\/blogdobispo.com.br\/#organization"},"image":{"@id":"https:\/\/blogdobispo.com.br\/?p=5446#primaryimage"},"thumbnailUrl":"https:\/\/blogdobispo.com.br\/wp-content\/uploads\/2025\/05\/d760633e-84e9-47ba-bd05-ec79d86a7121-1-1024x671.jpg","articleSection":["diversos"],"inLanguage":"pt-BR","potentialAction":[{"@type":"CommentAction","name":"Comment","target":["https:\/\/blogdobispo.com.br\/?p=5446#respond"]}]},{"@type":"WebPage","@id":"https:\/\/blogdobispo.com.br\/?p=5446","url":"https:\/\/blogdobispo.com.br\/?p=5446","name":"CCJR aprova projeto de Ubaldo Fernandes que reconhece pano de prato de Jardim de Piranhas como patrim\u00f4nio cultural do RN - Blog do Bispo","isPartOf":{"@id":"https:\/\/blogdobispo.com.br\/#website"},"primaryImageOfPage":{"@id":"https:\/\/blogdobispo.com.br\/?p=5446#primaryimage"},"image":{"@id":"https:\/\/blogdobispo.com.br\/?p=5446#primaryimage"},"thumbnailUrl":"https:\/\/blogdobispo.com.br\/wp-content\/uploads\/2025\/05\/d760633e-84e9-47ba-bd05-ec79d86a7121-1-1024x671.jpg","datePublished":"2025-05-27T21:53:03+00:00","breadcrumb":{"@id":"https:\/\/blogdobispo.com.br\/?p=5446#breadcrumb"},"inLanguage":"pt-BR","potentialAction":[{"@type":"ReadAction","target":["https:\/\/blogdobispo.com.br\/?p=5446"]}]},{"@type":"ImageObject","inLanguage":"pt-BR","@id":"https:\/\/blogdobispo.com.br\/?p=5446#primaryimage","url":"https:\/\/blogdobispo.com.br\/wp-content\/uploads\/2025\/05\/d760633e-84e9-47ba-bd05-ec79d86a7121-1-1024x671.jpg","contentUrl":"https:\/\/blogdobispo.com.br\/wp-content\/uploads\/2025\/05\/d760633e-84e9-47ba-bd05-ec79d86a7121-1-1024x671.jpg"},{"@type":"BreadcrumbList","@id":"https:\/\/blogdobispo.com.br\/?p=5446#breadcrumb","itemListElement":[{"@type":"ListItem","position":1,"name":"In\u00edcio","item":"https:\/\/blogdobispo.com.br\/"},{"@type":"ListItem","position":2,"name":"CCJR aprova projeto de Ubaldo Fernandes que reconhece pano de prato de Jardim de Piranhas como patrim\u00f4nio cultural do RN"}]},{"@type":"WebSite","@id":"https:\/\/blogdobispo.com.br\/#website","url":"https:\/\/blogdobispo.com.br\/","name":"Blog do Bispo","description":"Comprometido apenas com o leitor","publisher":{"@id":"https:\/\/blogdobispo.com.br\/#organization"},"potentialAction":[{"@type":"SearchAction","target":{"@type":"EntryPoint","urlTemplate":"https:\/\/blogdobispo.com.br\/?s={search_term_string}"},"query-input":{"@type":"PropertyValueSpecification","valueRequired":true,"valueName":"search_term_string"}}],"inLanguage":"pt-BR"},{"@type":"Organization","@id":"https:\/\/blogdobispo.com.br\/#organization","name":"Blog do Bispo","url":"https:\/\/blogdobispo.com.br\/","logo":{"@type":"ImageObject","inLanguage":"pt-BR","@id":"https:\/\/blogdobispo.com.br\/#\/schema\/logo\/image\/","url":"http:\/\/blogdobispo.com.br\/wp-content\/uploads\/2023\/05\/cropped-headear.png","contentUrl":"http:\/\/blogdobispo.com.br\/wp-content\/uploads\/2023\/05\/cropped-headear.png","width":1500,"height":399,"caption":"Blog do Bispo"},"image":{"@id":"https:\/\/blogdobispo.com.br\/#\/schema\/logo\/image\/"}},{"@type":"Person","@id":"https:\/\/blogdobispo.com.br\/#\/schema\/person\/e2209cc0e6cea5c5233d033e997b373f","name":"Jefferson Sterfeno","image":{"@type":"ImageObject","inLanguage":"pt-BR","@id":"https:\/\/blogdobispo.com.br\/#\/schema\/person\/image\/","url":"https:\/\/secure.gravatar.com\/avatar\/0534e84764641168a677026b6d57a3f51dc7ac4db0b4f6186d9cb330d4ee1160?s=96&d=mm&r=g","contentUrl":"https:\/\/secure.gravatar.com\/avatar\/0534e84764641168a677026b6d57a3f51dc7ac4db0b4f6186d9cb330d4ee1160?s=96&d=mm&r=g","caption":"Jefferson Sterfeno"},"sameAs":["http:\/\/blogdobispo.com.br"],"url":"https:\/\/blogdobispo.com.br\/?author=1"}]}},"featured_image_urls":{"full":"","thumbnail":"","medium":"","medium_large":"","large":"","1536x1536":"","2048x2048":""},"author_info":{"display_name":"Jefferson Sterfeno","author_link":"https:\/\/blogdobispo.com.br\/?author=1"},"category_info":"<a href=\"https:\/\/blogdobispo.com.br\/?cat=1\" rel=\"category\">diversos<\/a>","tag_info":"diversos","comment_count":"0","jetpack_featured_media_url":"","jetpack_sharing_enabled":true,"_links":{"self":[{"href":"https:\/\/blogdobispo.com.br\/index.php?rest_route=\/wp\/v2\/posts\/5446","targetHints":{"allow":["GET"]}}],"collection":[{"href":"https:\/\/blogdobispo.com.br\/index.php?rest_route=\/wp\/v2\/posts"}],"about":[{"href":"https:\/\/blogdobispo.com.br\/index.php?rest_route=\/wp\/v2\/types\/post"}],"author":[{"embeddable":true,"href":"https:\/\/blogdobispo.com.br\/index.php?rest_route=\/wp\/v2\/users\/1"}],"replies":[{"embeddable":true,"href":"https:\/\/blogdobispo.com.br\/index.php?rest_route=%2Fwp%2Fv2%2Fcomments&post=5446"}],"version-history":[{"count":0,"href":"https:\/\/blogdobispo.com.br\/index.php?rest_route=\/wp\/v2\/posts\/5446\/revisions"}],"wp:attachment":[{"href":"https:\/\/blogdobispo.com.br\/index.php?rest_route=%2Fwp%2Fv2%2Fmedia&parent=5446"}],"wp:term":[{"taxonomy":"category","embeddable":true,"href":"https:\/\/blogdobispo.com.br\/index.php?rest_route=%2Fwp%2Fv2%2Fcategories&post=5446"},{"taxonomy":"post_tag","embeddable":true,"href":"https:\/\/blogdobispo.com.br\/index.php?rest_route=%2Fwp%2Fv2%2Ftags&post=5446"}],"curies":[{"name":"wp","href":"https:\/\/api.w.org\/{rel}","templated":true}]}}