{"id":5444,"date":"2025-05-27T21:45:01","date_gmt":"2025-05-27T21:45:01","guid":{"rendered":"https:\/\/blogdobispo.com.br\/?p=5444"},"modified":"2025-05-27T21:45:01","modified_gmt":"2025-05-27T21:45:01","slug":"programa-assembleia-e-voce-segue-transformando-vidas-no-interior-do-rn","status":"publish","type":"post","link":"https:\/\/blogdobispo.com.br\/?p=5444","title":{"rendered":"Programa Assembleia e Voc\u00ea segue transformando vidas no interior do RN"},"content":{"rendered":"\n<figure class=\"wp-block-image\"><img data-recalc-dims=\"1\" decoding=\"async\" src=\"https:\/\/i0.wp.com\/www.al.rn.leg.br\/storage\/noticias\/2025\/05\/27\/zFFEIi43aays4vZpk5nIvyiS8P6751AWKvRYJwmr.jpg?w=800&#038;ssl=1\" alt=\"\"\/><\/figure>\n\n\n\n<p class=\"publish-new\">27\/05\/2025<\/p>\n\n\n\n<p>Por dois dias, a cidade de Touros, no litoral potiguar, viveu uma rotina diferente. O vai e vem apressado pelas tendas, olhares atentos, crian\u00e7as circulando entre oficinas e brincadeiras, enquanto adultos resolviam quest\u00f5es que, muitas vezes, pareciam longe de uma solu\u00e7\u00e3o r\u00e1pida. Documentos, consultas m\u00e9dicas, orienta\u00e7\u00f5es jur\u00eddicas, exames. Tudo reunido em um \u00fanico espa\u00e7o, gratuito, acess\u00edvel. Assim se desenhou a 16\u00aa edi\u00e7\u00e3o do Programa Assembleia e Voc\u00ea, uma iniciativa da Assembleia Legislativa do Rio Grande do Norte que vem, silenciosamente, redesenhando a rela\u00e7\u00e3o entre o cidad\u00e3o e os servi\u00e7os p\u00fablicos.<\/p>\n\n\n\n<p>Quem passou pelo local percebeu rapidamente que n\u00e3o se tratava de um evento comum. Era, na pr\u00e1tica, um verdadeiro mutir\u00e3o de cidadania que uniu sa\u00fade, educa\u00e7\u00e3o, assist\u00eancia social e informa\u00e7\u00e3o. A promessa de mais de 12 mil atendimentos n\u00e3o ficou no discurso: virou realidade em filas que, pela primeira vez, n\u00e3o geravam impaci\u00eancia, mas expectativa.<\/p>\n\n\n\n<p>E se sa\u00fade foi a grande porta de entrada para muitos, cidadania tamb\u00e9m ocupou um lugar de destaque. Documentos b\u00e1sicos como RG, CPF e certid\u00f5es, que s\u00e3o frequentemente obst\u00e1culos para quem vive longe dos centros urbanos, foram emitidos em poucas horas. Ao lado, uma fila se formava para os servi\u00e7os de corte de cabelo, barbearia, design de sobrancelhas e esmalta\u00e7\u00e3o. Porque autoestima, aqui, tamb\u00e9m foi tratada como um direito.<\/p>\n\n\n\n<p>Mas o programa n\u00e3o parou nas urg\u00eancias individuais. Crian\u00e7as participaram de oficinas educativas, aprendendo sobre tr\u00e2nsito, meio ambiente e primeiros socorros. Enquanto isso, o Corpo de Bombeiros encantava os pequenos com exposi\u00e7\u00f5es, mostrando de perto os equipamentos e as pr\u00e1ticas de salvamento.<\/p>\n\n\n\n<p>No audit\u00f3rio da C\u00e2mara Municipal, uma plateia atenta acompanhava a palestra \u201cComunica\u00e7\u00e3o e Orat\u00f3ria para a Cidadania\u201d, conduzida pela jornalista Renata Passos. O p\u00fablico, formado por servidores p\u00fablicos, estudantes e moradores da cidade, entendeu na pr\u00e1tica que saber se comunicar n\u00e3o \u00e9 s\u00f3 uma habilidade profissional, \u00e9 uma ferramenta de cidadania.<\/p>\n\n\n\n<p>O Procon M\u00f3vel, por sua vez, virou ponto estrat\u00e9gico para quem buscava organizar a vida financeira. Em tempos de inadimpl\u00eancia crescente, a possibilidade de consultar d\u00edvidas, negociar e entender seus direitos como consumidor fez toda a diferen\u00e7a. Para alguns, foi o primeiro contato com informa\u00e7\u00f5es que at\u00e9 ent\u00e3o pareciam distantes e, muitas vezes, inacess\u00edveis.<\/p>\n\n\n\n<p>Presente em cada detalhe da programa\u00e7\u00e3o, o prefeito de Touros, Pedro Ferreira de Farias Filho, definiu a chegada do Assembleia e Voc\u00ea como um presente coletivo. \u201cO que estamos vivendo aqui \u00e9 um exemplo de como o poder p\u00fablico pode, sim, estar pr\u00f3ximo das pessoas. Isso n\u00e3o \u00e9 s\u00f3 presta\u00e7\u00e3o de servi\u00e7o. Isso \u00e9 cuidado, \u00e9 dignidade\u201d, afirmou.<\/p>\n\n\n\n<p>A mesma percep\u00e7\u00e3o foi compartilhada pelo diretor de Pol\u00edticas Complementares da Assembleia, Ricardo Camar\u00e3o, que h\u00e1 anos acompanha o projeto de perto. \u201cO que a gente v\u00ea \u00e9 transforma\u00e7\u00e3o. N\u00e3o \u00e9 s\u00f3 o atendimento em si, \u00e9 a possibilidade de algu\u00e9m sair daqui com a vida organizada, com mais esperan\u00e7a, com uma fila zerada, com um problema resolvido.\u201d<\/p>\n\n\n\n<p>Ao final dos dois dias, quando as tendas come\u00e7aram a ser desmontadas e as equipes organizavam os \u00faltimos atendimentos, uma certeza ficou no ar: a cidadania, quando chega de forma simples, eficiente e humana, deixa marcas profundas. E Touros, assim como tantas outras cidades que j\u00e1 receberam o programa, agora carrega essa hist\u00f3ria como parte de sua mem\u00f3ria coletiva.<\/p>\n\n\n\n<p>\u201cMais uma edi\u00e7\u00e3o do Assembleia e Voc\u00ea realizada com sucesso e com a certeza que deixaremos marcas importantes na vida dos milhares de cidad\u00e3os que foram beneficiados com os servi\u00e7os aqui oferecidos\u201d, finalizou o presidente da Assembleia Legislativa, Ezequiel Ferreira de Souza.<br>&nbsp;<\/p>\n","protected":false},"excerpt":{"rendered":"<p>27\/05\/2025 Por dois dias, a cidade de Touros, no litoral potiguar, viveu uma rotina diferente. O vai e vem apressado pelas tendas, olhares atentos, crian\u00e7as circulando entre oficinas e brincadeiras, enquanto adultos resolviam quest\u00f5es que, muitas vezes, pareciam longe de uma solu\u00e7\u00e3o r\u00e1pida. Documentos, consultas m\u00e9dicas, orienta\u00e7\u00f5es jur\u00eddicas, exames. Tudo reunido em um \u00fanico espa\u00e7o, [&hellip;]<\/p>\n","protected":false},"author":1,"featured_media":0,"comment_status":"open","ping_status":"open","sticky":false,"template":"","format":"standard","meta":{"cybocfi_hide_featured_image":"","_jetpack_memberships_contains_paid_content":false,"footnotes":""},"categories":[1],"tags":[],"class_list":["post-5444","post","type-post","status-publish","format-standard","hentry","category-diversos"],"yoast_head":"<!-- This site is optimized with the Yoast SEO plugin v25.6 - https:\/\/yoast.com\/wordpress\/plugins\/seo\/ -->\n<title>Programa Assembleia e Voc\u00ea segue transformando vidas no interior do RN - Blog do Bispo<\/title>\n<meta name=\"robots\" content=\"index, follow, max-snippet:-1, max-image-preview:large, max-video-preview:-1\" \/>\n<link rel=\"canonical\" href=\"https:\/\/blogdobispo.com.br\/?p=5444\" \/>\n<meta property=\"og:locale\" content=\"pt_BR\" \/>\n<meta property=\"og:type\" content=\"article\" \/>\n<meta property=\"og:title\" content=\"Programa Assembleia e Voc\u00ea segue transformando vidas no interior do RN - Blog do Bispo\" \/>\n<meta property=\"og:description\" content=\"27\/05\/2025 Por dois dias, a cidade de Touros, no litoral potiguar, viveu uma rotina diferente. O vai e vem apressado pelas tendas, olhares atentos, crian\u00e7as circulando entre oficinas e brincadeiras, enquanto adultos resolviam quest\u00f5es que, muitas vezes, pareciam longe de uma solu\u00e7\u00e3o r\u00e1pida. Documentos, consultas m\u00e9dicas, orienta\u00e7\u00f5es jur\u00eddicas, exames. Tudo reunido em um \u00fanico espa\u00e7o, [&hellip;]\" \/>\n<meta property=\"og:url\" content=\"https:\/\/blogdobispo.com.br\/?p=5444\" \/>\n<meta property=\"og:site_name\" content=\"Blog do Bispo\" \/>\n<meta property=\"article:published_time\" content=\"2025-05-27T21:45:01+00:00\" \/>\n<meta property=\"og:image\" content=\"https:\/\/www.al.rn.leg.br\/storage\/noticias\/2025\/05\/27\/zFFEIi43aays4vZpk5nIvyiS8P6751AWKvRYJwmr.jpg\" \/>\n<meta name=\"author\" content=\"Jefferson Sterfeno\" \/>\n<meta name=\"twitter:card\" content=\"summary_large_image\" \/>\n<meta name=\"twitter:label1\" content=\"Escrito por\" \/>\n\t<meta name=\"twitter:data1\" content=\"Jefferson Sterfeno\" \/>\n\t<meta name=\"twitter:label2\" content=\"Est. tempo de leitura\" \/>\n\t<meta name=\"twitter:data2\" content=\"3 minutos\" \/>\n<script type=\"application\/ld+json\" class=\"yoast-schema-graph\">{\"@context\":\"https:\/\/schema.org\",\"@graph\":[{\"@type\":\"Article\",\"@id\":\"https:\/\/blogdobispo.com.br\/?p=5444#article\",\"isPartOf\":{\"@id\":\"https:\/\/blogdobispo.com.br\/?p=5444\"},\"author\":{\"name\":\"Jefferson Sterfeno\",\"@id\":\"https:\/\/blogdobispo.com.br\/#\/schema\/person\/e2209cc0e6cea5c5233d033e997b373f\"},\"headline\":\"Programa Assembleia e Voc\u00ea segue transformando vidas no interior do RN\",\"datePublished\":\"2025-05-27T21:45:01+00:00\",\"mainEntityOfPage\":{\"@id\":\"https:\/\/blogdobispo.com.br\/?p=5444\"},\"wordCount\":653,\"commentCount\":0,\"publisher\":{\"@id\":\"https:\/\/blogdobispo.com.br\/#organization\"},\"image\":{\"@id\":\"https:\/\/blogdobispo.com.br\/?p=5444#primaryimage\"},\"thumbnailUrl\":\"https:\/\/www.al.rn.leg.br\/storage\/noticias\/2025\/05\/27\/zFFEIi43aays4vZpk5nIvyiS8P6751AWKvRYJwmr.jpg\",\"articleSection\":[\"diversos\"],\"inLanguage\":\"pt-BR\",\"potentialAction\":[{\"@type\":\"CommentAction\",\"name\":\"Comment\",\"target\":[\"https:\/\/blogdobispo.com.br\/?p=5444#respond\"]}]},{\"@type\":\"WebPage\",\"@id\":\"https:\/\/blogdobispo.com.br\/?p=5444\",\"url\":\"https:\/\/blogdobispo.com.br\/?p=5444\",\"name\":\"Programa Assembleia e Voc\u00ea segue transformando vidas no interior do RN - Blog do Bispo\",\"isPartOf\":{\"@id\":\"https:\/\/blogdobispo.com.br\/#website\"},\"primaryImageOfPage\":{\"@id\":\"https:\/\/blogdobispo.com.br\/?p=5444#primaryimage\"},\"image\":{\"@id\":\"https:\/\/blogdobispo.com.br\/?p=5444#primaryimage\"},\"thumbnailUrl\":\"https:\/\/www.al.rn.leg.br\/storage\/noticias\/2025\/05\/27\/zFFEIi43aays4vZpk5nIvyiS8P6751AWKvRYJwmr.jpg\",\"datePublished\":\"2025-05-27T21:45:01+00:00\",\"breadcrumb\":{\"@id\":\"https:\/\/blogdobispo.com.br\/?p=5444#breadcrumb\"},\"inLanguage\":\"pt-BR\",\"potentialAction\":[{\"@type\":\"ReadAction\",\"target\":[\"https:\/\/blogdobispo.com.br\/?p=5444\"]}]},{\"@type\":\"ImageObject\",\"inLanguage\":\"pt-BR\",\"@id\":\"https:\/\/blogdobispo.com.br\/?p=5444#primaryimage\",\"url\":\"https:\/\/www.al.rn.leg.br\/storage\/noticias\/2025\/05\/27\/zFFEIi43aays4vZpk5nIvyiS8P6751AWKvRYJwmr.jpg\",\"contentUrl\":\"https:\/\/www.al.rn.leg.br\/storage\/noticias\/2025\/05\/27\/zFFEIi43aays4vZpk5nIvyiS8P6751AWKvRYJwmr.jpg\"},{\"@type\":\"BreadcrumbList\",\"@id\":\"https:\/\/blogdobispo.com.br\/?p=5444#breadcrumb\",\"itemListElement\":[{\"@type\":\"ListItem\",\"position\":1,\"name\":\"In\u00edcio\",\"item\":\"https:\/\/blogdobispo.com.br\/\"},{\"@type\":\"ListItem\",\"position\":2,\"name\":\"Programa Assembleia e Voc\u00ea segue transformando vidas no interior do RN\"}]},{\"@type\":\"WebSite\",\"@id\":\"https:\/\/blogdobispo.com.br\/#website\",\"url\":\"https:\/\/blogdobispo.com.br\/\",\"name\":\"Blog do Bispo\",\"description\":\"Comprometido apenas com o leitor\",\"publisher\":{\"@id\":\"https:\/\/blogdobispo.com.br\/#organization\"},\"potentialAction\":[{\"@type\":\"SearchAction\",\"target\":{\"@type\":\"EntryPoint\",\"urlTemplate\":\"https:\/\/blogdobispo.com.br\/?s={search_term_string}\"},\"query-input\":{\"@type\":\"PropertyValueSpecification\",\"valueRequired\":true,\"valueName\":\"search_term_string\"}}],\"inLanguage\":\"pt-BR\"},{\"@type\":\"Organization\",\"@id\":\"https:\/\/blogdobispo.com.br\/#organization\",\"name\":\"Blog do Bispo\",\"url\":\"https:\/\/blogdobispo.com.br\/\",\"logo\":{\"@type\":\"ImageObject\",\"inLanguage\":\"pt-BR\",\"@id\":\"https:\/\/blogdobispo.com.br\/#\/schema\/logo\/image\/\",\"url\":\"http:\/\/blogdobispo.com.br\/wp-content\/uploads\/2023\/05\/cropped-headear.png\",\"contentUrl\":\"http:\/\/blogdobispo.com.br\/wp-content\/uploads\/2023\/05\/cropped-headear.png\",\"width\":1500,\"height\":399,\"caption\":\"Blog do Bispo\"},\"image\":{\"@id\":\"https:\/\/blogdobispo.com.br\/#\/schema\/logo\/image\/\"}},{\"@type\":\"Person\",\"@id\":\"https:\/\/blogdobispo.com.br\/#\/schema\/person\/e2209cc0e6cea5c5233d033e997b373f\",\"name\":\"Jefferson Sterfeno\",\"image\":{\"@type\":\"ImageObject\",\"inLanguage\":\"pt-BR\",\"@id\":\"https:\/\/blogdobispo.com.br\/#\/schema\/person\/image\/\",\"url\":\"https:\/\/secure.gravatar.com\/avatar\/0534e84764641168a677026b6d57a3f51dc7ac4db0b4f6186d9cb330d4ee1160?s=96&d=mm&r=g\",\"contentUrl\":\"https:\/\/secure.gravatar.com\/avatar\/0534e84764641168a677026b6d57a3f51dc7ac4db0b4f6186d9cb330d4ee1160?s=96&d=mm&r=g\",\"caption\":\"Jefferson Sterfeno\"},\"sameAs\":[\"http:\/\/blogdobispo.com.br\"],\"url\":\"https:\/\/blogdobispo.com.br\/?author=1\"}]}<\/script>\n<!-- \/ Yoast SEO plugin. -->","yoast_head_json":{"title":"Programa Assembleia e Voc\u00ea segue transformando vidas no interior do RN - Blog do Bispo","robots":{"index":"index","follow":"follow","max-snippet":"max-snippet:-1","max-image-preview":"max-image-preview:large","max-video-preview":"max-video-preview:-1"},"canonical":"https:\/\/blogdobispo.com.br\/?p=5444","og_locale":"pt_BR","og_type":"article","og_title":"Programa Assembleia e Voc\u00ea segue transformando vidas no interior do RN - Blog do Bispo","og_description":"27\/05\/2025 Por dois dias, a cidade de Touros, no litoral potiguar, viveu uma rotina diferente. O vai e vem apressado pelas tendas, olhares atentos, crian\u00e7as circulando entre oficinas e brincadeiras, enquanto adultos resolviam quest\u00f5es que, muitas vezes, pareciam longe de uma solu\u00e7\u00e3o r\u00e1pida. Documentos, consultas m\u00e9dicas, orienta\u00e7\u00f5es jur\u00eddicas, exames. Tudo reunido em um \u00fanico espa\u00e7o, [&hellip;]","og_url":"https:\/\/blogdobispo.com.br\/?p=5444","og_site_name":"Blog do Bispo","article_published_time":"2025-05-27T21:45:01+00:00","og_image":[{"url":"https:\/\/www.al.rn.leg.br\/storage\/noticias\/2025\/05\/27\/zFFEIi43aays4vZpk5nIvyiS8P6751AWKvRYJwmr.jpg","type":"","width":"","height":""}],"author":"Jefferson Sterfeno","twitter_card":"summary_large_image","twitter_misc":{"Escrito por":"Jefferson Sterfeno","Est. tempo de leitura":"3 minutos"},"schema":{"@context":"https:\/\/schema.org","@graph":[{"@type":"Article","@id":"https:\/\/blogdobispo.com.br\/?p=5444#article","isPartOf":{"@id":"https:\/\/blogdobispo.com.br\/?p=5444"},"author":{"name":"Jefferson Sterfeno","@id":"https:\/\/blogdobispo.com.br\/#\/schema\/person\/e2209cc0e6cea5c5233d033e997b373f"},"headline":"Programa Assembleia e Voc\u00ea segue transformando vidas no interior do RN","datePublished":"2025-05-27T21:45:01+00:00","mainEntityOfPage":{"@id":"https:\/\/blogdobispo.com.br\/?p=5444"},"wordCount":653,"commentCount":0,"publisher":{"@id":"https:\/\/blogdobispo.com.br\/#organization"},"image":{"@id":"https:\/\/blogdobispo.com.br\/?p=5444#primaryimage"},"thumbnailUrl":"https:\/\/www.al.rn.leg.br\/storage\/noticias\/2025\/05\/27\/zFFEIi43aays4vZpk5nIvyiS8P6751AWKvRYJwmr.jpg","articleSection":["diversos"],"inLanguage":"pt-BR","potentialAction":[{"@type":"CommentAction","name":"Comment","target":["https:\/\/blogdobispo.com.br\/?p=5444#respond"]}]},{"@type":"WebPage","@id":"https:\/\/blogdobispo.com.br\/?p=5444","url":"https:\/\/blogdobispo.com.br\/?p=5444","name":"Programa Assembleia e Voc\u00ea segue transformando vidas no interior do RN - Blog do Bispo","isPartOf":{"@id":"https:\/\/blogdobispo.com.br\/#website"},"primaryImageOfPage":{"@id":"https:\/\/blogdobispo.com.br\/?p=5444#primaryimage"},"image":{"@id":"https:\/\/blogdobispo.com.br\/?p=5444#primaryimage"},"thumbnailUrl":"https:\/\/www.al.rn.leg.br\/storage\/noticias\/2025\/05\/27\/zFFEIi43aays4vZpk5nIvyiS8P6751AWKvRYJwmr.jpg","datePublished":"2025-05-27T21:45:01+00:00","breadcrumb":{"@id":"https:\/\/blogdobispo.com.br\/?p=5444#breadcrumb"},"inLanguage":"pt-BR","potentialAction":[{"@type":"ReadAction","target":["https:\/\/blogdobispo.com.br\/?p=5444"]}]},{"@type":"ImageObject","inLanguage":"pt-BR","@id":"https:\/\/blogdobispo.com.br\/?p=5444#primaryimage","url":"https:\/\/www.al.rn.leg.br\/storage\/noticias\/2025\/05\/27\/zFFEIi43aays4vZpk5nIvyiS8P6751AWKvRYJwmr.jpg","contentUrl":"https:\/\/www.al.rn.leg.br\/storage\/noticias\/2025\/05\/27\/zFFEIi43aays4vZpk5nIvyiS8P6751AWKvRYJwmr.jpg"},{"@type":"BreadcrumbList","@id":"https:\/\/blogdobispo.com.br\/?p=5444#breadcrumb","itemListElement":[{"@type":"ListItem","position":1,"name":"In\u00edcio","item":"https:\/\/blogdobispo.com.br\/"},{"@type":"ListItem","position":2,"name":"Programa Assembleia e Voc\u00ea segue transformando vidas no interior do RN"}]},{"@type":"WebSite","@id":"https:\/\/blogdobispo.com.br\/#website","url":"https:\/\/blogdobispo.com.br\/","name":"Blog do Bispo","description":"Comprometido apenas com o leitor","publisher":{"@id":"https:\/\/blogdobispo.com.br\/#organization"},"potentialAction":[{"@type":"SearchAction","target":{"@type":"EntryPoint","urlTemplate":"https:\/\/blogdobispo.com.br\/?s={search_term_string}"},"query-input":{"@type":"PropertyValueSpecification","valueRequired":true,"valueName":"search_term_string"}}],"inLanguage":"pt-BR"},{"@type":"Organization","@id":"https:\/\/blogdobispo.com.br\/#organization","name":"Blog do Bispo","url":"https:\/\/blogdobispo.com.br\/","logo":{"@type":"ImageObject","inLanguage":"pt-BR","@id":"https:\/\/blogdobispo.com.br\/#\/schema\/logo\/image\/","url":"http:\/\/blogdobispo.com.br\/wp-content\/uploads\/2023\/05\/cropped-headear.png","contentUrl":"http:\/\/blogdobispo.com.br\/wp-content\/uploads\/2023\/05\/cropped-headear.png","width":1500,"height":399,"caption":"Blog do Bispo"},"image":{"@id":"https:\/\/blogdobispo.com.br\/#\/schema\/logo\/image\/"}},{"@type":"Person","@id":"https:\/\/blogdobispo.com.br\/#\/schema\/person\/e2209cc0e6cea5c5233d033e997b373f","name":"Jefferson Sterfeno","image":{"@type":"ImageObject","inLanguage":"pt-BR","@id":"https:\/\/blogdobispo.com.br\/#\/schema\/person\/image\/","url":"https:\/\/secure.gravatar.com\/avatar\/0534e84764641168a677026b6d57a3f51dc7ac4db0b4f6186d9cb330d4ee1160?s=96&d=mm&r=g","contentUrl":"https:\/\/secure.gravatar.com\/avatar\/0534e84764641168a677026b6d57a3f51dc7ac4db0b4f6186d9cb330d4ee1160?s=96&d=mm&r=g","caption":"Jefferson Sterfeno"},"sameAs":["http:\/\/blogdobispo.com.br"],"url":"https:\/\/blogdobispo.com.br\/?author=1"}]}},"featured_image_urls":{"full":"","thumbnail":"","medium":"","medium_large":"","large":"","1536x1536":"","2048x2048":""},"author_info":{"display_name":"Jefferson Sterfeno","author_link":"https:\/\/blogdobispo.com.br\/?author=1"},"category_info":"<a href=\"https:\/\/blogdobispo.com.br\/?cat=1\" rel=\"category\">diversos<\/a>","tag_info":"diversos","comment_count":"0","jetpack_featured_media_url":"","jetpack_sharing_enabled":true,"_links":{"self":[{"href":"https:\/\/blogdobispo.com.br\/index.php?rest_route=\/wp\/v2\/posts\/5444","targetHints":{"allow":["GET"]}}],"collection":[{"href":"https:\/\/blogdobispo.com.br\/index.php?rest_route=\/wp\/v2\/posts"}],"about":[{"href":"https:\/\/blogdobispo.com.br\/index.php?rest_route=\/wp\/v2\/types\/post"}],"author":[{"embeddable":true,"href":"https:\/\/blogdobispo.com.br\/index.php?rest_route=\/wp\/v2\/users\/1"}],"replies":[{"embeddable":true,"href":"https:\/\/blogdobispo.com.br\/index.php?rest_route=%2Fwp%2Fv2%2Fcomments&post=5444"}],"version-history":[{"count":0,"href":"https:\/\/blogdobispo.com.br\/index.php?rest_route=\/wp\/v2\/posts\/5444\/revisions"}],"wp:attachment":[{"href":"https:\/\/blogdobispo.com.br\/index.php?rest_route=%2Fwp%2Fv2%2Fmedia&parent=5444"}],"wp:term":[{"taxonomy":"category","embeddable":true,"href":"https:\/\/blogdobispo.com.br\/index.php?rest_route=%2Fwp%2Fv2%2Fcategories&post=5444"},{"taxonomy":"post_tag","embeddable":true,"href":"https:\/\/blogdobispo.com.br\/index.php?rest_route=%2Fwp%2Fv2%2Ftags&post=5444"}],"curies":[{"name":"wp","href":"https:\/\/api.w.org\/{rel}","templated":true}]}}