{"id":5443,"date":"2025-05-27T21:43:36","date_gmt":"2025-05-27T21:43:36","guid":{"rendered":"https:\/\/blogdobispo.com.br\/?p=5443"},"modified":"2025-05-27T21:43:36","modified_gmt":"2025-05-27T21:43:36","slug":"camara-inicia-votacao-do-programa-de-parcerias-publico-privadas-de-natal","status":"publish","type":"post","link":"https:\/\/blogdobispo.com.br\/?p=5443","title":{"rendered":"C\u00e2mara inicia vota\u00e7\u00e3o do Programa de Parcerias P\u00fablico-Privadas de Natal"},"content":{"rendered":"\n<figure class=\"wp-block-image foto-noticia\"><img data-recalc-dims=\"1\" decoding=\"async\" src=\"https:\/\/i0.wp.com\/www.cmnat.rn.gov.br\/_ups\/noticias\/2025\/05\/27\/2665265bb2c5849683ab87c92bb089c4.jpg?w=800&#038;ssl=1\" alt=\"\"\/><\/figure>\n\n\n\n<p>A C\u00e2mara Municipal de Natal aprovou, na sess\u00e3o ordin\u00e1ria desta ter\u00e7a-feira (27), em primeira discuss\u00e3o, o Projeto de Lei n\u00ba 232\/2025, de autoria do Poder Executivo, que institui o Programa Municipal de Parcerias P\u00fablico-Privadas (PMPPP). A proposta estabelece normas complementares para licita\u00e7\u00e3o e contrata\u00e7\u00e3o de parcerias entre o munic\u00edpio e a iniciativa privada, com objetivo de atrair investimentos e melhorar a presta\u00e7\u00e3o de servi\u00e7os p\u00fablicos.<\/p>\n\n\n\n<p>O texto prev\u00ea que podem ser objeto dos contratos de PPPs a presta\u00e7\u00e3o de servi\u00e7os p\u00fablicos, a constru\u00e7\u00e3o, amplia\u00e7\u00e3o, manuten\u00e7\u00e3o e reforma de instala\u00e7\u00f5es de interesse p\u00fablico, vias e terminais, inclusive os recebidos por delega\u00e7\u00e3o do Estado ou da Uni\u00e3o. Tamb\u00e9m est\u00e3o contempladas a gest\u00e3o de empreendimentos p\u00fablicos, administra\u00e7\u00e3o de recursos, explora\u00e7\u00e3o de bens p\u00fablicos e de direitos imateriais, como marcas, patentes e bancos de dados do munic\u00edpio.<\/p>\n\n\n\n<p>O presidente da C\u00e2mara, vereador Eriko J\u00e1come (PP), destacou a import\u00e2ncia da mat\u00e9ria. \u201cOs vereadores est\u00e3o analisando com toda a responsabilidade, visto a import\u00e2ncia que esse projeto tem para garantir uma melhor presta\u00e7\u00e3o de servi\u00e7os, com um retorno financeiro que vai financiar mais investimentos da prefeitura\u201d, afirmou.<\/p>\n\n\n\n<p>O l\u00edder do governo na Casa, vereador Aldo Clemente (PSDB), explicou que o projeto atualiza uma legisla\u00e7\u00e3o municipal de 2011. \u201cO texto j\u00e1 tramitou em todas as comiss\u00f5es, recebeu algumas emendas e est\u00e1 apto a ser votado amanh\u00e3, em segunda discuss\u00e3o\u201d, informou.<\/p>\n\n\n\n<p>Em segunda discuss\u00e3o, o plen\u00e1rio aprovou a cria\u00e7\u00e3o da Semana da Seguran\u00e7a Digital nas Escolas Municipais (PL n\u00ba 107\/2024), de autoria do vereador licenciado Hermes C\u00e2mara, e o reconhecimento do Instituto Recebs (Resgate da Educa\u00e7\u00e3o Cl\u00e1ssica no Ensino B\u00e1sico e Superior) como entidade de utilidade p\u00fablica, proposto pelo vereador Subtenente Eliabe Marques (PL).<\/p>\n\n\n\n<p>Tamb\u00e9m aprovaram a concess\u00e3o do t\u00edtulo de Cidad\u00e3o Natalense ao senhor Chigeaki Diniz Galv\u00e3o, por proposi\u00e7\u00e3o da vereadora Camila Ara\u00fajo (Uni\u00e3o).<\/p>\n","protected":false},"excerpt":{"rendered":"<p>A C\u00e2mara Municipal de Natal aprovou, na sess\u00e3o ordin\u00e1ria desta ter\u00e7a-feira (27), em primeira discuss\u00e3o, o Projeto de Lei n\u00ba 232\/2025, de autoria do Poder Executivo, que institui o Programa Municipal de Parcerias P\u00fablico-Privadas (PMPPP). A proposta estabelece normas complementares para licita\u00e7\u00e3o e contrata\u00e7\u00e3o de parcerias entre o munic\u00edpio e a iniciativa privada, com objetivo [&hellip;]<\/p>\n","protected":false},"author":1,"featured_media":0,"comment_status":"open","ping_status":"open","sticky":false,"template":"","format":"standard","meta":{"cybocfi_hide_featured_image":"","_jetpack_memberships_contains_paid_content":false,"footnotes":""},"categories":[1],"tags":[],"class_list":["post-5443","post","type-post","status-publish","format-standard","hentry","category-diversos"],"yoast_head":"<!-- This site is optimized with the Yoast SEO plugin v25.6 - https:\/\/yoast.com\/wordpress\/plugins\/seo\/ -->\n<title>C\u00e2mara inicia vota\u00e7\u00e3o do Programa de Parcerias P\u00fablico-Privadas de Natal - Blog do Bispo<\/title>\n<meta name=\"robots\" content=\"index, follow, max-snippet:-1, max-image-preview:large, max-video-preview:-1\" \/>\n<link rel=\"canonical\" href=\"https:\/\/blogdobispo.com.br\/?p=5443\" \/>\n<meta property=\"og:locale\" content=\"pt_BR\" \/>\n<meta property=\"og:type\" content=\"article\" \/>\n<meta property=\"og:title\" content=\"C\u00e2mara inicia vota\u00e7\u00e3o do Programa de Parcerias P\u00fablico-Privadas de Natal - Blog do Bispo\" \/>\n<meta property=\"og:description\" content=\"A C\u00e2mara Municipal de Natal aprovou, na sess\u00e3o ordin\u00e1ria desta ter\u00e7a-feira (27), em primeira discuss\u00e3o, o Projeto de Lei n\u00ba 232\/2025, de autoria do Poder Executivo, que institui o Programa Municipal de Parcerias P\u00fablico-Privadas (PMPPP). A proposta estabelece normas complementares para licita\u00e7\u00e3o e contrata\u00e7\u00e3o de parcerias entre o munic\u00edpio e a iniciativa privada, com objetivo [&hellip;]\" \/>\n<meta property=\"og:url\" content=\"https:\/\/blogdobispo.com.br\/?p=5443\" \/>\n<meta property=\"og:site_name\" content=\"Blog do Bispo\" \/>\n<meta property=\"article:published_time\" content=\"2025-05-27T21:43:36+00:00\" \/>\n<meta property=\"og:image\" content=\"https:\/\/www.cmnat.rn.gov.br\/_ups\/noticias\/2025\/05\/27\/2665265bb2c5849683ab87c92bb089c4.jpg\" \/>\n<meta name=\"author\" content=\"Jefferson Sterfeno\" \/>\n<meta name=\"twitter:card\" content=\"summary_large_image\" \/>\n<meta name=\"twitter:label1\" content=\"Escrito por\" \/>\n\t<meta name=\"twitter:data1\" content=\"Jefferson Sterfeno\" \/>\n\t<meta name=\"twitter:label2\" content=\"Est. tempo de leitura\" \/>\n\t<meta name=\"twitter:data2\" content=\"2 minutos\" \/>\n<script type=\"application\/ld+json\" class=\"yoast-schema-graph\">{\"@context\":\"https:\/\/schema.org\",\"@graph\":[{\"@type\":\"Article\",\"@id\":\"https:\/\/blogdobispo.com.br\/?p=5443#article\",\"isPartOf\":{\"@id\":\"https:\/\/blogdobispo.com.br\/?p=5443\"},\"author\":{\"name\":\"Jefferson Sterfeno\",\"@id\":\"https:\/\/blogdobispo.com.br\/#\/schema\/person\/e2209cc0e6cea5c5233d033e997b373f\"},\"headline\":\"C\u00e2mara inicia vota\u00e7\u00e3o do Programa de Parcerias P\u00fablico-Privadas de Natal\",\"datePublished\":\"2025-05-27T21:43:36+00:00\",\"mainEntityOfPage\":{\"@id\":\"https:\/\/blogdobispo.com.br\/?p=5443\"},\"wordCount\":364,\"commentCount\":0,\"publisher\":{\"@id\":\"https:\/\/blogdobispo.com.br\/#organization\"},\"image\":{\"@id\":\"https:\/\/blogdobispo.com.br\/?p=5443#primaryimage\"},\"thumbnailUrl\":\"https:\/\/www.cmnat.rn.gov.br\/_ups\/noticias\/2025\/05\/27\/2665265bb2c5849683ab87c92bb089c4.jpg\",\"articleSection\":[\"diversos\"],\"inLanguage\":\"pt-BR\",\"potentialAction\":[{\"@type\":\"CommentAction\",\"name\":\"Comment\",\"target\":[\"https:\/\/blogdobispo.com.br\/?p=5443#respond\"]}]},{\"@type\":\"WebPage\",\"@id\":\"https:\/\/blogdobispo.com.br\/?p=5443\",\"url\":\"https:\/\/blogdobispo.com.br\/?p=5443\",\"name\":\"C\u00e2mara inicia vota\u00e7\u00e3o do Programa de Parcerias P\u00fablico-Privadas de Natal - Blog do Bispo\",\"isPartOf\":{\"@id\":\"https:\/\/blogdobispo.com.br\/#website\"},\"primaryImageOfPage\":{\"@id\":\"https:\/\/blogdobispo.com.br\/?p=5443#primaryimage\"},\"image\":{\"@id\":\"https:\/\/blogdobispo.com.br\/?p=5443#primaryimage\"},\"thumbnailUrl\":\"https:\/\/www.cmnat.rn.gov.br\/_ups\/noticias\/2025\/05\/27\/2665265bb2c5849683ab87c92bb089c4.jpg\",\"datePublished\":\"2025-05-27T21:43:36+00:00\",\"breadcrumb\":{\"@id\":\"https:\/\/blogdobispo.com.br\/?p=5443#breadcrumb\"},\"inLanguage\":\"pt-BR\",\"potentialAction\":[{\"@type\":\"ReadAction\",\"target\":[\"https:\/\/blogdobispo.com.br\/?p=5443\"]}]},{\"@type\":\"ImageObject\",\"inLanguage\":\"pt-BR\",\"@id\":\"https:\/\/blogdobispo.com.br\/?p=5443#primaryimage\",\"url\":\"https:\/\/www.cmnat.rn.gov.br\/_ups\/noticias\/2025\/05\/27\/2665265bb2c5849683ab87c92bb089c4.jpg\",\"contentUrl\":\"https:\/\/www.cmnat.rn.gov.br\/_ups\/noticias\/2025\/05\/27\/2665265bb2c5849683ab87c92bb089c4.jpg\"},{\"@type\":\"BreadcrumbList\",\"@id\":\"https:\/\/blogdobispo.com.br\/?p=5443#breadcrumb\",\"itemListElement\":[{\"@type\":\"ListItem\",\"position\":1,\"name\":\"In\u00edcio\",\"item\":\"https:\/\/blogdobispo.com.br\/\"},{\"@type\":\"ListItem\",\"position\":2,\"name\":\"C\u00e2mara inicia vota\u00e7\u00e3o do Programa de Parcerias P\u00fablico-Privadas de Natal\"}]},{\"@type\":\"WebSite\",\"@id\":\"https:\/\/blogdobispo.com.br\/#website\",\"url\":\"https:\/\/blogdobispo.com.br\/\",\"name\":\"Blog do Bispo\",\"description\":\"Comprometido apenas com o leitor\",\"publisher\":{\"@id\":\"https:\/\/blogdobispo.com.br\/#organization\"},\"potentialAction\":[{\"@type\":\"SearchAction\",\"target\":{\"@type\":\"EntryPoint\",\"urlTemplate\":\"https:\/\/blogdobispo.com.br\/?s={search_term_string}\"},\"query-input\":{\"@type\":\"PropertyValueSpecification\",\"valueRequired\":true,\"valueName\":\"search_term_string\"}}],\"inLanguage\":\"pt-BR\"},{\"@type\":\"Organization\",\"@id\":\"https:\/\/blogdobispo.com.br\/#organization\",\"name\":\"Blog do Bispo\",\"url\":\"https:\/\/blogdobispo.com.br\/\",\"logo\":{\"@type\":\"ImageObject\",\"inLanguage\":\"pt-BR\",\"@id\":\"https:\/\/blogdobispo.com.br\/#\/schema\/logo\/image\/\",\"url\":\"http:\/\/blogdobispo.com.br\/wp-content\/uploads\/2023\/05\/cropped-headear.png\",\"contentUrl\":\"http:\/\/blogdobispo.com.br\/wp-content\/uploads\/2023\/05\/cropped-headear.png\",\"width\":1500,\"height\":399,\"caption\":\"Blog do Bispo\"},\"image\":{\"@id\":\"https:\/\/blogdobispo.com.br\/#\/schema\/logo\/image\/\"}},{\"@type\":\"Person\",\"@id\":\"https:\/\/blogdobispo.com.br\/#\/schema\/person\/e2209cc0e6cea5c5233d033e997b373f\",\"name\":\"Jefferson Sterfeno\",\"image\":{\"@type\":\"ImageObject\",\"inLanguage\":\"pt-BR\",\"@id\":\"https:\/\/blogdobispo.com.br\/#\/schema\/person\/image\/\",\"url\":\"https:\/\/secure.gravatar.com\/avatar\/0534e84764641168a677026b6d57a3f51dc7ac4db0b4f6186d9cb330d4ee1160?s=96&d=mm&r=g\",\"contentUrl\":\"https:\/\/secure.gravatar.com\/avatar\/0534e84764641168a677026b6d57a3f51dc7ac4db0b4f6186d9cb330d4ee1160?s=96&d=mm&r=g\",\"caption\":\"Jefferson Sterfeno\"},\"sameAs\":[\"http:\/\/blogdobispo.com.br\"],\"url\":\"https:\/\/blogdobispo.com.br\/?author=1\"}]}<\/script>\n<!-- \/ Yoast SEO plugin. -->","yoast_head_json":{"title":"C\u00e2mara inicia vota\u00e7\u00e3o do Programa de Parcerias P\u00fablico-Privadas de Natal - Blog do Bispo","robots":{"index":"index","follow":"follow","max-snippet":"max-snippet:-1","max-image-preview":"max-image-preview:large","max-video-preview":"max-video-preview:-1"},"canonical":"https:\/\/blogdobispo.com.br\/?p=5443","og_locale":"pt_BR","og_type":"article","og_title":"C\u00e2mara inicia vota\u00e7\u00e3o do Programa de Parcerias P\u00fablico-Privadas de Natal - Blog do Bispo","og_description":"A C\u00e2mara Municipal de Natal aprovou, na sess\u00e3o ordin\u00e1ria desta ter\u00e7a-feira (27), em primeira discuss\u00e3o, o Projeto de Lei n\u00ba 232\/2025, de autoria do Poder Executivo, que institui o Programa Municipal de Parcerias P\u00fablico-Privadas (PMPPP). A proposta estabelece normas complementares para licita\u00e7\u00e3o e contrata\u00e7\u00e3o de parcerias entre o munic\u00edpio e a iniciativa privada, com objetivo [&hellip;]","og_url":"https:\/\/blogdobispo.com.br\/?p=5443","og_site_name":"Blog do Bispo","article_published_time":"2025-05-27T21:43:36+00:00","og_image":[{"url":"https:\/\/www.cmnat.rn.gov.br\/_ups\/noticias\/2025\/05\/27\/2665265bb2c5849683ab87c92bb089c4.jpg","type":"","width":"","height":""}],"author":"Jefferson Sterfeno","twitter_card":"summary_large_image","twitter_misc":{"Escrito por":"Jefferson Sterfeno","Est. tempo de leitura":"2 minutos"},"schema":{"@context":"https:\/\/schema.org","@graph":[{"@type":"Article","@id":"https:\/\/blogdobispo.com.br\/?p=5443#article","isPartOf":{"@id":"https:\/\/blogdobispo.com.br\/?p=5443"},"author":{"name":"Jefferson Sterfeno","@id":"https:\/\/blogdobispo.com.br\/#\/schema\/person\/e2209cc0e6cea5c5233d033e997b373f"},"headline":"C\u00e2mara inicia vota\u00e7\u00e3o do Programa de Parcerias P\u00fablico-Privadas de Natal","datePublished":"2025-05-27T21:43:36+00:00","mainEntityOfPage":{"@id":"https:\/\/blogdobispo.com.br\/?p=5443"},"wordCount":364,"commentCount":0,"publisher":{"@id":"https:\/\/blogdobispo.com.br\/#organization"},"image":{"@id":"https:\/\/blogdobispo.com.br\/?p=5443#primaryimage"},"thumbnailUrl":"https:\/\/www.cmnat.rn.gov.br\/_ups\/noticias\/2025\/05\/27\/2665265bb2c5849683ab87c92bb089c4.jpg","articleSection":["diversos"],"inLanguage":"pt-BR","potentialAction":[{"@type":"CommentAction","name":"Comment","target":["https:\/\/blogdobispo.com.br\/?p=5443#respond"]}]},{"@type":"WebPage","@id":"https:\/\/blogdobispo.com.br\/?p=5443","url":"https:\/\/blogdobispo.com.br\/?p=5443","name":"C\u00e2mara inicia vota\u00e7\u00e3o do Programa de Parcerias P\u00fablico-Privadas de Natal - Blog do Bispo","isPartOf":{"@id":"https:\/\/blogdobispo.com.br\/#website"},"primaryImageOfPage":{"@id":"https:\/\/blogdobispo.com.br\/?p=5443#primaryimage"},"image":{"@id":"https:\/\/blogdobispo.com.br\/?p=5443#primaryimage"},"thumbnailUrl":"https:\/\/www.cmnat.rn.gov.br\/_ups\/noticias\/2025\/05\/27\/2665265bb2c5849683ab87c92bb089c4.jpg","datePublished":"2025-05-27T21:43:36+00:00","breadcrumb":{"@id":"https:\/\/blogdobispo.com.br\/?p=5443#breadcrumb"},"inLanguage":"pt-BR","potentialAction":[{"@type":"ReadAction","target":["https:\/\/blogdobispo.com.br\/?p=5443"]}]},{"@type":"ImageObject","inLanguage":"pt-BR","@id":"https:\/\/blogdobispo.com.br\/?p=5443#primaryimage","url":"https:\/\/www.cmnat.rn.gov.br\/_ups\/noticias\/2025\/05\/27\/2665265bb2c5849683ab87c92bb089c4.jpg","contentUrl":"https:\/\/www.cmnat.rn.gov.br\/_ups\/noticias\/2025\/05\/27\/2665265bb2c5849683ab87c92bb089c4.jpg"},{"@type":"BreadcrumbList","@id":"https:\/\/blogdobispo.com.br\/?p=5443#breadcrumb","itemListElement":[{"@type":"ListItem","position":1,"name":"In\u00edcio","item":"https:\/\/blogdobispo.com.br\/"},{"@type":"ListItem","position":2,"name":"C\u00e2mara inicia vota\u00e7\u00e3o do Programa de Parcerias P\u00fablico-Privadas de Natal"}]},{"@type":"WebSite","@id":"https:\/\/blogdobispo.com.br\/#website","url":"https:\/\/blogdobispo.com.br\/","name":"Blog do Bispo","description":"Comprometido apenas com o leitor","publisher":{"@id":"https:\/\/blogdobispo.com.br\/#organization"},"potentialAction":[{"@type":"SearchAction","target":{"@type":"EntryPoint","urlTemplate":"https:\/\/blogdobispo.com.br\/?s={search_term_string}"},"query-input":{"@type":"PropertyValueSpecification","valueRequired":true,"valueName":"search_term_string"}}],"inLanguage":"pt-BR"},{"@type":"Organization","@id":"https:\/\/blogdobispo.com.br\/#organization","name":"Blog do Bispo","url":"https:\/\/blogdobispo.com.br\/","logo":{"@type":"ImageObject","inLanguage":"pt-BR","@id":"https:\/\/blogdobispo.com.br\/#\/schema\/logo\/image\/","url":"http:\/\/blogdobispo.com.br\/wp-content\/uploads\/2023\/05\/cropped-headear.png","contentUrl":"http:\/\/blogdobispo.com.br\/wp-content\/uploads\/2023\/05\/cropped-headear.png","width":1500,"height":399,"caption":"Blog do Bispo"},"image":{"@id":"https:\/\/blogdobispo.com.br\/#\/schema\/logo\/image\/"}},{"@type":"Person","@id":"https:\/\/blogdobispo.com.br\/#\/schema\/person\/e2209cc0e6cea5c5233d033e997b373f","name":"Jefferson Sterfeno","image":{"@type":"ImageObject","inLanguage":"pt-BR","@id":"https:\/\/blogdobispo.com.br\/#\/schema\/person\/image\/","url":"https:\/\/secure.gravatar.com\/avatar\/0534e84764641168a677026b6d57a3f51dc7ac4db0b4f6186d9cb330d4ee1160?s=96&d=mm&r=g","contentUrl":"https:\/\/secure.gravatar.com\/avatar\/0534e84764641168a677026b6d57a3f51dc7ac4db0b4f6186d9cb330d4ee1160?s=96&d=mm&r=g","caption":"Jefferson Sterfeno"},"sameAs":["http:\/\/blogdobispo.com.br"],"url":"https:\/\/blogdobispo.com.br\/?author=1"}]}},"featured_image_urls":{"full":"","thumbnail":"","medium":"","medium_large":"","large":"","1536x1536":"","2048x2048":""},"author_info":{"display_name":"Jefferson Sterfeno","author_link":"https:\/\/blogdobispo.com.br\/?author=1"},"category_info":"<a href=\"https:\/\/blogdobispo.com.br\/?cat=1\" rel=\"category\">diversos<\/a>","tag_info":"diversos","comment_count":"0","jetpack_featured_media_url":"","jetpack_sharing_enabled":true,"_links":{"self":[{"href":"https:\/\/blogdobispo.com.br\/index.php?rest_route=\/wp\/v2\/posts\/5443","targetHints":{"allow":["GET"]}}],"collection":[{"href":"https:\/\/blogdobispo.com.br\/index.php?rest_route=\/wp\/v2\/posts"}],"about":[{"href":"https:\/\/blogdobispo.com.br\/index.php?rest_route=\/wp\/v2\/types\/post"}],"author":[{"embeddable":true,"href":"https:\/\/blogdobispo.com.br\/index.php?rest_route=\/wp\/v2\/users\/1"}],"replies":[{"embeddable":true,"href":"https:\/\/blogdobispo.com.br\/index.php?rest_route=%2Fwp%2Fv2%2Fcomments&post=5443"}],"version-history":[{"count":0,"href":"https:\/\/blogdobispo.com.br\/index.php?rest_route=\/wp\/v2\/posts\/5443\/revisions"}],"wp:attachment":[{"href":"https:\/\/blogdobispo.com.br\/index.php?rest_route=%2Fwp%2Fv2%2Fmedia&parent=5443"}],"wp:term":[{"taxonomy":"category","embeddable":true,"href":"https:\/\/blogdobispo.com.br\/index.php?rest_route=%2Fwp%2Fv2%2Fcategories&post=5443"},{"taxonomy":"post_tag","embeddable":true,"href":"https:\/\/blogdobispo.com.br\/index.php?rest_route=%2Fwp%2Fv2%2Ftags&post=5443"}],"curies":[{"name":"wp","href":"https:\/\/api.w.org\/{rel}","templated":true}]}}