{"id":5442,"date":"2025-05-27T15:03:08","date_gmt":"2025-05-27T15:03:08","guid":{"rendered":"https:\/\/blogdobispo.com.br\/?p=5442"},"modified":"2025-05-27T15:03:08","modified_gmt":"2025-05-27T15:03:08","slug":"audiencia-publica-em-natal-debate-abusos-dos-planos-de-saude-contra-criancas-com-autismo","status":"publish","type":"post","link":"https:\/\/blogdobispo.com.br\/?p=5442","title":{"rendered":"Audi\u00eancia p\u00fablica em Natal debate abusos dos planos de sa\u00fade contra crian\u00e7as com autismo"},"content":{"rendered":"\n<figure class=\"wp-block-image size-large\"><img data-recalc-dims=\"1\" fetchpriority=\"high\" decoding=\"async\" width=\"800\" height=\"615\" src=\"https:\/\/i0.wp.com\/blogdobispo.com.br\/wp-content\/uploads\/2025\/05\/887f519a-30d0-49a7-b3c6-4c6a31f2d228-1-1024x787.jpg?resize=800%2C615&#038;ssl=1\" class=\"wp-image-5441\" srcset=\"https:\/\/i0.wp.com\/blogdobispo.com.br\/wp-content\/uploads\/2025\/05\/887f519a-30d0-49a7-b3c6-4c6a31f2d228-1.jpg?resize=1024%2C787&amp;ssl=1 1024w, https:\/\/i0.wp.com\/blogdobispo.com.br\/wp-content\/uploads\/2025\/05\/887f519a-30d0-49a7-b3c6-4c6a31f2d228-1.jpg?resize=300%2C231&amp;ssl=1 300w, https:\/\/i0.wp.com\/blogdobispo.com.br\/wp-content\/uploads\/2025\/05\/887f519a-30d0-49a7-b3c6-4c6a31f2d228-1.jpg?resize=768%2C590&amp;ssl=1 768w, https:\/\/i0.wp.com\/blogdobispo.com.br\/wp-content\/uploads\/2025\/05\/887f519a-30d0-49a7-b3c6-4c6a31f2d228-1.jpg?resize=1536%2C1181&amp;ssl=1 1536w, https:\/\/i0.wp.com\/blogdobispo.com.br\/wp-content\/uploads\/2025\/05\/887f519a-30d0-49a7-b3c6-4c6a31f2d228-1.jpg?w=1600&amp;ssl=1 1600w\" sizes=\"(max-width: 800px) 100vw, 800px\" \/><\/figure>\n\n\n\n<p><\/p>\n\n\n\n<p>Diante das constantes negativas e limita\u00e7\u00f5es impostas por operadoras de sa\u00fade, pais e m\u00e3es de crian\u00e7as com autismo travam uma verdadeira batalha para garantir o acesso \u00e0s terapias essenciais. Para debater o problema e buscar solu\u00e7\u00f5es concretas, o vereador Kleber Fernandes prop\u00f4s uma audi\u00eancia p\u00fablica na pr\u00f3xima quinta-feira (29), dentro da Comiss\u00e3o de Defesa do Consumidor, da qual \u00e9 presidente na C\u00e2mara Municipal do Natal. O debate acontecer\u00e1 \u00e0s 14h.<\/p>\n\n\n\n<p>Segundo dados do IBGE, levantados pela primeira vez no Censo 2022, o RN tem mais de 37 mil pessoas com autismo. Entre os munic\u00edpios potiguares, Natal teve a maior preval\u00eancia (1,4%), com 10.431 pessoas diagnosticadas. Apesar das legisla\u00e7\u00f5es que asseguram os direitos dessas pessoas, \u00e9 comum que as operadoras recusem ou limitem a cobertura de terapias essenciais.<\/p>\n\n\n\n<p>Em termos gerais, os planos de sa\u00fade adotam pr\u00e1ticas que dificultam o acesso ao tratamento adequado, como negativa de cobertura em custear algumas terapias essenciais, limita\u00e7\u00f5es em n\u00famero de sess\u00f5es e demora na autoriza\u00e7\u00e3o para o in\u00edcio ou continuidade das terapias. \u201cIsso compromete o desenvolvimento da crian\u00e7a\u201d, alertou Kleber.<\/p>\n\n\n\n<p>Para muitas fam\u00edlias, a jornada em busca de um tratamento adequado para crian\u00e7as com autismo \u00e9 marcada por uma mistura intensa de sentimentos. A cada negativa dos planos de sa\u00fade, cresce a ang\u00fastia de pais que j\u00e1 enfrentam a rotina desafiadora do cuidado di\u00e1rio. \u201cEles relatam frustra\u00e7\u00e3o ao verem seus filhos privados de terapias fundamentais para o desenvolvimento, revolta diante da omiss\u00e3o de direitos garantidos por lei, e, acima de tudo, um profundo sentimento de impot\u00eancia. Para essas fam\u00edlias, cada obst\u00e1culo imposto pelo sistema representa mais do que um entrave burocr\u00e1tico, \u00e9 uma amea\u00e7a direta ao futuro de seus filhos\u201d, comentou.<\/p>\n\n\n\n<p>O Superior Tribunal de Justi\u00e7a tem sido firme no que diz respeito ao rol de procedimentos oferecidos pela Ag\u00eancia Nacional de Sa\u00fade Suplementar (ANS), ao afirmar que a cobertura citada pela ag\u00eancia serve apenas como uma refer\u00eancia, n\u00e3o sendo limitante. Isso significa que os planos de sa\u00fade n\u00e3o podem recusar coberturas de terapias prescritas por m\u00e9dicos, mesmo que n\u00e3o estejam listadas formalmente. \u201cEm diversos casos, a Justi\u00e7a tem dado ganho de causa \u00e0s fam\u00edlias, obrigando os planos a custearem integralmente e de forma imediata os tratamentos indicados. Portanto, \u00e9 fundamental que as fam\u00edlias estejam informadas sobre seus direitos e busquem apoio jur\u00eddico quando necess\u00e1rio para garantir que seus filhos recebam o tratamento adequado\u201d, destacou o vereador.<\/p>\n","protected":false},"excerpt":{"rendered":"<p>Diante das constantes negativas e limita\u00e7\u00f5es impostas por operadoras de sa\u00fade, pais e m\u00e3es de crian\u00e7as com autismo travam uma verdadeira batalha para garantir o acesso \u00e0s terapias essenciais. Para debater o problema e buscar solu\u00e7\u00f5es concretas, o vereador Kleber Fernandes prop\u00f4s uma audi\u00eancia p\u00fablica na pr\u00f3xima quinta-feira (29), dentro da Comiss\u00e3o de Defesa do [&hellip;]<\/p>\n","protected":false},"author":1,"featured_media":0,"comment_status":"open","ping_status":"open","sticky":false,"template":"","format":"standard","meta":{"cybocfi_hide_featured_image":"","_jetpack_memberships_contains_paid_content":false,"footnotes":""},"categories":[1],"tags":[],"class_list":["post-5442","post","type-post","status-publish","format-standard","hentry","category-diversos"],"yoast_head":"<!-- This site is optimized with the Yoast SEO plugin v25.6 - https:\/\/yoast.com\/wordpress\/plugins\/seo\/ -->\n<title>Audi\u00eancia p\u00fablica em Natal debate abusos dos planos de sa\u00fade contra crian\u00e7as com autismo - Blog do Bispo<\/title>\n<meta name=\"robots\" content=\"index, follow, max-snippet:-1, max-image-preview:large, max-video-preview:-1\" \/>\n<link rel=\"canonical\" href=\"https:\/\/blogdobispo.com.br\/?p=5442\" \/>\n<meta property=\"og:locale\" content=\"pt_BR\" \/>\n<meta property=\"og:type\" content=\"article\" \/>\n<meta property=\"og:title\" content=\"Audi\u00eancia p\u00fablica em Natal debate abusos dos planos de sa\u00fade contra crian\u00e7as com autismo - Blog do Bispo\" \/>\n<meta property=\"og:description\" content=\"Diante das constantes negativas e limita\u00e7\u00f5es impostas por operadoras de sa\u00fade, pais e m\u00e3es de crian\u00e7as com autismo travam uma verdadeira batalha para garantir o acesso \u00e0s terapias essenciais. Para debater o problema e buscar solu\u00e7\u00f5es concretas, o vereador Kleber Fernandes prop\u00f4s uma audi\u00eancia p\u00fablica na pr\u00f3xima quinta-feira (29), dentro da Comiss\u00e3o de Defesa do [&hellip;]\" \/>\n<meta property=\"og:url\" content=\"https:\/\/blogdobispo.com.br\/?p=5442\" \/>\n<meta property=\"og:site_name\" content=\"Blog do Bispo\" \/>\n<meta property=\"article:published_time\" content=\"2025-05-27T15:03:08+00:00\" \/>\n<meta property=\"og:image\" content=\"https:\/\/blogdobispo.com.br\/wp-content\/uploads\/2025\/05\/887f519a-30d0-49a7-b3c6-4c6a31f2d228-1-1024x787.jpg\" \/>\n<meta name=\"author\" content=\"Jefferson Sterfeno\" \/>\n<meta name=\"twitter:card\" content=\"summary_large_image\" \/>\n<meta name=\"twitter:label1\" content=\"Escrito por\" \/>\n\t<meta name=\"twitter:data1\" content=\"Jefferson Sterfeno\" \/>\n\t<meta name=\"twitter:label2\" content=\"Est. tempo de leitura\" \/>\n\t<meta name=\"twitter:data2\" content=\"2 minutos\" \/>\n<script type=\"application\/ld+json\" class=\"yoast-schema-graph\">{\"@context\":\"https:\/\/schema.org\",\"@graph\":[{\"@type\":\"Article\",\"@id\":\"https:\/\/blogdobispo.com.br\/?p=5442#article\",\"isPartOf\":{\"@id\":\"https:\/\/blogdobispo.com.br\/?p=5442\"},\"author\":{\"name\":\"Jefferson Sterfeno\",\"@id\":\"https:\/\/blogdobispo.com.br\/#\/schema\/person\/e2209cc0e6cea5c5233d033e997b373f\"},\"headline\":\"Audi\u00eancia p\u00fablica em Natal debate abusos dos planos de sa\u00fade contra crian\u00e7as com autismo\",\"datePublished\":\"2025-05-27T15:03:08+00:00\",\"mainEntityOfPage\":{\"@id\":\"https:\/\/blogdobispo.com.br\/?p=5442\"},\"wordCount\":450,\"commentCount\":0,\"publisher\":{\"@id\":\"https:\/\/blogdobispo.com.br\/#organization\"},\"image\":{\"@id\":\"https:\/\/blogdobispo.com.br\/?p=5442#primaryimage\"},\"thumbnailUrl\":\"https:\/\/blogdobispo.com.br\/wp-content\/uploads\/2025\/05\/887f519a-30d0-49a7-b3c6-4c6a31f2d228-1-1024x787.jpg\",\"articleSection\":[\"diversos\"],\"inLanguage\":\"pt-BR\",\"potentialAction\":[{\"@type\":\"CommentAction\",\"name\":\"Comment\",\"target\":[\"https:\/\/blogdobispo.com.br\/?p=5442#respond\"]}]},{\"@type\":\"WebPage\",\"@id\":\"https:\/\/blogdobispo.com.br\/?p=5442\",\"url\":\"https:\/\/blogdobispo.com.br\/?p=5442\",\"name\":\"Audi\u00eancia p\u00fablica em Natal debate abusos dos planos de sa\u00fade contra crian\u00e7as com autismo - Blog do Bispo\",\"isPartOf\":{\"@id\":\"https:\/\/blogdobispo.com.br\/#website\"},\"primaryImageOfPage\":{\"@id\":\"https:\/\/blogdobispo.com.br\/?p=5442#primaryimage\"},\"image\":{\"@id\":\"https:\/\/blogdobispo.com.br\/?p=5442#primaryimage\"},\"thumbnailUrl\":\"https:\/\/blogdobispo.com.br\/wp-content\/uploads\/2025\/05\/887f519a-30d0-49a7-b3c6-4c6a31f2d228-1-1024x787.jpg\",\"datePublished\":\"2025-05-27T15:03:08+00:00\",\"breadcrumb\":{\"@id\":\"https:\/\/blogdobispo.com.br\/?p=5442#breadcrumb\"},\"inLanguage\":\"pt-BR\",\"potentialAction\":[{\"@type\":\"ReadAction\",\"target\":[\"https:\/\/blogdobispo.com.br\/?p=5442\"]}]},{\"@type\":\"ImageObject\",\"inLanguage\":\"pt-BR\",\"@id\":\"https:\/\/blogdobispo.com.br\/?p=5442#primaryimage\",\"url\":\"https:\/\/blogdobispo.com.br\/wp-content\/uploads\/2025\/05\/887f519a-30d0-49a7-b3c6-4c6a31f2d228-1-1024x787.jpg\",\"contentUrl\":\"https:\/\/blogdobispo.com.br\/wp-content\/uploads\/2025\/05\/887f519a-30d0-49a7-b3c6-4c6a31f2d228-1-1024x787.jpg\"},{\"@type\":\"BreadcrumbList\",\"@id\":\"https:\/\/blogdobispo.com.br\/?p=5442#breadcrumb\",\"itemListElement\":[{\"@type\":\"ListItem\",\"position\":1,\"name\":\"In\u00edcio\",\"item\":\"https:\/\/blogdobispo.com.br\/\"},{\"@type\":\"ListItem\",\"position\":2,\"name\":\"Audi\u00eancia p\u00fablica em Natal debate abusos dos planos de sa\u00fade contra crian\u00e7as com autismo\"}]},{\"@type\":\"WebSite\",\"@id\":\"https:\/\/blogdobispo.com.br\/#website\",\"url\":\"https:\/\/blogdobispo.com.br\/\",\"name\":\"Blog do Bispo\",\"description\":\"Comprometido apenas com o leitor\",\"publisher\":{\"@id\":\"https:\/\/blogdobispo.com.br\/#organization\"},\"potentialAction\":[{\"@type\":\"SearchAction\",\"target\":{\"@type\":\"EntryPoint\",\"urlTemplate\":\"https:\/\/blogdobispo.com.br\/?s={search_term_string}\"},\"query-input\":{\"@type\":\"PropertyValueSpecification\",\"valueRequired\":true,\"valueName\":\"search_term_string\"}}],\"inLanguage\":\"pt-BR\"},{\"@type\":\"Organization\",\"@id\":\"https:\/\/blogdobispo.com.br\/#organization\",\"name\":\"Blog do Bispo\",\"url\":\"https:\/\/blogdobispo.com.br\/\",\"logo\":{\"@type\":\"ImageObject\",\"inLanguage\":\"pt-BR\",\"@id\":\"https:\/\/blogdobispo.com.br\/#\/schema\/logo\/image\/\",\"url\":\"http:\/\/blogdobispo.com.br\/wp-content\/uploads\/2023\/05\/cropped-headear.png\",\"contentUrl\":\"http:\/\/blogdobispo.com.br\/wp-content\/uploads\/2023\/05\/cropped-headear.png\",\"width\":1500,\"height\":399,\"caption\":\"Blog do Bispo\"},\"image\":{\"@id\":\"https:\/\/blogdobispo.com.br\/#\/schema\/logo\/image\/\"}},{\"@type\":\"Person\",\"@id\":\"https:\/\/blogdobispo.com.br\/#\/schema\/person\/e2209cc0e6cea5c5233d033e997b373f\",\"name\":\"Jefferson Sterfeno\",\"image\":{\"@type\":\"ImageObject\",\"inLanguage\":\"pt-BR\",\"@id\":\"https:\/\/blogdobispo.com.br\/#\/schema\/person\/image\/\",\"url\":\"https:\/\/secure.gravatar.com\/avatar\/0534e84764641168a677026b6d57a3f51dc7ac4db0b4f6186d9cb330d4ee1160?s=96&d=mm&r=g\",\"contentUrl\":\"https:\/\/secure.gravatar.com\/avatar\/0534e84764641168a677026b6d57a3f51dc7ac4db0b4f6186d9cb330d4ee1160?s=96&d=mm&r=g\",\"caption\":\"Jefferson Sterfeno\"},\"sameAs\":[\"http:\/\/blogdobispo.com.br\"],\"url\":\"https:\/\/blogdobispo.com.br\/?author=1\"}]}<\/script>\n<!-- \/ Yoast SEO plugin. -->","yoast_head_json":{"title":"Audi\u00eancia p\u00fablica em Natal debate abusos dos planos de sa\u00fade contra crian\u00e7as com autismo - Blog do Bispo","robots":{"index":"index","follow":"follow","max-snippet":"max-snippet:-1","max-image-preview":"max-image-preview:large","max-video-preview":"max-video-preview:-1"},"canonical":"https:\/\/blogdobispo.com.br\/?p=5442","og_locale":"pt_BR","og_type":"article","og_title":"Audi\u00eancia p\u00fablica em Natal debate abusos dos planos de sa\u00fade contra crian\u00e7as com autismo - Blog do Bispo","og_description":"Diante das constantes negativas e limita\u00e7\u00f5es impostas por operadoras de sa\u00fade, pais e m\u00e3es de crian\u00e7as com autismo travam uma verdadeira batalha para garantir o acesso \u00e0s terapias essenciais. Para debater o problema e buscar solu\u00e7\u00f5es concretas, o vereador Kleber Fernandes prop\u00f4s uma audi\u00eancia p\u00fablica na pr\u00f3xima quinta-feira (29), dentro da Comiss\u00e3o de Defesa do [&hellip;]","og_url":"https:\/\/blogdobispo.com.br\/?p=5442","og_site_name":"Blog do Bispo","article_published_time":"2025-05-27T15:03:08+00:00","og_image":[{"url":"https:\/\/blogdobispo.com.br\/wp-content\/uploads\/2025\/05\/887f519a-30d0-49a7-b3c6-4c6a31f2d228-1-1024x787.jpg","type":"","width":"","height":""}],"author":"Jefferson Sterfeno","twitter_card":"summary_large_image","twitter_misc":{"Escrito por":"Jefferson Sterfeno","Est. tempo de leitura":"2 minutos"},"schema":{"@context":"https:\/\/schema.org","@graph":[{"@type":"Article","@id":"https:\/\/blogdobispo.com.br\/?p=5442#article","isPartOf":{"@id":"https:\/\/blogdobispo.com.br\/?p=5442"},"author":{"name":"Jefferson Sterfeno","@id":"https:\/\/blogdobispo.com.br\/#\/schema\/person\/e2209cc0e6cea5c5233d033e997b373f"},"headline":"Audi\u00eancia p\u00fablica em Natal debate abusos dos planos de sa\u00fade contra crian\u00e7as com autismo","datePublished":"2025-05-27T15:03:08+00:00","mainEntityOfPage":{"@id":"https:\/\/blogdobispo.com.br\/?p=5442"},"wordCount":450,"commentCount":0,"publisher":{"@id":"https:\/\/blogdobispo.com.br\/#organization"},"image":{"@id":"https:\/\/blogdobispo.com.br\/?p=5442#primaryimage"},"thumbnailUrl":"https:\/\/blogdobispo.com.br\/wp-content\/uploads\/2025\/05\/887f519a-30d0-49a7-b3c6-4c6a31f2d228-1-1024x787.jpg","articleSection":["diversos"],"inLanguage":"pt-BR","potentialAction":[{"@type":"CommentAction","name":"Comment","target":["https:\/\/blogdobispo.com.br\/?p=5442#respond"]}]},{"@type":"WebPage","@id":"https:\/\/blogdobispo.com.br\/?p=5442","url":"https:\/\/blogdobispo.com.br\/?p=5442","name":"Audi\u00eancia p\u00fablica em Natal debate abusos dos planos de sa\u00fade contra crian\u00e7as com autismo - Blog do Bispo","isPartOf":{"@id":"https:\/\/blogdobispo.com.br\/#website"},"primaryImageOfPage":{"@id":"https:\/\/blogdobispo.com.br\/?p=5442#primaryimage"},"image":{"@id":"https:\/\/blogdobispo.com.br\/?p=5442#primaryimage"},"thumbnailUrl":"https:\/\/blogdobispo.com.br\/wp-content\/uploads\/2025\/05\/887f519a-30d0-49a7-b3c6-4c6a31f2d228-1-1024x787.jpg","datePublished":"2025-05-27T15:03:08+00:00","breadcrumb":{"@id":"https:\/\/blogdobispo.com.br\/?p=5442#breadcrumb"},"inLanguage":"pt-BR","potentialAction":[{"@type":"ReadAction","target":["https:\/\/blogdobispo.com.br\/?p=5442"]}]},{"@type":"ImageObject","inLanguage":"pt-BR","@id":"https:\/\/blogdobispo.com.br\/?p=5442#primaryimage","url":"https:\/\/blogdobispo.com.br\/wp-content\/uploads\/2025\/05\/887f519a-30d0-49a7-b3c6-4c6a31f2d228-1-1024x787.jpg","contentUrl":"https:\/\/blogdobispo.com.br\/wp-content\/uploads\/2025\/05\/887f519a-30d0-49a7-b3c6-4c6a31f2d228-1-1024x787.jpg"},{"@type":"BreadcrumbList","@id":"https:\/\/blogdobispo.com.br\/?p=5442#breadcrumb","itemListElement":[{"@type":"ListItem","position":1,"name":"In\u00edcio","item":"https:\/\/blogdobispo.com.br\/"},{"@type":"ListItem","position":2,"name":"Audi\u00eancia p\u00fablica em Natal debate abusos dos planos de sa\u00fade contra crian\u00e7as com autismo"}]},{"@type":"WebSite","@id":"https:\/\/blogdobispo.com.br\/#website","url":"https:\/\/blogdobispo.com.br\/","name":"Blog do Bispo","description":"Comprometido apenas com o leitor","publisher":{"@id":"https:\/\/blogdobispo.com.br\/#organization"},"potentialAction":[{"@type":"SearchAction","target":{"@type":"EntryPoint","urlTemplate":"https:\/\/blogdobispo.com.br\/?s={search_term_string}"},"query-input":{"@type":"PropertyValueSpecification","valueRequired":true,"valueName":"search_term_string"}}],"inLanguage":"pt-BR"},{"@type":"Organization","@id":"https:\/\/blogdobispo.com.br\/#organization","name":"Blog do Bispo","url":"https:\/\/blogdobispo.com.br\/","logo":{"@type":"ImageObject","inLanguage":"pt-BR","@id":"https:\/\/blogdobispo.com.br\/#\/schema\/logo\/image\/","url":"http:\/\/blogdobispo.com.br\/wp-content\/uploads\/2023\/05\/cropped-headear.png","contentUrl":"http:\/\/blogdobispo.com.br\/wp-content\/uploads\/2023\/05\/cropped-headear.png","width":1500,"height":399,"caption":"Blog do Bispo"},"image":{"@id":"https:\/\/blogdobispo.com.br\/#\/schema\/logo\/image\/"}},{"@type":"Person","@id":"https:\/\/blogdobispo.com.br\/#\/schema\/person\/e2209cc0e6cea5c5233d033e997b373f","name":"Jefferson Sterfeno","image":{"@type":"ImageObject","inLanguage":"pt-BR","@id":"https:\/\/blogdobispo.com.br\/#\/schema\/person\/image\/","url":"https:\/\/secure.gravatar.com\/avatar\/0534e84764641168a677026b6d57a3f51dc7ac4db0b4f6186d9cb330d4ee1160?s=96&d=mm&r=g","contentUrl":"https:\/\/secure.gravatar.com\/avatar\/0534e84764641168a677026b6d57a3f51dc7ac4db0b4f6186d9cb330d4ee1160?s=96&d=mm&r=g","caption":"Jefferson Sterfeno"},"sameAs":["http:\/\/blogdobispo.com.br"],"url":"https:\/\/blogdobispo.com.br\/?author=1"}]}},"featured_image_urls":{"full":"","thumbnail":"","medium":"","medium_large":"","large":"","1536x1536":"","2048x2048":""},"author_info":{"display_name":"Jefferson Sterfeno","author_link":"https:\/\/blogdobispo.com.br\/?author=1"},"category_info":"<a href=\"https:\/\/blogdobispo.com.br\/?cat=1\" rel=\"category\">diversos<\/a>","tag_info":"diversos","comment_count":"0","jetpack_featured_media_url":"","jetpack_sharing_enabled":true,"_links":{"self":[{"href":"https:\/\/blogdobispo.com.br\/index.php?rest_route=\/wp\/v2\/posts\/5442","targetHints":{"allow":["GET"]}}],"collection":[{"href":"https:\/\/blogdobispo.com.br\/index.php?rest_route=\/wp\/v2\/posts"}],"about":[{"href":"https:\/\/blogdobispo.com.br\/index.php?rest_route=\/wp\/v2\/types\/post"}],"author":[{"embeddable":true,"href":"https:\/\/blogdobispo.com.br\/index.php?rest_route=\/wp\/v2\/users\/1"}],"replies":[{"embeddable":true,"href":"https:\/\/blogdobispo.com.br\/index.php?rest_route=%2Fwp%2Fv2%2Fcomments&post=5442"}],"version-history":[{"count":0,"href":"https:\/\/blogdobispo.com.br\/index.php?rest_route=\/wp\/v2\/posts\/5442\/revisions"}],"wp:attachment":[{"href":"https:\/\/blogdobispo.com.br\/index.php?rest_route=%2Fwp%2Fv2%2Fmedia&parent=5442"}],"wp:term":[{"taxonomy":"category","embeddable":true,"href":"https:\/\/blogdobispo.com.br\/index.php?rest_route=%2Fwp%2Fv2%2Fcategories&post=5442"},{"taxonomy":"post_tag","embeddable":true,"href":"https:\/\/blogdobispo.com.br\/index.php?rest_route=%2Fwp%2Fv2%2Ftags&post=5442"}],"curies":[{"name":"wp","href":"https:\/\/api.w.org\/{rel}","templated":true}]}}