{"id":5440,"date":"2025-05-27T14:47:23","date_gmt":"2025-05-27T14:47:23","guid":{"rendered":"https:\/\/blogdobispo.com.br\/?p=5440"},"modified":"2025-05-27T14:47:23","modified_gmt":"2025-05-27T14:47:23","slug":"aumento-do-lixo-nas-ruas-de-natal-gera-preocupacao-e-mobilizacao-do-vereador-eribaldo","status":"publish","type":"post","link":"https:\/\/blogdobispo.com.br\/?p=5440","title":{"rendered":"Aumento do Lixo nas Ruas de Natal Gera Preocupa\u00e7\u00e3o e Mobiliza\u00e7\u00e3o do vereador Eribaldo"},"content":{"rendered":"\n<figure class=\"wp-block-image size-large\"><img data-recalc-dims=\"1\" fetchpriority=\"high\" decoding=\"async\" width=\"473\" height=\"643\" src=\"https:\/\/i0.wp.com\/blogdobispo.com.br\/wp-content\/uploads\/2025\/05\/image-14.jpg?resize=473%2C643&#038;ssl=1\" class=\"wp-image-5439\" srcset=\"https:\/\/i0.wp.com\/blogdobispo.com.br\/wp-content\/uploads\/2025\/05\/image-14.jpg?w=473&amp;ssl=1 473w, https:\/\/i0.wp.com\/blogdobispo.com.br\/wp-content\/uploads\/2025\/05\/image-14.jpg?resize=221%2C300&amp;ssl=1 221w\" sizes=\"(max-width: 473px) 100vw, 473px\" \/><\/figure>\n\n\n\n<p class=\"p1\"><\/p>\n\n\n\n<p class=\"p3\">Natal (RN) \u2013 O vereador Eribaldo utilizou suas redes sociais para alertar a popula\u00e7\u00e3o sobre o crescimento significativo da quantidade de lixo espalhado pelas ruas de Natal, especialmente nas \u00e1reas mais vulner\u00e1veis da cidade. Em publica\u00e7\u00e3o feita no dia 22 de maio, o parlamentar questiona se a coleta de res\u00edduos est\u00e1 funcionando de forma eficaz e pede o apoio da popula\u00e7\u00e3o para relatar a situa\u00e7\u00e3o em seus respectivos bairros.<\/p>\n\n\n\n<p class=\"p3\">\u201cTenho observado um aumento significativo no volume de lixo espalhado pelas ruas de Natal, especialmente nas comunidades\u201d, escreveu o vereador. Ele tamb\u00e9m levanta d\u00favidas sobre a atua\u00e7\u00e3o da Urbana e da Prefeitura no recolhimento regular dos res\u00edduos.<\/p>\n\n\n\n<p class=\"p3\">Eribaldo destaca que o problema voltou a se intensificar em \u00e1reas onde j\u00e1 havia sido controlado. \u201cNas Rocas, conseguimos eliminar os focos de lix\u00f5es durante quatro anos \u2014 e agora esse problema voltou com for\u00e7a\u201d, afirmou.<\/p>\n\n\n\n<p class=\"p3\">O vereador prometeu intensificar as cobran\u00e7as junto aos \u00f3rg\u00e3os respons\u00e1veis e garantiu que continuar\u00e1 atento \u00e0s demandas da popula\u00e7\u00e3o. \u201cSeguiremos atentos e cobrando solu\u00e7\u00f5es concretas. Contem comigo\u201d, finalizou.<\/p>\n\n\n\n<p class=\"p3\">A situa\u00e7\u00e3o chama aten\u00e7\u00e3o para um problema recorrente em centros urbanos: a inefici\u00eancia da coleta de lixo e os impactos diretos na sa\u00fade p\u00fablica e no meio ambiente.<\/p>\n","protected":false},"excerpt":{"rendered":"<p>Natal (RN) \u2013 O vereador Eribaldo utilizou suas redes sociais para alertar a popula\u00e7\u00e3o sobre o crescimento significativo da quantidade de lixo espalhado pelas ruas de Natal, especialmente nas \u00e1reas mais vulner\u00e1veis da cidade. Em publica\u00e7\u00e3o feita no dia 22 de maio, o parlamentar questiona se a coleta de res\u00edduos est\u00e1 funcionando de forma eficaz [&hellip;]<\/p>\n","protected":false},"author":1,"featured_media":0,"comment_status":"open","ping_status":"open","sticky":false,"template":"","format":"standard","meta":{"cybocfi_hide_featured_image":"","_jetpack_memberships_contains_paid_content":false,"footnotes":""},"categories":[1],"tags":[],"class_list":["post-5440","post","type-post","status-publish","format-standard","hentry","category-diversos"],"yoast_head":"<!-- This site is optimized with the Yoast SEO plugin v25.6 - https:\/\/yoast.com\/wordpress\/plugins\/seo\/ -->\n<title>Aumento do Lixo nas Ruas de Natal Gera Preocupa\u00e7\u00e3o e Mobiliza\u00e7\u00e3o do vereador Eribaldo - Blog do Bispo<\/title>\n<meta name=\"robots\" content=\"index, follow, max-snippet:-1, max-image-preview:large, max-video-preview:-1\" \/>\n<link rel=\"canonical\" href=\"https:\/\/blogdobispo.com.br\/?p=5440\" \/>\n<meta property=\"og:locale\" content=\"pt_BR\" \/>\n<meta property=\"og:type\" content=\"article\" \/>\n<meta property=\"og:title\" content=\"Aumento do Lixo nas Ruas de Natal Gera Preocupa\u00e7\u00e3o e Mobiliza\u00e7\u00e3o do vereador Eribaldo - Blog do Bispo\" \/>\n<meta property=\"og:description\" content=\"Natal (RN) \u2013 O vereador Eribaldo utilizou suas redes sociais para alertar a popula\u00e7\u00e3o sobre o crescimento significativo da quantidade de lixo espalhado pelas ruas de Natal, especialmente nas \u00e1reas mais vulner\u00e1veis da cidade. Em publica\u00e7\u00e3o feita no dia 22 de maio, o parlamentar questiona se a coleta de res\u00edduos est\u00e1 funcionando de forma eficaz [&hellip;]\" \/>\n<meta property=\"og:url\" content=\"https:\/\/blogdobispo.com.br\/?p=5440\" \/>\n<meta property=\"og:site_name\" content=\"Blog do Bispo\" \/>\n<meta property=\"article:published_time\" content=\"2025-05-27T14:47:23+00:00\" \/>\n<meta property=\"og:image\" content=\"https:\/\/blogdobispo.com.br\/wp-content\/uploads\/2025\/05\/image-14.jpg\" \/>\n<meta name=\"author\" content=\"Jefferson Sterfeno\" \/>\n<meta name=\"twitter:card\" content=\"summary_large_image\" \/>\n<meta name=\"twitter:label1\" content=\"Escrito por\" \/>\n\t<meta name=\"twitter:data1\" content=\"Jefferson Sterfeno\" \/>\n\t<meta name=\"twitter:label2\" content=\"Est. tempo de leitura\" \/>\n\t<meta name=\"twitter:data2\" content=\"1 minuto\" \/>\n<script type=\"application\/ld+json\" class=\"yoast-schema-graph\">{\"@context\":\"https:\/\/schema.org\",\"@graph\":[{\"@type\":\"Article\",\"@id\":\"https:\/\/blogdobispo.com.br\/?p=5440#article\",\"isPartOf\":{\"@id\":\"https:\/\/blogdobispo.com.br\/?p=5440\"},\"author\":{\"name\":\"Jefferson Sterfeno\",\"@id\":\"https:\/\/blogdobispo.com.br\/#\/schema\/person\/e2209cc0e6cea5c5233d033e997b373f\"},\"headline\":\"Aumento do Lixo nas Ruas de Natal Gera Preocupa\u00e7\u00e3o e Mobiliza\u00e7\u00e3o do vereador Eribaldo\",\"datePublished\":\"2025-05-27T14:47:23+00:00\",\"mainEntityOfPage\":{\"@id\":\"https:\/\/blogdobispo.com.br\/?p=5440\"},\"wordCount\":233,\"commentCount\":0,\"publisher\":{\"@id\":\"https:\/\/blogdobispo.com.br\/#organization\"},\"image\":{\"@id\":\"https:\/\/blogdobispo.com.br\/?p=5440#primaryimage\"},\"thumbnailUrl\":\"https:\/\/blogdobispo.com.br\/wp-content\/uploads\/2025\/05\/image-14.jpg\",\"articleSection\":[\"diversos\"],\"inLanguage\":\"pt-BR\",\"potentialAction\":[{\"@type\":\"CommentAction\",\"name\":\"Comment\",\"target\":[\"https:\/\/blogdobispo.com.br\/?p=5440#respond\"]}]},{\"@type\":\"WebPage\",\"@id\":\"https:\/\/blogdobispo.com.br\/?p=5440\",\"url\":\"https:\/\/blogdobispo.com.br\/?p=5440\",\"name\":\"Aumento do Lixo nas Ruas de Natal Gera Preocupa\u00e7\u00e3o e Mobiliza\u00e7\u00e3o do vereador Eribaldo - Blog do Bispo\",\"isPartOf\":{\"@id\":\"https:\/\/blogdobispo.com.br\/#website\"},\"primaryImageOfPage\":{\"@id\":\"https:\/\/blogdobispo.com.br\/?p=5440#primaryimage\"},\"image\":{\"@id\":\"https:\/\/blogdobispo.com.br\/?p=5440#primaryimage\"},\"thumbnailUrl\":\"https:\/\/blogdobispo.com.br\/wp-content\/uploads\/2025\/05\/image-14.jpg\",\"datePublished\":\"2025-05-27T14:47:23+00:00\",\"breadcrumb\":{\"@id\":\"https:\/\/blogdobispo.com.br\/?p=5440#breadcrumb\"},\"inLanguage\":\"pt-BR\",\"potentialAction\":[{\"@type\":\"ReadAction\",\"target\":[\"https:\/\/blogdobispo.com.br\/?p=5440\"]}]},{\"@type\":\"ImageObject\",\"inLanguage\":\"pt-BR\",\"@id\":\"https:\/\/blogdobispo.com.br\/?p=5440#primaryimage\",\"url\":\"https:\/\/blogdobispo.com.br\/wp-content\/uploads\/2025\/05\/image-14.jpg\",\"contentUrl\":\"https:\/\/blogdobispo.com.br\/wp-content\/uploads\/2025\/05\/image-14.jpg\"},{\"@type\":\"BreadcrumbList\",\"@id\":\"https:\/\/blogdobispo.com.br\/?p=5440#breadcrumb\",\"itemListElement\":[{\"@type\":\"ListItem\",\"position\":1,\"name\":\"In\u00edcio\",\"item\":\"https:\/\/blogdobispo.com.br\/\"},{\"@type\":\"ListItem\",\"position\":2,\"name\":\"Aumento do Lixo nas Ruas de Natal Gera Preocupa\u00e7\u00e3o e Mobiliza\u00e7\u00e3o do vereador Eribaldo\"}]},{\"@type\":\"WebSite\",\"@id\":\"https:\/\/blogdobispo.com.br\/#website\",\"url\":\"https:\/\/blogdobispo.com.br\/\",\"name\":\"Blog do Bispo\",\"description\":\"Comprometido apenas com o leitor\",\"publisher\":{\"@id\":\"https:\/\/blogdobispo.com.br\/#organization\"},\"potentialAction\":[{\"@type\":\"SearchAction\",\"target\":{\"@type\":\"EntryPoint\",\"urlTemplate\":\"https:\/\/blogdobispo.com.br\/?s={search_term_string}\"},\"query-input\":{\"@type\":\"PropertyValueSpecification\",\"valueRequired\":true,\"valueName\":\"search_term_string\"}}],\"inLanguage\":\"pt-BR\"},{\"@type\":\"Organization\",\"@id\":\"https:\/\/blogdobispo.com.br\/#organization\",\"name\":\"Blog do Bispo\",\"url\":\"https:\/\/blogdobispo.com.br\/\",\"logo\":{\"@type\":\"ImageObject\",\"inLanguage\":\"pt-BR\",\"@id\":\"https:\/\/blogdobispo.com.br\/#\/schema\/logo\/image\/\",\"url\":\"http:\/\/blogdobispo.com.br\/wp-content\/uploads\/2023\/05\/cropped-headear.png\",\"contentUrl\":\"http:\/\/blogdobispo.com.br\/wp-content\/uploads\/2023\/05\/cropped-headear.png\",\"width\":1500,\"height\":399,\"caption\":\"Blog do Bispo\"},\"image\":{\"@id\":\"https:\/\/blogdobispo.com.br\/#\/schema\/logo\/image\/\"}},{\"@type\":\"Person\",\"@id\":\"https:\/\/blogdobispo.com.br\/#\/schema\/person\/e2209cc0e6cea5c5233d033e997b373f\",\"name\":\"Jefferson Sterfeno\",\"image\":{\"@type\":\"ImageObject\",\"inLanguage\":\"pt-BR\",\"@id\":\"https:\/\/blogdobispo.com.br\/#\/schema\/person\/image\/\",\"url\":\"https:\/\/secure.gravatar.com\/avatar\/0534e84764641168a677026b6d57a3f51dc7ac4db0b4f6186d9cb330d4ee1160?s=96&d=mm&r=g\",\"contentUrl\":\"https:\/\/secure.gravatar.com\/avatar\/0534e84764641168a677026b6d57a3f51dc7ac4db0b4f6186d9cb330d4ee1160?s=96&d=mm&r=g\",\"caption\":\"Jefferson Sterfeno\"},\"sameAs\":[\"http:\/\/blogdobispo.com.br\"],\"url\":\"https:\/\/blogdobispo.com.br\/?author=1\"}]}<\/script>\n<!-- \/ Yoast SEO plugin. -->","yoast_head_json":{"title":"Aumento do Lixo nas Ruas de Natal Gera Preocupa\u00e7\u00e3o e Mobiliza\u00e7\u00e3o do vereador Eribaldo - Blog do Bispo","robots":{"index":"index","follow":"follow","max-snippet":"max-snippet:-1","max-image-preview":"max-image-preview:large","max-video-preview":"max-video-preview:-1"},"canonical":"https:\/\/blogdobispo.com.br\/?p=5440","og_locale":"pt_BR","og_type":"article","og_title":"Aumento do Lixo nas Ruas de Natal Gera Preocupa\u00e7\u00e3o e Mobiliza\u00e7\u00e3o do vereador Eribaldo - Blog do Bispo","og_description":"Natal (RN) \u2013 O vereador Eribaldo utilizou suas redes sociais para alertar a popula\u00e7\u00e3o sobre o crescimento significativo da quantidade de lixo espalhado pelas ruas de Natal, especialmente nas \u00e1reas mais vulner\u00e1veis da cidade. Em publica\u00e7\u00e3o feita no dia 22 de maio, o parlamentar questiona se a coleta de res\u00edduos est\u00e1 funcionando de forma eficaz [&hellip;]","og_url":"https:\/\/blogdobispo.com.br\/?p=5440","og_site_name":"Blog do Bispo","article_published_time":"2025-05-27T14:47:23+00:00","og_image":[{"url":"https:\/\/blogdobispo.com.br\/wp-content\/uploads\/2025\/05\/image-14.jpg","type":"","width":"","height":""}],"author":"Jefferson Sterfeno","twitter_card":"summary_large_image","twitter_misc":{"Escrito por":"Jefferson Sterfeno","Est. tempo de leitura":"1 minuto"},"schema":{"@context":"https:\/\/schema.org","@graph":[{"@type":"Article","@id":"https:\/\/blogdobispo.com.br\/?p=5440#article","isPartOf":{"@id":"https:\/\/blogdobispo.com.br\/?p=5440"},"author":{"name":"Jefferson Sterfeno","@id":"https:\/\/blogdobispo.com.br\/#\/schema\/person\/e2209cc0e6cea5c5233d033e997b373f"},"headline":"Aumento do Lixo nas Ruas de Natal Gera Preocupa\u00e7\u00e3o e Mobiliza\u00e7\u00e3o do vereador Eribaldo","datePublished":"2025-05-27T14:47:23+00:00","mainEntityOfPage":{"@id":"https:\/\/blogdobispo.com.br\/?p=5440"},"wordCount":233,"commentCount":0,"publisher":{"@id":"https:\/\/blogdobispo.com.br\/#organization"},"image":{"@id":"https:\/\/blogdobispo.com.br\/?p=5440#primaryimage"},"thumbnailUrl":"https:\/\/blogdobispo.com.br\/wp-content\/uploads\/2025\/05\/image-14.jpg","articleSection":["diversos"],"inLanguage":"pt-BR","potentialAction":[{"@type":"CommentAction","name":"Comment","target":["https:\/\/blogdobispo.com.br\/?p=5440#respond"]}]},{"@type":"WebPage","@id":"https:\/\/blogdobispo.com.br\/?p=5440","url":"https:\/\/blogdobispo.com.br\/?p=5440","name":"Aumento do Lixo nas Ruas de Natal Gera Preocupa\u00e7\u00e3o e Mobiliza\u00e7\u00e3o do vereador Eribaldo - Blog do Bispo","isPartOf":{"@id":"https:\/\/blogdobispo.com.br\/#website"},"primaryImageOfPage":{"@id":"https:\/\/blogdobispo.com.br\/?p=5440#primaryimage"},"image":{"@id":"https:\/\/blogdobispo.com.br\/?p=5440#primaryimage"},"thumbnailUrl":"https:\/\/blogdobispo.com.br\/wp-content\/uploads\/2025\/05\/image-14.jpg","datePublished":"2025-05-27T14:47:23+00:00","breadcrumb":{"@id":"https:\/\/blogdobispo.com.br\/?p=5440#breadcrumb"},"inLanguage":"pt-BR","potentialAction":[{"@type":"ReadAction","target":["https:\/\/blogdobispo.com.br\/?p=5440"]}]},{"@type":"ImageObject","inLanguage":"pt-BR","@id":"https:\/\/blogdobispo.com.br\/?p=5440#primaryimage","url":"https:\/\/blogdobispo.com.br\/wp-content\/uploads\/2025\/05\/image-14.jpg","contentUrl":"https:\/\/blogdobispo.com.br\/wp-content\/uploads\/2025\/05\/image-14.jpg"},{"@type":"BreadcrumbList","@id":"https:\/\/blogdobispo.com.br\/?p=5440#breadcrumb","itemListElement":[{"@type":"ListItem","position":1,"name":"In\u00edcio","item":"https:\/\/blogdobispo.com.br\/"},{"@type":"ListItem","position":2,"name":"Aumento do Lixo nas Ruas de Natal Gera Preocupa\u00e7\u00e3o e Mobiliza\u00e7\u00e3o do vereador Eribaldo"}]},{"@type":"WebSite","@id":"https:\/\/blogdobispo.com.br\/#website","url":"https:\/\/blogdobispo.com.br\/","name":"Blog do Bispo","description":"Comprometido apenas com o leitor","publisher":{"@id":"https:\/\/blogdobispo.com.br\/#organization"},"potentialAction":[{"@type":"SearchAction","target":{"@type":"EntryPoint","urlTemplate":"https:\/\/blogdobispo.com.br\/?s={search_term_string}"},"query-input":{"@type":"PropertyValueSpecification","valueRequired":true,"valueName":"search_term_string"}}],"inLanguage":"pt-BR"},{"@type":"Organization","@id":"https:\/\/blogdobispo.com.br\/#organization","name":"Blog do Bispo","url":"https:\/\/blogdobispo.com.br\/","logo":{"@type":"ImageObject","inLanguage":"pt-BR","@id":"https:\/\/blogdobispo.com.br\/#\/schema\/logo\/image\/","url":"http:\/\/blogdobispo.com.br\/wp-content\/uploads\/2023\/05\/cropped-headear.png","contentUrl":"http:\/\/blogdobispo.com.br\/wp-content\/uploads\/2023\/05\/cropped-headear.png","width":1500,"height":399,"caption":"Blog do Bispo"},"image":{"@id":"https:\/\/blogdobispo.com.br\/#\/schema\/logo\/image\/"}},{"@type":"Person","@id":"https:\/\/blogdobispo.com.br\/#\/schema\/person\/e2209cc0e6cea5c5233d033e997b373f","name":"Jefferson Sterfeno","image":{"@type":"ImageObject","inLanguage":"pt-BR","@id":"https:\/\/blogdobispo.com.br\/#\/schema\/person\/image\/","url":"https:\/\/secure.gravatar.com\/avatar\/0534e84764641168a677026b6d57a3f51dc7ac4db0b4f6186d9cb330d4ee1160?s=96&d=mm&r=g","contentUrl":"https:\/\/secure.gravatar.com\/avatar\/0534e84764641168a677026b6d57a3f51dc7ac4db0b4f6186d9cb330d4ee1160?s=96&d=mm&r=g","caption":"Jefferson Sterfeno"},"sameAs":["http:\/\/blogdobispo.com.br"],"url":"https:\/\/blogdobispo.com.br\/?author=1"}]}},"featured_image_urls":{"full":"","thumbnail":"","medium":"","medium_large":"","large":"","1536x1536":"","2048x2048":""},"author_info":{"display_name":"Jefferson Sterfeno","author_link":"https:\/\/blogdobispo.com.br\/?author=1"},"category_info":"<a href=\"https:\/\/blogdobispo.com.br\/?cat=1\" rel=\"category\">diversos<\/a>","tag_info":"diversos","comment_count":"0","jetpack_featured_media_url":"","jetpack_sharing_enabled":true,"_links":{"self":[{"href":"https:\/\/blogdobispo.com.br\/index.php?rest_route=\/wp\/v2\/posts\/5440","targetHints":{"allow":["GET"]}}],"collection":[{"href":"https:\/\/blogdobispo.com.br\/index.php?rest_route=\/wp\/v2\/posts"}],"about":[{"href":"https:\/\/blogdobispo.com.br\/index.php?rest_route=\/wp\/v2\/types\/post"}],"author":[{"embeddable":true,"href":"https:\/\/blogdobispo.com.br\/index.php?rest_route=\/wp\/v2\/users\/1"}],"replies":[{"embeddable":true,"href":"https:\/\/blogdobispo.com.br\/index.php?rest_route=%2Fwp%2Fv2%2Fcomments&post=5440"}],"version-history":[{"count":0,"href":"https:\/\/blogdobispo.com.br\/index.php?rest_route=\/wp\/v2\/posts\/5440\/revisions"}],"wp:attachment":[{"href":"https:\/\/blogdobispo.com.br\/index.php?rest_route=%2Fwp%2Fv2%2Fmedia&parent=5440"}],"wp:term":[{"taxonomy":"category","embeddable":true,"href":"https:\/\/blogdobispo.com.br\/index.php?rest_route=%2Fwp%2Fv2%2Fcategories&post=5440"},{"taxonomy":"post_tag","embeddable":true,"href":"https:\/\/blogdobispo.com.br\/index.php?rest_route=%2Fwp%2Fv2%2Ftags&post=5440"}],"curies":[{"name":"wp","href":"https:\/\/api.w.org\/{rel}","templated":true}]}}