{"id":5436,"date":"2025-05-28T01:57:14","date_gmt":"2025-05-28T01:57:14","guid":{"rendered":"https:\/\/blogdobispo.com.br\/?p=5436"},"modified":"2025-05-28T01:57:15","modified_gmt":"2025-05-28T01:57:15","slug":"antonio-jacome-o-pioneirismo-do-medico-amigo-na-vida-publica-e-no-segmento-evangelico","status":"publish","type":"post","link":"https:\/\/blogdobispo.com.br\/?p=5436","title":{"rendered":"Ant\u00f4nio J\u00e1come: o pioneirismo do m\u00e9dico amigo na vida p\u00fablica e no segmento evang\u00e9lico"},"content":{"rendered":"\n<p class=\"p1\">Nada e ningu\u00e9m poder\u00e1 apagar a hist\u00f3ria de Ant\u00f4nio J\u00e1come de Lima J\u00fanior no segmento evang\u00e9lico e social.<\/p>\n\n\n\n<p class=\"p1\">Ao longo de d\u00e9cadas de atua\u00e7\u00e3o, Ant\u00f4nio J\u00e1come consolidou-se como uma das figuras mais marcantes da pol\u00edtica do Rio Grande do Norte, combinando sua forma\u00e7\u00e3o m\u00e9dica com um olhar voltado para as necessidades sociais mais urgentes. Seu pioneirismo se manifesta n\u00e3o apenas nas pautas que defendeu, mas na maneira inovadora como integrou o conhecimento t\u00e9cnico da sa\u00fade p\u00fablica e crescimento dos evang\u00e9licos na pol\u00edtica Potiguar. <\/p>\n\n\n\n<p class=\"p1\">Foi um dos primeiros profissionais da medicina a levar para o parlamento estadual um projeto pol\u00edtico centrado na promo\u00e7\u00e3o da sa\u00fade e no cuidado com os mais vulner\u00e1veis. Como deputado estadual e, posteriormente, como deputado federal, Ant\u00f4nio J\u00e1come protagonizou debates relevantes sobre sa\u00fade preventiva, combate \u00e0 mortalidade infantil, e fortalecimento do Sistema \u00danico de Sa\u00fade (SUS), muito antes dessas pautas ganharem a visibilidade que t\u00eam hoje.<\/p>\n\n\n\n<p class=\"p1\">Seu mandato tamb\u00e9m foi marcado por a\u00e7\u00f5es pioneiras na defesa dos direitos de crian\u00e7as, adolescentes e idosos, grupos historicamente desassistidos nas pol\u00edticas p\u00fablicas. A sensibilidade social com que abordou essas quest\u00f5es fez com que sua atua\u00e7\u00e3o se destacasse pela profundidade t\u00e9cnica aliada ao compromisso com a justi\u00e7a social.<\/p>\n\n\n\n<p class=\"p1\">J\u00e1come tamb\u00e9m inovou ao adotar uma postura pol\u00edtica marcada pela \u00e9tica e pela coer\u00eancia. Em um cen\u00e1rio frequentemente inst\u00e1vel, sua trajet\u00f3ria foi constru\u00edda com base em princ\u00edpios firmes e uma atua\u00e7\u00e3o legislativa propositiva, que sempre buscou solu\u00e7\u00f5es concretas para os problemas reais da popula\u00e7\u00e3o.<\/p>\n\n\n\n<p class=\"p1\">Ao ocupar cargos como vice-governador do estado, Ant\u00f4nio J\u00e1come continuou exercendo influ\u00eancia significativa na formula\u00e7\u00e3o de pol\u00edticas p\u00fablicas voltadas \u00e0 sa\u00fade e \u00e0 assist\u00eancia social. Seu pioneirismo, por\u00e9m, n\u00e3o se limitou \u00e0s a\u00e7\u00f5es de governo, mas tamb\u00e9m se refletiu na inspira\u00e7\u00e3o que ofereceu a outras lideran\u00e7as que, como ele, acreditam que a pol\u00edtica pode e deve ser um instrumento de transforma\u00e7\u00e3o.<\/p>\n\n\n\n<p class=\"p1\">Mais do que um pol\u00edtico de carreira, Ant\u00f4nio J\u00e1come representa um modelo de lideran\u00e7a. Seu legado \u00e9 o de um verdadeiro pioneiro: algu\u00e9m que abre caminhos, desafia estruturas e promove mudan\u00e7as duradouras.<\/p>\n\n\n\n<p>Vida longa ao Doutor. <\/p>\n\n\n\n<figure class=\"wp-block-image size-large\"><img data-recalc-dims=\"1\" fetchpriority=\"high\" decoding=\"async\" width=\"678\" height=\"452\" src=\"https:\/\/i0.wp.com\/blogdobispo.com.br\/wp-content\/uploads\/2025\/05\/img_4626-1.jpg?resize=678%2C452&#038;ssl=1\" alt=\"\" class=\"wp-image-5435\" srcset=\"https:\/\/i0.wp.com\/blogdobispo.com.br\/wp-content\/uploads\/2025\/05\/img_4626-1.jpg?w=678&amp;ssl=1 678w, https:\/\/i0.wp.com\/blogdobispo.com.br\/wp-content\/uploads\/2025\/05\/img_4626-1.jpg?resize=300%2C200&amp;ssl=1 300w\" sizes=\"(max-width: 678px) 100vw, 678px\" \/><\/figure>\n","protected":false},"excerpt":{"rendered":"<p>Nada e ningu\u00e9m poder\u00e1 apagar a hist\u00f3ria de Ant\u00f4nio J\u00e1come de Lima J\u00fanior no segmento evang\u00e9lico e social. Ao longo de d\u00e9cadas de atua\u00e7\u00e3o, Ant\u00f4nio J\u00e1come consolidou-se como uma das figuras mais marcantes da pol\u00edtica do Rio Grande do Norte, combinando sua forma\u00e7\u00e3o m\u00e9dica com um olhar voltado para as necessidades sociais mais urgentes. Seu [&hellip;]<\/p>\n","protected":false},"author":1,"featured_media":0,"comment_status":"open","ping_status":"open","sticky":false,"template":"","format":"standard","meta":{"cybocfi_hide_featured_image":"","_jetpack_memberships_contains_paid_content":false,"footnotes":""},"categories":[1],"tags":[],"class_list":["post-5436","post","type-post","status-publish","format-standard","hentry","category-diversos"],"yoast_head":"<!-- This site is optimized with the Yoast SEO plugin v25.6 - https:\/\/yoast.com\/wordpress\/plugins\/seo\/ -->\n<title>Ant\u00f4nio J\u00e1come: o pioneirismo do m\u00e9dico amigo na vida p\u00fablica e no segmento evang\u00e9lico - Blog do Bispo<\/title>\n<meta name=\"robots\" content=\"index, follow, max-snippet:-1, max-image-preview:large, max-video-preview:-1\" \/>\n<link rel=\"canonical\" href=\"https:\/\/blogdobispo.com.br\/?p=5436\" \/>\n<meta property=\"og:locale\" content=\"pt_BR\" \/>\n<meta property=\"og:type\" content=\"article\" \/>\n<meta property=\"og:title\" content=\"Ant\u00f4nio J\u00e1come: o pioneirismo do m\u00e9dico amigo na vida p\u00fablica e no segmento evang\u00e9lico - Blog do Bispo\" \/>\n<meta property=\"og:description\" content=\"Nada e ningu\u00e9m poder\u00e1 apagar a hist\u00f3ria de Ant\u00f4nio J\u00e1come de Lima J\u00fanior no segmento evang\u00e9lico e social. Ao longo de d\u00e9cadas de atua\u00e7\u00e3o, Ant\u00f4nio J\u00e1come consolidou-se como uma das figuras mais marcantes da pol\u00edtica do Rio Grande do Norte, combinando sua forma\u00e7\u00e3o m\u00e9dica com um olhar voltado para as necessidades sociais mais urgentes. Seu [&hellip;]\" \/>\n<meta property=\"og:url\" content=\"https:\/\/blogdobispo.com.br\/?p=5436\" \/>\n<meta property=\"og:site_name\" content=\"Blog do Bispo\" \/>\n<meta property=\"article:published_time\" content=\"2025-05-28T01:57:14+00:00\" \/>\n<meta property=\"article:modified_time\" content=\"2025-05-28T01:57:15+00:00\" \/>\n<meta property=\"og:image\" content=\"https:\/\/blogdobispo.com.br\/wp-content\/uploads\/2025\/05\/img_4626-1.jpg\" \/>\n<meta name=\"author\" content=\"Jefferson Sterfeno\" \/>\n<meta name=\"twitter:card\" content=\"summary_large_image\" \/>\n<meta name=\"twitter:label1\" content=\"Escrito por\" \/>\n\t<meta name=\"twitter:data1\" content=\"Jefferson Sterfeno\" \/>\n\t<meta name=\"twitter:label2\" content=\"Est. tempo de leitura\" \/>\n\t<meta name=\"twitter:data2\" content=\"2 minutos\" \/>\n<script type=\"application\/ld+json\" class=\"yoast-schema-graph\">{\"@context\":\"https:\/\/schema.org\",\"@graph\":[{\"@type\":\"Article\",\"@id\":\"https:\/\/blogdobispo.com.br\/?p=5436#article\",\"isPartOf\":{\"@id\":\"https:\/\/blogdobispo.com.br\/?p=5436\"},\"author\":{\"name\":\"Jefferson Sterfeno\",\"@id\":\"https:\/\/blogdobispo.com.br\/#\/schema\/person\/e2209cc0e6cea5c5233d033e997b373f\"},\"headline\":\"Ant\u00f4nio J\u00e1come: o pioneirismo do m\u00e9dico amigo na vida p\u00fablica e no segmento evang\u00e9lico\",\"datePublished\":\"2025-05-28T01:57:14+00:00\",\"dateModified\":\"2025-05-28T01:57:15+00:00\",\"mainEntityOfPage\":{\"@id\":\"https:\/\/blogdobispo.com.br\/?p=5436\"},\"wordCount\":424,\"commentCount\":0,\"publisher\":{\"@id\":\"https:\/\/blogdobispo.com.br\/#organization\"},\"image\":{\"@id\":\"https:\/\/blogdobispo.com.br\/?p=5436#primaryimage\"},\"thumbnailUrl\":\"https:\/\/blogdobispo.com.br\/wp-content\/uploads\/2025\/05\/img_4626-1.jpg\",\"articleSection\":[\"diversos\"],\"inLanguage\":\"pt-BR\",\"potentialAction\":[{\"@type\":\"CommentAction\",\"name\":\"Comment\",\"target\":[\"https:\/\/blogdobispo.com.br\/?p=5436#respond\"]}]},{\"@type\":\"WebPage\",\"@id\":\"https:\/\/blogdobispo.com.br\/?p=5436\",\"url\":\"https:\/\/blogdobispo.com.br\/?p=5436\",\"name\":\"Ant\u00f4nio J\u00e1come: o pioneirismo do m\u00e9dico amigo na vida p\u00fablica e no segmento evang\u00e9lico - Blog do Bispo\",\"isPartOf\":{\"@id\":\"https:\/\/blogdobispo.com.br\/#website\"},\"primaryImageOfPage\":{\"@id\":\"https:\/\/blogdobispo.com.br\/?p=5436#primaryimage\"},\"image\":{\"@id\":\"https:\/\/blogdobispo.com.br\/?p=5436#primaryimage\"},\"thumbnailUrl\":\"https:\/\/blogdobispo.com.br\/wp-content\/uploads\/2025\/05\/img_4626-1.jpg\",\"datePublished\":\"2025-05-28T01:57:14+00:00\",\"dateModified\":\"2025-05-28T01:57:15+00:00\",\"breadcrumb\":{\"@id\":\"https:\/\/blogdobispo.com.br\/?p=5436#breadcrumb\"},\"inLanguage\":\"pt-BR\",\"potentialAction\":[{\"@type\":\"ReadAction\",\"target\":[\"https:\/\/blogdobispo.com.br\/?p=5436\"]}]},{\"@type\":\"ImageObject\",\"inLanguage\":\"pt-BR\",\"@id\":\"https:\/\/blogdobispo.com.br\/?p=5436#primaryimage\",\"url\":\"https:\/\/blogdobispo.com.br\/wp-content\/uploads\/2025\/05\/img_4626-1.jpg\",\"contentUrl\":\"https:\/\/blogdobispo.com.br\/wp-content\/uploads\/2025\/05\/img_4626-1.jpg\"},{\"@type\":\"BreadcrumbList\",\"@id\":\"https:\/\/blogdobispo.com.br\/?p=5436#breadcrumb\",\"itemListElement\":[{\"@type\":\"ListItem\",\"position\":1,\"name\":\"In\u00edcio\",\"item\":\"https:\/\/blogdobispo.com.br\/\"},{\"@type\":\"ListItem\",\"position\":2,\"name\":\"Ant\u00f4nio J\u00e1come: o pioneirismo do m\u00e9dico amigo na vida p\u00fablica e no segmento evang\u00e9lico\"}]},{\"@type\":\"WebSite\",\"@id\":\"https:\/\/blogdobispo.com.br\/#website\",\"url\":\"https:\/\/blogdobispo.com.br\/\",\"name\":\"Blog do Bispo\",\"description\":\"Comprometido apenas com o leitor\",\"publisher\":{\"@id\":\"https:\/\/blogdobispo.com.br\/#organization\"},\"potentialAction\":[{\"@type\":\"SearchAction\",\"target\":{\"@type\":\"EntryPoint\",\"urlTemplate\":\"https:\/\/blogdobispo.com.br\/?s={search_term_string}\"},\"query-input\":{\"@type\":\"PropertyValueSpecification\",\"valueRequired\":true,\"valueName\":\"search_term_string\"}}],\"inLanguage\":\"pt-BR\"},{\"@type\":\"Organization\",\"@id\":\"https:\/\/blogdobispo.com.br\/#organization\",\"name\":\"Blog do Bispo\",\"url\":\"https:\/\/blogdobispo.com.br\/\",\"logo\":{\"@type\":\"ImageObject\",\"inLanguage\":\"pt-BR\",\"@id\":\"https:\/\/blogdobispo.com.br\/#\/schema\/logo\/image\/\",\"url\":\"http:\/\/blogdobispo.com.br\/wp-content\/uploads\/2023\/05\/cropped-headear.png\",\"contentUrl\":\"http:\/\/blogdobispo.com.br\/wp-content\/uploads\/2023\/05\/cropped-headear.png\",\"width\":1500,\"height\":399,\"caption\":\"Blog do Bispo\"},\"image\":{\"@id\":\"https:\/\/blogdobispo.com.br\/#\/schema\/logo\/image\/\"}},{\"@type\":\"Person\",\"@id\":\"https:\/\/blogdobispo.com.br\/#\/schema\/person\/e2209cc0e6cea5c5233d033e997b373f\",\"name\":\"Jefferson Sterfeno\",\"image\":{\"@type\":\"ImageObject\",\"inLanguage\":\"pt-BR\",\"@id\":\"https:\/\/blogdobispo.com.br\/#\/schema\/person\/image\/\",\"url\":\"https:\/\/secure.gravatar.com\/avatar\/0534e84764641168a677026b6d57a3f51dc7ac4db0b4f6186d9cb330d4ee1160?s=96&d=mm&r=g\",\"contentUrl\":\"https:\/\/secure.gravatar.com\/avatar\/0534e84764641168a677026b6d57a3f51dc7ac4db0b4f6186d9cb330d4ee1160?s=96&d=mm&r=g\",\"caption\":\"Jefferson Sterfeno\"},\"sameAs\":[\"http:\/\/blogdobispo.com.br\"],\"url\":\"https:\/\/blogdobispo.com.br\/?author=1\"}]}<\/script>\n<!-- \/ Yoast SEO plugin. -->","yoast_head_json":{"title":"Ant\u00f4nio J\u00e1come: o pioneirismo do m\u00e9dico amigo na vida p\u00fablica e no segmento evang\u00e9lico - Blog do Bispo","robots":{"index":"index","follow":"follow","max-snippet":"max-snippet:-1","max-image-preview":"max-image-preview:large","max-video-preview":"max-video-preview:-1"},"canonical":"https:\/\/blogdobispo.com.br\/?p=5436","og_locale":"pt_BR","og_type":"article","og_title":"Ant\u00f4nio J\u00e1come: o pioneirismo do m\u00e9dico amigo na vida p\u00fablica e no segmento evang\u00e9lico - Blog do Bispo","og_description":"Nada e ningu\u00e9m poder\u00e1 apagar a hist\u00f3ria de Ant\u00f4nio J\u00e1come de Lima J\u00fanior no segmento evang\u00e9lico e social. Ao longo de d\u00e9cadas de atua\u00e7\u00e3o, Ant\u00f4nio J\u00e1come consolidou-se como uma das figuras mais marcantes da pol\u00edtica do Rio Grande do Norte, combinando sua forma\u00e7\u00e3o m\u00e9dica com um olhar voltado para as necessidades sociais mais urgentes. Seu [&hellip;]","og_url":"https:\/\/blogdobispo.com.br\/?p=5436","og_site_name":"Blog do Bispo","article_published_time":"2025-05-28T01:57:14+00:00","article_modified_time":"2025-05-28T01:57:15+00:00","og_image":[{"url":"https:\/\/blogdobispo.com.br\/wp-content\/uploads\/2025\/05\/img_4626-1.jpg","type":"","width":"","height":""}],"author":"Jefferson Sterfeno","twitter_card":"summary_large_image","twitter_misc":{"Escrito por":"Jefferson Sterfeno","Est. tempo de leitura":"2 minutos"},"schema":{"@context":"https:\/\/schema.org","@graph":[{"@type":"Article","@id":"https:\/\/blogdobispo.com.br\/?p=5436#article","isPartOf":{"@id":"https:\/\/blogdobispo.com.br\/?p=5436"},"author":{"name":"Jefferson Sterfeno","@id":"https:\/\/blogdobispo.com.br\/#\/schema\/person\/e2209cc0e6cea5c5233d033e997b373f"},"headline":"Ant\u00f4nio J\u00e1come: o pioneirismo do m\u00e9dico amigo na vida p\u00fablica e no segmento evang\u00e9lico","datePublished":"2025-05-28T01:57:14+00:00","dateModified":"2025-05-28T01:57:15+00:00","mainEntityOfPage":{"@id":"https:\/\/blogdobispo.com.br\/?p=5436"},"wordCount":424,"commentCount":0,"publisher":{"@id":"https:\/\/blogdobispo.com.br\/#organization"},"image":{"@id":"https:\/\/blogdobispo.com.br\/?p=5436#primaryimage"},"thumbnailUrl":"https:\/\/blogdobispo.com.br\/wp-content\/uploads\/2025\/05\/img_4626-1.jpg","articleSection":["diversos"],"inLanguage":"pt-BR","potentialAction":[{"@type":"CommentAction","name":"Comment","target":["https:\/\/blogdobispo.com.br\/?p=5436#respond"]}]},{"@type":"WebPage","@id":"https:\/\/blogdobispo.com.br\/?p=5436","url":"https:\/\/blogdobispo.com.br\/?p=5436","name":"Ant\u00f4nio J\u00e1come: o pioneirismo do m\u00e9dico amigo na vida p\u00fablica e no segmento evang\u00e9lico - Blog do Bispo","isPartOf":{"@id":"https:\/\/blogdobispo.com.br\/#website"},"primaryImageOfPage":{"@id":"https:\/\/blogdobispo.com.br\/?p=5436#primaryimage"},"image":{"@id":"https:\/\/blogdobispo.com.br\/?p=5436#primaryimage"},"thumbnailUrl":"https:\/\/blogdobispo.com.br\/wp-content\/uploads\/2025\/05\/img_4626-1.jpg","datePublished":"2025-05-28T01:57:14+00:00","dateModified":"2025-05-28T01:57:15+00:00","breadcrumb":{"@id":"https:\/\/blogdobispo.com.br\/?p=5436#breadcrumb"},"inLanguage":"pt-BR","potentialAction":[{"@type":"ReadAction","target":["https:\/\/blogdobispo.com.br\/?p=5436"]}]},{"@type":"ImageObject","inLanguage":"pt-BR","@id":"https:\/\/blogdobispo.com.br\/?p=5436#primaryimage","url":"https:\/\/blogdobispo.com.br\/wp-content\/uploads\/2025\/05\/img_4626-1.jpg","contentUrl":"https:\/\/blogdobispo.com.br\/wp-content\/uploads\/2025\/05\/img_4626-1.jpg"},{"@type":"BreadcrumbList","@id":"https:\/\/blogdobispo.com.br\/?p=5436#breadcrumb","itemListElement":[{"@type":"ListItem","position":1,"name":"In\u00edcio","item":"https:\/\/blogdobispo.com.br\/"},{"@type":"ListItem","position":2,"name":"Ant\u00f4nio J\u00e1come: o pioneirismo do m\u00e9dico amigo na vida p\u00fablica e no segmento evang\u00e9lico"}]},{"@type":"WebSite","@id":"https:\/\/blogdobispo.com.br\/#website","url":"https:\/\/blogdobispo.com.br\/","name":"Blog do Bispo","description":"Comprometido apenas com o leitor","publisher":{"@id":"https:\/\/blogdobispo.com.br\/#organization"},"potentialAction":[{"@type":"SearchAction","target":{"@type":"EntryPoint","urlTemplate":"https:\/\/blogdobispo.com.br\/?s={search_term_string}"},"query-input":{"@type":"PropertyValueSpecification","valueRequired":true,"valueName":"search_term_string"}}],"inLanguage":"pt-BR"},{"@type":"Organization","@id":"https:\/\/blogdobispo.com.br\/#organization","name":"Blog do Bispo","url":"https:\/\/blogdobispo.com.br\/","logo":{"@type":"ImageObject","inLanguage":"pt-BR","@id":"https:\/\/blogdobispo.com.br\/#\/schema\/logo\/image\/","url":"http:\/\/blogdobispo.com.br\/wp-content\/uploads\/2023\/05\/cropped-headear.png","contentUrl":"http:\/\/blogdobispo.com.br\/wp-content\/uploads\/2023\/05\/cropped-headear.png","width":1500,"height":399,"caption":"Blog do Bispo"},"image":{"@id":"https:\/\/blogdobispo.com.br\/#\/schema\/logo\/image\/"}},{"@type":"Person","@id":"https:\/\/blogdobispo.com.br\/#\/schema\/person\/e2209cc0e6cea5c5233d033e997b373f","name":"Jefferson Sterfeno","image":{"@type":"ImageObject","inLanguage":"pt-BR","@id":"https:\/\/blogdobispo.com.br\/#\/schema\/person\/image\/","url":"https:\/\/secure.gravatar.com\/avatar\/0534e84764641168a677026b6d57a3f51dc7ac4db0b4f6186d9cb330d4ee1160?s=96&d=mm&r=g","contentUrl":"https:\/\/secure.gravatar.com\/avatar\/0534e84764641168a677026b6d57a3f51dc7ac4db0b4f6186d9cb330d4ee1160?s=96&d=mm&r=g","caption":"Jefferson Sterfeno"},"sameAs":["http:\/\/blogdobispo.com.br"],"url":"https:\/\/blogdobispo.com.br\/?author=1"}]}},"featured_image_urls":{"full":"","thumbnail":"","medium":"","medium_large":"","large":"","1536x1536":"","2048x2048":""},"author_info":{"display_name":"Jefferson Sterfeno","author_link":"https:\/\/blogdobispo.com.br\/?author=1"},"category_info":"<a href=\"https:\/\/blogdobispo.com.br\/?cat=1\" rel=\"category\">diversos<\/a>","tag_info":"diversos","comment_count":"0","jetpack_featured_media_url":"","jetpack_sharing_enabled":true,"_links":{"self":[{"href":"https:\/\/blogdobispo.com.br\/index.php?rest_route=\/wp\/v2\/posts\/5436","targetHints":{"allow":["GET"]}}],"collection":[{"href":"https:\/\/blogdobispo.com.br\/index.php?rest_route=\/wp\/v2\/posts"}],"about":[{"href":"https:\/\/blogdobispo.com.br\/index.php?rest_route=\/wp\/v2\/types\/post"}],"author":[{"embeddable":true,"href":"https:\/\/blogdobispo.com.br\/index.php?rest_route=\/wp\/v2\/users\/1"}],"replies":[{"embeddable":true,"href":"https:\/\/blogdobispo.com.br\/index.php?rest_route=%2Fwp%2Fv2%2Fcomments&post=5436"}],"version-history":[{"count":1,"href":"https:\/\/blogdobispo.com.br\/index.php?rest_route=\/wp\/v2\/posts\/5436\/revisions"}],"predecessor-version":[{"id":5437,"href":"https:\/\/blogdobispo.com.br\/index.php?rest_route=\/wp\/v2\/posts\/5436\/revisions\/5437"}],"wp:attachment":[{"href":"https:\/\/blogdobispo.com.br\/index.php?rest_route=%2Fwp%2Fv2%2Fmedia&parent=5436"}],"wp:term":[{"taxonomy":"category","embeddable":true,"href":"https:\/\/blogdobispo.com.br\/index.php?rest_route=%2Fwp%2Fv2%2Fcategories&post=5436"},{"taxonomy":"post_tag","embeddable":true,"href":"https:\/\/blogdobispo.com.br\/index.php?rest_route=%2Fwp%2Fv2%2Ftags&post=5436"}],"curies":[{"name":"wp","href":"https:\/\/api.w.org\/{rel}","templated":true}]}}