{"id":5434,"date":"2025-05-27T02:36:26","date_gmt":"2025-05-27T02:36:26","guid":{"rendered":"https:\/\/blogdobispo.com.br\/?p=5434"},"modified":"2025-05-27T02:36:26","modified_gmt":"2025-05-27T02:36:26","slug":"projeto-compre-aqui-nas-quintas-promove-acao-gratuita-para-empreendedores-e-comerciantes-do-bairro-com-apoio-de-diversas-instituicoes","status":"publish","type":"post","link":"https:\/\/blogdobispo.com.br\/?p=5434","title":{"rendered":"Projeto \u201cCompre aqui nas Quintas\u201d promove a\u00e7\u00e3o gratuita para empreendedores e comerciantes do bairro com apoio de diversas institui\u00e7\u00f5es"},"content":{"rendered":"\n<figure class=\"wp-block-image size-large\"><img data-recalc-dims=\"1\" fetchpriority=\"high\" decoding=\"async\" width=\"800\" height=\"1000\" src=\"https:\/\/i0.wp.com\/blogdobispo.com.br\/wp-content\/uploads\/2025\/05\/27c2c357-e326-4dd6-b7c7-e4a308af4997-1-819x1024.jpg?resize=800%2C1000&#038;ssl=1\" class=\"wp-image-5433\" srcset=\"https:\/\/i0.wp.com\/blogdobispo.com.br\/wp-content\/uploads\/2025\/05\/27c2c357-e326-4dd6-b7c7-e4a308af4997-1.jpg?resize=819%2C1024&amp;ssl=1 819w, https:\/\/i0.wp.com\/blogdobispo.com.br\/wp-content\/uploads\/2025\/05\/27c2c357-e326-4dd6-b7c7-e4a308af4997-1.jpg?resize=240%2C300&amp;ssl=1 240w, https:\/\/i0.wp.com\/blogdobispo.com.br\/wp-content\/uploads\/2025\/05\/27c2c357-e326-4dd6-b7c7-e4a308af4997-1.jpg?resize=768%2C960&amp;ssl=1 768w, https:\/\/i0.wp.com\/blogdobispo.com.br\/wp-content\/uploads\/2025\/05\/27c2c357-e326-4dd6-b7c7-e4a308af4997-1.jpg?resize=1024%2C1280&amp;ssl=1 1024w, https:\/\/i0.wp.com\/blogdobispo.com.br\/wp-content\/uploads\/2025\/05\/27c2c357-e326-4dd6-b7c7-e4a308af4997-1.jpg?w=1080&amp;ssl=1 1080w\" sizes=\"(max-width: 800px) 100vw, 800px\" \/><\/figure>\n\n\n\n<p><\/p>\n\n\n\n<p>Nos dias 28 e 29 de maio, o bairro das Quintas, em Natal, receber\u00e1 uma a\u00e7\u00e3o especial voltada ao fortalecimento do com\u00e9rcio local. O projeto \u201cCompre Aqui nas Quintas\u201d, em parceria com a Prefeitura do Natal, SEPAE, Sala do Empreendedor, SEBRAE, PROCON e R\u00e1dio 98 FM, oferecer\u00e1 uma programa\u00e7\u00e3o gratuita com servi\u00e7os, consultorias e palestras voltadas a comerciantes, microempreendedores e profissionais aut\u00f4nomos da regi\u00e3o.<\/p>\n\n\n\n<p>A iniciativa acontecer\u00e1 na Escola Estadual Professor The\u00f3dulo C\u00e2mara, localizada na Rua S\u00e3o Geraldo, 85 \u2013 Quintas, e contar\u00e1 com atividades pela manh\u00e3 e \u00e0 noite.<\/p>\n\n\n\n<p>Programa\u00e7\u00e3o \u2013 Manh\u00e3 (das 9h \u00e0s 12h):<\/p>\n\n\n\n<p>Quarta-feira (28\/05):<\/p>\n\n\n\n<p>Sala do Empreendedor<\/p>\n\n\n\n<p>Atendimento cont\u00e1bil<\/p>\n\n\n\n<p>Consultoria \u201cSebrae na sua Empresa\u201d<\/p>\n\n\n\n<p>PROCON<\/p>\n\n\n\n<p>CrediAmigo (Banco do Nordeste)<\/p>\n\n\n\n<p>Pit Stop Animado com a R\u00e1dio 98 FM<\/p>\n\n\n\n<p>Quinta-feira (29\/05):<\/p>\n\n\n\n<p>Sala do Empreendedor<\/p>\n\n\n\n<p>Atendimento cont\u00e1bil<\/p>\n\n\n\n<p>Sebrae<\/p>\n\n\n\n<p>PROCON<\/p>\n\n\n\n<p>Programa\u00e7\u00e3o \u2013 Noite (a partir das 19h):<\/p>\n\n\n\n<p>Quarta-feira (28\/05):<br \/>Palestra \u2013 \u201cExcel\u00eancia no Atendimento\u201d<br \/>Com Ligia Santos, especialista em relacionamento com o cliente.<\/p>\n\n\n\n<p>Quinta-feira (29\/05):<br \/>Workshop \u2013 \u201cDomine o digital: Marketing e Intelig\u00eancia Artificial para Vendas\u201d<br \/>Com Erick Belo, especialista em marketing digital.<\/p>\n\n\n\n<p>Inscri\u00e7\u00f5es:<\/p>\n\n\n\n<p>As atividades s\u00e3o gratuitas e as inscri\u00e7\u00f5es devem ser feitas pelo link dispon\u00edvel na bio do Instagram oficial do projeto: @compreaquinasquintas<\/p>\n\n\n\n<p>A a\u00e7\u00e3o visa impulsionar o desenvolvimento econ\u00f4mico do bairro das Quintas, oferecendo conhecimento, orienta\u00e7\u00e3o e servi\u00e7os essenciais aos empreendedores locais. A imprensa est\u00e1 convidada a acompanhar as atividades.<\/p>\n\n\n\n<p><em>Mais informa\u00e7\u00f5es para a imprensa:<\/em><br>Vanderson Gomes<br>(84) 99496-9090<br>Instagram: @compreaquinasquintas<\/p>\n","protected":false},"excerpt":{"rendered":"<p>Nos dias 28 e 29 de maio, o bairro das Quintas, em Natal, receber\u00e1 uma a\u00e7\u00e3o especial voltada ao fortalecimento do com\u00e9rcio local. O projeto \u201cCompre Aqui nas Quintas\u201d, em parceria com a Prefeitura do Natal, SEPAE, Sala do Empreendedor, SEBRAE, PROCON e R\u00e1dio 98 FM, oferecer\u00e1 uma programa\u00e7\u00e3o gratuita com servi\u00e7os, consultorias e palestras [&hellip;]<\/p>\n","protected":false},"author":1,"featured_media":0,"comment_status":"open","ping_status":"open","sticky":false,"template":"","format":"standard","meta":{"cybocfi_hide_featured_image":"","_jetpack_memberships_contains_paid_content":false,"footnotes":""},"categories":[1],"tags":[],"class_list":["post-5434","post","type-post","status-publish","format-standard","hentry","category-diversos"],"yoast_head":"<!-- This site is optimized with the Yoast SEO plugin v25.6 - https:\/\/yoast.com\/wordpress\/plugins\/seo\/ -->\n<title>Projeto \u201cCompre aqui nas Quintas\u201d promove a\u00e7\u00e3o gratuita para empreendedores e comerciantes do bairro com apoio de diversas institui\u00e7\u00f5es - Blog do Bispo<\/title>\n<meta name=\"robots\" content=\"index, follow, max-snippet:-1, max-image-preview:large, max-video-preview:-1\" \/>\n<link rel=\"canonical\" href=\"https:\/\/blogdobispo.com.br\/?p=5434\" \/>\n<meta property=\"og:locale\" content=\"pt_BR\" \/>\n<meta property=\"og:type\" content=\"article\" \/>\n<meta property=\"og:title\" content=\"Projeto \u201cCompre aqui nas Quintas\u201d promove a\u00e7\u00e3o gratuita para empreendedores e comerciantes do bairro com apoio de diversas institui\u00e7\u00f5es - Blog do Bispo\" \/>\n<meta property=\"og:description\" content=\"Nos dias 28 e 29 de maio, o bairro das Quintas, em Natal, receber\u00e1 uma a\u00e7\u00e3o especial voltada ao fortalecimento do com\u00e9rcio local. O projeto \u201cCompre Aqui nas Quintas\u201d, em parceria com a Prefeitura do Natal, SEPAE, Sala do Empreendedor, SEBRAE, PROCON e R\u00e1dio 98 FM, oferecer\u00e1 uma programa\u00e7\u00e3o gratuita com servi\u00e7os, consultorias e palestras [&hellip;]\" \/>\n<meta property=\"og:url\" content=\"https:\/\/blogdobispo.com.br\/?p=5434\" \/>\n<meta property=\"og:site_name\" content=\"Blog do Bispo\" \/>\n<meta property=\"article:published_time\" content=\"2025-05-27T02:36:26+00:00\" \/>\n<meta property=\"og:image\" content=\"https:\/\/blogdobispo.com.br\/wp-content\/uploads\/2025\/05\/27c2c357-e326-4dd6-b7c7-e4a308af4997-1-819x1024.jpg\" \/>\n<meta name=\"author\" content=\"Jefferson Sterfeno\" \/>\n<meta name=\"twitter:card\" content=\"summary_large_image\" \/>\n<meta name=\"twitter:label1\" content=\"Escrito por\" \/>\n\t<meta name=\"twitter:data1\" content=\"Jefferson Sterfeno\" \/>\n\t<meta name=\"twitter:label2\" content=\"Est. tempo de leitura\" \/>\n\t<meta name=\"twitter:data2\" content=\"1 minuto\" \/>\n<script type=\"application\/ld+json\" class=\"yoast-schema-graph\">{\"@context\":\"https:\/\/schema.org\",\"@graph\":[{\"@type\":\"Article\",\"@id\":\"https:\/\/blogdobispo.com.br\/?p=5434#article\",\"isPartOf\":{\"@id\":\"https:\/\/blogdobispo.com.br\/?p=5434\"},\"author\":{\"name\":\"Jefferson Sterfeno\",\"@id\":\"https:\/\/blogdobispo.com.br\/#\/schema\/person\/e2209cc0e6cea5c5233d033e997b373f\"},\"headline\":\"Projeto \u201cCompre aqui nas Quintas\u201d promove a\u00e7\u00e3o gratuita para empreendedores e comerciantes do bairro com apoio de diversas institui\u00e7\u00f5es\",\"datePublished\":\"2025-05-27T02:36:26+00:00\",\"mainEntityOfPage\":{\"@id\":\"https:\/\/blogdobispo.com.br\/?p=5434\"},\"wordCount\":266,\"commentCount\":0,\"publisher\":{\"@id\":\"https:\/\/blogdobispo.com.br\/#organization\"},\"image\":{\"@id\":\"https:\/\/blogdobispo.com.br\/?p=5434#primaryimage\"},\"thumbnailUrl\":\"https:\/\/blogdobispo.com.br\/wp-content\/uploads\/2025\/05\/27c2c357-e326-4dd6-b7c7-e4a308af4997-1-819x1024.jpg\",\"articleSection\":[\"diversos\"],\"inLanguage\":\"pt-BR\",\"potentialAction\":[{\"@type\":\"CommentAction\",\"name\":\"Comment\",\"target\":[\"https:\/\/blogdobispo.com.br\/?p=5434#respond\"]}]},{\"@type\":\"WebPage\",\"@id\":\"https:\/\/blogdobispo.com.br\/?p=5434\",\"url\":\"https:\/\/blogdobispo.com.br\/?p=5434\",\"name\":\"Projeto \u201cCompre aqui nas Quintas\u201d promove a\u00e7\u00e3o gratuita para empreendedores e comerciantes do bairro com apoio de diversas institui\u00e7\u00f5es - Blog do Bispo\",\"isPartOf\":{\"@id\":\"https:\/\/blogdobispo.com.br\/#website\"},\"primaryImageOfPage\":{\"@id\":\"https:\/\/blogdobispo.com.br\/?p=5434#primaryimage\"},\"image\":{\"@id\":\"https:\/\/blogdobispo.com.br\/?p=5434#primaryimage\"},\"thumbnailUrl\":\"https:\/\/blogdobispo.com.br\/wp-content\/uploads\/2025\/05\/27c2c357-e326-4dd6-b7c7-e4a308af4997-1-819x1024.jpg\",\"datePublished\":\"2025-05-27T02:36:26+00:00\",\"breadcrumb\":{\"@id\":\"https:\/\/blogdobispo.com.br\/?p=5434#breadcrumb\"},\"inLanguage\":\"pt-BR\",\"potentialAction\":[{\"@type\":\"ReadAction\",\"target\":[\"https:\/\/blogdobispo.com.br\/?p=5434\"]}]},{\"@type\":\"ImageObject\",\"inLanguage\":\"pt-BR\",\"@id\":\"https:\/\/blogdobispo.com.br\/?p=5434#primaryimage\",\"url\":\"https:\/\/blogdobispo.com.br\/wp-content\/uploads\/2025\/05\/27c2c357-e326-4dd6-b7c7-e4a308af4997-1-819x1024.jpg\",\"contentUrl\":\"https:\/\/blogdobispo.com.br\/wp-content\/uploads\/2025\/05\/27c2c357-e326-4dd6-b7c7-e4a308af4997-1-819x1024.jpg\"},{\"@type\":\"BreadcrumbList\",\"@id\":\"https:\/\/blogdobispo.com.br\/?p=5434#breadcrumb\",\"itemListElement\":[{\"@type\":\"ListItem\",\"position\":1,\"name\":\"In\u00edcio\",\"item\":\"https:\/\/blogdobispo.com.br\/\"},{\"@type\":\"ListItem\",\"position\":2,\"name\":\"Projeto \u201cCompre aqui nas Quintas\u201d promove a\u00e7\u00e3o gratuita para empreendedores e comerciantes do bairro com apoio de diversas institui\u00e7\u00f5es\"}]},{\"@type\":\"WebSite\",\"@id\":\"https:\/\/blogdobispo.com.br\/#website\",\"url\":\"https:\/\/blogdobispo.com.br\/\",\"name\":\"Blog do Bispo\",\"description\":\"Comprometido apenas com o leitor\",\"publisher\":{\"@id\":\"https:\/\/blogdobispo.com.br\/#organization\"},\"potentialAction\":[{\"@type\":\"SearchAction\",\"target\":{\"@type\":\"EntryPoint\",\"urlTemplate\":\"https:\/\/blogdobispo.com.br\/?s={search_term_string}\"},\"query-input\":{\"@type\":\"PropertyValueSpecification\",\"valueRequired\":true,\"valueName\":\"search_term_string\"}}],\"inLanguage\":\"pt-BR\"},{\"@type\":\"Organization\",\"@id\":\"https:\/\/blogdobispo.com.br\/#organization\",\"name\":\"Blog do Bispo\",\"url\":\"https:\/\/blogdobispo.com.br\/\",\"logo\":{\"@type\":\"ImageObject\",\"inLanguage\":\"pt-BR\",\"@id\":\"https:\/\/blogdobispo.com.br\/#\/schema\/logo\/image\/\",\"url\":\"http:\/\/blogdobispo.com.br\/wp-content\/uploads\/2023\/05\/cropped-headear.png\",\"contentUrl\":\"http:\/\/blogdobispo.com.br\/wp-content\/uploads\/2023\/05\/cropped-headear.png\",\"width\":1500,\"height\":399,\"caption\":\"Blog do Bispo\"},\"image\":{\"@id\":\"https:\/\/blogdobispo.com.br\/#\/schema\/logo\/image\/\"}},{\"@type\":\"Person\",\"@id\":\"https:\/\/blogdobispo.com.br\/#\/schema\/person\/e2209cc0e6cea5c5233d033e997b373f\",\"name\":\"Jefferson Sterfeno\",\"image\":{\"@type\":\"ImageObject\",\"inLanguage\":\"pt-BR\",\"@id\":\"https:\/\/blogdobispo.com.br\/#\/schema\/person\/image\/\",\"url\":\"https:\/\/secure.gravatar.com\/avatar\/0534e84764641168a677026b6d57a3f51dc7ac4db0b4f6186d9cb330d4ee1160?s=96&d=mm&r=g\",\"contentUrl\":\"https:\/\/secure.gravatar.com\/avatar\/0534e84764641168a677026b6d57a3f51dc7ac4db0b4f6186d9cb330d4ee1160?s=96&d=mm&r=g\",\"caption\":\"Jefferson Sterfeno\"},\"sameAs\":[\"http:\/\/blogdobispo.com.br\"],\"url\":\"https:\/\/blogdobispo.com.br\/?author=1\"}]}<\/script>\n<!-- \/ Yoast SEO plugin. -->","yoast_head_json":{"title":"Projeto \u201cCompre aqui nas Quintas\u201d promove a\u00e7\u00e3o gratuita para empreendedores e comerciantes do bairro com apoio de diversas institui\u00e7\u00f5es - Blog do Bispo","robots":{"index":"index","follow":"follow","max-snippet":"max-snippet:-1","max-image-preview":"max-image-preview:large","max-video-preview":"max-video-preview:-1"},"canonical":"https:\/\/blogdobispo.com.br\/?p=5434","og_locale":"pt_BR","og_type":"article","og_title":"Projeto \u201cCompre aqui nas Quintas\u201d promove a\u00e7\u00e3o gratuita para empreendedores e comerciantes do bairro com apoio de diversas institui\u00e7\u00f5es - Blog do Bispo","og_description":"Nos dias 28 e 29 de maio, o bairro das Quintas, em Natal, receber\u00e1 uma a\u00e7\u00e3o especial voltada ao fortalecimento do com\u00e9rcio local. O projeto \u201cCompre Aqui nas Quintas\u201d, em parceria com a Prefeitura do Natal, SEPAE, Sala do Empreendedor, SEBRAE, PROCON e R\u00e1dio 98 FM, oferecer\u00e1 uma programa\u00e7\u00e3o gratuita com servi\u00e7os, consultorias e palestras [&hellip;]","og_url":"https:\/\/blogdobispo.com.br\/?p=5434","og_site_name":"Blog do Bispo","article_published_time":"2025-05-27T02:36:26+00:00","og_image":[{"url":"https:\/\/blogdobispo.com.br\/wp-content\/uploads\/2025\/05\/27c2c357-e326-4dd6-b7c7-e4a308af4997-1-819x1024.jpg","type":"","width":"","height":""}],"author":"Jefferson Sterfeno","twitter_card":"summary_large_image","twitter_misc":{"Escrito por":"Jefferson Sterfeno","Est. tempo de leitura":"1 minuto"},"schema":{"@context":"https:\/\/schema.org","@graph":[{"@type":"Article","@id":"https:\/\/blogdobispo.com.br\/?p=5434#article","isPartOf":{"@id":"https:\/\/blogdobispo.com.br\/?p=5434"},"author":{"name":"Jefferson Sterfeno","@id":"https:\/\/blogdobispo.com.br\/#\/schema\/person\/e2209cc0e6cea5c5233d033e997b373f"},"headline":"Projeto \u201cCompre aqui nas Quintas\u201d promove a\u00e7\u00e3o gratuita para empreendedores e comerciantes do bairro com apoio de diversas institui\u00e7\u00f5es","datePublished":"2025-05-27T02:36:26+00:00","mainEntityOfPage":{"@id":"https:\/\/blogdobispo.com.br\/?p=5434"},"wordCount":266,"commentCount":0,"publisher":{"@id":"https:\/\/blogdobispo.com.br\/#organization"},"image":{"@id":"https:\/\/blogdobispo.com.br\/?p=5434#primaryimage"},"thumbnailUrl":"https:\/\/blogdobispo.com.br\/wp-content\/uploads\/2025\/05\/27c2c357-e326-4dd6-b7c7-e4a308af4997-1-819x1024.jpg","articleSection":["diversos"],"inLanguage":"pt-BR","potentialAction":[{"@type":"CommentAction","name":"Comment","target":["https:\/\/blogdobispo.com.br\/?p=5434#respond"]}]},{"@type":"WebPage","@id":"https:\/\/blogdobispo.com.br\/?p=5434","url":"https:\/\/blogdobispo.com.br\/?p=5434","name":"Projeto \u201cCompre aqui nas Quintas\u201d promove a\u00e7\u00e3o gratuita para empreendedores e comerciantes do bairro com apoio de diversas institui\u00e7\u00f5es - Blog do Bispo","isPartOf":{"@id":"https:\/\/blogdobispo.com.br\/#website"},"primaryImageOfPage":{"@id":"https:\/\/blogdobispo.com.br\/?p=5434#primaryimage"},"image":{"@id":"https:\/\/blogdobispo.com.br\/?p=5434#primaryimage"},"thumbnailUrl":"https:\/\/blogdobispo.com.br\/wp-content\/uploads\/2025\/05\/27c2c357-e326-4dd6-b7c7-e4a308af4997-1-819x1024.jpg","datePublished":"2025-05-27T02:36:26+00:00","breadcrumb":{"@id":"https:\/\/blogdobispo.com.br\/?p=5434#breadcrumb"},"inLanguage":"pt-BR","potentialAction":[{"@type":"ReadAction","target":["https:\/\/blogdobispo.com.br\/?p=5434"]}]},{"@type":"ImageObject","inLanguage":"pt-BR","@id":"https:\/\/blogdobispo.com.br\/?p=5434#primaryimage","url":"https:\/\/blogdobispo.com.br\/wp-content\/uploads\/2025\/05\/27c2c357-e326-4dd6-b7c7-e4a308af4997-1-819x1024.jpg","contentUrl":"https:\/\/blogdobispo.com.br\/wp-content\/uploads\/2025\/05\/27c2c357-e326-4dd6-b7c7-e4a308af4997-1-819x1024.jpg"},{"@type":"BreadcrumbList","@id":"https:\/\/blogdobispo.com.br\/?p=5434#breadcrumb","itemListElement":[{"@type":"ListItem","position":1,"name":"In\u00edcio","item":"https:\/\/blogdobispo.com.br\/"},{"@type":"ListItem","position":2,"name":"Projeto \u201cCompre aqui nas Quintas\u201d promove a\u00e7\u00e3o gratuita para empreendedores e comerciantes do bairro com apoio de diversas institui\u00e7\u00f5es"}]},{"@type":"WebSite","@id":"https:\/\/blogdobispo.com.br\/#website","url":"https:\/\/blogdobispo.com.br\/","name":"Blog do Bispo","description":"Comprometido apenas com o leitor","publisher":{"@id":"https:\/\/blogdobispo.com.br\/#organization"},"potentialAction":[{"@type":"SearchAction","target":{"@type":"EntryPoint","urlTemplate":"https:\/\/blogdobispo.com.br\/?s={search_term_string}"},"query-input":{"@type":"PropertyValueSpecification","valueRequired":true,"valueName":"search_term_string"}}],"inLanguage":"pt-BR"},{"@type":"Organization","@id":"https:\/\/blogdobispo.com.br\/#organization","name":"Blog do Bispo","url":"https:\/\/blogdobispo.com.br\/","logo":{"@type":"ImageObject","inLanguage":"pt-BR","@id":"https:\/\/blogdobispo.com.br\/#\/schema\/logo\/image\/","url":"http:\/\/blogdobispo.com.br\/wp-content\/uploads\/2023\/05\/cropped-headear.png","contentUrl":"http:\/\/blogdobispo.com.br\/wp-content\/uploads\/2023\/05\/cropped-headear.png","width":1500,"height":399,"caption":"Blog do Bispo"},"image":{"@id":"https:\/\/blogdobispo.com.br\/#\/schema\/logo\/image\/"}},{"@type":"Person","@id":"https:\/\/blogdobispo.com.br\/#\/schema\/person\/e2209cc0e6cea5c5233d033e997b373f","name":"Jefferson Sterfeno","image":{"@type":"ImageObject","inLanguage":"pt-BR","@id":"https:\/\/blogdobispo.com.br\/#\/schema\/person\/image\/","url":"https:\/\/secure.gravatar.com\/avatar\/0534e84764641168a677026b6d57a3f51dc7ac4db0b4f6186d9cb330d4ee1160?s=96&d=mm&r=g","contentUrl":"https:\/\/secure.gravatar.com\/avatar\/0534e84764641168a677026b6d57a3f51dc7ac4db0b4f6186d9cb330d4ee1160?s=96&d=mm&r=g","caption":"Jefferson Sterfeno"},"sameAs":["http:\/\/blogdobispo.com.br"],"url":"https:\/\/blogdobispo.com.br\/?author=1"}]}},"featured_image_urls":{"full":"","thumbnail":"","medium":"","medium_large":"","large":"","1536x1536":"","2048x2048":""},"author_info":{"display_name":"Jefferson Sterfeno","author_link":"https:\/\/blogdobispo.com.br\/?author=1"},"category_info":"<a href=\"https:\/\/blogdobispo.com.br\/?cat=1\" rel=\"category\">diversos<\/a>","tag_info":"diversos","comment_count":"0","jetpack_featured_media_url":"","jetpack_sharing_enabled":true,"_links":{"self":[{"href":"https:\/\/blogdobispo.com.br\/index.php?rest_route=\/wp\/v2\/posts\/5434","targetHints":{"allow":["GET"]}}],"collection":[{"href":"https:\/\/blogdobispo.com.br\/index.php?rest_route=\/wp\/v2\/posts"}],"about":[{"href":"https:\/\/blogdobispo.com.br\/index.php?rest_route=\/wp\/v2\/types\/post"}],"author":[{"embeddable":true,"href":"https:\/\/blogdobispo.com.br\/index.php?rest_route=\/wp\/v2\/users\/1"}],"replies":[{"embeddable":true,"href":"https:\/\/blogdobispo.com.br\/index.php?rest_route=%2Fwp%2Fv2%2Fcomments&post=5434"}],"version-history":[{"count":0,"href":"https:\/\/blogdobispo.com.br\/index.php?rest_route=\/wp\/v2\/posts\/5434\/revisions"}],"wp:attachment":[{"href":"https:\/\/blogdobispo.com.br\/index.php?rest_route=%2Fwp%2Fv2%2Fmedia&parent=5434"}],"wp:term":[{"taxonomy":"category","embeddable":true,"href":"https:\/\/blogdobispo.com.br\/index.php?rest_route=%2Fwp%2Fv2%2Fcategories&post=5434"},{"taxonomy":"post_tag","embeddable":true,"href":"https:\/\/blogdobispo.com.br\/index.php?rest_route=%2Fwp%2Fv2%2Ftags&post=5434"}],"curies":[{"name":"wp","href":"https:\/\/api.w.org\/{rel}","templated":true}]}}