{"id":5426,"date":"2025-05-26T14:12:13","date_gmt":"2025-05-26T14:12:13","guid":{"rendered":"https:\/\/blogdobispo.com.br\/?p=5426"},"modified":"2025-05-26T14:12:13","modified_gmt":"2025-05-26T14:12:13","slug":"morte-da-pequena-lunna-comove-olho-dagua-do-borges-familia-denuncia-negligencia-da-secretaria-de-saude","status":"publish","type":"post","link":"https:\/\/blogdobispo.com.br\/?p=5426","title":{"rendered":"Morte da pequena Lunna comove Olho d\u2019\u00c1gua do Borges: fam\u00edlia denuncia neglig\u00eancia da Secretaria de Sa\u00fade"},"content":{"rendered":"\n<p>A cidade de Olho d\u2019\u00c1gua do Borges, no interior do Rio Grande do Norte, est\u00e1 profundamente abalada com a tr\u00e1gica morte da pequena Lunna, de apenas 5 anos de idade, que lutava contra a anemia falciforme, uma condi\u00e7\u00e3o gen\u00e9tica grave que exige atendimento m\u00e9dico \u00e1gil e especializado.<\/p>\n\n\n\n<p>Secretaria Municipal de Sa\u00fade optou por encaminh\u00e1-la para Pau dos Ferros, onde, segundo a fam\u00edlia, n\u00e3o havia o tipo sangu\u00edneo necess\u00e1rio para o tratamento de Lunna.<\/p>\n\n\n\n<p>Al\u00e9m disso, a crian\u00e7a n\u00e3o teve seu quadro de sa\u00fade estabilizado no hospital de Olho d\u2019\u00c1gua do Borges antes da transfer\u00eancia, o que agravou ainda mais a situa\u00e7\u00e3o.<\/p>\n\n\n\n<p>A m\u00e3e da crian\u00e7a, Daniele Alves, teria implorado para que a filha fosse levada diretamente a Mossor\u00f3, ciente da gravidade do caso e da estrutura mais adequada na cidade. No entanto, seu apelo foi ignorado pelas autoridades de sa\u00fade.<\/p>\n\n\n\n<p>Para piorar, os pais est\u00e3o enfrentando dificuldades para acessar o prontu\u00e1rio m\u00e9dico da filha, que estaria sendo retido pela equipe da Unidade B\u00e1sica de Sa\u00fade (UBS), o que impede que a fam\u00edlia compreenda exatamente o que aconteceu e lute por justi\u00e7a.<\/p>\n\n\n\n<figure class=\"wp-block-image size-large\"><img decoding=\"async\" src=\"file:\/\/\/private\/var\/mobile\/Containers\/Data\/Application\/A479F15B-BA84-4498-A4BF-673AE06C5223\/tmp\/org.automattic.MediaImageServiceSymlinks\/thumbnail-174e5e64-565e-4535-a3f1-56ec27860db1-390x520.jpeg\" class=\"wp-image-395868003\"\/><\/figure>\n\n\n\n<p>O prefeito do munic\u00edpio segue em sil\u00eancio, sem emitir qualquer nota p\u00fablica ou tomar provid\u00eancias diante da gravidade dos fatos. O caso tem gerado como\u00e7\u00e3o e revolta em Olho d\u2019\u00c1gua do Borges e cidades vizinhas, e levanta questionamentos s\u00e9rios sobre o funcionamento da sa\u00fade p\u00fablica local.<\/p>\n\n\n\n<p><ins class=\"adsbygoogle adsbygoogle-noablate\">https:\/\/googleads.g.doubleclick.net\/pagead\/ads?gdpr=0&amp;client=ca-pub-7453373567212496&amp;output=html&amp;h=280&amp;adk=2345787487&amp;adf=4028666885&amp;w=358&amp;abgtt=6&amp;fwrn=7&amp;fwrnh=100&amp;lmt=1748268348&amp;num_ads=1&amp;rafmt=1&amp;armr=3&amp;sem=mc&amp;pwprc=5087904274&amp;ad_type=text_image&amp;format=358&#215;280&amp;url=https%3A%2F%2Fblogdopassaro.com.br%2Fmorte-da-pequena-lunna-comove-olho-dagua-do-borges-familia-denuncia-negligencia-da-secretaria-de-saude%2F&amp;fwr=0&amp;pra=3&amp;rh=298&amp;rw=357&amp;rpe=1&amp;resp_fmts=3&amp;sfro=1&amp;wgl=1&amp;fa=27&amp;dt=1748268346366&amp;bpp=8&amp;bdt=4397&amp;idt=-M&amp;shv=r20250521&amp;mjsv=m202505220101&amp;ptt=9&amp;saldr=aa&amp;abxe=1&amp;cookie=ID%3Ddff02da9bf7eb81e%3AT%3D1748262244%3ART%3D1748263746%3AS%3DALNI_MbyD1a9jxzHtkNPbSv-EQrOzdmMGw&amp;gpic=UID%3D000010d111012d1e%3AT%3D1748262244%3ART%3D1748263746%3AS%3DALNI_MbTeJprZIFXfndO2c-nle438f6i7w&amp;eo_id_str=ID%3D5332e03f2679e02b%3AT%3D1748262244%3ART%3D1748263746%3AS%3DAA-AfjZlPLNSvypPKsXLDejPjJYi&amp;prev_fmts=0x0%2C358x280%2C358x280&amp;nras=4&amp;correlator=8180526882832&amp;frm=20&amp;pv=1&amp;u_tz=-180&amp;u_his=1&amp;u_h=844&amp;u_w=390&amp;u_ah=844&amp;u_aw=390&amp;u_cd=24&amp;u_sd=3&amp;adx=16&amp;ady=3539&amp;biw=390&amp;bih=669&amp;scr_x=0&amp;scr_y=1203&amp;eid=31092201%2C31092617%2C95353387%2C95361602%2C31092656%2C95361622%2C95360957%2C95360691&amp;oid=2&amp;pvsid=2216385761149459&amp;tmod=1175913873&amp;uas=1&amp;nvt=1&amp;fc=1408&amp;brdim=0%2C0%2C0%2C0%2C390%2C0%2C390%2C669%2C390%2C669&amp;vis=1&amp;rsz=%7C%7Cs%7C&amp;abl=NS&amp;fu=128&amp;bc=31&amp;bz=1&amp;psd=W251bGwsbnVsbCxudWxsLDNd&amp;pgls=CAEaBTYuOC4x&amp;ifi=4&amp;uci=a!4&amp;btvi=3&amp;fsb=1&amp;dtd=2293<\/ins><\/p>\n\n\n\n<p>Lunna, uma crian\u00e7a cheia de vida, agora representa o grito de uma comunidade por dignidade, respeito e justi\u00e7a. Sua hist\u00f3ria, marcada por dor e omiss\u00e3o, n\u00e3o ser\u00e1 esquecida.<\/p>\n","protected":false},"excerpt":{"rendered":"<p>A cidade de Olho d\u2019\u00c1gua do Borges, no interior do Rio Grande do Norte, est\u00e1 profundamente abalada com a tr\u00e1gica morte da pequena Lunna, de apenas 5 anos de idade, que lutava contra a anemia falciforme, uma condi\u00e7\u00e3o gen\u00e9tica grave que exige atendimento m\u00e9dico \u00e1gil e especializado. Secretaria Municipal de Sa\u00fade optou por encaminh\u00e1-la para [&hellip;]<\/p>\n","protected":false},"author":1,"featured_media":0,"comment_status":"open","ping_status":"open","sticky":false,"template":"","format":"standard","meta":{"cybocfi_hide_featured_image":"","_jetpack_memberships_contains_paid_content":false,"footnotes":""},"categories":[1],"tags":[],"class_list":["post-5426","post","type-post","status-publish","format-standard","hentry","category-diversos"],"yoast_head":"<!-- This site is optimized with the Yoast SEO plugin v25.6 - https:\/\/yoast.com\/wordpress\/plugins\/seo\/ -->\n<title>Morte da pequena Lunna comove Olho d\u2019\u00c1gua do Borges: fam\u00edlia denuncia neglig\u00eancia da Secretaria de Sa\u00fade - Blog do Bispo<\/title>\n<meta name=\"robots\" content=\"index, follow, max-snippet:-1, max-image-preview:large, max-video-preview:-1\" \/>\n<link rel=\"canonical\" href=\"https:\/\/blogdobispo.com.br\/?p=5426\" \/>\n<meta property=\"og:locale\" content=\"pt_BR\" \/>\n<meta property=\"og:type\" content=\"article\" \/>\n<meta property=\"og:title\" content=\"Morte da pequena Lunna comove Olho d\u2019\u00c1gua do Borges: fam\u00edlia denuncia neglig\u00eancia da Secretaria de Sa\u00fade - Blog do Bispo\" \/>\n<meta property=\"og:description\" content=\"A cidade de Olho d\u2019\u00c1gua do Borges, no interior do Rio Grande do Norte, est\u00e1 profundamente abalada com a tr\u00e1gica morte da pequena Lunna, de apenas 5 anos de idade, que lutava contra a anemia falciforme, uma condi\u00e7\u00e3o gen\u00e9tica grave que exige atendimento m\u00e9dico \u00e1gil e especializado. Secretaria Municipal de Sa\u00fade optou por encaminh\u00e1-la para [&hellip;]\" \/>\n<meta property=\"og:url\" content=\"https:\/\/blogdobispo.com.br\/?p=5426\" \/>\n<meta property=\"og:site_name\" content=\"Blog do Bispo\" \/>\n<meta property=\"article:published_time\" content=\"2025-05-26T14:12:13+00:00\" \/>\n<meta property=\"og:image\" content=\"\" \/>\n<meta name=\"author\" content=\"Jefferson Sterfeno\" \/>\n<meta name=\"twitter:card\" content=\"summary_large_image\" \/>\n<meta name=\"twitter:label1\" content=\"Escrito por\" \/>\n\t<meta name=\"twitter:data1\" content=\"Jefferson Sterfeno\" \/>\n\t<meta name=\"twitter:label2\" content=\"Est. tempo de leitura\" \/>\n\t<meta name=\"twitter:data2\" content=\"3 minutos\" \/>\n<script type=\"application\/ld+json\" class=\"yoast-schema-graph\">{\"@context\":\"https:\/\/schema.org\",\"@graph\":[{\"@type\":\"Article\",\"@id\":\"https:\/\/blogdobispo.com.br\/?p=5426#article\",\"isPartOf\":{\"@id\":\"https:\/\/blogdobispo.com.br\/?p=5426\"},\"author\":{\"name\":\"Jefferson Sterfeno\",\"@id\":\"https:\/\/blogdobispo.com.br\/#\/schema\/person\/e2209cc0e6cea5c5233d033e997b373f\"},\"headline\":\"Morte da pequena Lunna comove Olho d\u2019\u00c1gua do Borges: fam\u00edlia denuncia neglig\u00eancia da Secretaria de Sa\u00fade\",\"datePublished\":\"2025-05-26T14:12:13+00:00\",\"mainEntityOfPage\":{\"@id\":\"https:\/\/blogdobispo.com.br\/?p=5426\"},\"wordCount\":590,\"commentCount\":0,\"publisher\":{\"@id\":\"https:\/\/blogdobispo.com.br\/#organization\"},\"image\":{\"@id\":\"https:\/\/blogdobispo.com.br\/?p=5426#primaryimage\"},\"thumbnailUrl\":\"file:\/\/\/private\/var\/mobile\/Containers\/Data\/Application\/A479F15B-BA84-4498-A4BF-673AE06C5223\/tmp\/org.automattic.MediaImageServiceSymlinks\/thumbnail-174e5e64-565e-4535-a3f1-56ec27860db1-390x520.jpeg\",\"articleSection\":[\"diversos\"],\"inLanguage\":\"pt-BR\",\"potentialAction\":[{\"@type\":\"CommentAction\",\"name\":\"Comment\",\"target\":[\"https:\/\/blogdobispo.com.br\/?p=5426#respond\"]}]},{\"@type\":\"WebPage\",\"@id\":\"https:\/\/blogdobispo.com.br\/?p=5426\",\"url\":\"https:\/\/blogdobispo.com.br\/?p=5426\",\"name\":\"Morte da pequena Lunna comove Olho d\u2019\u00c1gua do Borges: fam\u00edlia denuncia neglig\u00eancia da Secretaria de Sa\u00fade - Blog do Bispo\",\"isPartOf\":{\"@id\":\"https:\/\/blogdobispo.com.br\/#website\"},\"primaryImageOfPage\":{\"@id\":\"https:\/\/blogdobispo.com.br\/?p=5426#primaryimage\"},\"image\":{\"@id\":\"https:\/\/blogdobispo.com.br\/?p=5426#primaryimage\"},\"thumbnailUrl\":\"file:\/\/\/private\/var\/mobile\/Containers\/Data\/Application\/A479F15B-BA84-4498-A4BF-673AE06C5223\/tmp\/org.automattic.MediaImageServiceSymlinks\/thumbnail-174e5e64-565e-4535-a3f1-56ec27860db1-390x520.jpeg\",\"datePublished\":\"2025-05-26T14:12:13+00:00\",\"breadcrumb\":{\"@id\":\"https:\/\/blogdobispo.com.br\/?p=5426#breadcrumb\"},\"inLanguage\":\"pt-BR\",\"potentialAction\":[{\"@type\":\"ReadAction\",\"target\":[\"https:\/\/blogdobispo.com.br\/?p=5426\"]}]},{\"@type\":\"ImageObject\",\"inLanguage\":\"pt-BR\",\"@id\":\"https:\/\/blogdobispo.com.br\/?p=5426#primaryimage\",\"url\":\"file:\/\/\/private\/var\/mobile\/Containers\/Data\/Application\/A479F15B-BA84-4498-A4BF-673AE06C5223\/tmp\/org.automattic.MediaImageServiceSymlinks\/thumbnail-174e5e64-565e-4535-a3f1-56ec27860db1-390x520.jpeg\",\"contentUrl\":\"file:\/\/\/private\/var\/mobile\/Containers\/Data\/Application\/A479F15B-BA84-4498-A4BF-673AE06C5223\/tmp\/org.automattic.MediaImageServiceSymlinks\/thumbnail-174e5e64-565e-4535-a3f1-56ec27860db1-390x520.jpeg\"},{\"@type\":\"BreadcrumbList\",\"@id\":\"https:\/\/blogdobispo.com.br\/?p=5426#breadcrumb\",\"itemListElement\":[{\"@type\":\"ListItem\",\"position\":1,\"name\":\"In\u00edcio\",\"item\":\"https:\/\/blogdobispo.com.br\/\"},{\"@type\":\"ListItem\",\"position\":2,\"name\":\"Morte da pequena Lunna comove Olho d\u2019\u00c1gua do Borges: fam\u00edlia denuncia neglig\u00eancia da Secretaria de Sa\u00fade\"}]},{\"@type\":\"WebSite\",\"@id\":\"https:\/\/blogdobispo.com.br\/#website\",\"url\":\"https:\/\/blogdobispo.com.br\/\",\"name\":\"Blog do Bispo\",\"description\":\"Comprometido apenas com o leitor\",\"publisher\":{\"@id\":\"https:\/\/blogdobispo.com.br\/#organization\"},\"potentialAction\":[{\"@type\":\"SearchAction\",\"target\":{\"@type\":\"EntryPoint\",\"urlTemplate\":\"https:\/\/blogdobispo.com.br\/?s={search_term_string}\"},\"query-input\":{\"@type\":\"PropertyValueSpecification\",\"valueRequired\":true,\"valueName\":\"search_term_string\"}}],\"inLanguage\":\"pt-BR\"},{\"@type\":\"Organization\",\"@id\":\"https:\/\/blogdobispo.com.br\/#organization\",\"name\":\"Blog do Bispo\",\"url\":\"https:\/\/blogdobispo.com.br\/\",\"logo\":{\"@type\":\"ImageObject\",\"inLanguage\":\"pt-BR\",\"@id\":\"https:\/\/blogdobispo.com.br\/#\/schema\/logo\/image\/\",\"url\":\"http:\/\/blogdobispo.com.br\/wp-content\/uploads\/2023\/05\/cropped-headear.png\",\"contentUrl\":\"http:\/\/blogdobispo.com.br\/wp-content\/uploads\/2023\/05\/cropped-headear.png\",\"width\":1500,\"height\":399,\"caption\":\"Blog do Bispo\"},\"image\":{\"@id\":\"https:\/\/blogdobispo.com.br\/#\/schema\/logo\/image\/\"}},{\"@type\":\"Person\",\"@id\":\"https:\/\/blogdobispo.com.br\/#\/schema\/person\/e2209cc0e6cea5c5233d033e997b373f\",\"name\":\"Jefferson Sterfeno\",\"image\":{\"@type\":\"ImageObject\",\"inLanguage\":\"pt-BR\",\"@id\":\"https:\/\/blogdobispo.com.br\/#\/schema\/person\/image\/\",\"url\":\"https:\/\/secure.gravatar.com\/avatar\/0534e84764641168a677026b6d57a3f51dc7ac4db0b4f6186d9cb330d4ee1160?s=96&d=mm&r=g\",\"contentUrl\":\"https:\/\/secure.gravatar.com\/avatar\/0534e84764641168a677026b6d57a3f51dc7ac4db0b4f6186d9cb330d4ee1160?s=96&d=mm&r=g\",\"caption\":\"Jefferson Sterfeno\"},\"sameAs\":[\"http:\/\/blogdobispo.com.br\"],\"url\":\"https:\/\/blogdobispo.com.br\/?author=1\"}]}<\/script>\n<!-- \/ Yoast SEO plugin. -->","yoast_head_json":{"title":"Morte da pequena Lunna comove Olho d\u2019\u00c1gua do Borges: fam\u00edlia denuncia neglig\u00eancia da Secretaria de Sa\u00fade - Blog do Bispo","robots":{"index":"index","follow":"follow","max-snippet":"max-snippet:-1","max-image-preview":"max-image-preview:large","max-video-preview":"max-video-preview:-1"},"canonical":"https:\/\/blogdobispo.com.br\/?p=5426","og_locale":"pt_BR","og_type":"article","og_title":"Morte da pequena Lunna comove Olho d\u2019\u00c1gua do Borges: fam\u00edlia denuncia neglig\u00eancia da Secretaria de Sa\u00fade - Blog do Bispo","og_description":"A cidade de Olho d\u2019\u00c1gua do Borges, no interior do Rio Grande do Norte, est\u00e1 profundamente abalada com a tr\u00e1gica morte da pequena Lunna, de apenas 5 anos de idade, que lutava contra a anemia falciforme, uma condi\u00e7\u00e3o gen\u00e9tica grave que exige atendimento m\u00e9dico \u00e1gil e especializado. Secretaria Municipal de Sa\u00fade optou por encaminh\u00e1-la para [&hellip;]","og_url":"https:\/\/blogdobispo.com.br\/?p=5426","og_site_name":"Blog do Bispo","article_published_time":"2025-05-26T14:12:13+00:00","og_image":[{"url":"file:\/\/\/private\/var\/mobile\/Containers\/Data\/Application\/A479F15B-BA84-4498-A4BF-673AE06C5223\/tmp\/org.automattic.MediaImageServiceSymlinks\/thumbnail-174e5e64-565e-4535-a3f1-56ec27860db1-390x520.jpeg","type":"","width":"","height":""}],"author":"Jefferson Sterfeno","twitter_card":"summary_large_image","twitter_misc":{"Escrito por":"Jefferson Sterfeno","Est. tempo de leitura":"3 minutos"},"schema":{"@context":"https:\/\/schema.org","@graph":[{"@type":"Article","@id":"https:\/\/blogdobispo.com.br\/?p=5426#article","isPartOf":{"@id":"https:\/\/blogdobispo.com.br\/?p=5426"},"author":{"name":"Jefferson Sterfeno","@id":"https:\/\/blogdobispo.com.br\/#\/schema\/person\/e2209cc0e6cea5c5233d033e997b373f"},"headline":"Morte da pequena Lunna comove Olho d\u2019\u00c1gua do Borges: fam\u00edlia denuncia neglig\u00eancia da Secretaria de Sa\u00fade","datePublished":"2025-05-26T14:12:13+00:00","mainEntityOfPage":{"@id":"https:\/\/blogdobispo.com.br\/?p=5426"},"wordCount":590,"commentCount":0,"publisher":{"@id":"https:\/\/blogdobispo.com.br\/#organization"},"image":{"@id":"https:\/\/blogdobispo.com.br\/?p=5426#primaryimage"},"thumbnailUrl":"file:\/\/\/private\/var\/mobile\/Containers\/Data\/Application\/A479F15B-BA84-4498-A4BF-673AE06C5223\/tmp\/org.automattic.MediaImageServiceSymlinks\/thumbnail-174e5e64-565e-4535-a3f1-56ec27860db1-390x520.jpeg","articleSection":["diversos"],"inLanguage":"pt-BR","potentialAction":[{"@type":"CommentAction","name":"Comment","target":["https:\/\/blogdobispo.com.br\/?p=5426#respond"]}]},{"@type":"WebPage","@id":"https:\/\/blogdobispo.com.br\/?p=5426","url":"https:\/\/blogdobispo.com.br\/?p=5426","name":"Morte da pequena Lunna comove Olho d\u2019\u00c1gua do Borges: fam\u00edlia denuncia neglig\u00eancia da Secretaria de Sa\u00fade - Blog do Bispo","isPartOf":{"@id":"https:\/\/blogdobispo.com.br\/#website"},"primaryImageOfPage":{"@id":"https:\/\/blogdobispo.com.br\/?p=5426#primaryimage"},"image":{"@id":"https:\/\/blogdobispo.com.br\/?p=5426#primaryimage"},"thumbnailUrl":"file:\/\/\/private\/var\/mobile\/Containers\/Data\/Application\/A479F15B-BA84-4498-A4BF-673AE06C5223\/tmp\/org.automattic.MediaImageServiceSymlinks\/thumbnail-174e5e64-565e-4535-a3f1-56ec27860db1-390x520.jpeg","datePublished":"2025-05-26T14:12:13+00:00","breadcrumb":{"@id":"https:\/\/blogdobispo.com.br\/?p=5426#breadcrumb"},"inLanguage":"pt-BR","potentialAction":[{"@type":"ReadAction","target":["https:\/\/blogdobispo.com.br\/?p=5426"]}]},{"@type":"ImageObject","inLanguage":"pt-BR","@id":"https:\/\/blogdobispo.com.br\/?p=5426#primaryimage","url":"file:\/\/\/private\/var\/mobile\/Containers\/Data\/Application\/A479F15B-BA84-4498-A4BF-673AE06C5223\/tmp\/org.automattic.MediaImageServiceSymlinks\/thumbnail-174e5e64-565e-4535-a3f1-56ec27860db1-390x520.jpeg","contentUrl":"file:\/\/\/private\/var\/mobile\/Containers\/Data\/Application\/A479F15B-BA84-4498-A4BF-673AE06C5223\/tmp\/org.automattic.MediaImageServiceSymlinks\/thumbnail-174e5e64-565e-4535-a3f1-56ec27860db1-390x520.jpeg"},{"@type":"BreadcrumbList","@id":"https:\/\/blogdobispo.com.br\/?p=5426#breadcrumb","itemListElement":[{"@type":"ListItem","position":1,"name":"In\u00edcio","item":"https:\/\/blogdobispo.com.br\/"},{"@type":"ListItem","position":2,"name":"Morte da pequena Lunna comove Olho d\u2019\u00c1gua do Borges: fam\u00edlia denuncia neglig\u00eancia da Secretaria de Sa\u00fade"}]},{"@type":"WebSite","@id":"https:\/\/blogdobispo.com.br\/#website","url":"https:\/\/blogdobispo.com.br\/","name":"Blog do Bispo","description":"Comprometido apenas com o leitor","publisher":{"@id":"https:\/\/blogdobispo.com.br\/#organization"},"potentialAction":[{"@type":"SearchAction","target":{"@type":"EntryPoint","urlTemplate":"https:\/\/blogdobispo.com.br\/?s={search_term_string}"},"query-input":{"@type":"PropertyValueSpecification","valueRequired":true,"valueName":"search_term_string"}}],"inLanguage":"pt-BR"},{"@type":"Organization","@id":"https:\/\/blogdobispo.com.br\/#organization","name":"Blog do Bispo","url":"https:\/\/blogdobispo.com.br\/","logo":{"@type":"ImageObject","inLanguage":"pt-BR","@id":"https:\/\/blogdobispo.com.br\/#\/schema\/logo\/image\/","url":"http:\/\/blogdobispo.com.br\/wp-content\/uploads\/2023\/05\/cropped-headear.png","contentUrl":"http:\/\/blogdobispo.com.br\/wp-content\/uploads\/2023\/05\/cropped-headear.png","width":1500,"height":399,"caption":"Blog do Bispo"},"image":{"@id":"https:\/\/blogdobispo.com.br\/#\/schema\/logo\/image\/"}},{"@type":"Person","@id":"https:\/\/blogdobispo.com.br\/#\/schema\/person\/e2209cc0e6cea5c5233d033e997b373f","name":"Jefferson Sterfeno","image":{"@type":"ImageObject","inLanguage":"pt-BR","@id":"https:\/\/blogdobispo.com.br\/#\/schema\/person\/image\/","url":"https:\/\/secure.gravatar.com\/avatar\/0534e84764641168a677026b6d57a3f51dc7ac4db0b4f6186d9cb330d4ee1160?s=96&d=mm&r=g","contentUrl":"https:\/\/secure.gravatar.com\/avatar\/0534e84764641168a677026b6d57a3f51dc7ac4db0b4f6186d9cb330d4ee1160?s=96&d=mm&r=g","caption":"Jefferson Sterfeno"},"sameAs":["http:\/\/blogdobispo.com.br"],"url":"https:\/\/blogdobispo.com.br\/?author=1"}]}},"featured_image_urls":{"full":"","thumbnail":"","medium":"","medium_large":"","large":"","1536x1536":"","2048x2048":""},"author_info":{"display_name":"Jefferson Sterfeno","author_link":"https:\/\/blogdobispo.com.br\/?author=1"},"category_info":"<a href=\"https:\/\/blogdobispo.com.br\/?cat=1\" rel=\"category\">diversos<\/a>","tag_info":"diversos","comment_count":"0","jetpack_featured_media_url":"","jetpack_sharing_enabled":true,"_links":{"self":[{"href":"https:\/\/blogdobispo.com.br\/index.php?rest_route=\/wp\/v2\/posts\/5426","targetHints":{"allow":["GET"]}}],"collection":[{"href":"https:\/\/blogdobispo.com.br\/index.php?rest_route=\/wp\/v2\/posts"}],"about":[{"href":"https:\/\/blogdobispo.com.br\/index.php?rest_route=\/wp\/v2\/types\/post"}],"author":[{"embeddable":true,"href":"https:\/\/blogdobispo.com.br\/index.php?rest_route=\/wp\/v2\/users\/1"}],"replies":[{"embeddable":true,"href":"https:\/\/blogdobispo.com.br\/index.php?rest_route=%2Fwp%2Fv2%2Fcomments&post=5426"}],"version-history":[{"count":0,"href":"https:\/\/blogdobispo.com.br\/index.php?rest_route=\/wp\/v2\/posts\/5426\/revisions"}],"wp:attachment":[{"href":"https:\/\/blogdobispo.com.br\/index.php?rest_route=%2Fwp%2Fv2%2Fmedia&parent=5426"}],"wp:term":[{"taxonomy":"category","embeddable":true,"href":"https:\/\/blogdobispo.com.br\/index.php?rest_route=%2Fwp%2Fv2%2Fcategories&post=5426"},{"taxonomy":"post_tag","embeddable":true,"href":"https:\/\/blogdobispo.com.br\/index.php?rest_route=%2Fwp%2Fv2%2Ftags&post=5426"}],"curies":[{"name":"wp","href":"https:\/\/api.w.org\/{rel}","templated":true}]}}